{"id":16184,"date":"2025-12-24T02:54:13","date_gmt":"2025-12-24T01:54:13","guid":{"rendered":"https:\/\/lepatriotebenin.com\/?p=16184"},"modified":"2025-12-24T02:57:54","modified_gmt":"2025-12-24T01:57:54","slug":"discours-sur-letat-de-la-nation-patrice-talon-dans-lautosatisfaction","status":"publish","type":"post","link":"https:\/\/lepatriotebenin.com\/index.php\/2025\/12\/24\/discours-sur-letat-de-la-nation-patrice-talon-dans-lautosatisfaction\/","title":{"rendered":"Discours sur l\u2019\u00e9tat de la Nation :  Patrice Talon dans l\u2019autosatisfaction"},"content":{"rendered":"<p><strong><em>Conform\u00e9ment aux dispositions de la Constitution, le pr\u00e9sident de la R\u00e9publique, Patrice Talon, \u00e9tait face aux d\u00e9put\u00e9s hier mardi 23 d\u00e9cembre 2025 pour livrer son discours sur l\u2019\u00e9tat de la Nation. Un rendez-vous institutionnel attendu, d\u2019autant plus qu\u2019il s\u2019agissait de son discours d\u2019au revoir devant la repr\u00e9sentation nationale, mais le chef de l\u2019\u00c9tat a plut\u00f4t servi un exercice d\u2019autosuffisance loin de l\u2019analyse autocritique que commande la fin d\u2019un cycle de dix ann\u00e9es au pouvoir.<\/em><\/strong><\/p>\n<p>Pendant que beaucoup esp\u00e9raient une intervention de bilan, lucide et nuanc\u00e9e, \u00e0 la hauteur des enjeux et des attentes, dans son propos, le pr\u00e9sident de la R\u00e9publique, Patrice Talon s\u2019est pr\u00e9sent\u00e9 comme un v\u00e9ritable Hercule, laissant entendre que c\u2019est uniquement sous ses deux mandats que les lignes auraient boug\u00e9 dans presque tous les secteurs cl\u00e9s du d\u00e9veloppement notamment l&rsquo;\u00e9ducation, la sant\u00e9, le social, la politique, l&#8217;emploi, l&rsquo;acc\u00e8s \u00e0 l\u2019eau et \u00e0 l\u2019\u00e9lectricit\u00e9, la paix et la s\u00e9curit\u00e9. Une posture qui fr\u00f4le l\u2019exag\u00e9ration, voire la r\u00e9\u00e9criture de l\u2019histoire r\u00e9cente du B\u00e9nin. \u00c0 \u00e9couter le Chef de l\u2019\u00c9tat, tout ou presque aurait commenc\u00e9 en 2016, comme si les d\u00e9cennies ant\u00e9rieures avaient \u00e9t\u00e9 un long d\u00e9sert d\u2019inaction.<\/p>\n<p>Cette vision pose probl\u00e8me, notamment lorsqu\u2019il \u00e9voque les r\u00e9formes politiques. Patrice Talon s\u2019engouffre dans l\u2019autosatisfaction en laissant croire que ce sont ses seules r\u00e9formes qui ont permis de \u00ab faire bouger les lignes \u00bb dans le champ politique. Une affirmation qui occulte volontairement les grandes d\u00e9cisions issues de la Conf\u00e9rence nationale de f\u00e9vrier 1990, socle fondamental de la d\u00e9mocratie b\u00e9ninoise, et les efforts consentis par ses pr\u00e9d\u00e9cesseurs pour b\u00e2tir et consolider les institutions de la R\u00e9publique. La v\u00e9rit\u00e9 est que beaucoup de choses ont \u00e9t\u00e9 faites avant Patrice Talon. Pire, le chantre du Nouveau d\u00e9part a longtemps profit\u00e9 des failles du syst\u00e8me politique b\u00e9ninois avant de s\u2019employer, une fois au pouvoir, \u00e0 les boucher \u00e0 sa mani\u00e8re. Ces m\u00eames failles lui ont permis de s\u2019imposer comme acteur politique majeur, avant qu\u2019il ne juge n\u00e9cessaire de les corriger, parfois de fa\u00e7on brutale, au nom de la rationalisation du syst\u00e8me. Durant ses mandats, les acteurs politiques, notamment ceux de la mouvance pr\u00e9sidentielle, ont b\u00e9n\u00e9fici\u00e9 de nombreux privil\u00e8ges. Il est donc pour le moins \u00e9tonnant de l\u2019entendre affirmer aujourd\u2019hui qu\u2019ils auront d\u00e9sormais \u00ab beaucoup de devoirs \u00bb.<\/p>\n<p>Un acteur politique est avant tout un serviteur de la Nation, hier comme aujourd\u2019hui, et non un b\u00e9n\u00e9ficiaire occasionnel de largesses du pouvoir. Plus grave encore, Patrice Talon n\u2019a pas r\u00e9ellement assum\u00e9 les cons\u00e9quences politiques de ses choix. Sous ses mandats, des mesures ont profond\u00e9ment divis\u00e9 le pays, avec les vagues d&#8217;emprisonnement et l\u2019exil de nombreux acteurs politiques. Dans ce contexte, appeler aujourd\u2019hui \u00e0 l\u2019unit\u00e9 nationale sans un minimum d\u2019introspection et de gestes d\u2019apaisement ressemble davantage \u00e0 un v\u0153u pieux qu\u2019\u00e0 une v\u00e9ritable main tendue. Il faut toutefois reconna\u00eetre au Chef de l\u2019\u00c9tat le m\u00e9rite d\u2019avoir rappel\u00e9 qu\u2019aucune \u0153uvre humaine n\u2019est parfaite et que son successeur aura la lourde responsabilit\u00e9 d\u2019ajuster le mod\u00e8le au fil du temps. Cette reconnaissance des limites de l\u2019action humaine tranche, paradoxalement, avec le ton globalement triomphaliste de son discours.<\/p>\n<p><strong>Les non-dits du discours <\/strong><\/p>\n<p>Le Chef de l\u2019\u00c9tat a \u00e9galement fait preuve d\u2019\u00e9conomie de v\u00e9rit\u00e9 en laissant croire que le B\u00e9nin aurait franchi un palier d\u00e9cisif et irr\u00e9versible sur le chemin du d\u00e9veloppement. Si des avanc\u00e9es sont ind\u00e9niables, la r\u00e9alit\u00e9 quotidienne de nombreux citoyens invite \u00e0 plus de prudence et de modestie dans l\u2019appr\u00e9ciation des r\u00e9sultats. Les infrastructures, les r\u00e9formes sectorielles, les bases de la gouvernance d\u00e9mocratique et m\u00eame certains projets structurants existaient bien avant son arriv\u00e9e au pouvoir. Ses actions se sont inscrites dans la continuit\u00e9 de cet h\u00e9ritage, en entrant dans le cadre de son Programme d\u2019actions du gouvernement, pour lequel les populations l\u2019ont pl\u00e9biscit\u00e9. Il n\u2019a donc pas \u00e0 donner l\u2019impression qu\u2019il a tout donn\u00e9 ou tout invent\u00e9, car le d\u00e9veloppement est une \u0153uvre collective et progressive. Enfin plusieurs sujets majeurs ont \u00e9t\u00e9 soigneusement \u00e9vit\u00e9s dans ce discours. Le panier de la m\u00e9nag\u00e8re, la chert\u00e9 de la vie, le social, la r\u00e9duction des imp\u00f4ts, la mise en place de soins de sant\u00e9 de qualit\u00e9 \u00e0 moindre co\u00fbt, l\u2019acc\u00e8s effectif et \u00e9quitable \u00e0 l\u2019eau potable, autant de pr\u00e9occupations centrales pour les populations, mais absentes de l\u2019adresse pr\u00e9sidentielle. En d\u00e9finitive, ce discours sur l\u2019\u00e9tat de la Nation restera comme celui d\u2019un pr\u00e9sident convaincu de la justesse de son action, mais peu enclin \u00e0 reconna\u00eetre pleinement les zones d\u2019ombre de son bilan.<\/p>\n<p><strong>Alassane Tour\u00e9<\/strong><\/p>\n","protected":false},"excerpt":{"rendered":"<p>Conform\u00e9ment aux dispositions de la Constitution, le pr\u00e9sident de la R\u00e9publique, Patrice Talon, \u00e9tait face aux d\u00e9put\u00e9s hier mardi 23 d\u00e9cembre 2025 pour livrer son discours sur l\u2019\u00e9tat de la&hellip;<\/p>\n","protected":false},"author":5,"featured_media":16185,"comment_status":"open","ping_status":"open","sticky":false,"template":"","format":"standard","meta":{"content-type":"","om_disable_all_campaigns":false,"_monsterinsights_skip_tracking":false,"_monsterinsights_sitenote_active":false,"_monsterinsights_sitenote_note":"","_monsterinsights_sitenote_category":0,"_uf_show_specific_survey":0,"_uf_disable_surveys":false,"footnotes":""},"categories":[26],"tags":[],"class_list":["post-16184","post","type-post","status-publish","format-standard","has-post-thumbnail","hentry","category-politique"],"aioseo_notices":[],"yoast_head":"<!-- This site is optimized with the Yoast SEO plugin v27.5 - https:\/\/yoast.com\/product\/yoast-seo-wordpress\/ -->\n<title>Discours sur l\u2019\u00e9tat de la Nation : Patrice Talon dans l\u2019autosatisfaction - Le Patriote<\/title>\n<meta name=\"robots\" content=\"index, follow, max-snippet:-1, max-image-preview:large, max-video-preview:-1\" \/>\n<link rel=\"canonical\" href=\"https:\/\/lepatriotebenin.com\/index.php\/2025\/12\/24\/discours-sur-letat-de-la-nation-patrice-talon-dans-lautosatisfaction\/\" \/>\n<meta property=\"og:locale\" content=\"fr_FR\" \/>\n<meta property=\"og:type\" content=\"article\" \/>\n<meta property=\"og:title\" content=\"Discours sur l\u2019\u00e9tat de la Nation : Patrice Talon dans l\u2019autosatisfaction - Le Patriote\" \/>\n<meta property=\"og:description\" content=\"Conform\u00e9ment aux dispositions de la Constitution, le pr\u00e9sident de la R\u00e9publique, Patrice Talon, \u00e9tait face aux d\u00e9put\u00e9s hier mardi 23 d\u00e9cembre 2025 pour livrer son discours sur l\u2019\u00e9tat de la&hellip;\" \/>\n<meta property=\"og:url\" content=\"https:\/\/lepatriotebenin.com\/index.php\/2025\/12\/24\/discours-sur-letat-de-la-nation-patrice-talon-dans-lautosatisfaction\/\" \/>\n<meta property=\"og:site_name\" content=\"Le Patriote\" \/>\n<meta property=\"article:published_time\" content=\"2025-12-24T01:54:13+00:00\" \/>\n<meta property=\"article:modified_time\" content=\"2025-12-24T01:57:54+00:00\" \/>\n<meta property=\"og:image\" content=\"https:\/\/lepatriotebenin.com\/wp-content\/uploads\/2025\/12\/talon-1-scaled.jpeg\" \/>\n\t<meta property=\"og:image:width\" content=\"2560\" \/>\n\t<meta property=\"og:image:height\" content=\"2059\" \/>\n\t<meta property=\"og:image:type\" content=\"image\/jpeg\" \/>\n<meta name=\"author\" content=\"Redaction\" \/>\n<meta name=\"twitter:card\" content=\"summary_large_image\" \/>\n<meta name=\"twitter:label1\" content=\"\u00c9crit par\" \/>\n\t<meta name=\"twitter:data1\" content=\"Redaction\" \/>\n\t<meta name=\"twitter:label2\" content=\"Dur\u00e9e de lecture estim\u00e9e\" \/>\n\t<meta name=\"twitter:data2\" content=\"4 minutes\" \/>\n<script type=\"application\/ld+json\" class=\"yoast-schema-graph\">{\"@context\":\"https:\\\/\\\/schema.org\",\"@graph\":[{\"@type\":\"Article\",\"@id\":\"https:\\\/\\\/lepatriotebenin.com\\\/index.php\\\/2025\\\/12\\\/24\\\/discours-sur-letat-de-la-nation-patrice-talon-dans-lautosatisfaction\\\/#article\",\"isPartOf\":{\"@id\":\"https:\\\/\\\/lepatriotebenin.com\\\/index.php\\\/2025\\\/12\\\/24\\\/discours-sur-letat-de-la-nation-patrice-talon-dans-lautosatisfaction\\\/\"},\"author\":{\"name\":\"Redaction\",\"@id\":\"https:\\\/\\\/lepatriotebenin.com\\\/#\\\/schema\\\/person\\\/2e7709b9c9cc313e452d1136af61690f\"},\"headline\":\"Discours sur l\u2019\u00e9tat de la Nation : Patrice Talon dans l\u2019autosatisfaction\",\"datePublished\":\"2025-12-24T01:54:13+00:00\",\"dateModified\":\"2025-12-24T01:57:54+00:00\",\"mainEntityOfPage\":{\"@id\":\"https:\\\/\\\/lepatriotebenin.com\\\/index.php\\\/2025\\\/12\\\/24\\\/discours-sur-letat-de-la-nation-patrice-talon-dans-lautosatisfaction\\\/\"},\"wordCount\":870,\"commentCount\":0,\"image\":{\"@id\":\"https:\\\/\\\/lepatriotebenin.com\\\/index.php\\\/2025\\\/12\\\/24\\\/discours-sur-letat-de-la-nation-patrice-talon-dans-lautosatisfaction\\\/#primaryimage\"},\"thumbnailUrl\":\"https:\\\/\\\/lepatriotebenin.com\\\/wp-content\\\/uploads\\\/2025\\\/12\\\/talon-1-scaled.jpeg\",\"articleSection\":[\"Politique\"],\"inLanguage\":\"fr-FR\",\"potentialAction\":[{\"@type\":\"CommentAction\",\"name\":\"Comment\",\"target\":[\"https:\\\/\\\/lepatriotebenin.com\\\/index.php\\\/2025\\\/12\\\/24\\\/discours-sur-letat-de-la-nation-patrice-talon-dans-lautosatisfaction\\\/#respond\"]}]},{\"@type\":\"WebPage\",\"@id\":\"https:\\\/\\\/lepatriotebenin.com\\\/index.php\\\/2025\\\/12\\\/24\\\/discours-sur-letat-de-la-nation-patrice-talon-dans-lautosatisfaction\\\/\",\"url\":\"https:\\\/\\\/lepatriotebenin.com\\\/index.php\\\/2025\\\/12\\\/24\\\/discours-sur-letat-de-la-nation-patrice-talon-dans-lautosatisfaction\\\/\",\"name\":\"Discours sur l\u2019\u00e9tat de la Nation : Patrice Talon dans l\u2019autosatisfaction - Le Patriote\",\"isPartOf\":{\"@id\":\"https:\\\/\\\/lepatriotebenin.com\\\/#website\"},\"primaryImageOfPage\":{\"@id\":\"https:\\\/\\\/lepatriotebenin.com\\\/index.php\\\/2025\\\/12\\\/24\\\/discours-sur-letat-de-la-nation-patrice-talon-dans-lautosatisfaction\\\/#primaryimage\"},\"image\":{\"@id\":\"https:\\\/\\\/lepatriotebenin.com\\\/index.php\\\/2025\\\/12\\\/24\\\/discours-sur-letat-de-la-nation-patrice-talon-dans-lautosatisfaction\\\/#primaryimage\"},\"thumbnailUrl\":\"https:\\\/\\\/lepatriotebenin.com\\\/wp-content\\\/uploads\\\/2025\\\/12\\\/talon-1-scaled.jpeg\",\"datePublished\":\"2025-12-24T01:54:13+00:00\",\"dateModified\":\"2025-12-24T01:57:54+00:00\",\"author\":{\"@id\":\"https:\\\/\\\/lepatriotebenin.com\\\/#\\\/schema\\\/person\\\/2e7709b9c9cc313e452d1136af61690f\"},\"breadcrumb\":{\"@id\":\"https:\\\/\\\/lepatriotebenin.com\\\/index.php\\\/2025\\\/12\\\/24\\\/discours-sur-letat-de-la-nation-patrice-talon-dans-lautosatisfaction\\\/#breadcrumb\"},\"inLanguage\":\"fr-FR\",\"potentialAction\":[{\"@type\":\"ReadAction\",\"target\":[\"https:\\\/\\\/lepatriotebenin.com\\\/index.php\\\/2025\\\/12\\\/24\\\/discours-sur-letat-de-la-nation-patrice-talon-dans-lautosatisfaction\\\/\"]}]},{\"@type\":\"ImageObject\",\"inLanguage\":\"fr-FR\",\"@id\":\"https:\\\/\\\/lepatriotebenin.com\\\/index.php\\\/2025\\\/12\\\/24\\\/discours-sur-letat-de-la-nation-patrice-talon-dans-lautosatisfaction\\\/#primaryimage\",\"url\":\"https:\\\/\\\/lepatriotebenin.com\\\/wp-content\\\/uploads\\\/2025\\\/12\\\/talon-1-scaled.jpeg\",\"contentUrl\":\"https:\\\/\\\/lepatriotebenin.com\\\/wp-content\\\/uploads\\\/2025\\\/12\\\/talon-1-scaled.jpeg\",\"width\":2560,\"height\":2059},{\"@type\":\"BreadcrumbList\",\"@id\":\"https:\\\/\\\/lepatriotebenin.com\\\/index.php\\\/2025\\\/12\\\/24\\\/discours-sur-letat-de-la-nation-patrice-talon-dans-lautosatisfaction\\\/#breadcrumb\",\"itemListElement\":[{\"@type\":\"ListItem\",\"position\":1,\"name\":\"Accueil\",\"item\":\"https:\\\/\\\/lepatriotebenin.com\\\/\"},{\"@type\":\"ListItem\",\"position\":2,\"name\":\"Discours sur l\u2019\u00e9tat de la Nation : Patrice Talon dans l\u2019autosatisfaction\"}]},{\"@type\":\"WebSite\",\"@id\":\"https:\\\/\\\/lepatriotebenin.com\\\/#website\",\"url\":\"https:\\\/\\\/lepatriotebenin.com\\\/\",\"name\":\"Le Patriote\",\"description\":\"Le Patriote B\u00e9nin\",\"potentialAction\":[{\"@type\":\"SearchAction\",\"target\":{\"@type\":\"EntryPoint\",\"urlTemplate\":\"https:\\\/\\\/lepatriotebenin.com\\\/?s={search_term_string}\"},\"query-input\":{\"@type\":\"PropertyValueSpecification\",\"valueRequired\":true,\"valueName\":\"search_term_string\"}}],\"inLanguage\":\"fr-FR\"},{\"@type\":\"Person\",\"@id\":\"https:\\\/\\\/lepatriotebenin.com\\\/#\\\/schema\\\/person\\\/2e7709b9c9cc313e452d1136af61690f\",\"name\":\"Redaction\",\"image\":{\"@type\":\"ImageObject\",\"inLanguage\":\"fr-FR\",\"@id\":\"https:\\\/\\\/secure.gravatar.com\\\/avatar\\\/c4c509357859ea2ca2cbb6d8812898a73e4ef1ef9934c2e591d7e32face734d1?s=96&d=mm&r=g\",\"url\":\"https:\\\/\\\/secure.gravatar.com\\\/avatar\\\/c4c509357859ea2ca2cbb6d8812898a73e4ef1ef9934c2e591d7e32face734d1?s=96&d=mm&r=g\",\"contentUrl\":\"https:\\\/\\\/secure.gravatar.com\\\/avatar\\\/c4c509357859ea2ca2cbb6d8812898a73e4ef1ef9934c2e591d7e32face734d1?s=96&d=mm&r=g\",\"caption\":\"Redaction\"},\"url\":\"https:\\\/\\\/lepatriotebenin.com\"}]}<\/script>\n<!-- \/ Yoast SEO plugin. -->","yoast_head_json":{"title":"Discours sur l\u2019\u00e9tat de la Nation : Patrice Talon dans l\u2019autosatisfaction - Le Patriote","robots":{"index":"index","follow":"follow","max-snippet":"max-snippet:-1","max-image-preview":"max-image-preview:large","max-video-preview":"max-video-preview:-1"},"canonical":"https:\/\/lepatriotebenin.com\/index.php\/2025\/12\/24\/discours-sur-letat-de-la-nation-patrice-talon-dans-lautosatisfaction\/","og_locale":"fr_FR","og_type":"article","og_title":"Discours sur l\u2019\u00e9tat de la Nation : Patrice Talon dans l\u2019autosatisfaction - Le Patriote","og_description":"Conform\u00e9ment aux dispositions de la Constitution, le pr\u00e9sident de la R\u00e9publique, Patrice Talon, \u00e9tait face aux d\u00e9put\u00e9s hier mardi 23 d\u00e9cembre 2025 pour livrer son discours sur l\u2019\u00e9tat de la&hellip;","og_url":"https:\/\/lepatriotebenin.com\/index.php\/2025\/12\/24\/discours-sur-letat-de-la-nation-patrice-talon-dans-lautosatisfaction\/","og_site_name":"Le Patriote","article_published_time":"2025-12-24T01:54:13+00:00","article_modified_time":"2025-12-24T01:57:54+00:00","og_image":[{"width":2560,"height":2059,"url":"https:\/\/lepatriotebenin.com\/wp-content\/uploads\/2025\/12\/talon-1-scaled.jpeg","type":"image\/jpeg"}],"author":"Redaction","twitter_card":"summary_large_image","twitter_misc":{"\u00c9crit par":"Redaction","Dur\u00e9e de lecture estim\u00e9e":"4 minutes"},"schema":{"@context":"https:\/\/schema.org","@graph":[{"@type":"Article","@id":"https:\/\/lepatriotebenin.com\/index.php\/2025\/12\/24\/discours-sur-letat-de-la-nation-patrice-talon-dans-lautosatisfaction\/#article","isPartOf":{"@id":"https:\/\/lepatriotebenin.com\/index.php\/2025\/12\/24\/discours-sur-letat-de-la-nation-patrice-talon-dans-lautosatisfaction\/"},"author":{"name":"Redaction","@id":"https:\/\/lepatriotebenin.com\/#\/schema\/person\/2e7709b9c9cc313e452d1136af61690f"},"headline":"Discours sur l\u2019\u00e9tat de la Nation : Patrice Talon dans l\u2019autosatisfaction","datePublished":"2025-12-24T01:54:13+00:00","dateModified":"2025-12-24T01:57:54+00:00","mainEntityOfPage":{"@id":"https:\/\/lepatriotebenin.com\/index.php\/2025\/12\/24\/discours-sur-letat-de-la-nation-patrice-talon-dans-lautosatisfaction\/"},"wordCount":870,"commentCount":0,"image":{"@id":"https:\/\/lepatriotebenin.com\/index.php\/2025\/12\/24\/discours-sur-letat-de-la-nation-patrice-talon-dans-lautosatisfaction\/#primaryimage"},"thumbnailUrl":"https:\/\/lepatriotebenin.com\/wp-content\/uploads\/2025\/12\/talon-1-scaled.jpeg","articleSection":["Politique"],"inLanguage":"fr-FR","potentialAction":[{"@type":"CommentAction","name":"Comment","target":["https:\/\/lepatriotebenin.com\/index.php\/2025\/12\/24\/discours-sur-letat-de-la-nation-patrice-talon-dans-lautosatisfaction\/#respond"]}]},{"@type":"WebPage","@id":"https:\/\/lepatriotebenin.com\/index.php\/2025\/12\/24\/discours-sur-letat-de-la-nation-patrice-talon-dans-lautosatisfaction\/","url":"https:\/\/lepatriotebenin.com\/index.php\/2025\/12\/24\/discours-sur-letat-de-la-nation-patrice-talon-dans-lautosatisfaction\/","name":"Discours sur l\u2019\u00e9tat de la Nation : Patrice Talon dans l\u2019autosatisfaction - Le Patriote","isPartOf":{"@id":"https:\/\/lepatriotebenin.com\/#website"},"primaryImageOfPage":{"@id":"https:\/\/lepatriotebenin.com\/index.php\/2025\/12\/24\/discours-sur-letat-de-la-nation-patrice-talon-dans-lautosatisfaction\/#primaryimage"},"image":{"@id":"https:\/\/lepatriotebenin.com\/index.php\/2025\/12\/24\/discours-sur-letat-de-la-nation-patrice-talon-dans-lautosatisfaction\/#primaryimage"},"thumbnailUrl":"https:\/\/lepatriotebenin.com\/wp-content\/uploads\/2025\/12\/talon-1-scaled.jpeg","datePublished":"2025-12-24T01:54:13+00:00","dateModified":"2025-12-24T01:57:54+00:00","author":{"@id":"https:\/\/lepatriotebenin.com\/#\/schema\/person\/2e7709b9c9cc313e452d1136af61690f"},"breadcrumb":{"@id":"https:\/\/lepatriotebenin.com\/index.php\/2025\/12\/24\/discours-sur-letat-de-la-nation-patrice-talon-dans-lautosatisfaction\/#breadcrumb"},"inLanguage":"fr-FR","potentialAction":[{"@type":"ReadAction","target":["https:\/\/lepatriotebenin.com\/index.php\/2025\/12\/24\/discours-sur-letat-de-la-nation-patrice-talon-dans-lautosatisfaction\/"]}]},{"@type":"ImageObject","inLanguage":"fr-FR","@id":"https:\/\/lepatriotebenin.com\/index.php\/2025\/12\/24\/discours-sur-letat-de-la-nation-patrice-talon-dans-lautosatisfaction\/#primaryimage","url":"https:\/\/lepatriotebenin.com\/wp-content\/uploads\/2025\/12\/talon-1-scaled.jpeg","contentUrl":"https:\/\/lepatriotebenin.com\/wp-content\/uploads\/2025\/12\/talon-1-scaled.jpeg","width":2560,"height":2059},{"@type":"BreadcrumbList","@id":"https:\/\/lepatriotebenin.com\/index.php\/2025\/12\/24\/discours-sur-letat-de-la-nation-patrice-talon-dans-lautosatisfaction\/#breadcrumb","itemListElement":[{"@type":"ListItem","position":1,"name":"Accueil","item":"https:\/\/lepatriotebenin.com\/"},{"@type":"ListItem","position":2,"name":"Discours sur l\u2019\u00e9tat de la Nation : Patrice Talon dans l\u2019autosatisfaction"}]},{"@type":"WebSite","@id":"https:\/\/lepatriotebenin.com\/#website","url":"https:\/\/lepatriotebenin.com\/","name":"Le Patriote","description":"Le Patriote B\u00e9nin","potentialAction":[{"@type":"SearchAction","target":{"@type":"EntryPoint","urlTemplate":"https:\/\/lepatriotebenin.com\/?s={search_term_string}"},"query-input":{"@type":"PropertyValueSpecification","valueRequired":true,"valueName":"search_term_string"}}],"inLanguage":"fr-FR"},{"@type":"Person","@id":"https:\/\/lepatriotebenin.com\/#\/schema\/person\/2e7709b9c9cc313e452d1136af61690f","name":"Redaction","image":{"@type":"ImageObject","inLanguage":"fr-FR","@id":"https:\/\/secure.gravatar.com\/avatar\/c4c509357859ea2ca2cbb6d8812898a73e4ef1ef9934c2e591d7e32face734d1?s=96&d=mm&r=g","url":"https:\/\/secure.gravatar.com\/avatar\/c4c509357859ea2ca2cbb6d8812898a73e4ef1ef9934c2e591d7e32face734d1?s=96&d=mm&r=g","contentUrl":"https:\/\/secure.gravatar.com\/avatar\/c4c509357859ea2ca2cbb6d8812898a73e4ef1ef9934c2e591d7e32face734d1?s=96&d=mm&r=g","caption":"Redaction"},"url":"https:\/\/lepatriotebenin.com"}]}},"_links":{"self":[{"href":"https:\/\/lepatriotebenin.com\/index.php\/wp-json\/wp\/v2\/posts\/16184","targetHints":{"allow":["GET"]}}],"collection":[{"href":"https:\/\/lepatriotebenin.com\/index.php\/wp-json\/wp\/v2\/posts"}],"about":[{"href":"https:\/\/lepatriotebenin.com\/index.php\/wp-json\/wp\/v2\/types\/post"}],"author":[{"embeddable":true,"href":"https:\/\/lepatriotebenin.com\/index.php\/wp-json\/wp\/v2\/users\/5"}],"replies":[{"embeddable":true,"href":"https:\/\/lepatriotebenin.com\/index.php\/wp-json\/wp\/v2\/comments?post=16184"}],"version-history":[{"count":1,"href":"https:\/\/lepatriotebenin.com\/index.php\/wp-json\/wp\/v2\/posts\/16184\/revisions"}],"predecessor-version":[{"id":16186,"href":"https:\/\/lepatriotebenin.com\/index.php\/wp-json\/wp\/v2\/posts\/16184\/revisions\/16186"}],"wp:featuredmedia":[{"embeddable":true,"href":"https:\/\/lepatriotebenin.com\/index.php\/wp-json\/wp\/v2\/media\/16185"}],"wp:attachment":[{"href":"https:\/\/lepatriotebenin.com\/index.php\/wp-json\/wp\/v2\/media?parent=16184"}],"wp:term":[{"taxonomy":"category","embeddable":true,"href":"https:\/\/lepatriotebenin.com\/index.php\/wp-json\/wp\/v2\/categories?post=16184"},{"taxonomy":"post_tag","embeddable":true,"href":"https:\/\/lepatriotebenin.com\/index.php\/wp-json\/wp\/v2\/tags?post=16184"}],"curies":[{"name":"wp","href":"https:\/\/api.w.org\/{rel}","templated":true}]}}