{"id":16178,"date":"2025-12-24T02:29:52","date_gmt":"2025-12-24T01:29:52","guid":{"rendered":"https:\/\/lepatriotebenin.com\/?p=16178"},"modified":"2025-12-24T02:29:52","modified_gmt":"2025-12-24T01:29:52","slug":"crise-politique-au-benin-la-cedeao-et-lonu-recommandent-talon-ignore","status":"publish","type":"post","link":"https:\/\/lepatriotebenin.com\/index.php\/2025\/12\/24\/crise-politique-au-benin-la-cedeao-et-lonu-recommandent-talon-ignore\/","title":{"rendered":"Crise politique au B\u00e9nin :  La Cedeao et l\u2019Onu recommandent, Talon ignore"},"content":{"rendered":"<p><em><strong>En 2026, le B\u00e9nin conna\u00eetra trois diff\u00e9rentes \u00e9lections dont deux coupl\u00e9es. Des trois \u00e9lections, pr\u00e9sidentielle, communales et l\u00e9gislatives, l\u2019opposition je peut participer qu\u2019aux l\u00e9gislatives seules du faut des mesures exclusives mises en place \u00e0\u00a0 travers les reformes politiques op\u00e9r\u00e9es depuis 2019. Au jour le jour, l\u2019atmosph\u00e8re socio politique et \u00e9conomique b\u00e9ninoise pourrit et le pays plonge dans une crise dont personne ne peut pr\u00e9dire l\u2019issue. Cette situation serait m\u00eame\u00a0 la cause du malheureux et condamnable coup d\u2019\u00c9tat\u00a0 d\u00e9jou\u00e9 le dimanche 7 D\u00e9cembre 2025 que toutes les composantes de la soci\u00e9t\u00e9\u00a0 b\u00e9ninoise condamnent. La Cedeao et l\u2019onu s\u2019indignent,\u00a0 alertent et font des recommandations qui semblent tomb\u00e9es dans les oreilles de sourds.<\/strong><\/em><\/p>\n<p>Apr\u00e8s\u00a0 le coup d\u2019\u00c9tat manqu\u00e9 du dimanche 7 D\u00e9cembre 2025, il a \u00e9t\u00e9 enregistr\u00e9 beaucoup de condamnations venues de toutes les composantes de la soci\u00e9t\u00e9\u00a0 b\u00e9ninoise. Politiques, soci\u00e9t\u00e9 civile, syndicalistes, figurent embl\u00e9matiques du paysage politiques b\u00e9ninois et m\u00eame la communaut\u00e9 internationale a d\u00e9nonc\u00e9 l\u2019acte pos\u00e9 par les putschistes. Seulement, et de fa\u00e7on concr\u00e8te,\u00a0 personne ne semble se pr\u00e9occuper des causes r\u00e9elles de cette situation qui entretient l\u2019incertitude au Benin.<\/p>\n<p>Malgr\u00e9 la r\u00e9solution de la Cedeao et les recommandations des Nations Unies, les b\u00e9ninois et surtout les dirigeants ignorent le danger, fon\u00e7ant t\u00eate\u00a0 baiss\u00e9e dans le mur.\u00a0 Les reformes cristallisent l\u2019atmosph\u00e8re\u00a0 politique dans une p\u00e9riode hautement sensible o\u00f9 d\u2019importantes \u00e9lections se pr\u00e9parent. Pr\u00e9occup\u00e9 par la crise sur laquelle les autorit\u00e9s b\u00e9ninoises ferment les yeux, le parlement de la Cedeao a d\u00e9lib\u00e9r\u00e9\u00a0 et adopt\u00e9 en sa s\u00e9ance du 12 d\u00e9cembre 2025, la r\u00e9solution dans laquelle il invite au point 4, \u00ab le gouvernement b\u00e9ninois et toutes les institutions r\u00e9publicaines du pays \u00e0\u00a0 engager un dialogue politique large avec toutes les parties-prenantes de la sc\u00e8ne politique b\u00e9ninoise afin de mettre en place un processus \u00e9lectoral\u00a0 inclusif et consensuel\u00a0 conform\u00e9ment\u00a0 aux textes communautaires pertinents, notamment le protocole additionnel de la Cedeao sur la d\u00e9mocratie et le bonne gouvernance de 2001\u00bb De plus, la repr\u00e9sentante sp\u00e9ciale\u00a0 adjointe de l\u2019Onu pour l\u2019Afrique de l\u2019Ouest et le Sahel, madame Barrie Freeman, met en garde contre les reformes du gouvernement non inclusives\u00a0 et appelle \u00e0\u00a0 plus de transparence en mati\u00e8re de changement institutionnel. \u00ab L\u2019exp\u00e9rience dans la r\u00e9gion montre les reformes dans la gouvernance per\u00e7ues comme excluantes \u00e9rode la l\u00e9gitimit\u00e9 et alimente le m\u00e9contentement populaire. La tentative de coup d\u2019\u00c9tat du 7 d\u00e9cembre au B\u00e9nin si proche des \u00e9lections pr\u00e9sidentielles et l\u00e9gislatives pr\u00e9vues pour le d\u00e9but de l\u2019ann\u00e9e\u00a0 2026 souligne la n\u00e9cessit\u00e9 d\u2019une large consultation et d\u2019une grande transparence\u00a0 sur les processus de r\u00e9forme constitutionnelle et de gouvernance \u00bb, rel\u00e8ve et recommande Madame Barrie Freeman. M\u00eame le repr\u00e9sentant du B\u00e9nin aux Nation Unies Monsieur Marc Hermanne Gninadou Araba reconna\u00eet la gravit\u00e9 de la situation qui ne pr\u00e9occupe visiblement pas\u00a0 le pr\u00e9sident Patrice Talon et son gouvernement.<\/p>\n<p>Selon Marc Hermanne Gninadou Araba, \u00ab les \u00e9v\u00e9nements du 7 d\u00e9cembre\u00a0 2025 ne doivent pas \u00eatre analys\u00e9s isolement. Ils s\u2019inscrivent dans un contexte r\u00e9gional marqu\u00e9 par des fragilit\u00e9s institutionnelles persistantes o\u00f9 la pr\u00e9vention des ruptures de l\u2019ordre constitutionnel demeure un enjeu collectif majeur. Fans un contexte o\u00fb certains m\u00e9canismes r\u00e9gionaux sont affaiblis ou inop\u00e9rants, les Nations Unies demeurent un cadre multilat\u00e9ral central permettant de documenter les faits, exercer une vigilance\u00a0 collective et de pr\u00e9venir toute escalade \u00bb.<\/p>\n<p>Plusieurs fois et plusieurs occasions depuis 2018 soit deux ans seulement apr\u00e8s\u00a0 l\u2019arriv\u00e9e aux affaires de l\u2019actuel pr\u00e9sident b\u00e9ninois, l\u2019opposition r\u00e9clame une assise nationale. Une dol\u00e9ance \u00e0\u00a0 laquelle la rupture refuse d\u2019acc\u00e9der multipliant des mesures exclusives et criog\u00e8nes et pour couronner tout, une r\u00e9vision constitutionnelle sujette \u00e0\u00a0 de vives critiques.<\/p>\n<p>&nbsp;<\/p>\n<p><img decoding=\"async\" class=\"alignnone size-medium wp-image-16180\" src=\"https:\/\/lepatriotebenin.com\/wp-content\/uploads\/2025\/12\/united-nations-flag-with-sky-300x111.jpg\" alt=\"\" width=\"300\" height=\"111\" srcset=\"https:\/\/lepatriotebenin.com\/wp-content\/uploads\/2025\/12\/united-nations-flag-with-sky-300x111.jpg 300w, https:\/\/lepatriotebenin.com\/wp-content\/uploads\/2025\/12\/united-nations-flag-with-sky-1024x379.jpg 1024w, https:\/\/lepatriotebenin.com\/wp-content\/uploads\/2025\/12\/united-nations-flag-with-sky-768x284.jpg 768w, https:\/\/lepatriotebenin.com\/wp-content\/uploads\/2025\/12\/united-nations-flag-with-sky-1170x433.jpg 1170w, https:\/\/lepatriotebenin.com\/wp-content\/uploads\/2025\/12\/united-nations-flag-with-sky-585x217.jpg 585w, https:\/\/lepatriotebenin.com\/wp-content\/uploads\/2025\/12\/united-nations-flag-with-sky.jpg 1350w\" sizes=\"(max-width: 300px) 100vw, 300px\" \/><\/p>\n","protected":false},"excerpt":{"rendered":"<p>En 2026, le B\u00e9nin conna\u00eetra trois diff\u00e9rentes \u00e9lections dont deux coupl\u00e9es. Des trois \u00e9lections, pr\u00e9sidentielle, communales et l\u00e9gislatives, l\u2019opposition je peut participer qu\u2019aux l\u00e9gislatives seules du faut des mesures exclusives&hellip;<\/p>\n","protected":false},"author":5,"featured_media":16179,"comment_status":"open","ping_status":"open","sticky":false,"template":"","format":"standard","meta":{"content-type":"","om_disable_all_campaigns":false,"_monsterinsights_skip_tracking":false,"_monsterinsights_sitenote_active":false,"_monsterinsights_sitenote_note":"","_monsterinsights_sitenote_category":0,"_uf_show_specific_survey":0,"_uf_disable_surveys":false,"footnotes":""},"categories":[26],"tags":[],"class_list":["post-16178","post","type-post","status-publish","format-standard","has-post-thumbnail","hentry","category-politique"],"aioseo_notices":[],"yoast_head":"<!-- This site is optimized with the Yoast SEO plugin v27.5 - https:\/\/yoast.com\/product\/yoast-seo-wordpress\/ -->\n<title>Crise politique au B\u00e9nin : La Cedeao et l\u2019Onu recommandent, Talon ignore - Le Patriote<\/title>\n<meta name=\"robots\" content=\"index, follow, max-snippet:-1, max-image-preview:large, max-video-preview:-1\" \/>\n<link rel=\"canonical\" href=\"https:\/\/lepatriotebenin.com\/index.php\/2025\/12\/24\/crise-politique-au-benin-la-cedeao-et-lonu-recommandent-talon-ignore\/\" \/>\n<meta property=\"og:locale\" content=\"fr_FR\" \/>\n<meta property=\"og:type\" content=\"article\" \/>\n<meta property=\"og:title\" content=\"Crise politique au B\u00e9nin : La Cedeao et l\u2019Onu recommandent, Talon ignore - Le Patriote\" \/>\n<meta property=\"og:description\" content=\"En 2026, le B\u00e9nin conna\u00eetra trois diff\u00e9rentes \u00e9lections dont deux coupl\u00e9es. Des trois \u00e9lections, pr\u00e9sidentielle, communales et l\u00e9gislatives, l\u2019opposition je peut participer qu\u2019aux l\u00e9gislatives seules du faut des mesures exclusives&hellip;\" \/>\n<meta property=\"og:url\" content=\"https:\/\/lepatriotebenin.com\/index.php\/2025\/12\/24\/crise-politique-au-benin-la-cedeao-et-lonu-recommandent-talon-ignore\/\" \/>\n<meta property=\"og:site_name\" content=\"Le Patriote\" \/>\n<meta property=\"article:published_time\" content=\"2025-12-24T01:29:52+00:00\" \/>\n<meta property=\"og:image\" content=\"https:\/\/lepatriotebenin.com\/wp-content\/uploads\/2025\/12\/cedeao-logo-svg.png\" \/>\n\t<meta property=\"og:image:width\" content=\"330\" \/>\n\t<meta property=\"og:image:height\" content=\"343\" \/>\n\t<meta property=\"og:image:type\" content=\"image\/png\" \/>\n<meta name=\"author\" content=\"Redaction\" \/>\n<meta name=\"twitter:card\" content=\"summary_large_image\" \/>\n<meta name=\"twitter:label1\" content=\"\u00c9crit par\" \/>\n\t<meta name=\"twitter:data1\" content=\"Redaction\" \/>\n\t<meta name=\"twitter:label2\" content=\"Dur\u00e9e de lecture estim\u00e9e\" \/>\n\t<meta name=\"twitter:data2\" content=\"4 minutes\" \/>\n<script type=\"application\/ld+json\" class=\"yoast-schema-graph\">{\"@context\":\"https:\\\/\\\/schema.org\",\"@graph\":[{\"@type\":\"Article\",\"@id\":\"https:\\\/\\\/lepatriotebenin.com\\\/index.php\\\/2025\\\/12\\\/24\\\/crise-politique-au-benin-la-cedeao-et-lonu-recommandent-talon-ignore\\\/#article\",\"isPartOf\":{\"@id\":\"https:\\\/\\\/lepatriotebenin.com\\\/index.php\\\/2025\\\/12\\\/24\\\/crise-politique-au-benin-la-cedeao-et-lonu-recommandent-talon-ignore\\\/\"},\"author\":{\"name\":\"Redaction\",\"@id\":\"https:\\\/\\\/lepatriotebenin.com\\\/#\\\/schema\\\/person\\\/2e7709b9c9cc313e452d1136af61690f\"},\"headline\":\"Crise politique au B\u00e9nin : La Cedeao et l\u2019Onu recommandent, Talon ignore\",\"datePublished\":\"2025-12-24T01:29:52+00:00\",\"mainEntityOfPage\":{\"@id\":\"https:\\\/\\\/lepatriotebenin.com\\\/index.php\\\/2025\\\/12\\\/24\\\/crise-politique-au-benin-la-cedeao-et-lonu-recommandent-talon-ignore\\\/\"},\"wordCount\":697,\"commentCount\":0,\"image\":{\"@id\":\"https:\\\/\\\/lepatriotebenin.com\\\/index.php\\\/2025\\\/12\\\/24\\\/crise-politique-au-benin-la-cedeao-et-lonu-recommandent-talon-ignore\\\/#primaryimage\"},\"thumbnailUrl\":\"https:\\\/\\\/lepatriotebenin.com\\\/wp-content\\\/uploads\\\/2025\\\/12\\\/cedeao-logo-svg.png\",\"articleSection\":[\"Politique\"],\"inLanguage\":\"fr-FR\",\"potentialAction\":[{\"@type\":\"CommentAction\",\"name\":\"Comment\",\"target\":[\"https:\\\/\\\/lepatriotebenin.com\\\/index.php\\\/2025\\\/12\\\/24\\\/crise-politique-au-benin-la-cedeao-et-lonu-recommandent-talon-ignore\\\/#respond\"]}]},{\"@type\":\"WebPage\",\"@id\":\"https:\\\/\\\/lepatriotebenin.com\\\/index.php\\\/2025\\\/12\\\/24\\\/crise-politique-au-benin-la-cedeao-et-lonu-recommandent-talon-ignore\\\/\",\"url\":\"https:\\\/\\\/lepatriotebenin.com\\\/index.php\\\/2025\\\/12\\\/24\\\/crise-politique-au-benin-la-cedeao-et-lonu-recommandent-talon-ignore\\\/\",\"name\":\"Crise politique au B\u00e9nin : La Cedeao et l\u2019Onu recommandent, Talon ignore - Le Patriote\",\"isPartOf\":{\"@id\":\"https:\\\/\\\/lepatriotebenin.com\\\/#website\"},\"primaryImageOfPage\":{\"@id\":\"https:\\\/\\\/lepatriotebenin.com\\\/index.php\\\/2025\\\/12\\\/24\\\/crise-politique-au-benin-la-cedeao-et-lonu-recommandent-talon-ignore\\\/#primaryimage\"},\"image\":{\"@id\":\"https:\\\/\\\/lepatriotebenin.com\\\/index.php\\\/2025\\\/12\\\/24\\\/crise-politique-au-benin-la-cedeao-et-lonu-recommandent-talon-ignore\\\/#primaryimage\"},\"thumbnailUrl\":\"https:\\\/\\\/lepatriotebenin.com\\\/wp-content\\\/uploads\\\/2025\\\/12\\\/cedeao-logo-svg.png\",\"datePublished\":\"2025-12-24T01:29:52+00:00\",\"author\":{\"@id\":\"https:\\\/\\\/lepatriotebenin.com\\\/#\\\/schema\\\/person\\\/2e7709b9c9cc313e452d1136af61690f\"},\"breadcrumb\":{\"@id\":\"https:\\\/\\\/lepatriotebenin.com\\\/index.php\\\/2025\\\/12\\\/24\\\/crise-politique-au-benin-la-cedeao-et-lonu-recommandent-talon-ignore\\\/#breadcrumb\"},\"inLanguage\":\"fr-FR\",\"potentialAction\":[{\"@type\":\"ReadAction\",\"target\":[\"https:\\\/\\\/lepatriotebenin.com\\\/index.php\\\/2025\\\/12\\\/24\\\/crise-politique-au-benin-la-cedeao-et-lonu-recommandent-talon-ignore\\\/\"]}]},{\"@type\":\"ImageObject\",\"inLanguage\":\"fr-FR\",\"@id\":\"https:\\\/\\\/lepatriotebenin.com\\\/index.php\\\/2025\\\/12\\\/24\\\/crise-politique-au-benin-la-cedeao-et-lonu-recommandent-talon-ignore\\\/#primaryimage\",\"url\":\"https:\\\/\\\/lepatriotebenin.com\\\/wp-content\\\/uploads\\\/2025\\\/12\\\/cedeao-logo-svg.png\",\"contentUrl\":\"https:\\\/\\\/lepatriotebenin.com\\\/wp-content\\\/uploads\\\/2025\\\/12\\\/cedeao-logo-svg.png\",\"width\":330,\"height\":343},{\"@type\":\"BreadcrumbList\",\"@id\":\"https:\\\/\\\/lepatriotebenin.com\\\/index.php\\\/2025\\\/12\\\/24\\\/crise-politique-au-benin-la-cedeao-et-lonu-recommandent-talon-ignore\\\/#breadcrumb\",\"itemListElement\":[{\"@type\":\"ListItem\",\"position\":1,\"name\":\"Accueil\",\"item\":\"https:\\\/\\\/lepatriotebenin.com\\\/\"},{\"@type\":\"ListItem\",\"position\":2,\"name\":\"Crise politique au B\u00e9nin : La Cedeao et l\u2019Onu recommandent, Talon ignore\"}]},{\"@type\":\"WebSite\",\"@id\":\"https:\\\/\\\/lepatriotebenin.com\\\/#website\",\"url\":\"https:\\\/\\\/lepatriotebenin.com\\\/\",\"name\":\"Le Patriote\",\"description\":\"Le Patriote B\u00e9nin\",\"potentialAction\":[{\"@type\":\"SearchAction\",\"target\":{\"@type\":\"EntryPoint\",\"urlTemplate\":\"https:\\\/\\\/lepatriotebenin.com\\\/?s={search_term_string}\"},\"query-input\":{\"@type\":\"PropertyValueSpecification\",\"valueRequired\":true,\"valueName\":\"search_term_string\"}}],\"inLanguage\":\"fr-FR\"},{\"@type\":\"Person\",\"@id\":\"https:\\\/\\\/lepatriotebenin.com\\\/#\\\/schema\\\/person\\\/2e7709b9c9cc313e452d1136af61690f\",\"name\":\"Redaction\",\"image\":{\"@type\":\"ImageObject\",\"inLanguage\":\"fr-FR\",\"@id\":\"https:\\\/\\\/secure.gravatar.com\\\/avatar\\\/c4c509357859ea2ca2cbb6d8812898a73e4ef1ef9934c2e591d7e32face734d1?s=96&d=mm&r=g\",\"url\":\"https:\\\/\\\/secure.gravatar.com\\\/avatar\\\/c4c509357859ea2ca2cbb6d8812898a73e4ef1ef9934c2e591d7e32face734d1?s=96&d=mm&r=g\",\"contentUrl\":\"https:\\\/\\\/secure.gravatar.com\\\/avatar\\\/c4c509357859ea2ca2cbb6d8812898a73e4ef1ef9934c2e591d7e32face734d1?s=96&d=mm&r=g\",\"caption\":\"Redaction\"},\"url\":\"https:\\\/\\\/lepatriotebenin.com\"}]}<\/script>\n<!-- \/ Yoast SEO plugin. -->","yoast_head_json":{"title":"Crise politique au B\u00e9nin : La Cedeao et l\u2019Onu recommandent, Talon ignore - Le Patriote","robots":{"index":"index","follow":"follow","max-snippet":"max-snippet:-1","max-image-preview":"max-image-preview:large","max-video-preview":"max-video-preview:-1"},"canonical":"https:\/\/lepatriotebenin.com\/index.php\/2025\/12\/24\/crise-politique-au-benin-la-cedeao-et-lonu-recommandent-talon-ignore\/","og_locale":"fr_FR","og_type":"article","og_title":"Crise politique au B\u00e9nin : La Cedeao et l\u2019Onu recommandent, Talon ignore - Le Patriote","og_description":"En 2026, le B\u00e9nin conna\u00eetra trois diff\u00e9rentes \u00e9lections dont deux coupl\u00e9es. Des trois \u00e9lections, pr\u00e9sidentielle, communales et l\u00e9gislatives, l\u2019opposition je peut participer qu\u2019aux l\u00e9gislatives seules du faut des mesures exclusives&hellip;","og_url":"https:\/\/lepatriotebenin.com\/index.php\/2025\/12\/24\/crise-politique-au-benin-la-cedeao-et-lonu-recommandent-talon-ignore\/","og_site_name":"Le Patriote","article_published_time":"2025-12-24T01:29:52+00:00","og_image":[{"width":330,"height":343,"url":"https:\/\/lepatriotebenin.com\/wp-content\/uploads\/2025\/12\/cedeao-logo-svg.png","type":"image\/png"}],"author":"Redaction","twitter_card":"summary_large_image","twitter_misc":{"\u00c9crit par":"Redaction","Dur\u00e9e de lecture estim\u00e9e":"4 minutes"},"schema":{"@context":"https:\/\/schema.org","@graph":[{"@type":"Article","@id":"https:\/\/lepatriotebenin.com\/index.php\/2025\/12\/24\/crise-politique-au-benin-la-cedeao-et-lonu-recommandent-talon-ignore\/#article","isPartOf":{"@id":"https:\/\/lepatriotebenin.com\/index.php\/2025\/12\/24\/crise-politique-au-benin-la-cedeao-et-lonu-recommandent-talon-ignore\/"},"author":{"name":"Redaction","@id":"https:\/\/lepatriotebenin.com\/#\/schema\/person\/2e7709b9c9cc313e452d1136af61690f"},"headline":"Crise politique au B\u00e9nin : La Cedeao et l\u2019Onu recommandent, Talon ignore","datePublished":"2025-12-24T01:29:52+00:00","mainEntityOfPage":{"@id":"https:\/\/lepatriotebenin.com\/index.php\/2025\/12\/24\/crise-politique-au-benin-la-cedeao-et-lonu-recommandent-talon-ignore\/"},"wordCount":697,"commentCount":0,"image":{"@id":"https:\/\/lepatriotebenin.com\/index.php\/2025\/12\/24\/crise-politique-au-benin-la-cedeao-et-lonu-recommandent-talon-ignore\/#primaryimage"},"thumbnailUrl":"https:\/\/lepatriotebenin.com\/wp-content\/uploads\/2025\/12\/cedeao-logo-svg.png","articleSection":["Politique"],"inLanguage":"fr-FR","potentialAction":[{"@type":"CommentAction","name":"Comment","target":["https:\/\/lepatriotebenin.com\/index.php\/2025\/12\/24\/crise-politique-au-benin-la-cedeao-et-lonu-recommandent-talon-ignore\/#respond"]}]},{"@type":"WebPage","@id":"https:\/\/lepatriotebenin.com\/index.php\/2025\/12\/24\/crise-politique-au-benin-la-cedeao-et-lonu-recommandent-talon-ignore\/","url":"https:\/\/lepatriotebenin.com\/index.php\/2025\/12\/24\/crise-politique-au-benin-la-cedeao-et-lonu-recommandent-talon-ignore\/","name":"Crise politique au B\u00e9nin : La Cedeao et l\u2019Onu recommandent, Talon ignore - Le Patriote","isPartOf":{"@id":"https:\/\/lepatriotebenin.com\/#website"},"primaryImageOfPage":{"@id":"https:\/\/lepatriotebenin.com\/index.php\/2025\/12\/24\/crise-politique-au-benin-la-cedeao-et-lonu-recommandent-talon-ignore\/#primaryimage"},"image":{"@id":"https:\/\/lepatriotebenin.com\/index.php\/2025\/12\/24\/crise-politique-au-benin-la-cedeao-et-lonu-recommandent-talon-ignore\/#primaryimage"},"thumbnailUrl":"https:\/\/lepatriotebenin.com\/wp-content\/uploads\/2025\/12\/cedeao-logo-svg.png","datePublished":"2025-12-24T01:29:52+00:00","author":{"@id":"https:\/\/lepatriotebenin.com\/#\/schema\/person\/2e7709b9c9cc313e452d1136af61690f"},"breadcrumb":{"@id":"https:\/\/lepatriotebenin.com\/index.php\/2025\/12\/24\/crise-politique-au-benin-la-cedeao-et-lonu-recommandent-talon-ignore\/#breadcrumb"},"inLanguage":"fr-FR","potentialAction":[{"@type":"ReadAction","target":["https:\/\/lepatriotebenin.com\/index.php\/2025\/12\/24\/crise-politique-au-benin-la-cedeao-et-lonu-recommandent-talon-ignore\/"]}]},{"@type":"ImageObject","inLanguage":"fr-FR","@id":"https:\/\/lepatriotebenin.com\/index.php\/2025\/12\/24\/crise-politique-au-benin-la-cedeao-et-lonu-recommandent-talon-ignore\/#primaryimage","url":"https:\/\/lepatriotebenin.com\/wp-content\/uploads\/2025\/12\/cedeao-logo-svg.png","contentUrl":"https:\/\/lepatriotebenin.com\/wp-content\/uploads\/2025\/12\/cedeao-logo-svg.png","width":330,"height":343},{"@type":"BreadcrumbList","@id":"https:\/\/lepatriotebenin.com\/index.php\/2025\/12\/24\/crise-politique-au-benin-la-cedeao-et-lonu-recommandent-talon-ignore\/#breadcrumb","itemListElement":[{"@type":"ListItem","position":1,"name":"Accueil","item":"https:\/\/lepatriotebenin.com\/"},{"@type":"ListItem","position":2,"name":"Crise politique au B\u00e9nin : La Cedeao et l\u2019Onu recommandent, Talon ignore"}]},{"@type":"WebSite","@id":"https:\/\/lepatriotebenin.com\/#website","url":"https:\/\/lepatriotebenin.com\/","name":"Le Patriote","description":"Le Patriote B\u00e9nin","potentialAction":[{"@type":"SearchAction","target":{"@type":"EntryPoint","urlTemplate":"https:\/\/lepatriotebenin.com\/?s={search_term_string}"},"query-input":{"@type":"PropertyValueSpecification","valueRequired":true,"valueName":"search_term_string"}}],"inLanguage":"fr-FR"},{"@type":"Person","@id":"https:\/\/lepatriotebenin.com\/#\/schema\/person\/2e7709b9c9cc313e452d1136af61690f","name":"Redaction","image":{"@type":"ImageObject","inLanguage":"fr-FR","@id":"https:\/\/secure.gravatar.com\/avatar\/c4c509357859ea2ca2cbb6d8812898a73e4ef1ef9934c2e591d7e32face734d1?s=96&d=mm&r=g","url":"https:\/\/secure.gravatar.com\/avatar\/c4c509357859ea2ca2cbb6d8812898a73e4ef1ef9934c2e591d7e32face734d1?s=96&d=mm&r=g","contentUrl":"https:\/\/secure.gravatar.com\/avatar\/c4c509357859ea2ca2cbb6d8812898a73e4ef1ef9934c2e591d7e32face734d1?s=96&d=mm&r=g","caption":"Redaction"},"url":"https:\/\/lepatriotebenin.com"}]}},"_links":{"self":[{"href":"https:\/\/lepatriotebenin.com\/index.php\/wp-json\/wp\/v2\/posts\/16178","targetHints":{"allow":["GET"]}}],"collection":[{"href":"https:\/\/lepatriotebenin.com\/index.php\/wp-json\/wp\/v2\/posts"}],"about":[{"href":"https:\/\/lepatriotebenin.com\/index.php\/wp-json\/wp\/v2\/types\/post"}],"author":[{"embeddable":true,"href":"https:\/\/lepatriotebenin.com\/index.php\/wp-json\/wp\/v2\/users\/5"}],"replies":[{"embeddable":true,"href":"https:\/\/lepatriotebenin.com\/index.php\/wp-json\/wp\/v2\/comments?post=16178"}],"version-history":[{"count":1,"href":"https:\/\/lepatriotebenin.com\/index.php\/wp-json\/wp\/v2\/posts\/16178\/revisions"}],"predecessor-version":[{"id":16181,"href":"https:\/\/lepatriotebenin.com\/index.php\/wp-json\/wp\/v2\/posts\/16178\/revisions\/16181"}],"wp:featuredmedia":[{"embeddable":true,"href":"https:\/\/lepatriotebenin.com\/index.php\/wp-json\/wp\/v2\/media\/16179"}],"wp:attachment":[{"href":"https:\/\/lepatriotebenin.com\/index.php\/wp-json\/wp\/v2\/media?parent=16178"}],"wp:term":[{"taxonomy":"category","embeddable":true,"href":"https:\/\/lepatriotebenin.com\/index.php\/wp-json\/wp\/v2\/categories?post=16178"},{"taxonomy":"post_tag","embeddable":true,"href":"https:\/\/lepatriotebenin.com\/index.php\/wp-json\/wp\/v2\/tags?post=16178"}],"curies":[{"name":"wp","href":"https:\/\/api.w.org\/{rel}","templated":true}]}}