{"id":16171,"date":"2025-12-24T02:07:30","date_gmt":"2025-12-24T01:07:30","guid":{"rendered":"https:\/\/lepatriotebenin.com\/?p=16171"},"modified":"2025-12-24T02:08:32","modified_gmt":"2025-12-24T01:08:32","slug":"16171","status":"publish","type":"post","link":"https:\/\/lepatriotebenin.com\/index.php\/2025\/12\/24\/16171\/","title":{"rendered":"Nigeria: les 130 enfants enlev\u00e9s dans une \u00e9cole catholique ont \u00e9t\u00e9 lib\u00e9r\u00e9s"},"content":{"rendered":"<p><strong>Enlev\u00e9s en novembre dernier dans une \u00e9cole catholique du centre-nord du Nigeria, les derniers \u00e9l\u00e8ves encore en captivit\u00e9 ont \u00e9t\u00e9 remis aux autorit\u00e9s. Cette lib\u00e9ration met fin \u00e0 l\u2019un des enl\u00e8vements scolaires les plus marquants de l\u2019ann\u00e9e dans le pays.<\/strong><\/p>\n<p>Un d\u00e9nouement attendu. Les 130 \u00e9l\u00e8ves enlev\u00e9s le 21 novembre dernier \u00e0 l\u2019internat mixte St. Mary, dans l\u2019\u00c9tat du Niger, ont retrouv\u00e9 la libert\u00e9 et ont \u00e9t\u00e9 remis aux autorit\u00e9s locales lundi, sous forte escorte s\u00e9curitaire.<\/p>\n<p>Six fourgons transportant les enfants ont \u00e9t\u00e9 conduits jusqu\u2019au si\u00e8ge du gouvernement de l\u2019\u00c9tat du Niger, accompagn\u00e9s de forces de s\u00e9curit\u00e9 \u00e0 bord de v\u00e9hicules blind\u00e9s. La veille, la pr\u00e9sidence nig\u00e9riane avait d\u00e9j\u00e0 annonc\u00e9 la lib\u00e9ration de ce dernier groupe, confirmant qu\u2019aucun \u00e9l\u00e8ve de l\u2019\u00e9tablissement ne restait en captivit\u00e9. \u00ab Plus aucun n\u2019est retenu \u00bb, s\u2019est f\u00e9licit\u00e9 le porte-parole pr\u00e9sidentiel Sunday Dare dans un message publi\u00e9 sur X, illustr\u00e9 par une photo d\u2019enfants souriants.<\/p>\n<p><strong>Un enl\u00e8vement massif qui a choqu\u00e9 le pays<\/strong><\/p>\n<p>Dans la nuit du 21 novembre, des hommes arm\u00e9s avaient fait irruption dans les dortoirs de l\u2019\u00e9cole catholique St. Mary, situ\u00e9e dans le village recul\u00e9 de Papiri, enlevant plusieurs centaines d\u2019\u00e9l\u00e8ves et de membres du personnel. Une centaine d\u2019\u00e9coliers avaient d\u00e9j\u00e0 \u00e9t\u00e9 lib\u00e9r\u00e9s d\u00e9but d\u00e9cembre, mais le nombre exact de personnes captur\u00e9es avait longtemps fait l\u2019objet de chiffres contradictoires.<\/p>\n<p>L\u2019Association chr\u00e9tienne du Nigeria (CAN) \u00e9voquait 315 personnes enlev\u00e9es, tandis que le dioc\u00e8se parlait encore de 165 disparus apr\u00e8s les premi\u00e8res lib\u00e9rations. De son c\u00f4t\u00e9, le pr\u00e9sident Bola Tinubu avait mentionn\u00e9 115 personnes toujours retenues.<\/p>\n<p>L\u2019identit\u00e9 des ravisseurs n\u2019a pas \u00e9t\u00e9 rendue publique et aucune information n\u2019a filtr\u00e9 sur les conditions de la lib\u00e9ration. Au Nigeria, les enl\u00e8vements de masse sont fr\u00e9quents, g\u00e9n\u00e9ralement perp\u00e9tr\u00e9s par des gangs criminels, surnomm\u00e9s \u00ab bandits \u00bb, motiv\u00e9s par l\u2019obtention de ran\u00e7ons. Cette criminalit\u00e9 s\u2019ajoute \u00e0 l\u2019insurrection jihadiste active depuis 2009 dans le nord-est du pays.<\/p>\n<p>Apr\u00e8s une vague de kidnappings ayant touch\u00e9 plus de 400 personnes en novembre, le pr\u00e9sident Bola Tinubu a d\u00e9cr\u00e9t\u00e9 l\u2019\u00e9tat d\u2019urgence s\u00e9curitaire national. Si la lib\u00e9ration des \u00e9l\u00e8ves de St. Mary apporte un soulagement, elle rappelle surtout l\u2019ampleur des d\u00e9fis s\u00e9curitaires auxquels reste confront\u00e9 le pays le plus peupl\u00e9 d\u2019Afrique.<\/p>\n<p><strong>Ez\u00e9chiel Dagb\u00e9gnon PADONOU<\/strong><\/p>\n","protected":false},"excerpt":{"rendered":"<p>Enlev\u00e9s en novembre dernier dans une \u00e9cole catholique du centre-nord du Nigeria, les derniers \u00e9l\u00e8ves encore en captivit\u00e9 ont \u00e9t\u00e9 remis aux autorit\u00e9s. Cette lib\u00e9ration met fin \u00e0 l\u2019un des&hellip;<\/p>\n","protected":false},"author":5,"featured_media":16172,"comment_status":"open","ping_status":"open","sticky":false,"template":"","format":"standard","meta":{"content-type":"","om_disable_all_campaigns":false,"_monsterinsights_skip_tracking":false,"_monsterinsights_sitenote_active":false,"_monsterinsights_sitenote_note":"","_monsterinsights_sitenote_category":0,"_uf_show_specific_survey":0,"_uf_disable_surveys":false,"footnotes":""},"categories":[20],"tags":[],"class_list":["post-16171","post","type-post","status-publish","format-standard","has-post-thumbnail","hentry","category-societe"],"aioseo_notices":[],"yoast_head":"<!-- This site is optimized with the Yoast SEO plugin v27.5 - https:\/\/yoast.com\/product\/yoast-seo-wordpress\/ -->\n<title>Nigeria: les 130 enfants enlev\u00e9s dans une \u00e9cole catholique ont \u00e9t\u00e9 lib\u00e9r\u00e9s - Le Patriote<\/title>\n<meta name=\"robots\" content=\"index, follow, max-snippet:-1, max-image-preview:large, max-video-preview:-1\" \/>\n<link rel=\"canonical\" href=\"https:\/\/lepatriotebenin.com\/index.php\/2025\/12\/24\/16171\/\" \/>\n<meta property=\"og:locale\" content=\"fr_FR\" \/>\n<meta property=\"og:type\" content=\"article\" \/>\n<meta property=\"og:title\" content=\"Nigeria: les 130 enfants enlev\u00e9s dans une \u00e9cole catholique ont \u00e9t\u00e9 lib\u00e9r\u00e9s - Le Patriote\" \/>\n<meta property=\"og:description\" content=\"Enlev\u00e9s en novembre dernier dans une \u00e9cole catholique du centre-nord du Nigeria, les derniers \u00e9l\u00e8ves encore en captivit\u00e9 ont \u00e9t\u00e9 remis aux autorit\u00e9s. Cette lib\u00e9ration met fin \u00e0 l\u2019un des&hellip;\" \/>\n<meta property=\"og:url\" content=\"https:\/\/lepatriotebenin.com\/index.php\/2025\/12\/24\/16171\/\" \/>\n<meta property=\"og:site_name\" content=\"Le Patriote\" \/>\n<meta property=\"article:published_time\" content=\"2025-12-24T01:07:30+00:00\" \/>\n<meta property=\"article:modified_time\" content=\"2025-12-24T01:08:32+00:00\" \/>\n<meta property=\"og:image\" content=\"https:\/\/lepatriotebenin.com\/wp-content\/uploads\/2025\/12\/nigeriaddd.jpeg\" \/>\n\t<meta property=\"og:image:width\" content=\"664\" \/>\n\t<meta property=\"og:image:height\" content=\"443\" \/>\n\t<meta property=\"og:image:type\" content=\"image\/jpeg\" \/>\n<meta name=\"author\" content=\"Redaction\" \/>\n<meta name=\"twitter:card\" content=\"summary_large_image\" \/>\n<meta name=\"twitter:label1\" content=\"\u00c9crit par\" \/>\n\t<meta name=\"twitter:data1\" content=\"Redaction\" \/>\n\t<meta name=\"twitter:label2\" content=\"Dur\u00e9e de lecture estim\u00e9e\" \/>\n\t<meta name=\"twitter:data2\" content=\"3 minutes\" \/>\n<script type=\"application\/ld+json\" class=\"yoast-schema-graph\">{\"@context\":\"https:\\\/\\\/schema.org\",\"@graph\":[{\"@type\":\"Article\",\"@id\":\"https:\\\/\\\/lepatriotebenin.com\\\/index.php\\\/2025\\\/12\\\/24\\\/16171\\\/#article\",\"isPartOf\":{\"@id\":\"https:\\\/\\\/lepatriotebenin.com\\\/index.php\\\/2025\\\/12\\\/24\\\/16171\\\/\"},\"author\":{\"name\":\"Redaction\",\"@id\":\"https:\\\/\\\/lepatriotebenin.com\\\/#\\\/schema\\\/person\\\/2e7709b9c9cc313e452d1136af61690f\"},\"headline\":\"Nigeria: les 130 enfants enlev\u00e9s dans une \u00e9cole catholique ont \u00e9t\u00e9 lib\u00e9r\u00e9s\",\"datePublished\":\"2025-12-24T01:07:30+00:00\",\"dateModified\":\"2025-12-24T01:08:32+00:00\",\"mainEntityOfPage\":{\"@id\":\"https:\\\/\\\/lepatriotebenin.com\\\/index.php\\\/2025\\\/12\\\/24\\\/16171\\\/\"},\"wordCount\":447,\"commentCount\":0,\"image\":{\"@id\":\"https:\\\/\\\/lepatriotebenin.com\\\/index.php\\\/2025\\\/12\\\/24\\\/16171\\\/#primaryimage\"},\"thumbnailUrl\":\"https:\\\/\\\/lepatriotebenin.com\\\/wp-content\\\/uploads\\\/2025\\\/12\\\/nigeriaddd.jpeg\",\"articleSection\":[\"Soci\u00e9t\u00e9\"],\"inLanguage\":\"fr-FR\",\"potentialAction\":[{\"@type\":\"CommentAction\",\"name\":\"Comment\",\"target\":[\"https:\\\/\\\/lepatriotebenin.com\\\/index.php\\\/2025\\\/12\\\/24\\\/16171\\\/#respond\"]}]},{\"@type\":\"WebPage\",\"@id\":\"https:\\\/\\\/lepatriotebenin.com\\\/index.php\\\/2025\\\/12\\\/24\\\/16171\\\/\",\"url\":\"https:\\\/\\\/lepatriotebenin.com\\\/index.php\\\/2025\\\/12\\\/24\\\/16171\\\/\",\"name\":\"Nigeria: les 130 enfants enlev\u00e9s dans une \u00e9cole catholique ont \u00e9t\u00e9 lib\u00e9r\u00e9s - Le Patriote\",\"isPartOf\":{\"@id\":\"https:\\\/\\\/lepatriotebenin.com\\\/#website\"},\"primaryImageOfPage\":{\"@id\":\"https:\\\/\\\/lepatriotebenin.com\\\/index.php\\\/2025\\\/12\\\/24\\\/16171\\\/#primaryimage\"},\"image\":{\"@id\":\"https:\\\/\\\/lepatriotebenin.com\\\/index.php\\\/2025\\\/12\\\/24\\\/16171\\\/#primaryimage\"},\"thumbnailUrl\":\"https:\\\/\\\/lepatriotebenin.com\\\/wp-content\\\/uploads\\\/2025\\\/12\\\/nigeriaddd.jpeg\",\"datePublished\":\"2025-12-24T01:07:30+00:00\",\"dateModified\":\"2025-12-24T01:08:32+00:00\",\"author\":{\"@id\":\"https:\\\/\\\/lepatriotebenin.com\\\/#\\\/schema\\\/person\\\/2e7709b9c9cc313e452d1136af61690f\"},\"breadcrumb\":{\"@id\":\"https:\\\/\\\/lepatriotebenin.com\\\/index.php\\\/2025\\\/12\\\/24\\\/16171\\\/#breadcrumb\"},\"inLanguage\":\"fr-FR\",\"potentialAction\":[{\"@type\":\"ReadAction\",\"target\":[\"https:\\\/\\\/lepatriotebenin.com\\\/index.php\\\/2025\\\/12\\\/24\\\/16171\\\/\"]}]},{\"@type\":\"ImageObject\",\"inLanguage\":\"fr-FR\",\"@id\":\"https:\\\/\\\/lepatriotebenin.com\\\/index.php\\\/2025\\\/12\\\/24\\\/16171\\\/#primaryimage\",\"url\":\"https:\\\/\\\/lepatriotebenin.com\\\/wp-content\\\/uploads\\\/2025\\\/12\\\/nigeriaddd.jpeg\",\"contentUrl\":\"https:\\\/\\\/lepatriotebenin.com\\\/wp-content\\\/uploads\\\/2025\\\/12\\\/nigeriaddd.jpeg\",\"width\":664,\"height\":443},{\"@type\":\"BreadcrumbList\",\"@id\":\"https:\\\/\\\/lepatriotebenin.com\\\/index.php\\\/2025\\\/12\\\/24\\\/16171\\\/#breadcrumb\",\"itemListElement\":[{\"@type\":\"ListItem\",\"position\":1,\"name\":\"Accueil\",\"item\":\"https:\\\/\\\/lepatriotebenin.com\\\/\"},{\"@type\":\"ListItem\",\"position\":2,\"name\":\"Nigeria: les 130 enfants enlev\u00e9s dans une \u00e9cole catholique ont \u00e9t\u00e9 lib\u00e9r\u00e9s\"}]},{\"@type\":\"WebSite\",\"@id\":\"https:\\\/\\\/lepatriotebenin.com\\\/#website\",\"url\":\"https:\\\/\\\/lepatriotebenin.com\\\/\",\"name\":\"Le Patriote\",\"description\":\"Le Patriote B\u00e9nin\",\"potentialAction\":[{\"@type\":\"SearchAction\",\"target\":{\"@type\":\"EntryPoint\",\"urlTemplate\":\"https:\\\/\\\/lepatriotebenin.com\\\/?s={search_term_string}\"},\"query-input\":{\"@type\":\"PropertyValueSpecification\",\"valueRequired\":true,\"valueName\":\"search_term_string\"}}],\"inLanguage\":\"fr-FR\"},{\"@type\":\"Person\",\"@id\":\"https:\\\/\\\/lepatriotebenin.com\\\/#\\\/schema\\\/person\\\/2e7709b9c9cc313e452d1136af61690f\",\"name\":\"Redaction\",\"image\":{\"@type\":\"ImageObject\",\"inLanguage\":\"fr-FR\",\"@id\":\"https:\\\/\\\/secure.gravatar.com\\\/avatar\\\/c4c509357859ea2ca2cbb6d8812898a73e4ef1ef9934c2e591d7e32face734d1?s=96&d=mm&r=g\",\"url\":\"https:\\\/\\\/secure.gravatar.com\\\/avatar\\\/c4c509357859ea2ca2cbb6d8812898a73e4ef1ef9934c2e591d7e32face734d1?s=96&d=mm&r=g\",\"contentUrl\":\"https:\\\/\\\/secure.gravatar.com\\\/avatar\\\/c4c509357859ea2ca2cbb6d8812898a73e4ef1ef9934c2e591d7e32face734d1?s=96&d=mm&r=g\",\"caption\":\"Redaction\"},\"url\":\"https:\\\/\\\/lepatriotebenin.com\"}]}<\/script>\n<!-- \/ Yoast SEO plugin. -->","yoast_head_json":{"title":"Nigeria: les 130 enfants enlev\u00e9s dans une \u00e9cole catholique ont \u00e9t\u00e9 lib\u00e9r\u00e9s - Le Patriote","robots":{"index":"index","follow":"follow","max-snippet":"max-snippet:-1","max-image-preview":"max-image-preview:large","max-video-preview":"max-video-preview:-1"},"canonical":"https:\/\/lepatriotebenin.com\/index.php\/2025\/12\/24\/16171\/","og_locale":"fr_FR","og_type":"article","og_title":"Nigeria: les 130 enfants enlev\u00e9s dans une \u00e9cole catholique ont \u00e9t\u00e9 lib\u00e9r\u00e9s - Le Patriote","og_description":"Enlev\u00e9s en novembre dernier dans une \u00e9cole catholique du centre-nord du Nigeria, les derniers \u00e9l\u00e8ves encore en captivit\u00e9 ont \u00e9t\u00e9 remis aux autorit\u00e9s. Cette lib\u00e9ration met fin \u00e0 l\u2019un des&hellip;","og_url":"https:\/\/lepatriotebenin.com\/index.php\/2025\/12\/24\/16171\/","og_site_name":"Le Patriote","article_published_time":"2025-12-24T01:07:30+00:00","article_modified_time":"2025-12-24T01:08:32+00:00","og_image":[{"width":664,"height":443,"url":"https:\/\/lepatriotebenin.com\/wp-content\/uploads\/2025\/12\/nigeriaddd.jpeg","type":"image\/jpeg"}],"author":"Redaction","twitter_card":"summary_large_image","twitter_misc":{"\u00c9crit par":"Redaction","Dur\u00e9e de lecture estim\u00e9e":"3 minutes"},"schema":{"@context":"https:\/\/schema.org","@graph":[{"@type":"Article","@id":"https:\/\/lepatriotebenin.com\/index.php\/2025\/12\/24\/16171\/#article","isPartOf":{"@id":"https:\/\/lepatriotebenin.com\/index.php\/2025\/12\/24\/16171\/"},"author":{"name":"Redaction","@id":"https:\/\/lepatriotebenin.com\/#\/schema\/person\/2e7709b9c9cc313e452d1136af61690f"},"headline":"Nigeria: les 130 enfants enlev\u00e9s dans une \u00e9cole catholique ont \u00e9t\u00e9 lib\u00e9r\u00e9s","datePublished":"2025-12-24T01:07:30+00:00","dateModified":"2025-12-24T01:08:32+00:00","mainEntityOfPage":{"@id":"https:\/\/lepatriotebenin.com\/index.php\/2025\/12\/24\/16171\/"},"wordCount":447,"commentCount":0,"image":{"@id":"https:\/\/lepatriotebenin.com\/index.php\/2025\/12\/24\/16171\/#primaryimage"},"thumbnailUrl":"https:\/\/lepatriotebenin.com\/wp-content\/uploads\/2025\/12\/nigeriaddd.jpeg","articleSection":["Soci\u00e9t\u00e9"],"inLanguage":"fr-FR","potentialAction":[{"@type":"CommentAction","name":"Comment","target":["https:\/\/lepatriotebenin.com\/index.php\/2025\/12\/24\/16171\/#respond"]}]},{"@type":"WebPage","@id":"https:\/\/lepatriotebenin.com\/index.php\/2025\/12\/24\/16171\/","url":"https:\/\/lepatriotebenin.com\/index.php\/2025\/12\/24\/16171\/","name":"Nigeria: les 130 enfants enlev\u00e9s dans une \u00e9cole catholique ont \u00e9t\u00e9 lib\u00e9r\u00e9s - Le Patriote","isPartOf":{"@id":"https:\/\/lepatriotebenin.com\/#website"},"primaryImageOfPage":{"@id":"https:\/\/lepatriotebenin.com\/index.php\/2025\/12\/24\/16171\/#primaryimage"},"image":{"@id":"https:\/\/lepatriotebenin.com\/index.php\/2025\/12\/24\/16171\/#primaryimage"},"thumbnailUrl":"https:\/\/lepatriotebenin.com\/wp-content\/uploads\/2025\/12\/nigeriaddd.jpeg","datePublished":"2025-12-24T01:07:30+00:00","dateModified":"2025-12-24T01:08:32+00:00","author":{"@id":"https:\/\/lepatriotebenin.com\/#\/schema\/person\/2e7709b9c9cc313e452d1136af61690f"},"breadcrumb":{"@id":"https:\/\/lepatriotebenin.com\/index.php\/2025\/12\/24\/16171\/#breadcrumb"},"inLanguage":"fr-FR","potentialAction":[{"@type":"ReadAction","target":["https:\/\/lepatriotebenin.com\/index.php\/2025\/12\/24\/16171\/"]}]},{"@type":"ImageObject","inLanguage":"fr-FR","@id":"https:\/\/lepatriotebenin.com\/index.php\/2025\/12\/24\/16171\/#primaryimage","url":"https:\/\/lepatriotebenin.com\/wp-content\/uploads\/2025\/12\/nigeriaddd.jpeg","contentUrl":"https:\/\/lepatriotebenin.com\/wp-content\/uploads\/2025\/12\/nigeriaddd.jpeg","width":664,"height":443},{"@type":"BreadcrumbList","@id":"https:\/\/lepatriotebenin.com\/index.php\/2025\/12\/24\/16171\/#breadcrumb","itemListElement":[{"@type":"ListItem","position":1,"name":"Accueil","item":"https:\/\/lepatriotebenin.com\/"},{"@type":"ListItem","position":2,"name":"Nigeria: les 130 enfants enlev\u00e9s dans une \u00e9cole catholique ont \u00e9t\u00e9 lib\u00e9r\u00e9s"}]},{"@type":"WebSite","@id":"https:\/\/lepatriotebenin.com\/#website","url":"https:\/\/lepatriotebenin.com\/","name":"Le Patriote","description":"Le Patriote B\u00e9nin","potentialAction":[{"@type":"SearchAction","target":{"@type":"EntryPoint","urlTemplate":"https:\/\/lepatriotebenin.com\/?s={search_term_string}"},"query-input":{"@type":"PropertyValueSpecification","valueRequired":true,"valueName":"search_term_string"}}],"inLanguage":"fr-FR"},{"@type":"Person","@id":"https:\/\/lepatriotebenin.com\/#\/schema\/person\/2e7709b9c9cc313e452d1136af61690f","name":"Redaction","image":{"@type":"ImageObject","inLanguage":"fr-FR","@id":"https:\/\/secure.gravatar.com\/avatar\/c4c509357859ea2ca2cbb6d8812898a73e4ef1ef9934c2e591d7e32face734d1?s=96&d=mm&r=g","url":"https:\/\/secure.gravatar.com\/avatar\/c4c509357859ea2ca2cbb6d8812898a73e4ef1ef9934c2e591d7e32face734d1?s=96&d=mm&r=g","contentUrl":"https:\/\/secure.gravatar.com\/avatar\/c4c509357859ea2ca2cbb6d8812898a73e4ef1ef9934c2e591d7e32face734d1?s=96&d=mm&r=g","caption":"Redaction"},"url":"https:\/\/lepatriotebenin.com"}]}},"_links":{"self":[{"href":"https:\/\/lepatriotebenin.com\/index.php\/wp-json\/wp\/v2\/posts\/16171","targetHints":{"allow":["GET"]}}],"collection":[{"href":"https:\/\/lepatriotebenin.com\/index.php\/wp-json\/wp\/v2\/posts"}],"about":[{"href":"https:\/\/lepatriotebenin.com\/index.php\/wp-json\/wp\/v2\/types\/post"}],"author":[{"embeddable":true,"href":"https:\/\/lepatriotebenin.com\/index.php\/wp-json\/wp\/v2\/users\/5"}],"replies":[{"embeddable":true,"href":"https:\/\/lepatriotebenin.com\/index.php\/wp-json\/wp\/v2\/comments?post=16171"}],"version-history":[{"count":2,"href":"https:\/\/lepatriotebenin.com\/index.php\/wp-json\/wp\/v2\/posts\/16171\/revisions"}],"predecessor-version":[{"id":16174,"href":"https:\/\/lepatriotebenin.com\/index.php\/wp-json\/wp\/v2\/posts\/16171\/revisions\/16174"}],"wp:featuredmedia":[{"embeddable":true,"href":"https:\/\/lepatriotebenin.com\/index.php\/wp-json\/wp\/v2\/media\/16172"}],"wp:attachment":[{"href":"https:\/\/lepatriotebenin.com\/index.php\/wp-json\/wp\/v2\/media?parent=16171"}],"wp:term":[{"taxonomy":"category","embeddable":true,"href":"https:\/\/lepatriotebenin.com\/index.php\/wp-json\/wp\/v2\/categories?post=16171"},{"taxonomy":"post_tag","embeddable":true,"href":"https:\/\/lepatriotebenin.com\/index.php\/wp-json\/wp\/v2\/tags?post=16171"}],"curies":[{"name":"wp","href":"https:\/\/api.w.org\/{rel}","templated":true}]}}