{"id":16151,"date":"2025-12-23T11:42:33","date_gmt":"2025-12-23T10:42:33","guid":{"rendered":"https:\/\/lepatriotebenin.com\/?p=16151"},"modified":"2025-12-23T13:16:37","modified_gmt":"2025-12-23T12:16:37","slug":"patrice-talon-sur-letat-de-nation-aucune-oeuvre-humaine-nest-imparfaite-nous-corrigerons-et-ajusterons-notre-modele-au-fil-du-temps","status":"publish","type":"post","link":"https:\/\/lepatriotebenin.com\/index.php\/2025\/12\/23\/patrice-talon-sur-letat-de-nation-aucune-oeuvre-humaine-nest-imparfaite-nous-corrigerons-et-ajusterons-notre-modele-au-fil-du-temps\/","title":{"rendered":"Patrice Talon sur l&rsquo;\u00e9tat de Nation: \u00abAucune \u0153uvre humaine n&rsquo;est parfaite. Nous corrigerons et ajusterons notre mod\u00e8le au fil du temps&#8230;\u00bb"},"content":{"rendered":"<p>&nbsp;<\/p>\n<p><em><strong>Conform\u00e9ment \u00e0 l\u2019article 72 de la Constitution, le\u00a0 Pr\u00e9sident de la R\u00e9publique Patrice Talon\u00a0 a fait, ce \u00a0mardi 23 d\u00e9cembre 2025\u00a0 au Palais des Gouverneurs de Porto- Novo,\u00a0 son message sur l\u2019\u00e9tat de la Nation. Le chef de l\u2019Etat a rendu un hommage appuy\u00e9\u00a0 aux forces de\u00a0 d\u00e9fense et de S\u00e9curit\u00e9\u00a0; saluant leur loyaut\u00e9\u00a0 et leur bravoure face \u00e0 la tentative de \u00a0d\u00e9stabilisation \u00a0survenue le dimanche 7 d\u00e9cembre\u00a0 2025. Il n\u2019a pas manqu\u00e9 de d\u00e9clarer\u00a0: \u00abAucune \u0153uvre humaine n&rsquo;est imparfaite. Nous corrigerons et ajusterons notre mod\u00e8le au fil du temps&#8230;\u00bb Lire\u00a0 l\u2019int\u00e9gralit\u00e9\u00a0 de son discours<\/strong><\/em><\/p>\n<p><strong>Monsieur le Pr\u00e9sident de l&rsquo;Assembl\u00e9e Nationale,<\/strong><\/p>\n<p><strong>Mesdames et Messieurs les membres du Bureau de l&rsquo;Assembl\u00e9e Nationale, Pr\u00e9sidents de commissions et Pr\u00e9sidents de groupes parlementaires,<\/strong><\/p>\n<p><strong>Mesdames et Messieurs les d\u00e9put\u00e9s,<\/strong><\/p>\n<p>Pour une dixi\u00e8me et derni\u00e8re fois, j&rsquo;ai l&rsquo;honneur de vous pr\u00e9senter en votre qualit\u00e9 de repr\u00e9sentant l\u00e9gitime du peuple b\u00e9ninois et d\u00e9l\u00e9gataire de sa souverainet\u00e9 en mati\u00e8re l\u00e9gislative, mon appr\u00e9ciation de l&rsquo;\u00e9tat de notre nation. 65 ans apr\u00e8s notre accession \u00e0 la souverainet\u00e9 internationale, la nation b\u00e9ninoise, issue du regroupement des royaumes qui constituait jadis notre actuel territoire, s&rsquo;est solidement constitu\u00e9e et son unit\u00e9 s&rsquo;est renforc\u00e9e.<\/p>\n<p>La communaut\u00e9 nationale vit en bonne harmonie et aucune tension ethnique, religieuse ou sociale ne s&rsquo;observe au point de constituer un risque pour la paix et la coh\u00e9sion interne. L&rsquo;int\u00e9grit\u00e9 du territoire national est pr\u00e9serv\u00e9e en d\u00e9pit des agressions s\u00e9curitaires ext\u00e9rieures qui \u00e9prouvent nos forces de d\u00e9fense et de s\u00e9curit\u00e9 dans certaines localit\u00e9s frontali\u00e8res. Mesdames et Messieurs les d\u00e9put\u00e9s, je confirme ainsi que les fondamentaux constitutifs de la nation dont nous avons h\u00e9rit\u00e9 sont bien pr\u00e9serv\u00e9s, voire renforc\u00e9s. Pour le reste, qui rel\u00e8ve de notre mission de construction au quotidien, en vue de l&rsquo;am\u00e9lioration constante des conditions de vie de nos concitoyens, l&rsquo;\u00e9tat des lieux est aujourd&rsquo;hui rassurant et prometteur, m\u00eame si l&rsquo;h\u00e9ritage n&rsquo;\u00e9tait point confortable \u00e0 l&rsquo;entame de la d\u00e9cennie qui s&rsquo;ach\u00e8ve.<\/p>\n<p>Mon souhait ce matin n&rsquo;est pas de dresser, sur les dix derni\u00e8res ann\u00e9es qui s&rsquo;ach\u00e8vent, le bilan de notre action commune dans les diff\u00e9rents domaines qui conditionnent notre d\u00e9veloppement \u00e9conomique et notre bien-\u00eatre. Ce qui est important d\u00e9sormais pour nous, 205 ans apr\u00e8s la prise en main de notre propre destin commun, c&rsquo;est, \u00e0 mon sens, la r\u00e9ponse aux questions qui nous seront pos\u00e9es apr\u00e8s. Le B\u00e9nin a-t-il enfin trouv\u00e9 la voie pour son d\u00e9veloppement ? A-t-il emprim\u00e9 son progr\u00e8s, de sorte \u00e0 devenir lui aussi un pays d\u00e9velopp\u00e9, susceptible de se passer du lait du d\u00e9veloppement apport\u00e9 par d&rsquo;autres, et parfois avec m\u00e9pris ? Est-il un pays o\u00f9 l&rsquo;\u00e9ducation nationale, la formation technique et professionnelle, la route, l&rsquo;eau, l&rsquo;\u00e9lectricit\u00e9, l&#8217;emploi, la sant\u00e9, le cadre de vie durable, saine et beau, la s\u00e9curit\u00e9 et la paix progressent chaque jour ? Est-il un pays qui ne fait plus honte \u00e0 ses enfants, mais leur apporte plut\u00f4t fiert\u00e9 et espoir ? Un pays que d&rsquo;autres admirent et envient ? Autrement dit, le B\u00e9nin est-il aujourd&rsquo;hui un pays o\u00f9 tout s&rsquo;am\u00e9liore jour apr\u00e8s jour, o\u00f9 l&rsquo;espoir est d\u00e9sormais permis, de sorte que ce qui n&rsquo;est pas encore acquis ne paraisse plus inaccessible ? Honorable d\u00e9put\u00e9, repr\u00e9sentant du peuple b\u00e9ninois tout entier, la r\u00e9ponse \u00e0 cette question fondamentale est oui.<\/p>\n<p>En effet, depuis bient\u00f4t dix ans, le B\u00e9nin a entam\u00e9 sa mutation et les signes de notre progr\u00e8s sont visibles par tous. Le miracle, c&rsquo;est notre nouvel \u00e9tat d&rsquo;esprit. Il nous fait op\u00e9rer les changements les plus inesp\u00e9r\u00e9s. Il nous fait progresser et chacun accepte d\u00e9sormais de consentir les sacrifices et les efforts n\u00e9cessaires. Il nous rend admirables et suscite la jalousie de certains. Ce nouvel \u00e9tat d&rsquo;esprit est le r\u00e9sultat du courage dont a fait preuve l&rsquo;ensemble des responsables politiques en charge de notre commun destin depuis bient\u00f4t dix ans. Par ce courage, des r\u00e9formes pertinentes jadis inesp\u00e9r\u00e9es ont \u00e9t\u00e9 op\u00e9r\u00e9es dans tous les domaines et ont \u00e9t\u00e9 peu \u00e0 peu appropri\u00e9es par chacun pour devenir le fer de lance de nos prouesses.<\/p>\n<p>Dans le domaine politique en particulier, nous pensions, \u00e0 la sortie de la Conf\u00e9rence nationale, que la proclamation de l&rsquo;\u00e9tat de droit, de la d\u00e9mocratie et de l&rsquo;\u00e9conomie lib\u00e9rale suffirait pour faire de chaque acteur politique un responsable vertueux et un dirigeant comp\u00e9tent de bonne foi. Nous pensions que les acquis de la Conf\u00e9rence nationale suffiraient pour induire la bonne gouvernance et produire le d\u00e9veloppement, quelle que soit l&rsquo;organisation et les r\u00e8gles, de la comp\u00e9tition politique. H\u00e9las non. Bien que chacun ait constat\u00e9 cette terrible r\u00e9alit\u00e9 et souhait\u00e9 haut et fort la revue du syst\u00e8me politique partisan, la d\u00e9finition et la mise en \u0153uvre d&rsquo;une r\u00e9forme politique s\u00e9rieuse n&rsquo;ont pas \u00e9t\u00e9 ais\u00e9es et continuent de nous \u00e9prouver. Aujourd&rsquo;hui encore, il persiste en notre sein une certaine divergence sur les profondeurs qu&rsquo;il reste \u00e0 atteindre en cette mati\u00e8re pour mettre le B\u00e9nin d\u00e9finitivement \u00e0 l&rsquo;abri.<\/p>\n<p>De notre travers, nous les acteurs politiques. Honorables d\u00e9put\u00e9s, ma conviction est que un effort qui s&rsquo;av\u00e8re n\u00e9cessaire mais qui est \u00e0 moiti\u00e9 consenti est vain. C&rsquo;est pour cela que nous avons raison d&rsquo;aller au bout de la r\u00e9forme de notre mod\u00e8le politique pour l&rsquo;adapter \u00e0 nos r\u00e9alit\u00e9s en vue d&rsquo;asseoir durablement notre d\u00e9veloppement engag\u00e9.<\/p>\n<p>Vous prenant \u00e0 t\u00e9moin, honorables d\u00e9put\u00e9s, j&rsquo;ai la conviction que les diff\u00e9rentes r\u00e9formes que nous avons op\u00e9r\u00e9es depuis, qu&rsquo;il s&rsquo;agisse de celles intervenues en 2018, 2019, 2024, jusqu&rsquo;\u00e0 la toute derni\u00e8re, datant d&rsquo;un mois \u00e0 peine, nous permettrons v\u00e9ritablement et d\u00e9finitivement de mettre la d\u00e9mocratie au service du d\u00e9veloppement de nos concitoyens et non au service exclusif des acteurs politiques. Ainsi, diriger la nation b\u00e9ninoise ne doit plus \u00eatre per\u00e7u comme un droit mais plut\u00f4t comme un devoir qui requiert de la disponibilit\u00e9, de la vision, de la comp\u00e9tence et de l&rsquo;abn\u00e9gation. C&rsquo;est pourquoi, de plus en plus, la d\u00e9mocratie se d\u00e9finit essentiellement chez nous au B\u00e9nin comme un facteur de d\u00e9veloppement et de promotion du bien-\u00eatre citoyen. Elle n&rsquo;est plus un pr\u00e9texte de pagaille, de corruption et d&rsquo;impunit\u00e9. Au B\u00e9nin !<\/p>\n<p>Au B\u00e9nin, d\u00e9sormais, il ne suffit plus d&rsquo;\u00eatre un harangueur de foule, un vendeur d&rsquo;illusions, pour clamer acteur politique, pour s&#8217;emparer de notre destin commun, sans autre projet que celui d&rsquo;enjouer tout seul avec ses partisans. Pour nous diriger au B\u00e9nin, nous prot\u00e9ger, assurer notre d\u00e9veloppement et notre bien-\u00eatre il faut en \u00eatre capable et le m\u00e9riter politiquement. Un acteur politique ne conf\u00e8re plus aucun droit, il n&rsquo;astreint qu&rsquo;\u00e0 des devoirs et \u00e0 l&rsquo;humilit\u00e9, voire \u00e0 l&rsquo;effacement et m\u00eame au sacrifice de soi.<\/p>\n<p>Monsieur le Pr\u00e9sident, Mesdames et Messieurs les d\u00e9put\u00e9s, si tel est l&rsquo;\u00e9tat des lieux en ce qui concerne notre mod\u00e8le de d\u00e9mocratie d\u00e9sormais au B\u00e9nin, pourquoi devrions-nous en ronger parce qu&rsquo;il n&rsquo;est pas la copie conforme de ce qui se fait ailleurs ? Pourquoi ? Mais est-ce que le B\u00e9nin est la copie conforme de notre pays dans le monde ? Mais non ! Nous sommes d\u00e9sormais une grande nation qui se construit jour apr\u00e8s jour et notre mod\u00e8le sociopolitique est en pleine mutation pour assoir et renforcer notre dynamique de d\u00e9veloppement. Mais une telle transformation ne peut s&rsquo;op\u00e9rer sans difficult\u00e9s, nous l&rsquo;observons. Les incompr\u00e9hensions, les r\u00e9sistances et m\u00eame les heurts qui nous \u00e9prouvent sont inh\u00e9rents \u00e0 toute transformation soci\u00e9tale significative. Et sont la preuve que nous sommes sur le bon chemin. Aucune \u0153uvre humaine n&rsquo;est imparfaite, nous corrigerons et ajusterons notre mod\u00e8le au fil du temps.<\/p>\n<p>A cet effet, chaque g\u00e9n\u00e9ration devra apporter \u00e0 la nation \u00e9ternelle sa part d&rsquo;innovation et de g\u00e9nie constructif ainsi que son courage pour emp\u00eacher co\u00fbte que co\u00fbte la logique \u00e0 r\u00e9trograder et les marginaux d&rsquo;arr\u00eater le progr\u00e8s. C&rsquo;est en cela que je voudrais, M. le Pr\u00e9sident, Messieurs les d\u00e9put\u00e9s, saluer et rendre hommage \u00e0 l&rsquo;ensemble des forces de d\u00e9fense et de s\u00e9curit\u00e9 de notre pays pour leur bravoure, leur loyaut\u00e9 \u00e0 la R\u00e9publique face \u00e0 l&rsquo;attaque perp\u00e9tu\u00e9e le dimanche 7 d\u00e9cembre 2025 par des marginaux insens\u00e9s manipul\u00e9s par quelques compatriotes en qu\u00eate de privil\u00e8ges perdus ainsi que certaines autorit\u00e9s politiques et militaires \u00e9trang\u00e8res.<\/p>\n<p>Je salue la m\u00e9moire de ceux qui y ont perdu la vie et adresse \u00e0 leurs familles proches au nom du peuple b\u00e9ninois tout entier nos sinc\u00e8res condol\u00e9ances. Aussi, en mon nom personnel et au nom de la nation tout enti\u00e8re exprimer notre fiert\u00e9 et notre reconnaissance \u00e0 l&rsquo;\u00e9gard de tous les corps d&rsquo;arm\u00e9e, toutes les garnisons du territoire, tout le commandement militaire, la police r\u00e9publicaine et son commandement qui tous, sans aucune d\u00e9fection se sont mobilis\u00e9s spontan\u00e9ment et imm\u00e9diatement pour d\u00e9fendre la patrie refusant de pr\u00eater main-forte aux assaillants et \u00e0 la disposition de l&rsquo;Etat. De m\u00eame j&rsquo;exprime \u00e0 l&rsquo;\u00e9gard de tous les dirigeants de toutes les institutions de la R\u00e9publique notre fiert\u00e9 et notre reconnaissance pour leur attachement \u00e0 l&rsquo;ordre constitutionnel tel qu&rsquo;ils l&rsquo;ont exprim\u00e9 dans les minutes qui ont suivi l&rsquo;attaque.<\/p>\n<p>\u00c0 l&rsquo;endroit du peuple b\u00e9ninois dans sa grande majorit\u00e9 j&rsquo;exprime notre fiert\u00e9 pour son refus de soutien \u00e0 la fortitude et son attachement \u00e0 la d\u00e9mocratie et \u00e0 l&rsquo;ordre constitutionnel. Monsieur le Pr\u00e9sident Mesdames et Messieurs les d\u00e9put\u00e9s tout cela n&rsquo;est-il pas l&rsquo;illustration d&rsquo;un \u00e9tat d&rsquo;esprit nouveau caract\u00e9ristique d&rsquo;un B\u00e9nin qui grandit ? Les grandes nations ce ne sont pas seulement celles qui ne sont jamais \u00e9prouv\u00e9es ce sont \u00e9galement celles qui sont capables de faire face aux \u00e9preuves avec efficacit\u00e9. En cela notre pays le B\u00e9nin a donc franchi un palier d\u00e9cisif dans son parcours sa construction ses valeurs et son d\u00e9veloppement.<\/p>\n<p>Quant \u00e0 ceux d&rsquo;entre nous qui restent d\u00e9sesp\u00e9r\u00e9ment accroch\u00e9s ou qui \u00e9voluent ou qui peinent \u00e0 s&rsquo;arrimer \u00e0 la dynamique en cours je prie le ciel de leur accorder la clairvoyance l&rsquo;altruisme et l&rsquo;humilit\u00e9 n\u00e9cessaire \u00e0 leur ralliement afin que leur frustration justifi\u00e9e ou non cesse de nous diviser car notre B\u00e9nin commun restera \u00e9ternellement sans divergence ou insatisfaction d\u00e8s temps pr\u00e9sent ne doit en aucun cas compromettre l&rsquo;int\u00e9grit\u00e9 de la nation et son avenir. Les \u00e9lus mal-aim\u00e9s d&rsquo;aujourd&rsquo;hui passeront et ceux de demain ne manqueront pas de corriger les erreurs commises et de rem\u00e9dier aux insuffisances. Que chaque citoyen b\u00e9ninois touche de ses doigts les trous de l&rsquo;argent \u00e0 trouver afin que la bande de richesse pour nos enfants et petits-enfants c&rsquo;est bien le symbole de ces lieux Monsieur le Pr\u00e9sident.<\/p>\n<p>Mesdames et Messieurs les d\u00e9put\u00e9s pour ce qui restera en ce qui concerne ma derni\u00e8re apparition ici \u00e0 cette tribune permettez-moi de vous exprimer \u00e0 vos parlementaires de la neuvi\u00e8me l\u00e9gislature \u00e0 vos pr\u00e9d\u00e9cesseurs des huiti\u00e8mes et septi\u00e8mes l\u00e9gislatures ma profonde gratitude pour votre disponibilit\u00e9 permanente votre amabilit\u00e9 votre bienveillance votre collaboration r\u00e9publicaine correctrice et combien efficace qui m&rsquo;ont permis d&rsquo;accomplir durant ces deux mandats selon mes comp\u00e9tences \u00e0 charge \u00e0 l&rsquo;omission que m&rsquo;a charg\u00e9 le peuple b\u00e9ninois dont m&rsquo;a charg\u00e9 le peuple b\u00e9ninois depuis donc bient\u00f4t dix ans vous prenez encore une fois t\u00e9moin je voudrais exprimer \u00e0 toutes les b\u00e9ninoises et \u00e0 tous les b\u00e9ninois de l&rsquo;int\u00e9rieur et de l&rsquo;ext\u00e9rieur de tous les \u00e2ges et de toutes conditions ma reconnaissance infinie pour l&rsquo;honneur et la confiance qu&rsquo;ils m&rsquo;ont fait en me confiant durant deux mandats successifs le destin la direction de notre beau et grand pays je veux leur dire que j&rsquo;ai pris et gard\u00e9 tout le long des deux mandats la mesure de leur attente que j&rsquo;ai donn\u00e9 le meilleur de moi jour et nuit avec bonne foi et abn\u00e9gation pour \u00eatre \u00e0 la hauteur de leur confiance je veux leur dire aussi que j&rsquo;ai le regret de ne pas avoir tout r\u00e9ussi mais je veux et avant surtout davantage leur dire alors que la fin de ma mission est proche que j&rsquo;ai la certitude qu&rsquo;ensemble nous avons accompli de grandes choses dont certaines nous paraissaient m\u00eame impossibles je veux enfin leur dire que surtout notre \u00e9tat d&rsquo;esprit a consid\u00e9rablement chang\u00e9 que d\u00e9sormais plus rien ne nous est impossible que le B\u00e9nin a v\u00e9ritablement et d\u00e9finitivement trouv\u00e9 son chemin pour se d\u00e9velopper enfin et offrir peu \u00e0 peu \u00e0 chacun le bien-\u00eatre l\u00e9gitimement attendu et qui est de plus en plus esp\u00e9r\u00e9 mais qui est d\u00e9sormais \u00e0 notre port\u00e9e le d\u00e9veloppement le bien-\u00eatre attendu depuis tant de temps d&rsquo;o\u00f9 Monsieur le Pr\u00e9sident Madame et Messieurs les d\u00e9put\u00e9s ce bien-\u00eatre il est d\u00e9sormais \u00e0 notre port\u00e9e et nous cheminons chaque jour ensemble pour le conqu\u00e9rir<\/p>\n<p><strong>Monsieur le Pr\u00e9sident de l&rsquo;Assembl\u00e9e Nationale<\/strong><\/p>\n<p>Mesdames et Messieurs les d\u00e9put\u00e9s, \u00a0bient\u00f4t de nouveaux conseils communaux prendront le relais dans nos communes, une nouvelle l\u00e9gislature succ\u00e9dera \u00e0 la pr\u00e9sente ici \u00e0 Porto-Novo, un nouveau Pr\u00e9sident de la R\u00e9publique prendra le r\u00e8gne du B\u00e9nin. Tous ces changements qui s&rsquo;annoncent mat\u00e9rialisent la dynamique de la vie et sont le symbole du renouvellement in\u00e9luctable gage d&rsquo;esp\u00e9rance et de progr\u00e8s les \u00e9lections g\u00e9n\u00e9rales qui \u00e0 cet effet se pr\u00e9parent seront paisibles et sereines parce que chacun quelle que soit son appr\u00e9ciation et son appartenance aura compris que le seul v\u00e9ritable enjeu c&rsquo;est le B\u00e9nin.<\/p>\n<p>Mesdames et Messieurs les d\u00e9put\u00e9s, repr\u00e9sentants de la nation tout enti\u00e8re par vous \u00e0 travers vous, vous prendre encore t\u00e9moin. Je voudrais dire \u00e0 tous aux B\u00e9ninois et B\u00e9ninoises de l&rsquo;int\u00e9rieur de l&rsquo;ext\u00e9rieur que nous n&rsquo;avons aucune raison de craindre l&rsquo;avenir. Je veux leur dire que nous avons trouv\u00e9 notre chemin. Je veux le r\u00e9p\u00e9ter. Je veux leur demander de faire confiance au B\u00e9nin, de faire confiance aux g\u00e9n\u00e9rations successives d\u00e9sormais actives pour notre bien commun, pour notre d\u00e9veloppement. Je veux leur dire \u00abn&rsquo;ayons aucune crainte, l&rsquo;\u00e2me du B\u00e9nin veillera et le meilleur est \u00e0 venir\u00bb. Tels sont ma pri\u00e8re et mes v\u0153ux pour l&rsquo;ann\u00e9e 2026 qui s&rsquo;annonce pleine d&rsquo;all\u00e9gresse et de r\u00e9ussite pour le B\u00e9nin. Puisse-t-elle elle apporter \u00e0 chacun et \u00e0 chacune la bonne sant\u00e9, la prosp\u00e9rit\u00e9, la patience, le patriotisme, l&rsquo;amour de soi et de l&rsquo;autre ainsi que la joie de vivre.<\/p>\n<p>Mesdames et Messieurs, vous aurez compris que l&rsquo;\u00e9motion m&rsquo;a \u00e9trait. Il est difficile de se quitter quand on s&rsquo;aime mais la grandeur, le devoir, l&rsquo;amour qui est qu&rsquo;il faut savoir se quitter, savoir se dire au revoir pour laisser la place \u00e0 d&rsquo;autres. Je voudrais vous souhaiter \u00e0 tout le monde, bient\u00f4t ceux qui viendront ici ou celui qui viendra ici \u00e0 ma place vous entretenir sur l&rsquo;\u00e9tat de la nation dans le sentiment que les choses s&rsquo;am\u00e9liorent, que le B\u00e9nin continue son chemin et que meilleur va se go\u00fbter de plus en plus par les uns les autres. Je voudrais dans les rues de Cotonou ou chez moi ou dans un caf\u00e9 ou dans un bar ou chez les amis en regardant le prochain faire son discours sur l&rsquo;\u00e9tat de la nation, je voudrais constater que dans tel ou tel domaine les choses ont avanc\u00e9, sont all\u00e9es encore beaucoup plus loin que ce que nous avons fait ensemble. Je voudrais que l&rsquo;\u00e2me du B\u00e9nin y veille et j&rsquo;ai confiance et je vous invite \u00e0 avoir autant confiance en notre destin commun en notre capacit\u00e9 de d\u00e9veloppement d&rsquo;abn\u00e9gation, d&rsquo;effort\u00a0 et je prie le ciel pour nous exaucer.<\/p>\n<p>Merci<\/p>\n","protected":false},"excerpt":{"rendered":"<p>&nbsp; Conform\u00e9ment \u00e0 l\u2019article 72 de la Constitution, le\u00a0 Pr\u00e9sident de la R\u00e9publique Patrice Talon\u00a0 a fait, ce \u00a0mardi 23 d\u00e9cembre 2025\u00a0 au Palais des Gouverneurs de Porto- Novo,\u00a0 son&hellip;<\/p>\n","protected":false},"author":5,"featured_media":16152,"comment_status":"open","ping_status":"open","sticky":false,"template":"","format":"standard","meta":{"content-type":"","om_disable_all_campaigns":false,"_monsterinsights_skip_tracking":false,"_monsterinsights_sitenote_active":false,"_monsterinsights_sitenote_note":"","_monsterinsights_sitenote_category":0,"_uf_show_specific_survey":0,"_uf_disable_surveys":false,"footnotes":""},"categories":[26],"tags":[],"class_list":["post-16151","post","type-post","status-publish","format-standard","has-post-thumbnail","hentry","category-politique"],"aioseo_notices":[],"yoast_head":"<!-- This site is optimized with the Yoast SEO plugin v27.5 - https:\/\/yoast.com\/product\/yoast-seo-wordpress\/ -->\n<title>Patrice Talon sur l&#039;\u00e9tat de Nation: \u00abAucune \u0153uvre humaine n&#039;est parfaite. Nous corrigerons et ajusterons notre mod\u00e8le au fil du temps...\u00bb - Le Patriote<\/title>\n<meta name=\"robots\" content=\"index, follow, max-snippet:-1, max-image-preview:large, max-video-preview:-1\" \/>\n<link rel=\"canonical\" href=\"https:\/\/lepatriotebenin.com\/index.php\/2025\/12\/23\/patrice-talon-sur-letat-de-nation-aucune-oeuvre-humaine-nest-imparfaite-nous-corrigerons-et-ajusterons-notre-modele-au-fil-du-temps\/\" \/>\n<meta property=\"og:locale\" content=\"fr_FR\" \/>\n<meta property=\"og:type\" content=\"article\" \/>\n<meta property=\"og:title\" content=\"Patrice Talon sur l&#039;\u00e9tat de Nation: \u00abAucune \u0153uvre humaine n&#039;est parfaite. Nous corrigerons et ajusterons notre mod\u00e8le au fil du temps...\u00bb - Le Patriote\" \/>\n<meta property=\"og:description\" content=\"&nbsp; Conform\u00e9ment \u00e0 l\u2019article 72 de la Constitution, le\u00a0 Pr\u00e9sident de la R\u00e9publique Patrice Talon\u00a0 a fait, ce \u00a0mardi 23 d\u00e9cembre 2025\u00a0 au Palais des Gouverneurs de Porto- Novo,\u00a0 son&hellip;\" \/>\n<meta property=\"og:url\" content=\"https:\/\/lepatriotebenin.com\/index.php\/2025\/12\/23\/patrice-talon-sur-letat-de-nation-aucune-oeuvre-humaine-nest-imparfaite-nous-corrigerons-et-ajusterons-notre-modele-au-fil-du-temps\/\" \/>\n<meta property=\"og:site_name\" content=\"Le Patriote\" \/>\n<meta property=\"article:published_time\" content=\"2025-12-23T10:42:33+00:00\" \/>\n<meta property=\"article:modified_time\" content=\"2025-12-23T12:16:37+00:00\" \/>\n<meta property=\"og:image\" content=\"https:\/\/lepatriotebenin.com\/wp-content\/uploads\/2025\/12\/talon-scaled.jpeg\" \/>\n\t<meta property=\"og:image:width\" content=\"2560\" \/>\n\t<meta property=\"og:image:height\" content=\"2059\" \/>\n\t<meta property=\"og:image:type\" content=\"image\/jpeg\" \/>\n<meta name=\"author\" content=\"Redaction\" \/>\n<meta name=\"twitter:card\" content=\"summary_large_image\" \/>\n<meta name=\"twitter:label1\" content=\"\u00c9crit par\" \/>\n\t<meta name=\"twitter:data1\" content=\"Redaction\" \/>\n\t<meta name=\"twitter:label2\" content=\"Dur\u00e9e de lecture estim\u00e9e\" \/>\n\t<meta name=\"twitter:data2\" content=\"13 minutes\" \/>\n<script type=\"application\/ld+json\" class=\"yoast-schema-graph\">{\"@context\":\"https:\\\/\\\/schema.org\",\"@graph\":[{\"@type\":\"Article\",\"@id\":\"https:\\\/\\\/lepatriotebenin.com\\\/index.php\\\/2025\\\/12\\\/23\\\/patrice-talon-sur-letat-de-nation-aucune-oeuvre-humaine-nest-imparfaite-nous-corrigerons-et-ajusterons-notre-modele-au-fil-du-temps\\\/#article\",\"isPartOf\":{\"@id\":\"https:\\\/\\\/lepatriotebenin.com\\\/index.php\\\/2025\\\/12\\\/23\\\/patrice-talon-sur-letat-de-nation-aucune-oeuvre-humaine-nest-imparfaite-nous-corrigerons-et-ajusterons-notre-modele-au-fil-du-temps\\\/\"},\"author\":{\"name\":\"Redaction\",\"@id\":\"https:\\\/\\\/lepatriotebenin.com\\\/#\\\/schema\\\/person\\\/2e7709b9c9cc313e452d1136af61690f\"},\"headline\":\"Patrice Talon sur l&rsquo;\u00e9tat de Nation: \u00abAucune \u0153uvre humaine n&rsquo;est parfaite. Nous corrigerons et ajusterons notre mod\u00e8le au fil du temps&#8230;\u00bb\",\"datePublished\":\"2025-12-23T10:42:33+00:00\",\"dateModified\":\"2025-12-23T12:16:37+00:00\",\"mainEntityOfPage\":{\"@id\":\"https:\\\/\\\/lepatriotebenin.com\\\/index.php\\\/2025\\\/12\\\/23\\\/patrice-talon-sur-letat-de-nation-aucune-oeuvre-humaine-nest-imparfaite-nous-corrigerons-et-ajusterons-notre-modele-au-fil-du-temps\\\/\"},\"wordCount\":2893,\"commentCount\":0,\"image\":{\"@id\":\"https:\\\/\\\/lepatriotebenin.com\\\/index.php\\\/2025\\\/12\\\/23\\\/patrice-talon-sur-letat-de-nation-aucune-oeuvre-humaine-nest-imparfaite-nous-corrigerons-et-ajusterons-notre-modele-au-fil-du-temps\\\/#primaryimage\"},\"thumbnailUrl\":\"https:\\\/\\\/lepatriotebenin.com\\\/wp-content\\\/uploads\\\/2025\\\/12\\\/talon-scaled.jpeg\",\"articleSection\":[\"Politique\"],\"inLanguage\":\"fr-FR\",\"potentialAction\":[{\"@type\":\"CommentAction\",\"name\":\"Comment\",\"target\":[\"https:\\\/\\\/lepatriotebenin.com\\\/index.php\\\/2025\\\/12\\\/23\\\/patrice-talon-sur-letat-de-nation-aucune-oeuvre-humaine-nest-imparfaite-nous-corrigerons-et-ajusterons-notre-modele-au-fil-du-temps\\\/#respond\"]}]},{\"@type\":\"WebPage\",\"@id\":\"https:\\\/\\\/lepatriotebenin.com\\\/index.php\\\/2025\\\/12\\\/23\\\/patrice-talon-sur-letat-de-nation-aucune-oeuvre-humaine-nest-imparfaite-nous-corrigerons-et-ajusterons-notre-modele-au-fil-du-temps\\\/\",\"url\":\"https:\\\/\\\/lepatriotebenin.com\\\/index.php\\\/2025\\\/12\\\/23\\\/patrice-talon-sur-letat-de-nation-aucune-oeuvre-humaine-nest-imparfaite-nous-corrigerons-et-ajusterons-notre-modele-au-fil-du-temps\\\/\",\"name\":\"Patrice Talon sur l'\u00e9tat de Nation: \u00abAucune \u0153uvre humaine n'est parfaite. Nous corrigerons et ajusterons notre mod\u00e8le au fil du temps...\u00bb - Le Patriote\",\"isPartOf\":{\"@id\":\"https:\\\/\\\/lepatriotebenin.com\\\/#website\"},\"primaryImageOfPage\":{\"@id\":\"https:\\\/\\\/lepatriotebenin.com\\\/index.php\\\/2025\\\/12\\\/23\\\/patrice-talon-sur-letat-de-nation-aucune-oeuvre-humaine-nest-imparfaite-nous-corrigerons-et-ajusterons-notre-modele-au-fil-du-temps\\\/#primaryimage\"},\"image\":{\"@id\":\"https:\\\/\\\/lepatriotebenin.com\\\/index.php\\\/2025\\\/12\\\/23\\\/patrice-talon-sur-letat-de-nation-aucune-oeuvre-humaine-nest-imparfaite-nous-corrigerons-et-ajusterons-notre-modele-au-fil-du-temps\\\/#primaryimage\"},\"thumbnailUrl\":\"https:\\\/\\\/lepatriotebenin.com\\\/wp-content\\\/uploads\\\/2025\\\/12\\\/talon-scaled.jpeg\",\"datePublished\":\"2025-12-23T10:42:33+00:00\",\"dateModified\":\"2025-12-23T12:16:37+00:00\",\"author\":{\"@id\":\"https:\\\/\\\/lepatriotebenin.com\\\/#\\\/schema\\\/person\\\/2e7709b9c9cc313e452d1136af61690f\"},\"breadcrumb\":{\"@id\":\"https:\\\/\\\/lepatriotebenin.com\\\/index.php\\\/2025\\\/12\\\/23\\\/patrice-talon-sur-letat-de-nation-aucune-oeuvre-humaine-nest-imparfaite-nous-corrigerons-et-ajusterons-notre-modele-au-fil-du-temps\\\/#breadcrumb\"},\"inLanguage\":\"fr-FR\",\"potentialAction\":[{\"@type\":\"ReadAction\",\"target\":[\"https:\\\/\\\/lepatriotebenin.com\\\/index.php\\\/2025\\\/12\\\/23\\\/patrice-talon-sur-letat-de-nation-aucune-oeuvre-humaine-nest-imparfaite-nous-corrigerons-et-ajusterons-notre-modele-au-fil-du-temps\\\/\"]}]},{\"@type\":\"ImageObject\",\"inLanguage\":\"fr-FR\",\"@id\":\"https:\\\/\\\/lepatriotebenin.com\\\/index.php\\\/2025\\\/12\\\/23\\\/patrice-talon-sur-letat-de-nation-aucune-oeuvre-humaine-nest-imparfaite-nous-corrigerons-et-ajusterons-notre-modele-au-fil-du-temps\\\/#primaryimage\",\"url\":\"https:\\\/\\\/lepatriotebenin.com\\\/wp-content\\\/uploads\\\/2025\\\/12\\\/talon-scaled.jpeg\",\"contentUrl\":\"https:\\\/\\\/lepatriotebenin.com\\\/wp-content\\\/uploads\\\/2025\\\/12\\\/talon-scaled.jpeg\",\"width\":2560,\"height\":2059},{\"@type\":\"BreadcrumbList\",\"@id\":\"https:\\\/\\\/lepatriotebenin.com\\\/index.php\\\/2025\\\/12\\\/23\\\/patrice-talon-sur-letat-de-nation-aucune-oeuvre-humaine-nest-imparfaite-nous-corrigerons-et-ajusterons-notre-modele-au-fil-du-temps\\\/#breadcrumb\",\"itemListElement\":[{\"@type\":\"ListItem\",\"position\":1,\"name\":\"Accueil\",\"item\":\"https:\\\/\\\/lepatriotebenin.com\\\/\"},{\"@type\":\"ListItem\",\"position\":2,\"name\":\"Patrice Talon sur l&rsquo;\u00e9tat de Nation: \u00abAucune \u0153uvre humaine n&rsquo;est parfaite. Nous corrigerons et ajusterons notre mod\u00e8le au fil du temps&#8230;\u00bb\"}]},{\"@type\":\"WebSite\",\"@id\":\"https:\\\/\\\/lepatriotebenin.com\\\/#website\",\"url\":\"https:\\\/\\\/lepatriotebenin.com\\\/\",\"name\":\"Le Patriote\",\"description\":\"Le Patriote B\u00e9nin\",\"potentialAction\":[{\"@type\":\"SearchAction\",\"target\":{\"@type\":\"EntryPoint\",\"urlTemplate\":\"https:\\\/\\\/lepatriotebenin.com\\\/?s={search_term_string}\"},\"query-input\":{\"@type\":\"PropertyValueSpecification\",\"valueRequired\":true,\"valueName\":\"search_term_string\"}}],\"inLanguage\":\"fr-FR\"},{\"@type\":\"Person\",\"@id\":\"https:\\\/\\\/lepatriotebenin.com\\\/#\\\/schema\\\/person\\\/2e7709b9c9cc313e452d1136af61690f\",\"name\":\"Redaction\",\"image\":{\"@type\":\"ImageObject\",\"inLanguage\":\"fr-FR\",\"@id\":\"https:\\\/\\\/secure.gravatar.com\\\/avatar\\\/c4c509357859ea2ca2cbb6d8812898a73e4ef1ef9934c2e591d7e32face734d1?s=96&d=mm&r=g\",\"url\":\"https:\\\/\\\/secure.gravatar.com\\\/avatar\\\/c4c509357859ea2ca2cbb6d8812898a73e4ef1ef9934c2e591d7e32face734d1?s=96&d=mm&r=g\",\"contentUrl\":\"https:\\\/\\\/secure.gravatar.com\\\/avatar\\\/c4c509357859ea2ca2cbb6d8812898a73e4ef1ef9934c2e591d7e32face734d1?s=96&d=mm&r=g\",\"caption\":\"Redaction\"},\"url\":\"https:\\\/\\\/lepatriotebenin.com\"}]}<\/script>\n<!-- \/ Yoast SEO plugin. -->","yoast_head_json":{"title":"Patrice Talon sur l'\u00e9tat de Nation: \u00abAucune \u0153uvre humaine n'est parfaite. Nous corrigerons et ajusterons notre mod\u00e8le au fil du temps...\u00bb - Le Patriote","robots":{"index":"index","follow":"follow","max-snippet":"max-snippet:-1","max-image-preview":"max-image-preview:large","max-video-preview":"max-video-preview:-1"},"canonical":"https:\/\/lepatriotebenin.com\/index.php\/2025\/12\/23\/patrice-talon-sur-letat-de-nation-aucune-oeuvre-humaine-nest-imparfaite-nous-corrigerons-et-ajusterons-notre-modele-au-fil-du-temps\/","og_locale":"fr_FR","og_type":"article","og_title":"Patrice Talon sur l'\u00e9tat de Nation: \u00abAucune \u0153uvre humaine n'est parfaite. Nous corrigerons et ajusterons notre mod\u00e8le au fil du temps...\u00bb - Le Patriote","og_description":"&nbsp; Conform\u00e9ment \u00e0 l\u2019article 72 de la Constitution, le\u00a0 Pr\u00e9sident de la R\u00e9publique Patrice Talon\u00a0 a fait, ce \u00a0mardi 23 d\u00e9cembre 2025\u00a0 au Palais des Gouverneurs de Porto- Novo,\u00a0 son&hellip;","og_url":"https:\/\/lepatriotebenin.com\/index.php\/2025\/12\/23\/patrice-talon-sur-letat-de-nation-aucune-oeuvre-humaine-nest-imparfaite-nous-corrigerons-et-ajusterons-notre-modele-au-fil-du-temps\/","og_site_name":"Le Patriote","article_published_time":"2025-12-23T10:42:33+00:00","article_modified_time":"2025-12-23T12:16:37+00:00","og_image":[{"width":2560,"height":2059,"url":"https:\/\/lepatriotebenin.com\/wp-content\/uploads\/2025\/12\/talon-scaled.jpeg","type":"image\/jpeg"}],"author":"Redaction","twitter_card":"summary_large_image","twitter_misc":{"\u00c9crit par":"Redaction","Dur\u00e9e de lecture estim\u00e9e":"13 minutes"},"schema":{"@context":"https:\/\/schema.org","@graph":[{"@type":"Article","@id":"https:\/\/lepatriotebenin.com\/index.php\/2025\/12\/23\/patrice-talon-sur-letat-de-nation-aucune-oeuvre-humaine-nest-imparfaite-nous-corrigerons-et-ajusterons-notre-modele-au-fil-du-temps\/#article","isPartOf":{"@id":"https:\/\/lepatriotebenin.com\/index.php\/2025\/12\/23\/patrice-talon-sur-letat-de-nation-aucune-oeuvre-humaine-nest-imparfaite-nous-corrigerons-et-ajusterons-notre-modele-au-fil-du-temps\/"},"author":{"name":"Redaction","@id":"https:\/\/lepatriotebenin.com\/#\/schema\/person\/2e7709b9c9cc313e452d1136af61690f"},"headline":"Patrice Talon sur l&rsquo;\u00e9tat de Nation: \u00abAucune \u0153uvre humaine n&rsquo;est parfaite. Nous corrigerons et ajusterons notre mod\u00e8le au fil du temps&#8230;\u00bb","datePublished":"2025-12-23T10:42:33+00:00","dateModified":"2025-12-23T12:16:37+00:00","mainEntityOfPage":{"@id":"https:\/\/lepatriotebenin.com\/index.php\/2025\/12\/23\/patrice-talon-sur-letat-de-nation-aucune-oeuvre-humaine-nest-imparfaite-nous-corrigerons-et-ajusterons-notre-modele-au-fil-du-temps\/"},"wordCount":2893,"commentCount":0,"image":{"@id":"https:\/\/lepatriotebenin.com\/index.php\/2025\/12\/23\/patrice-talon-sur-letat-de-nation-aucune-oeuvre-humaine-nest-imparfaite-nous-corrigerons-et-ajusterons-notre-modele-au-fil-du-temps\/#primaryimage"},"thumbnailUrl":"https:\/\/lepatriotebenin.com\/wp-content\/uploads\/2025\/12\/talon-scaled.jpeg","articleSection":["Politique"],"inLanguage":"fr-FR","potentialAction":[{"@type":"CommentAction","name":"Comment","target":["https:\/\/lepatriotebenin.com\/index.php\/2025\/12\/23\/patrice-talon-sur-letat-de-nation-aucune-oeuvre-humaine-nest-imparfaite-nous-corrigerons-et-ajusterons-notre-modele-au-fil-du-temps\/#respond"]}]},{"@type":"WebPage","@id":"https:\/\/lepatriotebenin.com\/index.php\/2025\/12\/23\/patrice-talon-sur-letat-de-nation-aucune-oeuvre-humaine-nest-imparfaite-nous-corrigerons-et-ajusterons-notre-modele-au-fil-du-temps\/","url":"https:\/\/lepatriotebenin.com\/index.php\/2025\/12\/23\/patrice-talon-sur-letat-de-nation-aucune-oeuvre-humaine-nest-imparfaite-nous-corrigerons-et-ajusterons-notre-modele-au-fil-du-temps\/","name":"Patrice Talon sur l'\u00e9tat de Nation: \u00abAucune \u0153uvre humaine n'est parfaite. Nous corrigerons et ajusterons notre mod\u00e8le au fil du temps...\u00bb - Le Patriote","isPartOf":{"@id":"https:\/\/lepatriotebenin.com\/#website"},"primaryImageOfPage":{"@id":"https:\/\/lepatriotebenin.com\/index.php\/2025\/12\/23\/patrice-talon-sur-letat-de-nation-aucune-oeuvre-humaine-nest-imparfaite-nous-corrigerons-et-ajusterons-notre-modele-au-fil-du-temps\/#primaryimage"},"image":{"@id":"https:\/\/lepatriotebenin.com\/index.php\/2025\/12\/23\/patrice-talon-sur-letat-de-nation-aucune-oeuvre-humaine-nest-imparfaite-nous-corrigerons-et-ajusterons-notre-modele-au-fil-du-temps\/#primaryimage"},"thumbnailUrl":"https:\/\/lepatriotebenin.com\/wp-content\/uploads\/2025\/12\/talon-scaled.jpeg","datePublished":"2025-12-23T10:42:33+00:00","dateModified":"2025-12-23T12:16:37+00:00","author":{"@id":"https:\/\/lepatriotebenin.com\/#\/schema\/person\/2e7709b9c9cc313e452d1136af61690f"},"breadcrumb":{"@id":"https:\/\/lepatriotebenin.com\/index.php\/2025\/12\/23\/patrice-talon-sur-letat-de-nation-aucune-oeuvre-humaine-nest-imparfaite-nous-corrigerons-et-ajusterons-notre-modele-au-fil-du-temps\/#breadcrumb"},"inLanguage":"fr-FR","potentialAction":[{"@type":"ReadAction","target":["https:\/\/lepatriotebenin.com\/index.php\/2025\/12\/23\/patrice-talon-sur-letat-de-nation-aucune-oeuvre-humaine-nest-imparfaite-nous-corrigerons-et-ajusterons-notre-modele-au-fil-du-temps\/"]}]},{"@type":"ImageObject","inLanguage":"fr-FR","@id":"https:\/\/lepatriotebenin.com\/index.php\/2025\/12\/23\/patrice-talon-sur-letat-de-nation-aucune-oeuvre-humaine-nest-imparfaite-nous-corrigerons-et-ajusterons-notre-modele-au-fil-du-temps\/#primaryimage","url":"https:\/\/lepatriotebenin.com\/wp-content\/uploads\/2025\/12\/talon-scaled.jpeg","contentUrl":"https:\/\/lepatriotebenin.com\/wp-content\/uploads\/2025\/12\/talon-scaled.jpeg","width":2560,"height":2059},{"@type":"BreadcrumbList","@id":"https:\/\/lepatriotebenin.com\/index.php\/2025\/12\/23\/patrice-talon-sur-letat-de-nation-aucune-oeuvre-humaine-nest-imparfaite-nous-corrigerons-et-ajusterons-notre-modele-au-fil-du-temps\/#breadcrumb","itemListElement":[{"@type":"ListItem","position":1,"name":"Accueil","item":"https:\/\/lepatriotebenin.com\/"},{"@type":"ListItem","position":2,"name":"Patrice Talon sur l&rsquo;\u00e9tat de Nation: \u00abAucune \u0153uvre humaine n&rsquo;est parfaite. Nous corrigerons et ajusterons notre mod\u00e8le au fil du temps&#8230;\u00bb"}]},{"@type":"WebSite","@id":"https:\/\/lepatriotebenin.com\/#website","url":"https:\/\/lepatriotebenin.com\/","name":"Le Patriote","description":"Le Patriote B\u00e9nin","potentialAction":[{"@type":"SearchAction","target":{"@type":"EntryPoint","urlTemplate":"https:\/\/lepatriotebenin.com\/?s={search_term_string}"},"query-input":{"@type":"PropertyValueSpecification","valueRequired":true,"valueName":"search_term_string"}}],"inLanguage":"fr-FR"},{"@type":"Person","@id":"https:\/\/lepatriotebenin.com\/#\/schema\/person\/2e7709b9c9cc313e452d1136af61690f","name":"Redaction","image":{"@type":"ImageObject","inLanguage":"fr-FR","@id":"https:\/\/secure.gravatar.com\/avatar\/c4c509357859ea2ca2cbb6d8812898a73e4ef1ef9934c2e591d7e32face734d1?s=96&d=mm&r=g","url":"https:\/\/secure.gravatar.com\/avatar\/c4c509357859ea2ca2cbb6d8812898a73e4ef1ef9934c2e591d7e32face734d1?s=96&d=mm&r=g","contentUrl":"https:\/\/secure.gravatar.com\/avatar\/c4c509357859ea2ca2cbb6d8812898a73e4ef1ef9934c2e591d7e32face734d1?s=96&d=mm&r=g","caption":"Redaction"},"url":"https:\/\/lepatriotebenin.com"}]}},"_links":{"self":[{"href":"https:\/\/lepatriotebenin.com\/index.php\/wp-json\/wp\/v2\/posts\/16151","targetHints":{"allow":["GET"]}}],"collection":[{"href":"https:\/\/lepatriotebenin.com\/index.php\/wp-json\/wp\/v2\/posts"}],"about":[{"href":"https:\/\/lepatriotebenin.com\/index.php\/wp-json\/wp\/v2\/types\/post"}],"author":[{"embeddable":true,"href":"https:\/\/lepatriotebenin.com\/index.php\/wp-json\/wp\/v2\/users\/5"}],"replies":[{"embeddable":true,"href":"https:\/\/lepatriotebenin.com\/index.php\/wp-json\/wp\/v2\/comments?post=16151"}],"version-history":[{"count":2,"href":"https:\/\/lepatriotebenin.com\/index.php\/wp-json\/wp\/v2\/posts\/16151\/revisions"}],"predecessor-version":[{"id":16162,"href":"https:\/\/lepatriotebenin.com\/index.php\/wp-json\/wp\/v2\/posts\/16151\/revisions\/16162"}],"wp:featuredmedia":[{"embeddable":true,"href":"https:\/\/lepatriotebenin.com\/index.php\/wp-json\/wp\/v2\/media\/16152"}],"wp:attachment":[{"href":"https:\/\/lepatriotebenin.com\/index.php\/wp-json\/wp\/v2\/media?parent=16151"}],"wp:term":[{"taxonomy":"category","embeddable":true,"href":"https:\/\/lepatriotebenin.com\/index.php\/wp-json\/wp\/v2\/categories?post=16151"},{"taxonomy":"post_tag","embeddable":true,"href":"https:\/\/lepatriotebenin.com\/index.php\/wp-json\/wp\/v2\/tags?post=16151"}],"curies":[{"name":"wp","href":"https:\/\/api.w.org\/{rel}","templated":true}]}}