{"id":16148,"date":"2025-12-23T01:05:14","date_gmt":"2025-12-23T00:05:14","guid":{"rendered":"https:\/\/lepatriotebenin.com\/?p=16148"},"modified":"2025-12-23T01:05:14","modified_gmt":"2025-12-23T00:05:14","slug":"senat-beninois-gilles-badet-apporte-dimportantes-clarifications","status":"publish","type":"post","link":"https:\/\/lepatriotebenin.com\/index.php\/2025\/12\/23\/senat-beninois-gilles-badet-apporte-dimportantes-clarifications\/","title":{"rendered":"S\u00e9nat b\u00e9ninois : Gilles Badet apporte d\u2019importantes clarifications"},"content":{"rendered":"<p><em><strong>Invit\u00e9 sur Bip Radio le dimanche 21 d\u00e9cembre, le professeur de droit constitutionnel Gilles Badet a apport\u00e9 des \u00e9claircissements sur le fonctionnement du S\u00e9nat pr\u00e9vu par la Constitution b\u00e9ninoise r\u00e9vis\u00e9e. Il a notamment d\u00e9taill\u00e9 la dur\u00e9e des mandats et le cadre du droit de contr\u00f4le de cette institution.<\/strong><\/em><\/p>\n<p>Le S\u00e9nat b\u00e9ninois continue d\u2019alimenter le d\u00e9bat public. Lors d\u2019une \u00e9mission-interview sur Bip Radio, le professeur Gilles Badet a expliqu\u00e9 les r\u00e8gles qui encadrent la composition et les mandats des s\u00e9nateurs. Compos\u00e9 de deux classes que sont les membres de droit et les membres d\u00e9sign\u00e9s, le S\u00e9nat varie ses mandats de statut \u00e0 vie au mandat renouvelable.<\/p>\n<p>\u00ab Pour la premi\u00e8re mandature, on ne va pas tenir compte de l\u2019\u00e2ge \u00bb, a rappel\u00e9 le constitutionnaliste. Cette phase initiale pr\u00e9voit que l\u2019ensemble des membres de droit puisse int\u00e9grer le S\u00e9nat pour une dur\u00e9e de cinq ans, ind\u00e9pendamment de la limite d\u2019\u00e2ge habituellement fix\u00e9e \u00e0 85 ans. Selon Gilles Badet, cette disposition exceptionnelle vise \u00e0 permettre un d\u00e9marrage inclusif de l\u2019institution, avant l\u2019application stricte des r\u00e8gles constitutionnelles.<\/p>\n<p>Le professeur pr\u00e9cise qu\u2019il n\u2019est pas question de renouvellement automatique pour les membres de droit. \u00ab Vous restez jusqu\u2019\u00e0 85 ans \u00bb, explique-t-il, soulignant que la pr\u00e9sence au S\u00e9nat d\u00e9pend uniquement du statut et de l\u2019\u00e2ge. \u00c0 l\u2019issue de la premi\u00e8re mandature, ceux qui auront d\u00e9pass\u00e9 cette limite quitteront l\u2019institution, tandis que les autres poursuivront leur mission jusqu\u2019\u00e0 l\u2019atteindre.<\/p>\n<p>En revanche, \u00ab les membres qui ne sont pas des membres de droit \u00bb sont soumis \u00e0 un r\u00e9gime diff\u00e9rent. \u00ab Ils sont nomm\u00e9s pour un mandat de cinq ans renouvelable \u00bb, pr\u00e9cise Gilles Badet, insistant sur la clart\u00e9 de ce cadre juridique d\u00e8s leur entr\u00e9e en fonction.<\/p>\n<p>Au-del\u00e0 des mandats, le S\u00e9nat dispose d\u2019un droit de contr\u00f4le sur l\u2019Assembl\u00e9e nationale, con\u00e7u comme un outil de r\u00e9gulation institutionnelle. Pour le professeur, cette chambre vise avant tout \u00e0 renforcer l\u2019\u00e9quilibre des pouvoirs et la stabilit\u00e9 d\u00e9mocratique, dans l\u2019esprit de la Constitution r\u00e9vis\u00e9e.<\/p>\n<p><strong>Ez\u00e9chiel Dagb\u00e9gnon PADONOU<\/strong><\/p>\n","protected":false},"excerpt":{"rendered":"<p>Invit\u00e9 sur Bip Radio le dimanche 21 d\u00e9cembre, le professeur de droit constitutionnel Gilles Badet a apport\u00e9 des \u00e9claircissements sur le fonctionnement du S\u00e9nat pr\u00e9vu par la Constitution b\u00e9ninoise r\u00e9vis\u00e9e.&hellip;<\/p>\n","protected":false},"author":5,"featured_media":16149,"comment_status":"open","ping_status":"open","sticky":false,"template":"","format":"standard","meta":{"content-type":"","om_disable_all_campaigns":false,"_monsterinsights_skip_tracking":false,"_monsterinsights_sitenote_active":false,"_monsterinsights_sitenote_note":"","_monsterinsights_sitenote_category":0,"_uf_show_specific_survey":0,"_uf_disable_surveys":false,"footnotes":""},"categories":[26],"tags":[],"class_list":["post-16148","post","type-post","status-publish","format-standard","has-post-thumbnail","hentry","category-politique"],"aioseo_notices":[],"yoast_head":"<!-- This site is optimized with the Yoast SEO plugin v27.5 - https:\/\/yoast.com\/product\/yoast-seo-wordpress\/ -->\n<title>S\u00e9nat b\u00e9ninois : Gilles Badet apporte d\u2019importantes clarifications - Le Patriote<\/title>\n<meta name=\"robots\" content=\"index, follow, max-snippet:-1, max-image-preview:large, max-video-preview:-1\" \/>\n<link rel=\"canonical\" href=\"https:\/\/lepatriotebenin.com\/index.php\/2025\/12\/23\/senat-beninois-gilles-badet-apporte-dimportantes-clarifications\/\" \/>\n<meta property=\"og:locale\" content=\"fr_FR\" \/>\n<meta property=\"og:type\" content=\"article\" \/>\n<meta property=\"og:title\" content=\"S\u00e9nat b\u00e9ninois : Gilles Badet apporte d\u2019importantes clarifications - Le Patriote\" \/>\n<meta property=\"og:description\" content=\"Invit\u00e9 sur Bip Radio le dimanche 21 d\u00e9cembre, le professeur de droit constitutionnel Gilles Badet a apport\u00e9 des \u00e9claircissements sur le fonctionnement du S\u00e9nat pr\u00e9vu par la Constitution b\u00e9ninoise r\u00e9vis\u00e9e.&hellip;\" \/>\n<meta property=\"og:url\" content=\"https:\/\/lepatriotebenin.com\/index.php\/2025\/12\/23\/senat-beninois-gilles-badet-apporte-dimportantes-clarifications\/\" \/>\n<meta property=\"og:site_name\" content=\"Le Patriote\" \/>\n<meta property=\"article:published_time\" content=\"2025-12-23T00:05:14+00:00\" \/>\n<meta property=\"og:image\" content=\"https:\/\/lepatriotebenin.com\/wp-content\/uploads\/2025\/12\/gille-badet.jpg\" \/>\n\t<meta property=\"og:image:width\" content=\"2048\" \/>\n\t<meta property=\"og:image:height\" content=\"1365\" \/>\n\t<meta property=\"og:image:type\" content=\"image\/jpeg\" \/>\n<meta name=\"author\" content=\"Redaction\" \/>\n<meta name=\"twitter:card\" content=\"summary_large_image\" \/>\n<meta name=\"twitter:label1\" content=\"\u00c9crit par\" \/>\n\t<meta name=\"twitter:data1\" content=\"Redaction\" \/>\n\t<meta name=\"twitter:label2\" content=\"Dur\u00e9e de lecture estim\u00e9e\" \/>\n\t<meta name=\"twitter:data2\" content=\"2 minutes\" \/>\n<script type=\"application\/ld+json\" class=\"yoast-schema-graph\">{\"@context\":\"https:\\\/\\\/schema.org\",\"@graph\":[{\"@type\":\"Article\",\"@id\":\"https:\\\/\\\/lepatriotebenin.com\\\/index.php\\\/2025\\\/12\\\/23\\\/senat-beninois-gilles-badet-apporte-dimportantes-clarifications\\\/#article\",\"isPartOf\":{\"@id\":\"https:\\\/\\\/lepatriotebenin.com\\\/index.php\\\/2025\\\/12\\\/23\\\/senat-beninois-gilles-badet-apporte-dimportantes-clarifications\\\/\"},\"author\":{\"name\":\"Redaction\",\"@id\":\"https:\\\/\\\/lepatriotebenin.com\\\/#\\\/schema\\\/person\\\/2e7709b9c9cc313e452d1136af61690f\"},\"headline\":\"S\u00e9nat b\u00e9ninois : Gilles Badet apporte d\u2019importantes clarifications\",\"datePublished\":\"2025-12-23T00:05:14+00:00\",\"mainEntityOfPage\":{\"@id\":\"https:\\\/\\\/lepatriotebenin.com\\\/index.php\\\/2025\\\/12\\\/23\\\/senat-beninois-gilles-badet-apporte-dimportantes-clarifications\\\/\"},\"wordCount\":384,\"commentCount\":0,\"image\":{\"@id\":\"https:\\\/\\\/lepatriotebenin.com\\\/index.php\\\/2025\\\/12\\\/23\\\/senat-beninois-gilles-badet-apporte-dimportantes-clarifications\\\/#primaryimage\"},\"thumbnailUrl\":\"https:\\\/\\\/lepatriotebenin.com\\\/wp-content\\\/uploads\\\/2025\\\/12\\\/gille-badet.jpg\",\"articleSection\":[\"Politique\"],\"inLanguage\":\"fr-FR\",\"potentialAction\":[{\"@type\":\"CommentAction\",\"name\":\"Comment\",\"target\":[\"https:\\\/\\\/lepatriotebenin.com\\\/index.php\\\/2025\\\/12\\\/23\\\/senat-beninois-gilles-badet-apporte-dimportantes-clarifications\\\/#respond\"]}]},{\"@type\":\"WebPage\",\"@id\":\"https:\\\/\\\/lepatriotebenin.com\\\/index.php\\\/2025\\\/12\\\/23\\\/senat-beninois-gilles-badet-apporte-dimportantes-clarifications\\\/\",\"url\":\"https:\\\/\\\/lepatriotebenin.com\\\/index.php\\\/2025\\\/12\\\/23\\\/senat-beninois-gilles-badet-apporte-dimportantes-clarifications\\\/\",\"name\":\"S\u00e9nat b\u00e9ninois : Gilles Badet apporte d\u2019importantes clarifications - Le Patriote\",\"isPartOf\":{\"@id\":\"https:\\\/\\\/lepatriotebenin.com\\\/#website\"},\"primaryImageOfPage\":{\"@id\":\"https:\\\/\\\/lepatriotebenin.com\\\/index.php\\\/2025\\\/12\\\/23\\\/senat-beninois-gilles-badet-apporte-dimportantes-clarifications\\\/#primaryimage\"},\"image\":{\"@id\":\"https:\\\/\\\/lepatriotebenin.com\\\/index.php\\\/2025\\\/12\\\/23\\\/senat-beninois-gilles-badet-apporte-dimportantes-clarifications\\\/#primaryimage\"},\"thumbnailUrl\":\"https:\\\/\\\/lepatriotebenin.com\\\/wp-content\\\/uploads\\\/2025\\\/12\\\/gille-badet.jpg\",\"datePublished\":\"2025-12-23T00:05:14+00:00\",\"author\":{\"@id\":\"https:\\\/\\\/lepatriotebenin.com\\\/#\\\/schema\\\/person\\\/2e7709b9c9cc313e452d1136af61690f\"},\"breadcrumb\":{\"@id\":\"https:\\\/\\\/lepatriotebenin.com\\\/index.php\\\/2025\\\/12\\\/23\\\/senat-beninois-gilles-badet-apporte-dimportantes-clarifications\\\/#breadcrumb\"},\"inLanguage\":\"fr-FR\",\"potentialAction\":[{\"@type\":\"ReadAction\",\"target\":[\"https:\\\/\\\/lepatriotebenin.com\\\/index.php\\\/2025\\\/12\\\/23\\\/senat-beninois-gilles-badet-apporte-dimportantes-clarifications\\\/\"]}]},{\"@type\":\"ImageObject\",\"inLanguage\":\"fr-FR\",\"@id\":\"https:\\\/\\\/lepatriotebenin.com\\\/index.php\\\/2025\\\/12\\\/23\\\/senat-beninois-gilles-badet-apporte-dimportantes-clarifications\\\/#primaryimage\",\"url\":\"https:\\\/\\\/lepatriotebenin.com\\\/wp-content\\\/uploads\\\/2025\\\/12\\\/gille-badet.jpg\",\"contentUrl\":\"https:\\\/\\\/lepatriotebenin.com\\\/wp-content\\\/uploads\\\/2025\\\/12\\\/gille-badet.jpg\",\"width\":2048,\"height\":1365},{\"@type\":\"BreadcrumbList\",\"@id\":\"https:\\\/\\\/lepatriotebenin.com\\\/index.php\\\/2025\\\/12\\\/23\\\/senat-beninois-gilles-badet-apporte-dimportantes-clarifications\\\/#breadcrumb\",\"itemListElement\":[{\"@type\":\"ListItem\",\"position\":1,\"name\":\"Accueil\",\"item\":\"https:\\\/\\\/lepatriotebenin.com\\\/\"},{\"@type\":\"ListItem\",\"position\":2,\"name\":\"S\u00e9nat b\u00e9ninois : Gilles Badet apporte d\u2019importantes clarifications\"}]},{\"@type\":\"WebSite\",\"@id\":\"https:\\\/\\\/lepatriotebenin.com\\\/#website\",\"url\":\"https:\\\/\\\/lepatriotebenin.com\\\/\",\"name\":\"Le Patriote\",\"description\":\"Le Patriote B\u00e9nin\",\"potentialAction\":[{\"@type\":\"SearchAction\",\"target\":{\"@type\":\"EntryPoint\",\"urlTemplate\":\"https:\\\/\\\/lepatriotebenin.com\\\/?s={search_term_string}\"},\"query-input\":{\"@type\":\"PropertyValueSpecification\",\"valueRequired\":true,\"valueName\":\"search_term_string\"}}],\"inLanguage\":\"fr-FR\"},{\"@type\":\"Person\",\"@id\":\"https:\\\/\\\/lepatriotebenin.com\\\/#\\\/schema\\\/person\\\/2e7709b9c9cc313e452d1136af61690f\",\"name\":\"Redaction\",\"image\":{\"@type\":\"ImageObject\",\"inLanguage\":\"fr-FR\",\"@id\":\"https:\\\/\\\/secure.gravatar.com\\\/avatar\\\/c4c509357859ea2ca2cbb6d8812898a73e4ef1ef9934c2e591d7e32face734d1?s=96&d=mm&r=g\",\"url\":\"https:\\\/\\\/secure.gravatar.com\\\/avatar\\\/c4c509357859ea2ca2cbb6d8812898a73e4ef1ef9934c2e591d7e32face734d1?s=96&d=mm&r=g\",\"contentUrl\":\"https:\\\/\\\/secure.gravatar.com\\\/avatar\\\/c4c509357859ea2ca2cbb6d8812898a73e4ef1ef9934c2e591d7e32face734d1?s=96&d=mm&r=g\",\"caption\":\"Redaction\"},\"url\":\"https:\\\/\\\/lepatriotebenin.com\"}]}<\/script>\n<!-- \/ Yoast SEO plugin. -->","yoast_head_json":{"title":"S\u00e9nat b\u00e9ninois : Gilles Badet apporte d\u2019importantes clarifications - Le Patriote","robots":{"index":"index","follow":"follow","max-snippet":"max-snippet:-1","max-image-preview":"max-image-preview:large","max-video-preview":"max-video-preview:-1"},"canonical":"https:\/\/lepatriotebenin.com\/index.php\/2025\/12\/23\/senat-beninois-gilles-badet-apporte-dimportantes-clarifications\/","og_locale":"fr_FR","og_type":"article","og_title":"S\u00e9nat b\u00e9ninois : Gilles Badet apporte d\u2019importantes clarifications - Le Patriote","og_description":"Invit\u00e9 sur Bip Radio le dimanche 21 d\u00e9cembre, le professeur de droit constitutionnel Gilles Badet a apport\u00e9 des \u00e9claircissements sur le fonctionnement du S\u00e9nat pr\u00e9vu par la Constitution b\u00e9ninoise r\u00e9vis\u00e9e.&hellip;","og_url":"https:\/\/lepatriotebenin.com\/index.php\/2025\/12\/23\/senat-beninois-gilles-badet-apporte-dimportantes-clarifications\/","og_site_name":"Le Patriote","article_published_time":"2025-12-23T00:05:14+00:00","og_image":[{"width":2048,"height":1365,"url":"https:\/\/lepatriotebenin.com\/wp-content\/uploads\/2025\/12\/gille-badet.jpg","type":"image\/jpeg"}],"author":"Redaction","twitter_card":"summary_large_image","twitter_misc":{"\u00c9crit par":"Redaction","Dur\u00e9e de lecture estim\u00e9e":"2 minutes"},"schema":{"@context":"https:\/\/schema.org","@graph":[{"@type":"Article","@id":"https:\/\/lepatriotebenin.com\/index.php\/2025\/12\/23\/senat-beninois-gilles-badet-apporte-dimportantes-clarifications\/#article","isPartOf":{"@id":"https:\/\/lepatriotebenin.com\/index.php\/2025\/12\/23\/senat-beninois-gilles-badet-apporte-dimportantes-clarifications\/"},"author":{"name":"Redaction","@id":"https:\/\/lepatriotebenin.com\/#\/schema\/person\/2e7709b9c9cc313e452d1136af61690f"},"headline":"S\u00e9nat b\u00e9ninois : Gilles Badet apporte d\u2019importantes clarifications","datePublished":"2025-12-23T00:05:14+00:00","mainEntityOfPage":{"@id":"https:\/\/lepatriotebenin.com\/index.php\/2025\/12\/23\/senat-beninois-gilles-badet-apporte-dimportantes-clarifications\/"},"wordCount":384,"commentCount":0,"image":{"@id":"https:\/\/lepatriotebenin.com\/index.php\/2025\/12\/23\/senat-beninois-gilles-badet-apporte-dimportantes-clarifications\/#primaryimage"},"thumbnailUrl":"https:\/\/lepatriotebenin.com\/wp-content\/uploads\/2025\/12\/gille-badet.jpg","articleSection":["Politique"],"inLanguage":"fr-FR","potentialAction":[{"@type":"CommentAction","name":"Comment","target":["https:\/\/lepatriotebenin.com\/index.php\/2025\/12\/23\/senat-beninois-gilles-badet-apporte-dimportantes-clarifications\/#respond"]}]},{"@type":"WebPage","@id":"https:\/\/lepatriotebenin.com\/index.php\/2025\/12\/23\/senat-beninois-gilles-badet-apporte-dimportantes-clarifications\/","url":"https:\/\/lepatriotebenin.com\/index.php\/2025\/12\/23\/senat-beninois-gilles-badet-apporte-dimportantes-clarifications\/","name":"S\u00e9nat b\u00e9ninois : Gilles Badet apporte d\u2019importantes clarifications - Le Patriote","isPartOf":{"@id":"https:\/\/lepatriotebenin.com\/#website"},"primaryImageOfPage":{"@id":"https:\/\/lepatriotebenin.com\/index.php\/2025\/12\/23\/senat-beninois-gilles-badet-apporte-dimportantes-clarifications\/#primaryimage"},"image":{"@id":"https:\/\/lepatriotebenin.com\/index.php\/2025\/12\/23\/senat-beninois-gilles-badet-apporte-dimportantes-clarifications\/#primaryimage"},"thumbnailUrl":"https:\/\/lepatriotebenin.com\/wp-content\/uploads\/2025\/12\/gille-badet.jpg","datePublished":"2025-12-23T00:05:14+00:00","author":{"@id":"https:\/\/lepatriotebenin.com\/#\/schema\/person\/2e7709b9c9cc313e452d1136af61690f"},"breadcrumb":{"@id":"https:\/\/lepatriotebenin.com\/index.php\/2025\/12\/23\/senat-beninois-gilles-badet-apporte-dimportantes-clarifications\/#breadcrumb"},"inLanguage":"fr-FR","potentialAction":[{"@type":"ReadAction","target":["https:\/\/lepatriotebenin.com\/index.php\/2025\/12\/23\/senat-beninois-gilles-badet-apporte-dimportantes-clarifications\/"]}]},{"@type":"ImageObject","inLanguage":"fr-FR","@id":"https:\/\/lepatriotebenin.com\/index.php\/2025\/12\/23\/senat-beninois-gilles-badet-apporte-dimportantes-clarifications\/#primaryimage","url":"https:\/\/lepatriotebenin.com\/wp-content\/uploads\/2025\/12\/gille-badet.jpg","contentUrl":"https:\/\/lepatriotebenin.com\/wp-content\/uploads\/2025\/12\/gille-badet.jpg","width":2048,"height":1365},{"@type":"BreadcrumbList","@id":"https:\/\/lepatriotebenin.com\/index.php\/2025\/12\/23\/senat-beninois-gilles-badet-apporte-dimportantes-clarifications\/#breadcrumb","itemListElement":[{"@type":"ListItem","position":1,"name":"Accueil","item":"https:\/\/lepatriotebenin.com\/"},{"@type":"ListItem","position":2,"name":"S\u00e9nat b\u00e9ninois : Gilles Badet apporte d\u2019importantes clarifications"}]},{"@type":"WebSite","@id":"https:\/\/lepatriotebenin.com\/#website","url":"https:\/\/lepatriotebenin.com\/","name":"Le Patriote","description":"Le Patriote B\u00e9nin","potentialAction":[{"@type":"SearchAction","target":{"@type":"EntryPoint","urlTemplate":"https:\/\/lepatriotebenin.com\/?s={search_term_string}"},"query-input":{"@type":"PropertyValueSpecification","valueRequired":true,"valueName":"search_term_string"}}],"inLanguage":"fr-FR"},{"@type":"Person","@id":"https:\/\/lepatriotebenin.com\/#\/schema\/person\/2e7709b9c9cc313e452d1136af61690f","name":"Redaction","image":{"@type":"ImageObject","inLanguage":"fr-FR","@id":"https:\/\/secure.gravatar.com\/avatar\/c4c509357859ea2ca2cbb6d8812898a73e4ef1ef9934c2e591d7e32face734d1?s=96&d=mm&r=g","url":"https:\/\/secure.gravatar.com\/avatar\/c4c509357859ea2ca2cbb6d8812898a73e4ef1ef9934c2e591d7e32face734d1?s=96&d=mm&r=g","contentUrl":"https:\/\/secure.gravatar.com\/avatar\/c4c509357859ea2ca2cbb6d8812898a73e4ef1ef9934c2e591d7e32face734d1?s=96&d=mm&r=g","caption":"Redaction"},"url":"https:\/\/lepatriotebenin.com"}]}},"_links":{"self":[{"href":"https:\/\/lepatriotebenin.com\/index.php\/wp-json\/wp\/v2\/posts\/16148","targetHints":{"allow":["GET"]}}],"collection":[{"href":"https:\/\/lepatriotebenin.com\/index.php\/wp-json\/wp\/v2\/posts"}],"about":[{"href":"https:\/\/lepatriotebenin.com\/index.php\/wp-json\/wp\/v2\/types\/post"}],"author":[{"embeddable":true,"href":"https:\/\/lepatriotebenin.com\/index.php\/wp-json\/wp\/v2\/users\/5"}],"replies":[{"embeddable":true,"href":"https:\/\/lepatriotebenin.com\/index.php\/wp-json\/wp\/v2\/comments?post=16148"}],"version-history":[{"count":1,"href":"https:\/\/lepatriotebenin.com\/index.php\/wp-json\/wp\/v2\/posts\/16148\/revisions"}],"predecessor-version":[{"id":16150,"href":"https:\/\/lepatriotebenin.com\/index.php\/wp-json\/wp\/v2\/posts\/16148\/revisions\/16150"}],"wp:featuredmedia":[{"embeddable":true,"href":"https:\/\/lepatriotebenin.com\/index.php\/wp-json\/wp\/v2\/media\/16149"}],"wp:attachment":[{"href":"https:\/\/lepatriotebenin.com\/index.php\/wp-json\/wp\/v2\/media?parent=16148"}],"wp:term":[{"taxonomy":"category","embeddable":true,"href":"https:\/\/lepatriotebenin.com\/index.php\/wp-json\/wp\/v2\/categories?post=16148"},{"taxonomy":"post_tag","embeddable":true,"href":"https:\/\/lepatriotebenin.com\/index.php\/wp-json\/wp\/v2\/tags?post=16148"}],"curies":[{"name":"wp","href":"https:\/\/api.w.org\/{rel}","templated":true}]}}