{"id":16142,"date":"2025-12-22T21:41:59","date_gmt":"2025-12-22T20:41:59","guid":{"rendered":"https:\/\/lepatriotebenin.com\/?p=16142"},"modified":"2025-12-22T21:43:38","modified_gmt":"2025-12-22T20:43:38","slug":"legislatives-2026-la-base-ld-des-collines-signe-pour-la-razzia","status":"publish","type":"post","link":"https:\/\/lepatriotebenin.com\/index.php\/2025\/12\/22\/legislatives-2026-la-base-ld-des-collines-signe-pour-la-razzia\/","title":{"rendered":"L\u00e9gislatives 2026 : La base LD des Collines signe  pour la razzia"},"content":{"rendered":"<p><em>Apr\u00e8s l\u2019\u00e9tape de Dassa-Zoum\u00e9\u00a0 et Glazou\u00e9 le Samesi 6 D\u00e9cembre 2025, la tourn\u00e9e d\u2019information et d\u2019explication des LD dans les six [06) communes du d\u00e9partement des Collines s\u2019est poursuivie ce <strong>samedi 20 et dimanche 21 D\u00e9cembre 2025<\/strong> \u00e0\u00a0 <strong>Bant\u00e8, Savalou, Ou\u00e8ss\u00e8 et Sav\u00e8<\/strong>. La d\u00e9l\u00e9gation conduite par le Vice-Pr\u00e9sident Charg\u00e9 du d\u00e9partement des Collines Dr. <strong>Christophe Monsia<\/strong> a, \u00e0 cette occasion et sans langue de bois, \u00e9chang\u00e9 avec les coordonnateurs communaux et d\u2019arrondissements sans oublier les militants candidats aux diff\u00e9rentes \u00e9lections dans les six communes, sur le processus \u00e9lectoral en cours au Benin.\u00a0 <\/em><\/p>\n<p>Compos\u00e9s des quatre d\u00e9put\u00e9s en exercice \u00e9lus des 9\u00e8me et 10\u00e8me circonscriptions \u00e9lectorale, notamment des honorables <strong>L\u00e9on F. Degny et son suppl\u00e9ant \u00c8ss\u00e8gnon \u00c9d\u00e9nakpo, Kolawol\u00e9 Djiman Ogbon,\u00a0 Edwige\u00a0 Tossah et \u00c9lise A\u00efh\u00e8, du deput\u00e9 honoraire Francis Amoussou, du candidat 2\u00e8me titulaire de la 9\u00e8me \u00e0 l\u2019ambassadeur Rufin Zomanhoun, du candidat 3\u00e8me titulaire Dominique Kossi et son suppl\u00e9ant professeur C\u00e9lestin Gbaguidi<\/strong> ainsi que des membres de la coordination de la 9\u00e8me Circonscription \u00c9lectorale\u00a0 <strong>Barth\u00e9l\u00e9my Tamegonon<\/strong> et P<strong>ierre Olodo, <\/strong>la d\u00e9l\u00e9gation a expliqu\u00e9 de fa\u00e7on d\u00e9taill\u00e9e et avec des pr\u00e9cisions chirurgicales\u00a0 les difficult\u00e9s que traverse actuellement le parti et surtout ceux qui en sont les responsables : la rupture. Dans un franc parl\u00e9 impeccable, le docteur Monsia a retrac\u00e9 la travers\u00e9e de la temp\u00eate\u00a0 soulev\u00e9e par la rupture pour enterrer le parti pr\u00e9sid\u00e9 par Boni Yayi<em>. \u00ab Le parti traverse de grandes difficult\u00e9s mais ne mourra pas \u00bb, r<\/em>assure le docteur. Il a salu\u00e9 le sacrifice et la fid\u00e9lit\u00e9 des d\u00e9put\u00e9s LD des Collines qui, malgr\u00e9 les tentations, menaces, pers\u00e9cutions ont tenu bons.<\/p>\n<p>Dans toutes les communes parcourues, les participants surtout les candidats LD aux communales ayant vu la liste du parti recal\u00e9e, ont exprim\u00e9 leur indignation et col\u00e8re face aux exclusions dont le parti a \u00e9t\u00e9\u00a0 victime dans le processus \u00e9lectoral.\u00a0 D\u00e9\u00e7us, en col\u00e8re, furieux mais p\u00e9tris de courage et de d\u00e9termination, les responsables LD \u00e0 la base veulent se venger de la rupture dans les urnes le 11 janvier 2026. A Dassa-Zoum\u00e9\u00a0 comme \u00e0 Sav\u00e8 en passant par Bant\u00e8, Savalou, Glazou\u00e9 et Ou\u00e8ss\u00e8, on peut lire ais\u00e9ment dans les visages,\u00a0 la volont\u00e9 d\u2019en d\u00e9coudre avec les partis coalis\u00e9s de la mouvance en les privant des 20% exig\u00e9s par le code \u00e9lectoral pour \u00eatre \u00e9ligible \u00e0 l\u2019attribution des si\u00e8ges. Les honorables Edwige Tossah\u00a0 et \u00c9lise A\u00efh\u00e8\u00a0 applaudies par les militants \u00e0\u00a0 l\u2019image de leurs coll\u00e8gues\u00a0 L\u00e9on F. Degny et Kolawol\u00e9 Djiman Ogbon pour leur fid\u00e9lit\u00e9 au parti, rassurent les femmes et tous les militants et s\u2019engagent \u00e0 s\u2019investir avec eux pour la lib\u00e9ration du B\u00e9nin par les votes. <em>\u00abNous devons nous serrer les coudes, travailler ensemble et gagner ces \u00e9lections pour le bien de notre pays, le B\u00e9nin \u00bb,<\/em> recommande l\u2019Ambassadeur Rufin Zomanhoun, candidat 2\u00e8me titulaire LD dans la 9\u00e8me.<\/p>\n<p><em>\u00ab Ces \u00e9lections l\u00e9gislatives sont pour les LD en particulier et pour le B\u00e9nin en g\u00e9n\u00e9ral, comme un match de football\u00a0 \u00e0 \u00e9limination directe dans lequel s\u2019\u00e9gr\u00e8nent les derni\u00e8res minutes de la prolongation. Pour survivre dans la comp\u00e9tition politique et continuer d\u2019animer la vie politique et surtout sauver notre \u00e9quipe commune, le Benin, le parti les D\u00e9mocrates doit remporter la partie avec un score sans appel \u00bb, <\/em>caricature un militant LD engag\u00e9, de la commune de Bant\u00e8. Lorsqu\u2019il a rattrap\u00e9 la tourn\u00e9e\u00a0 \u00e0 Savalou, le deuxi\u00e8me vice-pr\u00e9sident\u00a0 du parti et pr\u00e9sident du groupe parlementaire Les D\u00e9mocrates,\u00a0 <strong>Nour\u00e9nou Atchad\u00e9<\/strong>\u00a0 a salu\u00e9 le courage des militants qui ne baissent pas les bras malgr\u00e9 les plans de l\u2019adversaire. L\u2019Assembl\u00e9e nationale\u00a0 est le c\u0153ur de la gouvernance politique du pays, r\u00e9v\u00e8le\u00a0 le pr\u00e9sident Nour\u00e9nou Atchad\u00e9\u00a0 qui exhorte les B\u00e9ninois \u00e0 s\u2019aligner tous derri\u00e8re le parti du peuple pour la lib\u00e9ration du B\u00e9nin.<\/p>\n<p>Pour les LD, le probl\u00e8me\u00a0 n\u2019est plus\u00a0 l\u2019obtention ou pas des 20%, mais plut\u00f4t comment emp\u00eacher la rupture d\u2019avoir 9 d\u00e9put\u00e9s \u00e0\u00a0 la dixi\u00e8me\u00a0 l\u00e9gislature au parlement, confie l\u2019honorable L\u00e9on Degny qui invite les militants \u00e0 la patience, \u00e0\u00a0 la mobilisation autour de l\u2019objectif commun qui est de lib\u00e9rer le B\u00e9nin dans les urnes. Face aux frustrations n\u00e9es des positionnements sur les diff\u00e9rentes listes, l\u2019honorable honoraire, membre de la coordination nationale du parti, Francis Amoussou appel au calme et recommande aux militants, de privil\u00e9gier l\u2019int\u00e9r\u00eat sup\u00e9rieur du parti et du B\u00e9nin pour se mettre au travail afin d\u2019offrir aux d\u00e9mocrates la victoire au soir du 11 janvier 2026.<\/p>\n<p><em>\u00abJe suis vraiment content de savoir que personne de ceux qui ont pris la parole n\u2019a dit qu\u2019il ne fait plus. Personne n\u2019a demand\u00e9 de laisser tomber. Mais tout le monde propose des strat\u00e9gies pour aller de l\u2019avant. C\u2019est encourageant et avec la d\u00e9termination de tous, nous gagnerons ces \u00e9lections \u00bb,<\/em> s\u2019est r\u00e9joui le docteur Christophe Monsia qui applaudit l\u2019engagement des militants malgr\u00e9 les menaces, pers\u00e9cutions et intimidations de l\u2019adversaire sur le terrain.<\/p>\n<p><img decoding=\"async\" class=\"alignnone size-medium wp-image-16143\" src=\"https:\/\/lepatriotebenin.com\/wp-content\/uploads\/2025\/12\/ld-4-300x154.jpeg\" alt=\"\" width=\"300\" height=\"154\" srcset=\"https:\/\/lepatriotebenin.com\/wp-content\/uploads\/2025\/12\/ld-4-300x154.jpeg 300w, https:\/\/lepatriotebenin.com\/wp-content\/uploads\/2025\/12\/ld-4-1024x524.jpeg 1024w, https:\/\/lepatriotebenin.com\/wp-content\/uploads\/2025\/12\/ld-4-768x393.jpeg 768w, https:\/\/lepatriotebenin.com\/wp-content\/uploads\/2025\/12\/ld-4-1170x599.jpeg 1170w, https:\/\/lepatriotebenin.com\/wp-content\/uploads\/2025\/12\/ld-4-585x299.jpeg 585w, https:\/\/lepatriotebenin.com\/wp-content\/uploads\/2025\/12\/ld-4.jpeg 1186w\" sizes=\"(max-width: 300px) 100vw, 300px\" \/><img decoding=\"async\" class=\"alignnone size-medium wp-image-16144\" src=\"https:\/\/lepatriotebenin.com\/wp-content\/uploads\/2025\/12\/ld1-300x135.jpeg\" alt=\"\" width=\"300\" height=\"135\" srcset=\"https:\/\/lepatriotebenin.com\/wp-content\/uploads\/2025\/12\/ld1-300x135.jpeg 300w, https:\/\/lepatriotebenin.com\/wp-content\/uploads\/2025\/12\/ld1-768x346.jpeg 768w, https:\/\/lepatriotebenin.com\/wp-content\/uploads\/2025\/12\/ld1-585x263.jpeg 585w, https:\/\/lepatriotebenin.com\/wp-content\/uploads\/2025\/12\/ld1.jpeg 1020w\" sizes=\"(max-width: 300px) 100vw, 300px\" \/><img decoding=\"async\" class=\"alignnone size-medium wp-image-16145\" src=\"https:\/\/lepatriotebenin.com\/wp-content\/uploads\/2025\/12\/ld2-300x135.jpeg\" alt=\"\" width=\"300\" height=\"135\" srcset=\"https:\/\/lepatriotebenin.com\/wp-content\/uploads\/2025\/12\/ld2-300x135.jpeg 300w, https:\/\/lepatriotebenin.com\/wp-content\/uploads\/2025\/12\/ld2-1024x461.jpeg 1024w, https:\/\/lepatriotebenin.com\/wp-content\/uploads\/2025\/12\/ld2-768x346.jpeg 768w, https:\/\/lepatriotebenin.com\/wp-content\/uploads\/2025\/12\/ld2-1170x527.jpeg 1170w, https:\/\/lepatriotebenin.com\/wp-content\/uploads\/2025\/12\/ld2-585x263.jpeg 585w, https:\/\/lepatriotebenin.com\/wp-content\/uploads\/2025\/12\/ld2.jpeg 1280w\" sizes=\"(max-width: 300px) 100vw, 300px\" \/><\/p>\n","protected":false},"excerpt":{"rendered":"<p>Apr\u00e8s l\u2019\u00e9tape de Dassa-Zoum\u00e9\u00a0 et Glazou\u00e9 le Samesi 6 D\u00e9cembre 2025, la tourn\u00e9e d\u2019information et d\u2019explication des LD dans les six [06) communes du d\u00e9partement des Collines s\u2019est poursuivie ce&hellip;<\/p>\n","protected":false},"author":12,"featured_media":16146,"comment_status":"open","ping_status":"open","sticky":false,"template":"","format":"standard","meta":{"content-type":"","om_disable_all_campaigns":false,"_monsterinsights_skip_tracking":false,"_monsterinsights_sitenote_active":false,"_monsterinsights_sitenote_note":"","_monsterinsights_sitenote_category":0,"_uf_show_specific_survey":0,"_uf_disable_surveys":false,"footnotes":""},"categories":[26],"tags":[],"class_list":["post-16142","post","type-post","status-publish","format-standard","has-post-thumbnail","hentry","category-politique"],"aioseo_notices":[],"yoast_head":"<!-- This site is optimized with the Yoast SEO plugin v27.5 - https:\/\/yoast.com\/product\/yoast-seo-wordpress\/ -->\n<title>L\u00e9gislatives 2026 : La base LD des Collines signe pour la razzia - Le Patriote<\/title>\n<meta name=\"robots\" content=\"index, follow, max-snippet:-1, max-image-preview:large, max-video-preview:-1\" \/>\n<link rel=\"canonical\" href=\"https:\/\/lepatriotebenin.com\/index.php\/2025\/12\/22\/legislatives-2026-la-base-ld-des-collines-signe-pour-la-razzia\/\" \/>\n<meta property=\"og:locale\" content=\"fr_FR\" \/>\n<meta property=\"og:type\" content=\"article\" \/>\n<meta property=\"og:title\" content=\"L\u00e9gislatives 2026 : La base LD des Collines signe pour la razzia - Le Patriote\" \/>\n<meta property=\"og:description\" content=\"Apr\u00e8s l\u2019\u00e9tape de Dassa-Zoum\u00e9\u00a0 et Glazou\u00e9 le Samesi 6 D\u00e9cembre 2025, la tourn\u00e9e d\u2019information et d\u2019explication des LD dans les six [06) communes du d\u00e9partement des Collines s\u2019est poursuivie ce&hellip;\" \/>\n<meta property=\"og:url\" content=\"https:\/\/lepatriotebenin.com\/index.php\/2025\/12\/22\/legislatives-2026-la-base-ld-des-collines-signe-pour-la-razzia\/\" \/>\n<meta property=\"og:site_name\" content=\"Le Patriote\" \/>\n<meta property=\"article:published_time\" content=\"2025-12-22T20:41:59+00:00\" \/>\n<meta property=\"article:modified_time\" content=\"2025-12-22T20:43:38+00:00\" \/>\n<meta property=\"og:image\" content=\"https:\/\/lepatriotebenin.com\/wp-content\/uploads\/2025\/12\/ld.jpeg\" \/>\n\t<meta property=\"og:image:width\" content=\"1020\" \/>\n\t<meta property=\"og:image:height\" content=\"459\" \/>\n\t<meta property=\"og:image:type\" content=\"image\/jpeg\" \/>\n<meta name=\"author\" content=\"Comlan Paul ODAH\" \/>\n<meta name=\"twitter:card\" content=\"summary_large_image\" \/>\n<meta name=\"twitter:label1\" content=\"\u00c9crit par\" \/>\n\t<meta name=\"twitter:data1\" content=\"Comlan Paul ODAH\" \/>\n\t<meta name=\"twitter:label2\" content=\"Dur\u00e9e de lecture estim\u00e9e\" \/>\n\t<meta name=\"twitter:data2\" content=\"5 minutes\" \/>\n<script type=\"application\/ld+json\" class=\"yoast-schema-graph\">{\"@context\":\"https:\\\/\\\/schema.org\",\"@graph\":[{\"@type\":\"Article\",\"@id\":\"https:\\\/\\\/lepatriotebenin.com\\\/index.php\\\/2025\\\/12\\\/22\\\/legislatives-2026-la-base-ld-des-collines-signe-pour-la-razzia\\\/#article\",\"isPartOf\":{\"@id\":\"https:\\\/\\\/lepatriotebenin.com\\\/index.php\\\/2025\\\/12\\\/22\\\/legislatives-2026-la-base-ld-des-collines-signe-pour-la-razzia\\\/\"},\"author\":{\"name\":\"Comlan Paul ODAH\",\"@id\":\"https:\\\/\\\/lepatriotebenin.com\\\/#\\\/schema\\\/person\\\/6486fa44ec286eee49816deb241bcbbf\"},\"headline\":\"L\u00e9gislatives 2026 : La base LD des Collines signe pour la razzia\",\"datePublished\":\"2025-12-22T20:41:59+00:00\",\"dateModified\":\"2025-12-22T20:43:38+00:00\",\"mainEntityOfPage\":{\"@id\":\"https:\\\/\\\/lepatriotebenin.com\\\/index.php\\\/2025\\\/12\\\/22\\\/legislatives-2026-la-base-ld-des-collines-signe-pour-la-razzia\\\/\"},\"wordCount\":906,\"commentCount\":0,\"image\":{\"@id\":\"https:\\\/\\\/lepatriotebenin.com\\\/index.php\\\/2025\\\/12\\\/22\\\/legislatives-2026-la-base-ld-des-collines-signe-pour-la-razzia\\\/#primaryimage\"},\"thumbnailUrl\":\"https:\\\/\\\/lepatriotebenin.com\\\/wp-content\\\/uploads\\\/2025\\\/12\\\/ld.jpeg\",\"articleSection\":[\"Politique\"],\"inLanguage\":\"fr-FR\",\"potentialAction\":[{\"@type\":\"CommentAction\",\"name\":\"Comment\",\"target\":[\"https:\\\/\\\/lepatriotebenin.com\\\/index.php\\\/2025\\\/12\\\/22\\\/legislatives-2026-la-base-ld-des-collines-signe-pour-la-razzia\\\/#respond\"]}]},{\"@type\":\"WebPage\",\"@id\":\"https:\\\/\\\/lepatriotebenin.com\\\/index.php\\\/2025\\\/12\\\/22\\\/legislatives-2026-la-base-ld-des-collines-signe-pour-la-razzia\\\/\",\"url\":\"https:\\\/\\\/lepatriotebenin.com\\\/index.php\\\/2025\\\/12\\\/22\\\/legislatives-2026-la-base-ld-des-collines-signe-pour-la-razzia\\\/\",\"name\":\"L\u00e9gislatives 2026 : La base LD des Collines signe pour la razzia - Le Patriote\",\"isPartOf\":{\"@id\":\"https:\\\/\\\/lepatriotebenin.com\\\/#website\"},\"primaryImageOfPage\":{\"@id\":\"https:\\\/\\\/lepatriotebenin.com\\\/index.php\\\/2025\\\/12\\\/22\\\/legislatives-2026-la-base-ld-des-collines-signe-pour-la-razzia\\\/#primaryimage\"},\"image\":{\"@id\":\"https:\\\/\\\/lepatriotebenin.com\\\/index.php\\\/2025\\\/12\\\/22\\\/legislatives-2026-la-base-ld-des-collines-signe-pour-la-razzia\\\/#primaryimage\"},\"thumbnailUrl\":\"https:\\\/\\\/lepatriotebenin.com\\\/wp-content\\\/uploads\\\/2025\\\/12\\\/ld.jpeg\",\"datePublished\":\"2025-12-22T20:41:59+00:00\",\"dateModified\":\"2025-12-22T20:43:38+00:00\",\"author\":{\"@id\":\"https:\\\/\\\/lepatriotebenin.com\\\/#\\\/schema\\\/person\\\/6486fa44ec286eee49816deb241bcbbf\"},\"breadcrumb\":{\"@id\":\"https:\\\/\\\/lepatriotebenin.com\\\/index.php\\\/2025\\\/12\\\/22\\\/legislatives-2026-la-base-ld-des-collines-signe-pour-la-razzia\\\/#breadcrumb\"},\"inLanguage\":\"fr-FR\",\"potentialAction\":[{\"@type\":\"ReadAction\",\"target\":[\"https:\\\/\\\/lepatriotebenin.com\\\/index.php\\\/2025\\\/12\\\/22\\\/legislatives-2026-la-base-ld-des-collines-signe-pour-la-razzia\\\/\"]}]},{\"@type\":\"ImageObject\",\"inLanguage\":\"fr-FR\",\"@id\":\"https:\\\/\\\/lepatriotebenin.com\\\/index.php\\\/2025\\\/12\\\/22\\\/legislatives-2026-la-base-ld-des-collines-signe-pour-la-razzia\\\/#primaryimage\",\"url\":\"https:\\\/\\\/lepatriotebenin.com\\\/wp-content\\\/uploads\\\/2025\\\/12\\\/ld.jpeg\",\"contentUrl\":\"https:\\\/\\\/lepatriotebenin.com\\\/wp-content\\\/uploads\\\/2025\\\/12\\\/ld.jpeg\",\"width\":1020,\"height\":459},{\"@type\":\"BreadcrumbList\",\"@id\":\"https:\\\/\\\/lepatriotebenin.com\\\/index.php\\\/2025\\\/12\\\/22\\\/legislatives-2026-la-base-ld-des-collines-signe-pour-la-razzia\\\/#breadcrumb\",\"itemListElement\":[{\"@type\":\"ListItem\",\"position\":1,\"name\":\"Accueil\",\"item\":\"https:\\\/\\\/lepatriotebenin.com\\\/\"},{\"@type\":\"ListItem\",\"position\":2,\"name\":\"L\u00e9gislatives 2026 : La base LD des Collines signe pour la razzia\"}]},{\"@type\":\"WebSite\",\"@id\":\"https:\\\/\\\/lepatriotebenin.com\\\/#website\",\"url\":\"https:\\\/\\\/lepatriotebenin.com\\\/\",\"name\":\"Le Patriote\",\"description\":\"Le Patriote B\u00e9nin\",\"potentialAction\":[{\"@type\":\"SearchAction\",\"target\":{\"@type\":\"EntryPoint\",\"urlTemplate\":\"https:\\\/\\\/lepatriotebenin.com\\\/?s={search_term_string}\"},\"query-input\":{\"@type\":\"PropertyValueSpecification\",\"valueRequired\":true,\"valueName\":\"search_term_string\"}}],\"inLanguage\":\"fr-FR\"},{\"@type\":\"Person\",\"@id\":\"https:\\\/\\\/lepatriotebenin.com\\\/#\\\/schema\\\/person\\\/6486fa44ec286eee49816deb241bcbbf\",\"name\":\"Comlan Paul ODAH\",\"image\":{\"@type\":\"ImageObject\",\"inLanguage\":\"fr-FR\",\"@id\":\"https:\\\/\\\/secure.gravatar.com\\\/avatar\\\/c45cf8a86d3cde8c562d63858f4ea8947664bd10708ad75990c2938897d9dbe1?s=96&d=mm&r=g\",\"url\":\"https:\\\/\\\/secure.gravatar.com\\\/avatar\\\/c45cf8a86d3cde8c562d63858f4ea8947664bd10708ad75990c2938897d9dbe1?s=96&d=mm&r=g\",\"contentUrl\":\"https:\\\/\\\/secure.gravatar.com\\\/avatar\\\/c45cf8a86d3cde8c562d63858f4ea8947664bd10708ad75990c2938897d9dbe1?s=96&d=mm&r=g\",\"caption\":\"Comlan Paul ODAH\"},\"url\":\"https:\\\/\\\/lepatriotebenin.com\"}]}<\/script>\n<!-- \/ Yoast SEO plugin. -->","yoast_head_json":{"title":"L\u00e9gislatives 2026 : La base LD des Collines signe pour la razzia - Le Patriote","robots":{"index":"index","follow":"follow","max-snippet":"max-snippet:-1","max-image-preview":"max-image-preview:large","max-video-preview":"max-video-preview:-1"},"canonical":"https:\/\/lepatriotebenin.com\/index.php\/2025\/12\/22\/legislatives-2026-la-base-ld-des-collines-signe-pour-la-razzia\/","og_locale":"fr_FR","og_type":"article","og_title":"L\u00e9gislatives 2026 : La base LD des Collines signe pour la razzia - Le Patriote","og_description":"Apr\u00e8s l\u2019\u00e9tape de Dassa-Zoum\u00e9\u00a0 et Glazou\u00e9 le Samesi 6 D\u00e9cembre 2025, la tourn\u00e9e d\u2019information et d\u2019explication des LD dans les six [06) communes du d\u00e9partement des Collines s\u2019est poursuivie ce&hellip;","og_url":"https:\/\/lepatriotebenin.com\/index.php\/2025\/12\/22\/legislatives-2026-la-base-ld-des-collines-signe-pour-la-razzia\/","og_site_name":"Le Patriote","article_published_time":"2025-12-22T20:41:59+00:00","article_modified_time":"2025-12-22T20:43:38+00:00","og_image":[{"width":1020,"height":459,"url":"https:\/\/lepatriotebenin.com\/wp-content\/uploads\/2025\/12\/ld.jpeg","type":"image\/jpeg"}],"author":"Comlan Paul ODAH","twitter_card":"summary_large_image","twitter_misc":{"\u00c9crit par":"Comlan Paul ODAH","Dur\u00e9e de lecture estim\u00e9e":"5 minutes"},"schema":{"@context":"https:\/\/schema.org","@graph":[{"@type":"Article","@id":"https:\/\/lepatriotebenin.com\/index.php\/2025\/12\/22\/legislatives-2026-la-base-ld-des-collines-signe-pour-la-razzia\/#article","isPartOf":{"@id":"https:\/\/lepatriotebenin.com\/index.php\/2025\/12\/22\/legislatives-2026-la-base-ld-des-collines-signe-pour-la-razzia\/"},"author":{"name":"Comlan Paul ODAH","@id":"https:\/\/lepatriotebenin.com\/#\/schema\/person\/6486fa44ec286eee49816deb241bcbbf"},"headline":"L\u00e9gislatives 2026 : La base LD des Collines signe pour la razzia","datePublished":"2025-12-22T20:41:59+00:00","dateModified":"2025-12-22T20:43:38+00:00","mainEntityOfPage":{"@id":"https:\/\/lepatriotebenin.com\/index.php\/2025\/12\/22\/legislatives-2026-la-base-ld-des-collines-signe-pour-la-razzia\/"},"wordCount":906,"commentCount":0,"image":{"@id":"https:\/\/lepatriotebenin.com\/index.php\/2025\/12\/22\/legislatives-2026-la-base-ld-des-collines-signe-pour-la-razzia\/#primaryimage"},"thumbnailUrl":"https:\/\/lepatriotebenin.com\/wp-content\/uploads\/2025\/12\/ld.jpeg","articleSection":["Politique"],"inLanguage":"fr-FR","potentialAction":[{"@type":"CommentAction","name":"Comment","target":["https:\/\/lepatriotebenin.com\/index.php\/2025\/12\/22\/legislatives-2026-la-base-ld-des-collines-signe-pour-la-razzia\/#respond"]}]},{"@type":"WebPage","@id":"https:\/\/lepatriotebenin.com\/index.php\/2025\/12\/22\/legislatives-2026-la-base-ld-des-collines-signe-pour-la-razzia\/","url":"https:\/\/lepatriotebenin.com\/index.php\/2025\/12\/22\/legislatives-2026-la-base-ld-des-collines-signe-pour-la-razzia\/","name":"L\u00e9gislatives 2026 : La base LD des Collines signe pour la razzia - Le Patriote","isPartOf":{"@id":"https:\/\/lepatriotebenin.com\/#website"},"primaryImageOfPage":{"@id":"https:\/\/lepatriotebenin.com\/index.php\/2025\/12\/22\/legislatives-2026-la-base-ld-des-collines-signe-pour-la-razzia\/#primaryimage"},"image":{"@id":"https:\/\/lepatriotebenin.com\/index.php\/2025\/12\/22\/legislatives-2026-la-base-ld-des-collines-signe-pour-la-razzia\/#primaryimage"},"thumbnailUrl":"https:\/\/lepatriotebenin.com\/wp-content\/uploads\/2025\/12\/ld.jpeg","datePublished":"2025-12-22T20:41:59+00:00","dateModified":"2025-12-22T20:43:38+00:00","author":{"@id":"https:\/\/lepatriotebenin.com\/#\/schema\/person\/6486fa44ec286eee49816deb241bcbbf"},"breadcrumb":{"@id":"https:\/\/lepatriotebenin.com\/index.php\/2025\/12\/22\/legislatives-2026-la-base-ld-des-collines-signe-pour-la-razzia\/#breadcrumb"},"inLanguage":"fr-FR","potentialAction":[{"@type":"ReadAction","target":["https:\/\/lepatriotebenin.com\/index.php\/2025\/12\/22\/legislatives-2026-la-base-ld-des-collines-signe-pour-la-razzia\/"]}]},{"@type":"ImageObject","inLanguage":"fr-FR","@id":"https:\/\/lepatriotebenin.com\/index.php\/2025\/12\/22\/legislatives-2026-la-base-ld-des-collines-signe-pour-la-razzia\/#primaryimage","url":"https:\/\/lepatriotebenin.com\/wp-content\/uploads\/2025\/12\/ld.jpeg","contentUrl":"https:\/\/lepatriotebenin.com\/wp-content\/uploads\/2025\/12\/ld.jpeg","width":1020,"height":459},{"@type":"BreadcrumbList","@id":"https:\/\/lepatriotebenin.com\/index.php\/2025\/12\/22\/legislatives-2026-la-base-ld-des-collines-signe-pour-la-razzia\/#breadcrumb","itemListElement":[{"@type":"ListItem","position":1,"name":"Accueil","item":"https:\/\/lepatriotebenin.com\/"},{"@type":"ListItem","position":2,"name":"L\u00e9gislatives 2026 : La base LD des Collines signe pour la razzia"}]},{"@type":"WebSite","@id":"https:\/\/lepatriotebenin.com\/#website","url":"https:\/\/lepatriotebenin.com\/","name":"Le Patriote","description":"Le Patriote B\u00e9nin","potentialAction":[{"@type":"SearchAction","target":{"@type":"EntryPoint","urlTemplate":"https:\/\/lepatriotebenin.com\/?s={search_term_string}"},"query-input":{"@type":"PropertyValueSpecification","valueRequired":true,"valueName":"search_term_string"}}],"inLanguage":"fr-FR"},{"@type":"Person","@id":"https:\/\/lepatriotebenin.com\/#\/schema\/person\/6486fa44ec286eee49816deb241bcbbf","name":"Comlan Paul ODAH","image":{"@type":"ImageObject","inLanguage":"fr-FR","@id":"https:\/\/secure.gravatar.com\/avatar\/c45cf8a86d3cde8c562d63858f4ea8947664bd10708ad75990c2938897d9dbe1?s=96&d=mm&r=g","url":"https:\/\/secure.gravatar.com\/avatar\/c45cf8a86d3cde8c562d63858f4ea8947664bd10708ad75990c2938897d9dbe1?s=96&d=mm&r=g","contentUrl":"https:\/\/secure.gravatar.com\/avatar\/c45cf8a86d3cde8c562d63858f4ea8947664bd10708ad75990c2938897d9dbe1?s=96&d=mm&r=g","caption":"Comlan Paul ODAH"},"url":"https:\/\/lepatriotebenin.com"}]}},"_links":{"self":[{"href":"https:\/\/lepatriotebenin.com\/index.php\/wp-json\/wp\/v2\/posts\/16142","targetHints":{"allow":["GET"]}}],"collection":[{"href":"https:\/\/lepatriotebenin.com\/index.php\/wp-json\/wp\/v2\/posts"}],"about":[{"href":"https:\/\/lepatriotebenin.com\/index.php\/wp-json\/wp\/v2\/types\/post"}],"author":[{"embeddable":true,"href":"https:\/\/lepatriotebenin.com\/index.php\/wp-json\/wp\/v2\/users\/12"}],"replies":[{"embeddable":true,"href":"https:\/\/lepatriotebenin.com\/index.php\/wp-json\/wp\/v2\/comments?post=16142"}],"version-history":[{"count":1,"href":"https:\/\/lepatriotebenin.com\/index.php\/wp-json\/wp\/v2\/posts\/16142\/revisions"}],"predecessor-version":[{"id":16147,"href":"https:\/\/lepatriotebenin.com\/index.php\/wp-json\/wp\/v2\/posts\/16142\/revisions\/16147"}],"wp:featuredmedia":[{"embeddable":true,"href":"https:\/\/lepatriotebenin.com\/index.php\/wp-json\/wp\/v2\/media\/16146"}],"wp:attachment":[{"href":"https:\/\/lepatriotebenin.com\/index.php\/wp-json\/wp\/v2\/media?parent=16142"}],"wp:term":[{"taxonomy":"category","embeddable":true,"href":"https:\/\/lepatriotebenin.com\/index.php\/wp-json\/wp\/v2\/categories?post=16142"},{"taxonomy":"post_tag","embeddable":true,"href":"https:\/\/lepatriotebenin.com\/index.php\/wp-json\/wp\/v2\/tags?post=16142"}],"curies":[{"name":"wp","href":"https:\/\/api.w.org\/{rel}","templated":true}]}}