{"id":16098,"date":"2025-12-19T03:55:44","date_gmt":"2025-12-19T02:55:44","guid":{"rendered":"https:\/\/lepatriotebenin.com\/?p=16098"},"modified":"2025-12-19T03:55:44","modified_gmt":"2025-12-19T02:55:44","slug":"promulgation-de-la-nouvelle-constitution-beninoise-retour-deguise-au-parti-unique","status":"publish","type":"post","link":"https:\/\/lepatriotebenin.com\/index.php\/2025\/12\/19\/promulgation-de-la-nouvelle-constitution-beninoise-retour-deguise-au-parti-unique\/","title":{"rendered":"Promulgation de la nouvelle constitution b\u00e9ninoise :  Retour d\u00e9guis\u00e9 au parti unique"},"content":{"rendered":"<p><strong>Malgr\u00e9 les critiques, d\u00e9nonciations et recours, la Cour Constitutionnelle a valid\u00e9 la constitution r\u00e9vis\u00e9e nuitamment le 15 Novembre 2025 et le pr\u00e9sident de la R\u00e9publique l\u2019a promulgu\u00e9 ce mercredi 17 D\u00e9cembre 2025 soit un mois apr\u00e8s son adoption par la majorit\u00e9 parlementaire. <\/strong><\/p>\n<p>Au total,\u00a0 14 nouveaux articles ont \u00e9t\u00e9 introduits dans la nouvelle loi fondamentale et 18 de l\u2019ancienne ont \u00e9t\u00e9 modifi\u00e9s. Parmi les cr\u00e9ations figure l\u2019article 5.1 qui instaure une tr\u00eave qui aura essuy\u00e9 des plus acerbes critiques sans que celles-ci ne puissent \u00e9mouvoir ni la repr\u00e9sentation nationale en l\u2019occurrence la majorit\u00e9 parlementaire, ni les 7 sages de la Cour Constitutionnelle du professeur Doroth\u00e9e Sossa\u00a0 et encore moins le Chef de l\u2019\u00c9tat. Pendant six ann\u00e9es, la tr\u00eave\u00a0 politique privera, \u00e0\u00a0 partir de la prestation de serment ou de l\u2019investiture du nouveau pr\u00e9sident \u00e9lu, les hommes politiques surtout de l\u2019opposition de toutes activit\u00e9s politiques dans le pays. Aucune voix discordante ne pourra appr\u00e9cier la gouvernance du pr\u00e9sident en exercice si ce n\u2019est dans l\u2019intervalle des 12 mois qui pr\u00e9c\u00e8dent de nouvelles \u00e9lections.<\/p>\n<p>\u00ab <em>Dans l\u2019intervalle s\u00e9parant deux ann\u00e9es \u00e9lectorales, jusqu\u2019\u00e0 12 mois avant l\u2019ann\u00e9e \u00e9lectorale, les forces politiques concourent dans le respect du pluralisme, \u00e0\u00a0 la stabilit\u00e9, au renforcement de l\u2019\u00c9tat et \u00e0\u00a0 la continuit\u00e9 de l\u2019action politique. Les partis politiques d\u2019opposition sont tenus, dans la critique de l\u2019action publique, de proposer des alternatives ou des solutions constructives. Un Pacte de responsabilit\u00e9 r\u00e9publicaine peut \u00eatre conclu entre le gouvernement et les partis politiques sous l\u2019\u00e9gide du S\u00e9nat afin d\u2019\u00e9tablir un cadre de collaboration avec l\u2019opposition en raison de la prohibition des campagnes \u00e9lectorales permanentes hors p\u00e9riode non \u00e9lectorale. A cette fin, il est instaur\u00e9 une tr\u00eave politique pour compter de la date de proclamation d\u00e9finitive de l\u2019\u00e9lection du pr\u00e9sident de la R\u00e9publique\u00a0 jusqu\u2019\u00e0\u00a0 12 mois de la fin de son mandat. Durant la tr\u00eave,\u00a0 l\u2019animation politique \u00e0\u00a0 finalit\u00e9 comp\u00e9titive et \u00e9lectorale est prohib\u00e9 \u00bb,<\/em> stipule l\u2019article 5.1 de la nouvelle constitution.\u00a0 Cette tr\u00eave\u00a0 constitutionnalis\u00e9e retourne le B\u00e9nin aux ann\u00e9es du PRPB c\u2019est- \u00e0 -dire \u00e0 au moins\u00a0 35 ann\u00e9es en arri\u00e8re\u00a0 o\u00f9 le parti unique avait encore droit de cit\u00e9. Ce recul de la d\u00e9mocratie, si elle existe encore, a \u00e9t\u00e9\u00a0 d\u00e9nonc\u00e9 depuis son annonce par l\u2019introduction de la proposition de la loi portant r\u00e9vision de la constitution, par les plus respectables voix du pays. Si l\u2019opposition ne peut d\u00e9sormais animer la vie politique que lorsqu\u2019elle conclut un pacte\u00a0 de responsabilit\u00e9 r\u00e9publicaine pour collaborer avec\u00a0 le gouvernement, elle se confond \u00e0\u00a0 la mouvance et cesse d\u2019\u00eatre opposition sacrifiant ainsi le r\u00f4le et la mission d\u00e9mocratique\u00a0 qui lui sont normalement d\u00e9volues en tant qu\u2019opposition. La constitution r\u00e9vis\u00e9e jug\u00e9e constitutionnelle par la cour est promulgu\u00e9e. Que reste-t-il\u00a0 encore si ce n\u2019est de la fermer au nom et pour le respect de la tr\u00eave instaur\u00e9e ?<\/p>\n<p>&nbsp;<\/p>\n<p>&nbsp;<\/p>\n","protected":false},"excerpt":{"rendered":"<p>Malgr\u00e9 les critiques, d\u00e9nonciations et recours, la Cour Constitutionnelle a valid\u00e9 la constitution r\u00e9vis\u00e9e nuitamment le 15 Novembre 2025 et le pr\u00e9sident de la R\u00e9publique l\u2019a promulgu\u00e9 ce mercredi 17&hellip;<\/p>\n","protected":false},"author":12,"featured_media":16084,"comment_status":"open","ping_status":"open","sticky":false,"template":"","format":"standard","meta":{"content-type":"","om_disable_all_campaigns":false,"_monsterinsights_skip_tracking":false,"_monsterinsights_sitenote_active":false,"_monsterinsights_sitenote_note":"","_monsterinsights_sitenote_category":0,"_uf_show_specific_survey":0,"_uf_disable_surveys":false,"footnotes":""},"categories":[26],"tags":[],"class_list":["post-16098","post","type-post","status-publish","format-standard","has-post-thumbnail","hentry","category-politique"],"aioseo_notices":[],"yoast_head":"<!-- This site is optimized with the Yoast SEO plugin v27.5 - https:\/\/yoast.com\/product\/yoast-seo-wordpress\/ -->\n<title>Promulgation de la nouvelle constitution b\u00e9ninoise : Retour d\u00e9guis\u00e9 au parti unique - Le Patriote<\/title>\n<meta name=\"robots\" content=\"index, follow, max-snippet:-1, max-image-preview:large, max-video-preview:-1\" \/>\n<link rel=\"canonical\" href=\"https:\/\/lepatriotebenin.com\/index.php\/2025\/12\/19\/promulgation-de-la-nouvelle-constitution-beninoise-retour-deguise-au-parti-unique\/\" \/>\n<meta property=\"og:locale\" content=\"fr_FR\" \/>\n<meta property=\"og:type\" content=\"article\" \/>\n<meta property=\"og:title\" content=\"Promulgation de la nouvelle constitution b\u00e9ninoise : Retour d\u00e9guis\u00e9 au parti unique - Le Patriote\" \/>\n<meta property=\"og:description\" content=\"Malgr\u00e9 les critiques, d\u00e9nonciations et recours, la Cour Constitutionnelle a valid\u00e9 la constitution r\u00e9vis\u00e9e nuitamment le 15 Novembre 2025 et le pr\u00e9sident de la R\u00e9publique l\u2019a promulgu\u00e9 ce mercredi 17&hellip;\" \/>\n<meta property=\"og:url\" content=\"https:\/\/lepatriotebenin.com\/index.php\/2025\/12\/19\/promulgation-de-la-nouvelle-constitution-beninoise-retour-deguise-au-parti-unique\/\" \/>\n<meta property=\"og:site_name\" content=\"Le Patriote\" \/>\n<meta property=\"article:published_time\" content=\"2025-12-19T02:55:44+00:00\" \/>\n<meta property=\"og:image\" content=\"https:\/\/lepatriotebenin.com\/wp-content\/uploads\/2025\/12\/constitution.jpg\" \/>\n\t<meta property=\"og:image:width\" content=\"842\" \/>\n\t<meta property=\"og:image:height\" content=\"480\" \/>\n\t<meta property=\"og:image:type\" content=\"image\/jpeg\" \/>\n<meta name=\"author\" content=\"Comlan Paul ODAH\" \/>\n<meta name=\"twitter:card\" content=\"summary_large_image\" \/>\n<meta name=\"twitter:label1\" content=\"\u00c9crit par\" \/>\n\t<meta name=\"twitter:data1\" content=\"Comlan Paul ODAH\" \/>\n\t<meta name=\"twitter:label2\" content=\"Dur\u00e9e de lecture estim\u00e9e\" \/>\n\t<meta name=\"twitter:data2\" content=\"3 minutes\" \/>\n<script type=\"application\/ld+json\" class=\"yoast-schema-graph\">{\"@context\":\"https:\\\/\\\/schema.org\",\"@graph\":[{\"@type\":\"Article\",\"@id\":\"https:\\\/\\\/lepatriotebenin.com\\\/index.php\\\/2025\\\/12\\\/19\\\/promulgation-de-la-nouvelle-constitution-beninoise-retour-deguise-au-parti-unique\\\/#article\",\"isPartOf\":{\"@id\":\"https:\\\/\\\/lepatriotebenin.com\\\/index.php\\\/2025\\\/12\\\/19\\\/promulgation-de-la-nouvelle-constitution-beninoise-retour-deguise-au-parti-unique\\\/\"},\"author\":{\"name\":\"Comlan Paul ODAH\",\"@id\":\"https:\\\/\\\/lepatriotebenin.com\\\/#\\\/schema\\\/person\\\/6486fa44ec286eee49816deb241bcbbf\"},\"headline\":\"Promulgation de la nouvelle constitution b\u00e9ninoise : Retour d\u00e9guis\u00e9 au parti unique\",\"datePublished\":\"2025-12-19T02:55:44+00:00\",\"mainEntityOfPage\":{\"@id\":\"https:\\\/\\\/lepatriotebenin.com\\\/index.php\\\/2025\\\/12\\\/19\\\/promulgation-de-la-nouvelle-constitution-beninoise-retour-deguise-au-parti-unique\\\/\"},\"wordCount\":535,\"commentCount\":0,\"image\":{\"@id\":\"https:\\\/\\\/lepatriotebenin.com\\\/index.php\\\/2025\\\/12\\\/19\\\/promulgation-de-la-nouvelle-constitution-beninoise-retour-deguise-au-parti-unique\\\/#primaryimage\"},\"thumbnailUrl\":\"https:\\\/\\\/lepatriotebenin.com\\\/wp-content\\\/uploads\\\/2025\\\/12\\\/constitution.jpg\",\"articleSection\":[\"Politique\"],\"inLanguage\":\"fr-FR\",\"potentialAction\":[{\"@type\":\"CommentAction\",\"name\":\"Comment\",\"target\":[\"https:\\\/\\\/lepatriotebenin.com\\\/index.php\\\/2025\\\/12\\\/19\\\/promulgation-de-la-nouvelle-constitution-beninoise-retour-deguise-au-parti-unique\\\/#respond\"]}]},{\"@type\":\"WebPage\",\"@id\":\"https:\\\/\\\/lepatriotebenin.com\\\/index.php\\\/2025\\\/12\\\/19\\\/promulgation-de-la-nouvelle-constitution-beninoise-retour-deguise-au-parti-unique\\\/\",\"url\":\"https:\\\/\\\/lepatriotebenin.com\\\/index.php\\\/2025\\\/12\\\/19\\\/promulgation-de-la-nouvelle-constitution-beninoise-retour-deguise-au-parti-unique\\\/\",\"name\":\"Promulgation de la nouvelle constitution b\u00e9ninoise : Retour d\u00e9guis\u00e9 au parti unique - Le Patriote\",\"isPartOf\":{\"@id\":\"https:\\\/\\\/lepatriotebenin.com\\\/#website\"},\"primaryImageOfPage\":{\"@id\":\"https:\\\/\\\/lepatriotebenin.com\\\/index.php\\\/2025\\\/12\\\/19\\\/promulgation-de-la-nouvelle-constitution-beninoise-retour-deguise-au-parti-unique\\\/#primaryimage\"},\"image\":{\"@id\":\"https:\\\/\\\/lepatriotebenin.com\\\/index.php\\\/2025\\\/12\\\/19\\\/promulgation-de-la-nouvelle-constitution-beninoise-retour-deguise-au-parti-unique\\\/#primaryimage\"},\"thumbnailUrl\":\"https:\\\/\\\/lepatriotebenin.com\\\/wp-content\\\/uploads\\\/2025\\\/12\\\/constitution.jpg\",\"datePublished\":\"2025-12-19T02:55:44+00:00\",\"author\":{\"@id\":\"https:\\\/\\\/lepatriotebenin.com\\\/#\\\/schema\\\/person\\\/6486fa44ec286eee49816deb241bcbbf\"},\"breadcrumb\":{\"@id\":\"https:\\\/\\\/lepatriotebenin.com\\\/index.php\\\/2025\\\/12\\\/19\\\/promulgation-de-la-nouvelle-constitution-beninoise-retour-deguise-au-parti-unique\\\/#breadcrumb\"},\"inLanguage\":\"fr-FR\",\"potentialAction\":[{\"@type\":\"ReadAction\",\"target\":[\"https:\\\/\\\/lepatriotebenin.com\\\/index.php\\\/2025\\\/12\\\/19\\\/promulgation-de-la-nouvelle-constitution-beninoise-retour-deguise-au-parti-unique\\\/\"]}]},{\"@type\":\"ImageObject\",\"inLanguage\":\"fr-FR\",\"@id\":\"https:\\\/\\\/lepatriotebenin.com\\\/index.php\\\/2025\\\/12\\\/19\\\/promulgation-de-la-nouvelle-constitution-beninoise-retour-deguise-au-parti-unique\\\/#primaryimage\",\"url\":\"https:\\\/\\\/lepatriotebenin.com\\\/wp-content\\\/uploads\\\/2025\\\/12\\\/constitution.jpg\",\"contentUrl\":\"https:\\\/\\\/lepatriotebenin.com\\\/wp-content\\\/uploads\\\/2025\\\/12\\\/constitution.jpg\",\"width\":842,\"height\":480},{\"@type\":\"BreadcrumbList\",\"@id\":\"https:\\\/\\\/lepatriotebenin.com\\\/index.php\\\/2025\\\/12\\\/19\\\/promulgation-de-la-nouvelle-constitution-beninoise-retour-deguise-au-parti-unique\\\/#breadcrumb\",\"itemListElement\":[{\"@type\":\"ListItem\",\"position\":1,\"name\":\"Accueil\",\"item\":\"https:\\\/\\\/lepatriotebenin.com\\\/\"},{\"@type\":\"ListItem\",\"position\":2,\"name\":\"Promulgation de la nouvelle constitution b\u00e9ninoise : Retour d\u00e9guis\u00e9 au parti unique\"}]},{\"@type\":\"WebSite\",\"@id\":\"https:\\\/\\\/lepatriotebenin.com\\\/#website\",\"url\":\"https:\\\/\\\/lepatriotebenin.com\\\/\",\"name\":\"Le Patriote\",\"description\":\"Le Patriote B\u00e9nin\",\"potentialAction\":[{\"@type\":\"SearchAction\",\"target\":{\"@type\":\"EntryPoint\",\"urlTemplate\":\"https:\\\/\\\/lepatriotebenin.com\\\/?s={search_term_string}\"},\"query-input\":{\"@type\":\"PropertyValueSpecification\",\"valueRequired\":true,\"valueName\":\"search_term_string\"}}],\"inLanguage\":\"fr-FR\"},{\"@type\":\"Person\",\"@id\":\"https:\\\/\\\/lepatriotebenin.com\\\/#\\\/schema\\\/person\\\/6486fa44ec286eee49816deb241bcbbf\",\"name\":\"Comlan Paul ODAH\",\"image\":{\"@type\":\"ImageObject\",\"inLanguage\":\"fr-FR\",\"@id\":\"https:\\\/\\\/secure.gravatar.com\\\/avatar\\\/c45cf8a86d3cde8c562d63858f4ea8947664bd10708ad75990c2938897d9dbe1?s=96&d=mm&r=g\",\"url\":\"https:\\\/\\\/secure.gravatar.com\\\/avatar\\\/c45cf8a86d3cde8c562d63858f4ea8947664bd10708ad75990c2938897d9dbe1?s=96&d=mm&r=g\",\"contentUrl\":\"https:\\\/\\\/secure.gravatar.com\\\/avatar\\\/c45cf8a86d3cde8c562d63858f4ea8947664bd10708ad75990c2938897d9dbe1?s=96&d=mm&r=g\",\"caption\":\"Comlan Paul ODAH\"},\"url\":\"https:\\\/\\\/lepatriotebenin.com\"}]}<\/script>\n<!-- \/ Yoast SEO plugin. -->","yoast_head_json":{"title":"Promulgation de la nouvelle constitution b\u00e9ninoise : Retour d\u00e9guis\u00e9 au parti unique - Le Patriote","robots":{"index":"index","follow":"follow","max-snippet":"max-snippet:-1","max-image-preview":"max-image-preview:large","max-video-preview":"max-video-preview:-1"},"canonical":"https:\/\/lepatriotebenin.com\/index.php\/2025\/12\/19\/promulgation-de-la-nouvelle-constitution-beninoise-retour-deguise-au-parti-unique\/","og_locale":"fr_FR","og_type":"article","og_title":"Promulgation de la nouvelle constitution b\u00e9ninoise : Retour d\u00e9guis\u00e9 au parti unique - Le Patriote","og_description":"Malgr\u00e9 les critiques, d\u00e9nonciations et recours, la Cour Constitutionnelle a valid\u00e9 la constitution r\u00e9vis\u00e9e nuitamment le 15 Novembre 2025 et le pr\u00e9sident de la R\u00e9publique l\u2019a promulgu\u00e9 ce mercredi 17&hellip;","og_url":"https:\/\/lepatriotebenin.com\/index.php\/2025\/12\/19\/promulgation-de-la-nouvelle-constitution-beninoise-retour-deguise-au-parti-unique\/","og_site_name":"Le Patriote","article_published_time":"2025-12-19T02:55:44+00:00","og_image":[{"width":842,"height":480,"url":"https:\/\/lepatriotebenin.com\/wp-content\/uploads\/2025\/12\/constitution.jpg","type":"image\/jpeg"}],"author":"Comlan Paul ODAH","twitter_card":"summary_large_image","twitter_misc":{"\u00c9crit par":"Comlan Paul ODAH","Dur\u00e9e de lecture estim\u00e9e":"3 minutes"},"schema":{"@context":"https:\/\/schema.org","@graph":[{"@type":"Article","@id":"https:\/\/lepatriotebenin.com\/index.php\/2025\/12\/19\/promulgation-de-la-nouvelle-constitution-beninoise-retour-deguise-au-parti-unique\/#article","isPartOf":{"@id":"https:\/\/lepatriotebenin.com\/index.php\/2025\/12\/19\/promulgation-de-la-nouvelle-constitution-beninoise-retour-deguise-au-parti-unique\/"},"author":{"name":"Comlan Paul ODAH","@id":"https:\/\/lepatriotebenin.com\/#\/schema\/person\/6486fa44ec286eee49816deb241bcbbf"},"headline":"Promulgation de la nouvelle constitution b\u00e9ninoise : Retour d\u00e9guis\u00e9 au parti unique","datePublished":"2025-12-19T02:55:44+00:00","mainEntityOfPage":{"@id":"https:\/\/lepatriotebenin.com\/index.php\/2025\/12\/19\/promulgation-de-la-nouvelle-constitution-beninoise-retour-deguise-au-parti-unique\/"},"wordCount":535,"commentCount":0,"image":{"@id":"https:\/\/lepatriotebenin.com\/index.php\/2025\/12\/19\/promulgation-de-la-nouvelle-constitution-beninoise-retour-deguise-au-parti-unique\/#primaryimage"},"thumbnailUrl":"https:\/\/lepatriotebenin.com\/wp-content\/uploads\/2025\/12\/constitution.jpg","articleSection":["Politique"],"inLanguage":"fr-FR","potentialAction":[{"@type":"CommentAction","name":"Comment","target":["https:\/\/lepatriotebenin.com\/index.php\/2025\/12\/19\/promulgation-de-la-nouvelle-constitution-beninoise-retour-deguise-au-parti-unique\/#respond"]}]},{"@type":"WebPage","@id":"https:\/\/lepatriotebenin.com\/index.php\/2025\/12\/19\/promulgation-de-la-nouvelle-constitution-beninoise-retour-deguise-au-parti-unique\/","url":"https:\/\/lepatriotebenin.com\/index.php\/2025\/12\/19\/promulgation-de-la-nouvelle-constitution-beninoise-retour-deguise-au-parti-unique\/","name":"Promulgation de la nouvelle constitution b\u00e9ninoise : Retour d\u00e9guis\u00e9 au parti unique - Le Patriote","isPartOf":{"@id":"https:\/\/lepatriotebenin.com\/#website"},"primaryImageOfPage":{"@id":"https:\/\/lepatriotebenin.com\/index.php\/2025\/12\/19\/promulgation-de-la-nouvelle-constitution-beninoise-retour-deguise-au-parti-unique\/#primaryimage"},"image":{"@id":"https:\/\/lepatriotebenin.com\/index.php\/2025\/12\/19\/promulgation-de-la-nouvelle-constitution-beninoise-retour-deguise-au-parti-unique\/#primaryimage"},"thumbnailUrl":"https:\/\/lepatriotebenin.com\/wp-content\/uploads\/2025\/12\/constitution.jpg","datePublished":"2025-12-19T02:55:44+00:00","author":{"@id":"https:\/\/lepatriotebenin.com\/#\/schema\/person\/6486fa44ec286eee49816deb241bcbbf"},"breadcrumb":{"@id":"https:\/\/lepatriotebenin.com\/index.php\/2025\/12\/19\/promulgation-de-la-nouvelle-constitution-beninoise-retour-deguise-au-parti-unique\/#breadcrumb"},"inLanguage":"fr-FR","potentialAction":[{"@type":"ReadAction","target":["https:\/\/lepatriotebenin.com\/index.php\/2025\/12\/19\/promulgation-de-la-nouvelle-constitution-beninoise-retour-deguise-au-parti-unique\/"]}]},{"@type":"ImageObject","inLanguage":"fr-FR","@id":"https:\/\/lepatriotebenin.com\/index.php\/2025\/12\/19\/promulgation-de-la-nouvelle-constitution-beninoise-retour-deguise-au-parti-unique\/#primaryimage","url":"https:\/\/lepatriotebenin.com\/wp-content\/uploads\/2025\/12\/constitution.jpg","contentUrl":"https:\/\/lepatriotebenin.com\/wp-content\/uploads\/2025\/12\/constitution.jpg","width":842,"height":480},{"@type":"BreadcrumbList","@id":"https:\/\/lepatriotebenin.com\/index.php\/2025\/12\/19\/promulgation-de-la-nouvelle-constitution-beninoise-retour-deguise-au-parti-unique\/#breadcrumb","itemListElement":[{"@type":"ListItem","position":1,"name":"Accueil","item":"https:\/\/lepatriotebenin.com\/"},{"@type":"ListItem","position":2,"name":"Promulgation de la nouvelle constitution b\u00e9ninoise : Retour d\u00e9guis\u00e9 au parti unique"}]},{"@type":"WebSite","@id":"https:\/\/lepatriotebenin.com\/#website","url":"https:\/\/lepatriotebenin.com\/","name":"Le Patriote","description":"Le Patriote B\u00e9nin","potentialAction":[{"@type":"SearchAction","target":{"@type":"EntryPoint","urlTemplate":"https:\/\/lepatriotebenin.com\/?s={search_term_string}"},"query-input":{"@type":"PropertyValueSpecification","valueRequired":true,"valueName":"search_term_string"}}],"inLanguage":"fr-FR"},{"@type":"Person","@id":"https:\/\/lepatriotebenin.com\/#\/schema\/person\/6486fa44ec286eee49816deb241bcbbf","name":"Comlan Paul ODAH","image":{"@type":"ImageObject","inLanguage":"fr-FR","@id":"https:\/\/secure.gravatar.com\/avatar\/c45cf8a86d3cde8c562d63858f4ea8947664bd10708ad75990c2938897d9dbe1?s=96&d=mm&r=g","url":"https:\/\/secure.gravatar.com\/avatar\/c45cf8a86d3cde8c562d63858f4ea8947664bd10708ad75990c2938897d9dbe1?s=96&d=mm&r=g","contentUrl":"https:\/\/secure.gravatar.com\/avatar\/c45cf8a86d3cde8c562d63858f4ea8947664bd10708ad75990c2938897d9dbe1?s=96&d=mm&r=g","caption":"Comlan Paul ODAH"},"url":"https:\/\/lepatriotebenin.com"}]}},"_links":{"self":[{"href":"https:\/\/lepatriotebenin.com\/index.php\/wp-json\/wp\/v2\/posts\/16098","targetHints":{"allow":["GET"]}}],"collection":[{"href":"https:\/\/lepatriotebenin.com\/index.php\/wp-json\/wp\/v2\/posts"}],"about":[{"href":"https:\/\/lepatriotebenin.com\/index.php\/wp-json\/wp\/v2\/types\/post"}],"author":[{"embeddable":true,"href":"https:\/\/lepatriotebenin.com\/index.php\/wp-json\/wp\/v2\/users\/12"}],"replies":[{"embeddable":true,"href":"https:\/\/lepatriotebenin.com\/index.php\/wp-json\/wp\/v2\/comments?post=16098"}],"version-history":[{"count":1,"href":"https:\/\/lepatriotebenin.com\/index.php\/wp-json\/wp\/v2\/posts\/16098\/revisions"}],"predecessor-version":[{"id":16099,"href":"https:\/\/lepatriotebenin.com\/index.php\/wp-json\/wp\/v2\/posts\/16098\/revisions\/16099"}],"wp:featuredmedia":[{"embeddable":true,"href":"https:\/\/lepatriotebenin.com\/index.php\/wp-json\/wp\/v2\/media\/16084"}],"wp:attachment":[{"href":"https:\/\/lepatriotebenin.com\/index.php\/wp-json\/wp\/v2\/media?parent=16098"}],"wp:term":[{"taxonomy":"category","embeddable":true,"href":"https:\/\/lepatriotebenin.com\/index.php\/wp-json\/wp\/v2\/categories?post=16098"},{"taxonomy":"post_tag","embeddable":true,"href":"https:\/\/lepatriotebenin.com\/index.php\/wp-json\/wp\/v2\/tags?post=16098"}],"curies":[{"name":"wp","href":"https:\/\/api.w.org\/{rel}","templated":true}]}}