{"id":16092,"date":"2025-12-19T03:43:08","date_gmt":"2025-12-19T02:43:08","guid":{"rendered":"https:\/\/lepatriotebenin.com\/?p=16092"},"modified":"2025-12-19T03:43:08","modified_gmt":"2025-12-19T02:43:08","slug":"etats-unis-venezuela-un-durcissement-de-politique-qui-inquiete-la-communaute-internationale","status":"publish","type":"post","link":"https:\/\/lepatriotebenin.com\/index.php\/2025\/12\/19\/etats-unis-venezuela-un-durcissement-de-politique-qui-inquiete-la-communaute-internationale\/","title":{"rendered":"Etats-Unis\u2013Venezuela : un durcissement de politique qui inqui\u00e8te la communaut\u00e9 internationale"},"content":{"rendered":"<p>Le Venezuela subit une pression ext\u00e9rieure sans pr\u00e9c\u00e9dent\u00a0 par ded sanctions \u00e9conomiques renforc\u00e9es et op\u00e9rations militaires maritimes ont plong\u00e9 le pays dans une nouvelle phase de crise. Les r\u00e9actions internationales sont divis\u00e9es, entre appels \u00e0 la d\u00e9sescalade et soutien tacite aux mesures am\u00e9ricaines.<\/p>\n<p>En d\u00e9cembre 2025, la confrontation entre Washington et Caracas a franchi un palier. L&rsquo;annonce par l&rsquo;administration Trump d\u2019un \u00ab blocus total \u00bb des p\u00e9troliers sanctionn\u00e9s et frappes men\u00e9es en mer par les forces am\u00e9ricaines transforment une guerre \u00e9conomique en crise \u00e0 forts enjeux humains et diplomatiques.<\/p>\n<p>L\u2019administration Trump a intensifi\u00e9 depuis 2024\u20132025 une s\u00e9rie de mesures ciblant le secteur p\u00e9trolier v\u00e9n\u00e9zu\u00e9lien \u2014 gel d\u2019avoirs, sanctions contre PDVSA et contre des navires et soci\u00e9t\u00e9s impliqu\u00e9s dans le transport du brut. Tout r\u00e9cemment en d\u00e9cembre 2025, le pr\u00e9sident a annonc\u00e9 ce qu\u2019il a qualifi\u00e9 de \u00ab blocus total \u00bb des p\u00e9troliers sanctionn\u00e9s entrant et sortant du Venezuela, visant \u00e0 couper une source vitale de revenus pour le r\u00e9gime de Nicol\u00e1s Maduro. Les march\u00e9s p\u00e9troliers ont r\u00e9agi \u00e0 l\u2019annonce.<\/p>\n<p><strong>Des frappes en mer r\u00e9currentes<\/strong><\/p>\n<p>Les op\u00e9rations militaires men\u00e9es par les \u00c9tats-Unis dans l\u2019oc\u00e9an Pacifique et l\u2019est du Pacifique ont vis\u00e9 des embarcations d\u00e9crites comme li\u00e9es au narcotrafic ou \u00e0 des r\u00e9seaux logistiques ill\u00e9gaux. Les communiqu\u00e9s officiels \u00e9voquent frappes sur plusieurs navires. Selon plusieurs m\u00e9dias le bilan s&rsquo;est alourdi faisant environ 99 morts. Les autorit\u00e9s am\u00e9ricaines justifient ces actions par la lutte contre le narcotrafic. Caracas parle d\u2019attaques ill\u00e9gitimes contre ses ressources strat\u00e9giques.<\/p>\n<p><strong>R\u00e9actions internationales et divisions<\/strong><\/p>\n<p>La communaut\u00e9 internationale est partag\u00e9e : des pays comme le Mexique et le Br\u00e9sil appellent \u00e0 la retenue et proposent une m\u00e9diation, tandis que la Chine et d\u2019autres alli\u00e9s d\u00e9noncent le \u00ab bullying \u00bb unilat\u00e9ral. Au sein des instances internationales, des voix r\u00e9clament enqu\u00eates sur la l\u00e9galit\u00e9 des frappes et sur les r\u00e9percussions humanitaires du blocus sur la population v\u00e9n\u00e9zu\u00e9lienne.<\/p>\n<p>Pris entre l\u2019effondrement \u00e9conomique int\u00e9rieur et la pression ext\u00e9rieure, le Venezuela est \u00e0 la crois\u00e9e des chemins : sans initiatives cr\u00e9dibles de dialogue et sans garantie du respect du droit international, la situation risque de s\u2019enliser \u2014 avec des cons\u00e9quences humanitaires et g\u00e9opolitiques lourdes pour la r\u00e9gion.<\/p>\n<p><strong>Ez\u00e9chiel Dagb\u00e9gnon PADONOU<\/strong><\/p>\n<p>&nbsp;<\/p>\n<p>&nbsp;<\/p>\n","protected":false},"excerpt":{"rendered":"<p>Le Venezuela subit une pression ext\u00e9rieure sans pr\u00e9c\u00e9dent\u00a0 par ded sanctions \u00e9conomiques renforc\u00e9es et op\u00e9rations militaires maritimes ont plong\u00e9 le pays dans une nouvelle phase de crise. Les r\u00e9actions internationales&hellip;<\/p>\n","protected":false},"author":5,"featured_media":16093,"comment_status":"open","ping_status":"open","sticky":false,"template":"","format":"standard","meta":{"content-type":"","om_disable_all_campaigns":false,"_monsterinsights_skip_tracking":false,"_monsterinsights_sitenote_active":false,"_monsterinsights_sitenote_note":"","_monsterinsights_sitenote_category":0,"_uf_show_specific_survey":0,"_uf_disable_surveys":false,"footnotes":""},"categories":[9],"tags":[],"class_list":["post-16092","post","type-post","status-publish","format-standard","has-post-thumbnail","hentry","category-uncategorized"],"aioseo_notices":[],"yoast_head":"<!-- This site is optimized with the Yoast SEO plugin v27.5 - https:\/\/yoast.com\/product\/yoast-seo-wordpress\/ -->\n<title>Etats-Unis\u2013Venezuela : un durcissement de politique qui inqui\u00e8te la communaut\u00e9 internationale - Le Patriote<\/title>\n<meta name=\"robots\" content=\"index, follow, max-snippet:-1, max-image-preview:large, max-video-preview:-1\" \/>\n<link rel=\"canonical\" href=\"https:\/\/lepatriotebenin.com\/index.php\/2025\/12\/19\/etats-unis-venezuela-un-durcissement-de-politique-qui-inquiete-la-communaute-internationale\/\" \/>\n<meta property=\"og:locale\" content=\"fr_FR\" \/>\n<meta property=\"og:type\" content=\"article\" \/>\n<meta property=\"og:title\" content=\"Etats-Unis\u2013Venezuela : un durcissement de politique qui inqui\u00e8te la communaut\u00e9 internationale - Le Patriote\" \/>\n<meta property=\"og:description\" content=\"Le Venezuela subit une pression ext\u00e9rieure sans pr\u00e9c\u00e9dent\u00a0 par ded sanctions \u00e9conomiques renforc\u00e9es et op\u00e9rations militaires maritimes ont plong\u00e9 le pays dans une nouvelle phase de crise. Les r\u00e9actions internationales&hellip;\" \/>\n<meta property=\"og:url\" content=\"https:\/\/lepatriotebenin.com\/index.php\/2025\/12\/19\/etats-unis-venezuela-un-durcissement-de-politique-qui-inquiete-la-communaute-internationale\/\" \/>\n<meta property=\"og:site_name\" content=\"Le Patriote\" \/>\n<meta property=\"article:published_time\" content=\"2025-12-19T02:43:08+00:00\" \/>\n<meta property=\"og:image\" content=\"https:\/\/lepatriotebenin.com\/wp-content\/uploads\/2025\/12\/ue-v-un-durcissement.jpg\" \/>\n\t<meta property=\"og:image:width\" content=\"770\" \/>\n\t<meta property=\"og:image:height\" content=\"432\" \/>\n\t<meta property=\"og:image:type\" content=\"image\/jpeg\" \/>\n<meta name=\"author\" content=\"Redaction\" \/>\n<meta name=\"twitter:card\" content=\"summary_large_image\" \/>\n<meta name=\"twitter:label1\" content=\"\u00c9crit par\" \/>\n\t<meta name=\"twitter:data1\" content=\"Redaction\" \/>\n\t<meta name=\"twitter:label2\" content=\"Dur\u00e9e de lecture estim\u00e9e\" \/>\n\t<meta name=\"twitter:data2\" content=\"2 minutes\" \/>\n<script type=\"application\/ld+json\" class=\"yoast-schema-graph\">{\"@context\":\"https:\\\/\\\/schema.org\",\"@graph\":[{\"@type\":\"Article\",\"@id\":\"https:\\\/\\\/lepatriotebenin.com\\\/index.php\\\/2025\\\/12\\\/19\\\/etats-unis-venezuela-un-durcissement-de-politique-qui-inquiete-la-communaute-internationale\\\/#article\",\"isPartOf\":{\"@id\":\"https:\\\/\\\/lepatriotebenin.com\\\/index.php\\\/2025\\\/12\\\/19\\\/etats-unis-venezuela-un-durcissement-de-politique-qui-inquiete-la-communaute-internationale\\\/\"},\"author\":{\"name\":\"Redaction\",\"@id\":\"https:\\\/\\\/lepatriotebenin.com\\\/#\\\/schema\\\/person\\\/2e7709b9c9cc313e452d1136af61690f\"},\"headline\":\"Etats-Unis\u2013Venezuela : un durcissement de politique qui inqui\u00e8te la communaut\u00e9 internationale\",\"datePublished\":\"2025-12-19T02:43:08+00:00\",\"mainEntityOfPage\":{\"@id\":\"https:\\\/\\\/lepatriotebenin.com\\\/index.php\\\/2025\\\/12\\\/19\\\/etats-unis-venezuela-un-durcissement-de-politique-qui-inquiete-la-communaute-internationale\\\/\"},\"wordCount\":432,\"commentCount\":0,\"image\":{\"@id\":\"https:\\\/\\\/lepatriotebenin.com\\\/index.php\\\/2025\\\/12\\\/19\\\/etats-unis-venezuela-un-durcissement-de-politique-qui-inquiete-la-communaute-internationale\\\/#primaryimage\"},\"thumbnailUrl\":\"https:\\\/\\\/lepatriotebenin.com\\\/wp-content\\\/uploads\\\/2025\\\/12\\\/ue-v-un-durcissement.jpg\",\"articleSection\":[\"Uncategorized\"],\"inLanguage\":\"fr-FR\",\"potentialAction\":[{\"@type\":\"CommentAction\",\"name\":\"Comment\",\"target\":[\"https:\\\/\\\/lepatriotebenin.com\\\/index.php\\\/2025\\\/12\\\/19\\\/etats-unis-venezuela-un-durcissement-de-politique-qui-inquiete-la-communaute-internationale\\\/#respond\"]}]},{\"@type\":\"WebPage\",\"@id\":\"https:\\\/\\\/lepatriotebenin.com\\\/index.php\\\/2025\\\/12\\\/19\\\/etats-unis-venezuela-un-durcissement-de-politique-qui-inquiete-la-communaute-internationale\\\/\",\"url\":\"https:\\\/\\\/lepatriotebenin.com\\\/index.php\\\/2025\\\/12\\\/19\\\/etats-unis-venezuela-un-durcissement-de-politique-qui-inquiete-la-communaute-internationale\\\/\",\"name\":\"Etats-Unis\u2013Venezuela : un durcissement de politique qui inqui\u00e8te la communaut\u00e9 internationale - Le Patriote\",\"isPartOf\":{\"@id\":\"https:\\\/\\\/lepatriotebenin.com\\\/#website\"},\"primaryImageOfPage\":{\"@id\":\"https:\\\/\\\/lepatriotebenin.com\\\/index.php\\\/2025\\\/12\\\/19\\\/etats-unis-venezuela-un-durcissement-de-politique-qui-inquiete-la-communaute-internationale\\\/#primaryimage\"},\"image\":{\"@id\":\"https:\\\/\\\/lepatriotebenin.com\\\/index.php\\\/2025\\\/12\\\/19\\\/etats-unis-venezuela-un-durcissement-de-politique-qui-inquiete-la-communaute-internationale\\\/#primaryimage\"},\"thumbnailUrl\":\"https:\\\/\\\/lepatriotebenin.com\\\/wp-content\\\/uploads\\\/2025\\\/12\\\/ue-v-un-durcissement.jpg\",\"datePublished\":\"2025-12-19T02:43:08+00:00\",\"author\":{\"@id\":\"https:\\\/\\\/lepatriotebenin.com\\\/#\\\/schema\\\/person\\\/2e7709b9c9cc313e452d1136af61690f\"},\"breadcrumb\":{\"@id\":\"https:\\\/\\\/lepatriotebenin.com\\\/index.php\\\/2025\\\/12\\\/19\\\/etats-unis-venezuela-un-durcissement-de-politique-qui-inquiete-la-communaute-internationale\\\/#breadcrumb\"},\"inLanguage\":\"fr-FR\",\"potentialAction\":[{\"@type\":\"ReadAction\",\"target\":[\"https:\\\/\\\/lepatriotebenin.com\\\/index.php\\\/2025\\\/12\\\/19\\\/etats-unis-venezuela-un-durcissement-de-politique-qui-inquiete-la-communaute-internationale\\\/\"]}]},{\"@type\":\"ImageObject\",\"inLanguage\":\"fr-FR\",\"@id\":\"https:\\\/\\\/lepatriotebenin.com\\\/index.php\\\/2025\\\/12\\\/19\\\/etats-unis-venezuela-un-durcissement-de-politique-qui-inquiete-la-communaute-internationale\\\/#primaryimage\",\"url\":\"https:\\\/\\\/lepatriotebenin.com\\\/wp-content\\\/uploads\\\/2025\\\/12\\\/ue-v-un-durcissement.jpg\",\"contentUrl\":\"https:\\\/\\\/lepatriotebenin.com\\\/wp-content\\\/uploads\\\/2025\\\/12\\\/ue-v-un-durcissement.jpg\",\"width\":770,\"height\":432},{\"@type\":\"BreadcrumbList\",\"@id\":\"https:\\\/\\\/lepatriotebenin.com\\\/index.php\\\/2025\\\/12\\\/19\\\/etats-unis-venezuela-un-durcissement-de-politique-qui-inquiete-la-communaute-internationale\\\/#breadcrumb\",\"itemListElement\":[{\"@type\":\"ListItem\",\"position\":1,\"name\":\"Accueil\",\"item\":\"https:\\\/\\\/lepatriotebenin.com\\\/\"},{\"@type\":\"ListItem\",\"position\":2,\"name\":\"Etats-Unis\u2013Venezuela : un durcissement de politique qui inqui\u00e8te la communaut\u00e9 internationale\"}]},{\"@type\":\"WebSite\",\"@id\":\"https:\\\/\\\/lepatriotebenin.com\\\/#website\",\"url\":\"https:\\\/\\\/lepatriotebenin.com\\\/\",\"name\":\"Le Patriote\",\"description\":\"Le Patriote B\u00e9nin\",\"potentialAction\":[{\"@type\":\"SearchAction\",\"target\":{\"@type\":\"EntryPoint\",\"urlTemplate\":\"https:\\\/\\\/lepatriotebenin.com\\\/?s={search_term_string}\"},\"query-input\":{\"@type\":\"PropertyValueSpecification\",\"valueRequired\":true,\"valueName\":\"search_term_string\"}}],\"inLanguage\":\"fr-FR\"},{\"@type\":\"Person\",\"@id\":\"https:\\\/\\\/lepatriotebenin.com\\\/#\\\/schema\\\/person\\\/2e7709b9c9cc313e452d1136af61690f\",\"name\":\"Redaction\",\"image\":{\"@type\":\"ImageObject\",\"inLanguage\":\"fr-FR\",\"@id\":\"https:\\\/\\\/secure.gravatar.com\\\/avatar\\\/c4c509357859ea2ca2cbb6d8812898a73e4ef1ef9934c2e591d7e32face734d1?s=96&d=mm&r=g\",\"url\":\"https:\\\/\\\/secure.gravatar.com\\\/avatar\\\/c4c509357859ea2ca2cbb6d8812898a73e4ef1ef9934c2e591d7e32face734d1?s=96&d=mm&r=g\",\"contentUrl\":\"https:\\\/\\\/secure.gravatar.com\\\/avatar\\\/c4c509357859ea2ca2cbb6d8812898a73e4ef1ef9934c2e591d7e32face734d1?s=96&d=mm&r=g\",\"caption\":\"Redaction\"},\"url\":\"https:\\\/\\\/lepatriotebenin.com\"}]}<\/script>\n<!-- \/ Yoast SEO plugin. -->","yoast_head_json":{"title":"Etats-Unis\u2013Venezuela : un durcissement de politique qui inqui\u00e8te la communaut\u00e9 internationale - Le Patriote","robots":{"index":"index","follow":"follow","max-snippet":"max-snippet:-1","max-image-preview":"max-image-preview:large","max-video-preview":"max-video-preview:-1"},"canonical":"https:\/\/lepatriotebenin.com\/index.php\/2025\/12\/19\/etats-unis-venezuela-un-durcissement-de-politique-qui-inquiete-la-communaute-internationale\/","og_locale":"fr_FR","og_type":"article","og_title":"Etats-Unis\u2013Venezuela : un durcissement de politique qui inqui\u00e8te la communaut\u00e9 internationale - Le Patriote","og_description":"Le Venezuela subit une pression ext\u00e9rieure sans pr\u00e9c\u00e9dent\u00a0 par ded sanctions \u00e9conomiques renforc\u00e9es et op\u00e9rations militaires maritimes ont plong\u00e9 le pays dans une nouvelle phase de crise. Les r\u00e9actions internationales&hellip;","og_url":"https:\/\/lepatriotebenin.com\/index.php\/2025\/12\/19\/etats-unis-venezuela-un-durcissement-de-politique-qui-inquiete-la-communaute-internationale\/","og_site_name":"Le Patriote","article_published_time":"2025-12-19T02:43:08+00:00","og_image":[{"width":770,"height":432,"url":"https:\/\/lepatriotebenin.com\/wp-content\/uploads\/2025\/12\/ue-v-un-durcissement.jpg","type":"image\/jpeg"}],"author":"Redaction","twitter_card":"summary_large_image","twitter_misc":{"\u00c9crit par":"Redaction","Dur\u00e9e de lecture estim\u00e9e":"2 minutes"},"schema":{"@context":"https:\/\/schema.org","@graph":[{"@type":"Article","@id":"https:\/\/lepatriotebenin.com\/index.php\/2025\/12\/19\/etats-unis-venezuela-un-durcissement-de-politique-qui-inquiete-la-communaute-internationale\/#article","isPartOf":{"@id":"https:\/\/lepatriotebenin.com\/index.php\/2025\/12\/19\/etats-unis-venezuela-un-durcissement-de-politique-qui-inquiete-la-communaute-internationale\/"},"author":{"name":"Redaction","@id":"https:\/\/lepatriotebenin.com\/#\/schema\/person\/2e7709b9c9cc313e452d1136af61690f"},"headline":"Etats-Unis\u2013Venezuela : un durcissement de politique qui inqui\u00e8te la communaut\u00e9 internationale","datePublished":"2025-12-19T02:43:08+00:00","mainEntityOfPage":{"@id":"https:\/\/lepatriotebenin.com\/index.php\/2025\/12\/19\/etats-unis-venezuela-un-durcissement-de-politique-qui-inquiete-la-communaute-internationale\/"},"wordCount":432,"commentCount":0,"image":{"@id":"https:\/\/lepatriotebenin.com\/index.php\/2025\/12\/19\/etats-unis-venezuela-un-durcissement-de-politique-qui-inquiete-la-communaute-internationale\/#primaryimage"},"thumbnailUrl":"https:\/\/lepatriotebenin.com\/wp-content\/uploads\/2025\/12\/ue-v-un-durcissement.jpg","articleSection":["Uncategorized"],"inLanguage":"fr-FR","potentialAction":[{"@type":"CommentAction","name":"Comment","target":["https:\/\/lepatriotebenin.com\/index.php\/2025\/12\/19\/etats-unis-venezuela-un-durcissement-de-politique-qui-inquiete-la-communaute-internationale\/#respond"]}]},{"@type":"WebPage","@id":"https:\/\/lepatriotebenin.com\/index.php\/2025\/12\/19\/etats-unis-venezuela-un-durcissement-de-politique-qui-inquiete-la-communaute-internationale\/","url":"https:\/\/lepatriotebenin.com\/index.php\/2025\/12\/19\/etats-unis-venezuela-un-durcissement-de-politique-qui-inquiete-la-communaute-internationale\/","name":"Etats-Unis\u2013Venezuela : un durcissement de politique qui inqui\u00e8te la communaut\u00e9 internationale - Le Patriote","isPartOf":{"@id":"https:\/\/lepatriotebenin.com\/#website"},"primaryImageOfPage":{"@id":"https:\/\/lepatriotebenin.com\/index.php\/2025\/12\/19\/etats-unis-venezuela-un-durcissement-de-politique-qui-inquiete-la-communaute-internationale\/#primaryimage"},"image":{"@id":"https:\/\/lepatriotebenin.com\/index.php\/2025\/12\/19\/etats-unis-venezuela-un-durcissement-de-politique-qui-inquiete-la-communaute-internationale\/#primaryimage"},"thumbnailUrl":"https:\/\/lepatriotebenin.com\/wp-content\/uploads\/2025\/12\/ue-v-un-durcissement.jpg","datePublished":"2025-12-19T02:43:08+00:00","author":{"@id":"https:\/\/lepatriotebenin.com\/#\/schema\/person\/2e7709b9c9cc313e452d1136af61690f"},"breadcrumb":{"@id":"https:\/\/lepatriotebenin.com\/index.php\/2025\/12\/19\/etats-unis-venezuela-un-durcissement-de-politique-qui-inquiete-la-communaute-internationale\/#breadcrumb"},"inLanguage":"fr-FR","potentialAction":[{"@type":"ReadAction","target":["https:\/\/lepatriotebenin.com\/index.php\/2025\/12\/19\/etats-unis-venezuela-un-durcissement-de-politique-qui-inquiete-la-communaute-internationale\/"]}]},{"@type":"ImageObject","inLanguage":"fr-FR","@id":"https:\/\/lepatriotebenin.com\/index.php\/2025\/12\/19\/etats-unis-venezuela-un-durcissement-de-politique-qui-inquiete-la-communaute-internationale\/#primaryimage","url":"https:\/\/lepatriotebenin.com\/wp-content\/uploads\/2025\/12\/ue-v-un-durcissement.jpg","contentUrl":"https:\/\/lepatriotebenin.com\/wp-content\/uploads\/2025\/12\/ue-v-un-durcissement.jpg","width":770,"height":432},{"@type":"BreadcrumbList","@id":"https:\/\/lepatriotebenin.com\/index.php\/2025\/12\/19\/etats-unis-venezuela-un-durcissement-de-politique-qui-inquiete-la-communaute-internationale\/#breadcrumb","itemListElement":[{"@type":"ListItem","position":1,"name":"Accueil","item":"https:\/\/lepatriotebenin.com\/"},{"@type":"ListItem","position":2,"name":"Etats-Unis\u2013Venezuela : un durcissement de politique qui inqui\u00e8te la communaut\u00e9 internationale"}]},{"@type":"WebSite","@id":"https:\/\/lepatriotebenin.com\/#website","url":"https:\/\/lepatriotebenin.com\/","name":"Le Patriote","description":"Le Patriote B\u00e9nin","potentialAction":[{"@type":"SearchAction","target":{"@type":"EntryPoint","urlTemplate":"https:\/\/lepatriotebenin.com\/?s={search_term_string}"},"query-input":{"@type":"PropertyValueSpecification","valueRequired":true,"valueName":"search_term_string"}}],"inLanguage":"fr-FR"},{"@type":"Person","@id":"https:\/\/lepatriotebenin.com\/#\/schema\/person\/2e7709b9c9cc313e452d1136af61690f","name":"Redaction","image":{"@type":"ImageObject","inLanguage":"fr-FR","@id":"https:\/\/secure.gravatar.com\/avatar\/c4c509357859ea2ca2cbb6d8812898a73e4ef1ef9934c2e591d7e32face734d1?s=96&d=mm&r=g","url":"https:\/\/secure.gravatar.com\/avatar\/c4c509357859ea2ca2cbb6d8812898a73e4ef1ef9934c2e591d7e32face734d1?s=96&d=mm&r=g","contentUrl":"https:\/\/secure.gravatar.com\/avatar\/c4c509357859ea2ca2cbb6d8812898a73e4ef1ef9934c2e591d7e32face734d1?s=96&d=mm&r=g","caption":"Redaction"},"url":"https:\/\/lepatriotebenin.com"}]}},"_links":{"self":[{"href":"https:\/\/lepatriotebenin.com\/index.php\/wp-json\/wp\/v2\/posts\/16092","targetHints":{"allow":["GET"]}}],"collection":[{"href":"https:\/\/lepatriotebenin.com\/index.php\/wp-json\/wp\/v2\/posts"}],"about":[{"href":"https:\/\/lepatriotebenin.com\/index.php\/wp-json\/wp\/v2\/types\/post"}],"author":[{"embeddable":true,"href":"https:\/\/lepatriotebenin.com\/index.php\/wp-json\/wp\/v2\/users\/5"}],"replies":[{"embeddable":true,"href":"https:\/\/lepatriotebenin.com\/index.php\/wp-json\/wp\/v2\/comments?post=16092"}],"version-history":[{"count":1,"href":"https:\/\/lepatriotebenin.com\/index.php\/wp-json\/wp\/v2\/posts\/16092\/revisions"}],"predecessor-version":[{"id":16094,"href":"https:\/\/lepatriotebenin.com\/index.php\/wp-json\/wp\/v2\/posts\/16092\/revisions\/16094"}],"wp:featuredmedia":[{"embeddable":true,"href":"https:\/\/lepatriotebenin.com\/index.php\/wp-json\/wp\/v2\/media\/16093"}],"wp:attachment":[{"href":"https:\/\/lepatriotebenin.com\/index.php\/wp-json\/wp\/v2\/media?parent=16092"}],"wp:term":[{"taxonomy":"category","embeddable":true,"href":"https:\/\/lepatriotebenin.com\/index.php\/wp-json\/wp\/v2\/categories?post=16092"},{"taxonomy":"post_tag","embeddable":true,"href":"https:\/\/lepatriotebenin.com\/index.php\/wp-json\/wp\/v2\/tags?post=16092"}],"curies":[{"name":"wp","href":"https:\/\/api.w.org\/{rel}","templated":true}]}}