{"id":16045,"date":"2025-12-17T19:29:21","date_gmt":"2025-12-17T18:29:21","guid":{"rendered":"https:\/\/lepatriotebenin.com\/?p=16045"},"modified":"2025-12-17T19:34:15","modified_gmt":"2025-12-17T18:34:15","slug":"securite-a-kolokonde-un-arsenal-decouvert-chez-un-chasseur","status":"publish","type":"post","link":"https:\/\/lepatriotebenin.com\/index.php\/2025\/12\/17\/securite-a-kolokonde-un-arsenal-decouvert-chez-un-chasseur\/","title":{"rendered":"S\u00e9curit\u00e9 \u00e0 Kolokond\u00e9 : Un arsenal d\u00e9couvert chez un chasseur"},"content":{"rendered":"<p><strong><em>La Police r\u00e9publicaine a proc\u00e9d\u00e9, mardi 16 d\u00e9cembre 2025, \u00e0 l\u2019interpellation d\u2019un individu \u00e0 Kolokond\u00e9, dans le d\u00e9partement de la Donga. Une perquisition \u00e0 son domicile a permis la saisie d\u2019armes, de munitions et d\u2019effets militaires, renfor\u00e7ant les soup\u00e7ons de son implication dans des activit\u00e9s criminelles organis\u00e9es.<\/em><\/strong><\/p>\n<p>Dans le cadre de la lutte contre l\u2019ins\u00e9curit\u00e9, le commissariat de l\u2019arrondissement de Kolokond\u00e9, appuy\u00e9 par le Peloton de Surveillance et d\u2019Intervention (PSI) de Djougou, a mis la main sur un individu soup\u00e7onn\u00e9 d\u2019appartenir \u00e0 une bande sp\u00e9cialis\u00e9e dans les vols \u00e0 main arm\u00e9e. L\u2019op\u00e9ration a \u00e9t\u00e9 men\u00e9e dans la journ\u00e9e du mardi 16 d\u00e9cembre 2025, sur la base de renseignements jug\u00e9s cr\u00e9dibles par les forces de l\u2019ordre.<\/p>\n<p>En effet, le mis en cause, pr\u00e9sent\u00e9 comme un chasseur et r\u00e9sident \u00e0 Kolokond\u00e9, serait impliqu\u00e9 dans le ravitaillement d\u2019hommes arm\u00e9s non identifi\u00e9s. Selon les informations recueillies, il leur fournirait notamment des motocyclettes ainsi que des produits vivriers, facilitant ainsi leurs d\u00e9placements et leurs activit\u00e9s criminelles. Une perquisition effectu\u00e9e \u00e0 son domicile a permis de d\u00e9couvrir un important lot d\u2019objets compromettants. Il s\u2019agit de cinquante-six (56) cartouches de calibre 12, de treize (13) munitions d\u2019armes de guerre de type PKM, d\u2019une (01) munition de pistolet automatique, de trois (03) tenues militaires, ainsi que d\u2019une motocyclette de marque Haojue Sport, dont l\u2019origine est jug\u00e9e douteuse.<\/p>\n<p>Interrog\u00e9 sur l\u2019origine et la provenance de ces effets, le suspect a d\u00e9clar\u00e9 en \u00eatre le propri\u00e9taire, sans toutefois fournir d\u2019explications convaincantes quant \u00e0 leur d\u00e9tention.<\/p>\n<p>Au regard de la gravit\u00e9 des faits et de la nature des objets saisis, l\u2019individu a \u00e9t\u00e9 mis \u00e0 la disposition de la Brigade criminelle. Une enqu\u00eate approfondie est en cours afin de d\u00e9terminer l\u2019\u00e9tendue de ses liens \u00e9ventuels avec des groupes arm\u00e9s et d\u2019identifier d\u2019\u00e9ventuels complices.<\/p>\n<p>Gildas AHOGNI<\/p>\n","protected":false},"excerpt":{"rendered":"<p>La Police r\u00e9publicaine a proc\u00e9d\u00e9, mardi 16 d\u00e9cembre 2025, \u00e0 l\u2019interpellation d\u2019un individu \u00e0 Kolokond\u00e9, dans le d\u00e9partement de la Donga. Une perquisition \u00e0 son domicile a permis la saisie&hellip;<\/p>\n","protected":false},"author":5,"featured_media":16048,"comment_status":"open","ping_status":"open","sticky":false,"template":"","format":"standard","meta":{"content-type":"","om_disable_all_campaigns":false,"_monsterinsights_skip_tracking":false,"_monsterinsights_sitenote_active":false,"_monsterinsights_sitenote_note":"","_monsterinsights_sitenote_category":0,"_uf_show_specific_survey":0,"_uf_disable_surveys":false,"footnotes":""},"categories":[20],"tags":[],"class_list":["post-16045","post","type-post","status-publish","format-standard","has-post-thumbnail","hentry","category-societe"],"aioseo_notices":[],"yoast_head":"<!-- This site is optimized with the Yoast SEO plugin v27.5 - https:\/\/yoast.com\/product\/yoast-seo-wordpress\/ -->\n<title>S\u00e9curit\u00e9 \u00e0 Kolokond\u00e9 : Un arsenal d\u00e9couvert chez un chasseur - Le Patriote<\/title>\n<meta name=\"robots\" content=\"index, follow, max-snippet:-1, max-image-preview:large, max-video-preview:-1\" \/>\n<link rel=\"canonical\" href=\"https:\/\/lepatriotebenin.com\/index.php\/2025\/12\/17\/securite-a-kolokonde-un-arsenal-decouvert-chez-un-chasseur\/\" \/>\n<meta property=\"og:locale\" content=\"fr_FR\" \/>\n<meta property=\"og:type\" content=\"article\" \/>\n<meta property=\"og:title\" content=\"S\u00e9curit\u00e9 \u00e0 Kolokond\u00e9 : Un arsenal d\u00e9couvert chez un chasseur - Le Patriote\" \/>\n<meta property=\"og:description\" content=\"La Police r\u00e9publicaine a proc\u00e9d\u00e9, mardi 16 d\u00e9cembre 2025, \u00e0 l\u2019interpellation d\u2019un individu \u00e0 Kolokond\u00e9, dans le d\u00e9partement de la Donga. Une perquisition \u00e0 son domicile a permis la saisie&hellip;\" \/>\n<meta property=\"og:url\" content=\"https:\/\/lepatriotebenin.com\/index.php\/2025\/12\/17\/securite-a-kolokonde-un-arsenal-decouvert-chez-un-chasseur\/\" \/>\n<meta property=\"og:site_name\" content=\"Le Patriote\" \/>\n<meta property=\"article:published_time\" content=\"2025-12-17T18:29:21+00:00\" \/>\n<meta property=\"article:modified_time\" content=\"2025-12-17T18:34:15+00:00\" \/>\n<meta property=\"og:image\" content=\"https:\/\/lepatriotebenin.com\/wp-content\/uploads\/2025\/12\/arsena-police.jpg\" \/>\n\t<meta property=\"og:image:width\" content=\"1024\" \/>\n\t<meta property=\"og:image:height\" content=\"397\" \/>\n\t<meta property=\"og:image:type\" content=\"image\/jpeg\" \/>\n<meta name=\"author\" content=\"Redaction\" \/>\n<meta name=\"twitter:card\" content=\"summary_large_image\" \/>\n<meta name=\"twitter:label1\" content=\"\u00c9crit par\" \/>\n\t<meta name=\"twitter:data1\" content=\"Redaction\" \/>\n\t<meta name=\"twitter:label2\" content=\"Dur\u00e9e de lecture estim\u00e9e\" \/>\n\t<meta name=\"twitter:data2\" content=\"2 minutes\" \/>\n<script type=\"application\/ld+json\" class=\"yoast-schema-graph\">{\"@context\":\"https:\\\/\\\/schema.org\",\"@graph\":[{\"@type\":\"Article\",\"@id\":\"https:\\\/\\\/lepatriotebenin.com\\\/index.php\\\/2025\\\/12\\\/17\\\/securite-a-kolokonde-un-arsenal-decouvert-chez-un-chasseur\\\/#article\",\"isPartOf\":{\"@id\":\"https:\\\/\\\/lepatriotebenin.com\\\/index.php\\\/2025\\\/12\\\/17\\\/securite-a-kolokonde-un-arsenal-decouvert-chez-un-chasseur\\\/\"},\"author\":{\"name\":\"Redaction\",\"@id\":\"https:\\\/\\\/lepatriotebenin.com\\\/#\\\/schema\\\/person\\\/2e7709b9c9cc313e452d1136af61690f\"},\"headline\":\"S\u00e9curit\u00e9 \u00e0 Kolokond\u00e9 : Un arsenal d\u00e9couvert chez un chasseur\",\"datePublished\":\"2025-12-17T18:29:21+00:00\",\"dateModified\":\"2025-12-17T18:34:15+00:00\",\"mainEntityOfPage\":{\"@id\":\"https:\\\/\\\/lepatriotebenin.com\\\/index.php\\\/2025\\\/12\\\/17\\\/securite-a-kolokonde-un-arsenal-decouvert-chez-un-chasseur\\\/\"},\"wordCount\":343,\"commentCount\":0,\"image\":{\"@id\":\"https:\\\/\\\/lepatriotebenin.com\\\/index.php\\\/2025\\\/12\\\/17\\\/securite-a-kolokonde-un-arsenal-decouvert-chez-un-chasseur\\\/#primaryimage\"},\"thumbnailUrl\":\"https:\\\/\\\/lepatriotebenin.com\\\/wp-content\\\/uploads\\\/2025\\\/12\\\/arsena-police.jpg\",\"articleSection\":[\"Soci\u00e9t\u00e9\"],\"inLanguage\":\"fr-FR\",\"potentialAction\":[{\"@type\":\"CommentAction\",\"name\":\"Comment\",\"target\":[\"https:\\\/\\\/lepatriotebenin.com\\\/index.php\\\/2025\\\/12\\\/17\\\/securite-a-kolokonde-un-arsenal-decouvert-chez-un-chasseur\\\/#respond\"]}]},{\"@type\":\"WebPage\",\"@id\":\"https:\\\/\\\/lepatriotebenin.com\\\/index.php\\\/2025\\\/12\\\/17\\\/securite-a-kolokonde-un-arsenal-decouvert-chez-un-chasseur\\\/\",\"url\":\"https:\\\/\\\/lepatriotebenin.com\\\/index.php\\\/2025\\\/12\\\/17\\\/securite-a-kolokonde-un-arsenal-decouvert-chez-un-chasseur\\\/\",\"name\":\"S\u00e9curit\u00e9 \u00e0 Kolokond\u00e9 : Un arsenal d\u00e9couvert chez un chasseur - Le Patriote\",\"isPartOf\":{\"@id\":\"https:\\\/\\\/lepatriotebenin.com\\\/#website\"},\"primaryImageOfPage\":{\"@id\":\"https:\\\/\\\/lepatriotebenin.com\\\/index.php\\\/2025\\\/12\\\/17\\\/securite-a-kolokonde-un-arsenal-decouvert-chez-un-chasseur\\\/#primaryimage\"},\"image\":{\"@id\":\"https:\\\/\\\/lepatriotebenin.com\\\/index.php\\\/2025\\\/12\\\/17\\\/securite-a-kolokonde-un-arsenal-decouvert-chez-un-chasseur\\\/#primaryimage\"},\"thumbnailUrl\":\"https:\\\/\\\/lepatriotebenin.com\\\/wp-content\\\/uploads\\\/2025\\\/12\\\/arsena-police.jpg\",\"datePublished\":\"2025-12-17T18:29:21+00:00\",\"dateModified\":\"2025-12-17T18:34:15+00:00\",\"author\":{\"@id\":\"https:\\\/\\\/lepatriotebenin.com\\\/#\\\/schema\\\/person\\\/2e7709b9c9cc313e452d1136af61690f\"},\"breadcrumb\":{\"@id\":\"https:\\\/\\\/lepatriotebenin.com\\\/index.php\\\/2025\\\/12\\\/17\\\/securite-a-kolokonde-un-arsenal-decouvert-chez-un-chasseur\\\/#breadcrumb\"},\"inLanguage\":\"fr-FR\",\"potentialAction\":[{\"@type\":\"ReadAction\",\"target\":[\"https:\\\/\\\/lepatriotebenin.com\\\/index.php\\\/2025\\\/12\\\/17\\\/securite-a-kolokonde-un-arsenal-decouvert-chez-un-chasseur\\\/\"]}]},{\"@type\":\"ImageObject\",\"inLanguage\":\"fr-FR\",\"@id\":\"https:\\\/\\\/lepatriotebenin.com\\\/index.php\\\/2025\\\/12\\\/17\\\/securite-a-kolokonde-un-arsenal-decouvert-chez-un-chasseur\\\/#primaryimage\",\"url\":\"https:\\\/\\\/lepatriotebenin.com\\\/wp-content\\\/uploads\\\/2025\\\/12\\\/arsena-police.jpg\",\"contentUrl\":\"https:\\\/\\\/lepatriotebenin.com\\\/wp-content\\\/uploads\\\/2025\\\/12\\\/arsena-police.jpg\",\"width\":1024,\"height\":397},{\"@type\":\"BreadcrumbList\",\"@id\":\"https:\\\/\\\/lepatriotebenin.com\\\/index.php\\\/2025\\\/12\\\/17\\\/securite-a-kolokonde-un-arsenal-decouvert-chez-un-chasseur\\\/#breadcrumb\",\"itemListElement\":[{\"@type\":\"ListItem\",\"position\":1,\"name\":\"Accueil\",\"item\":\"https:\\\/\\\/lepatriotebenin.com\\\/\"},{\"@type\":\"ListItem\",\"position\":2,\"name\":\"S\u00e9curit\u00e9 \u00e0 Kolokond\u00e9 : Un arsenal d\u00e9couvert chez un chasseur\"}]},{\"@type\":\"WebSite\",\"@id\":\"https:\\\/\\\/lepatriotebenin.com\\\/#website\",\"url\":\"https:\\\/\\\/lepatriotebenin.com\\\/\",\"name\":\"Le Patriote\",\"description\":\"Le Patriote B\u00e9nin\",\"potentialAction\":[{\"@type\":\"SearchAction\",\"target\":{\"@type\":\"EntryPoint\",\"urlTemplate\":\"https:\\\/\\\/lepatriotebenin.com\\\/?s={search_term_string}\"},\"query-input\":{\"@type\":\"PropertyValueSpecification\",\"valueRequired\":true,\"valueName\":\"search_term_string\"}}],\"inLanguage\":\"fr-FR\"},{\"@type\":\"Person\",\"@id\":\"https:\\\/\\\/lepatriotebenin.com\\\/#\\\/schema\\\/person\\\/2e7709b9c9cc313e452d1136af61690f\",\"name\":\"Redaction\",\"image\":{\"@type\":\"ImageObject\",\"inLanguage\":\"fr-FR\",\"@id\":\"https:\\\/\\\/secure.gravatar.com\\\/avatar\\\/c4c509357859ea2ca2cbb6d8812898a73e4ef1ef9934c2e591d7e32face734d1?s=96&d=mm&r=g\",\"url\":\"https:\\\/\\\/secure.gravatar.com\\\/avatar\\\/c4c509357859ea2ca2cbb6d8812898a73e4ef1ef9934c2e591d7e32face734d1?s=96&d=mm&r=g\",\"contentUrl\":\"https:\\\/\\\/secure.gravatar.com\\\/avatar\\\/c4c509357859ea2ca2cbb6d8812898a73e4ef1ef9934c2e591d7e32face734d1?s=96&d=mm&r=g\",\"caption\":\"Redaction\"},\"url\":\"https:\\\/\\\/lepatriotebenin.com\"}]}<\/script>\n<!-- \/ Yoast SEO plugin. -->","yoast_head_json":{"title":"S\u00e9curit\u00e9 \u00e0 Kolokond\u00e9 : Un arsenal d\u00e9couvert chez un chasseur - Le Patriote","robots":{"index":"index","follow":"follow","max-snippet":"max-snippet:-1","max-image-preview":"max-image-preview:large","max-video-preview":"max-video-preview:-1"},"canonical":"https:\/\/lepatriotebenin.com\/index.php\/2025\/12\/17\/securite-a-kolokonde-un-arsenal-decouvert-chez-un-chasseur\/","og_locale":"fr_FR","og_type":"article","og_title":"S\u00e9curit\u00e9 \u00e0 Kolokond\u00e9 : Un arsenal d\u00e9couvert chez un chasseur - Le Patriote","og_description":"La Police r\u00e9publicaine a proc\u00e9d\u00e9, mardi 16 d\u00e9cembre 2025, \u00e0 l\u2019interpellation d\u2019un individu \u00e0 Kolokond\u00e9, dans le d\u00e9partement de la Donga. Une perquisition \u00e0 son domicile a permis la saisie&hellip;","og_url":"https:\/\/lepatriotebenin.com\/index.php\/2025\/12\/17\/securite-a-kolokonde-un-arsenal-decouvert-chez-un-chasseur\/","og_site_name":"Le Patriote","article_published_time":"2025-12-17T18:29:21+00:00","article_modified_time":"2025-12-17T18:34:15+00:00","og_image":[{"width":1024,"height":397,"url":"https:\/\/lepatriotebenin.com\/wp-content\/uploads\/2025\/12\/arsena-police.jpg","type":"image\/jpeg"}],"author":"Redaction","twitter_card":"summary_large_image","twitter_misc":{"\u00c9crit par":"Redaction","Dur\u00e9e de lecture estim\u00e9e":"2 minutes"},"schema":{"@context":"https:\/\/schema.org","@graph":[{"@type":"Article","@id":"https:\/\/lepatriotebenin.com\/index.php\/2025\/12\/17\/securite-a-kolokonde-un-arsenal-decouvert-chez-un-chasseur\/#article","isPartOf":{"@id":"https:\/\/lepatriotebenin.com\/index.php\/2025\/12\/17\/securite-a-kolokonde-un-arsenal-decouvert-chez-un-chasseur\/"},"author":{"name":"Redaction","@id":"https:\/\/lepatriotebenin.com\/#\/schema\/person\/2e7709b9c9cc313e452d1136af61690f"},"headline":"S\u00e9curit\u00e9 \u00e0 Kolokond\u00e9 : Un arsenal d\u00e9couvert chez un chasseur","datePublished":"2025-12-17T18:29:21+00:00","dateModified":"2025-12-17T18:34:15+00:00","mainEntityOfPage":{"@id":"https:\/\/lepatriotebenin.com\/index.php\/2025\/12\/17\/securite-a-kolokonde-un-arsenal-decouvert-chez-un-chasseur\/"},"wordCount":343,"commentCount":0,"image":{"@id":"https:\/\/lepatriotebenin.com\/index.php\/2025\/12\/17\/securite-a-kolokonde-un-arsenal-decouvert-chez-un-chasseur\/#primaryimage"},"thumbnailUrl":"https:\/\/lepatriotebenin.com\/wp-content\/uploads\/2025\/12\/arsena-police.jpg","articleSection":["Soci\u00e9t\u00e9"],"inLanguage":"fr-FR","potentialAction":[{"@type":"CommentAction","name":"Comment","target":["https:\/\/lepatriotebenin.com\/index.php\/2025\/12\/17\/securite-a-kolokonde-un-arsenal-decouvert-chez-un-chasseur\/#respond"]}]},{"@type":"WebPage","@id":"https:\/\/lepatriotebenin.com\/index.php\/2025\/12\/17\/securite-a-kolokonde-un-arsenal-decouvert-chez-un-chasseur\/","url":"https:\/\/lepatriotebenin.com\/index.php\/2025\/12\/17\/securite-a-kolokonde-un-arsenal-decouvert-chez-un-chasseur\/","name":"S\u00e9curit\u00e9 \u00e0 Kolokond\u00e9 : Un arsenal d\u00e9couvert chez un chasseur - Le Patriote","isPartOf":{"@id":"https:\/\/lepatriotebenin.com\/#website"},"primaryImageOfPage":{"@id":"https:\/\/lepatriotebenin.com\/index.php\/2025\/12\/17\/securite-a-kolokonde-un-arsenal-decouvert-chez-un-chasseur\/#primaryimage"},"image":{"@id":"https:\/\/lepatriotebenin.com\/index.php\/2025\/12\/17\/securite-a-kolokonde-un-arsenal-decouvert-chez-un-chasseur\/#primaryimage"},"thumbnailUrl":"https:\/\/lepatriotebenin.com\/wp-content\/uploads\/2025\/12\/arsena-police.jpg","datePublished":"2025-12-17T18:29:21+00:00","dateModified":"2025-12-17T18:34:15+00:00","author":{"@id":"https:\/\/lepatriotebenin.com\/#\/schema\/person\/2e7709b9c9cc313e452d1136af61690f"},"breadcrumb":{"@id":"https:\/\/lepatriotebenin.com\/index.php\/2025\/12\/17\/securite-a-kolokonde-un-arsenal-decouvert-chez-un-chasseur\/#breadcrumb"},"inLanguage":"fr-FR","potentialAction":[{"@type":"ReadAction","target":["https:\/\/lepatriotebenin.com\/index.php\/2025\/12\/17\/securite-a-kolokonde-un-arsenal-decouvert-chez-un-chasseur\/"]}]},{"@type":"ImageObject","inLanguage":"fr-FR","@id":"https:\/\/lepatriotebenin.com\/index.php\/2025\/12\/17\/securite-a-kolokonde-un-arsenal-decouvert-chez-un-chasseur\/#primaryimage","url":"https:\/\/lepatriotebenin.com\/wp-content\/uploads\/2025\/12\/arsena-police.jpg","contentUrl":"https:\/\/lepatriotebenin.com\/wp-content\/uploads\/2025\/12\/arsena-police.jpg","width":1024,"height":397},{"@type":"BreadcrumbList","@id":"https:\/\/lepatriotebenin.com\/index.php\/2025\/12\/17\/securite-a-kolokonde-un-arsenal-decouvert-chez-un-chasseur\/#breadcrumb","itemListElement":[{"@type":"ListItem","position":1,"name":"Accueil","item":"https:\/\/lepatriotebenin.com\/"},{"@type":"ListItem","position":2,"name":"S\u00e9curit\u00e9 \u00e0 Kolokond\u00e9 : Un arsenal d\u00e9couvert chez un chasseur"}]},{"@type":"WebSite","@id":"https:\/\/lepatriotebenin.com\/#website","url":"https:\/\/lepatriotebenin.com\/","name":"Le Patriote","description":"Le Patriote B\u00e9nin","potentialAction":[{"@type":"SearchAction","target":{"@type":"EntryPoint","urlTemplate":"https:\/\/lepatriotebenin.com\/?s={search_term_string}"},"query-input":{"@type":"PropertyValueSpecification","valueRequired":true,"valueName":"search_term_string"}}],"inLanguage":"fr-FR"},{"@type":"Person","@id":"https:\/\/lepatriotebenin.com\/#\/schema\/person\/2e7709b9c9cc313e452d1136af61690f","name":"Redaction","image":{"@type":"ImageObject","inLanguage":"fr-FR","@id":"https:\/\/secure.gravatar.com\/avatar\/c4c509357859ea2ca2cbb6d8812898a73e4ef1ef9934c2e591d7e32face734d1?s=96&d=mm&r=g","url":"https:\/\/secure.gravatar.com\/avatar\/c4c509357859ea2ca2cbb6d8812898a73e4ef1ef9934c2e591d7e32face734d1?s=96&d=mm&r=g","contentUrl":"https:\/\/secure.gravatar.com\/avatar\/c4c509357859ea2ca2cbb6d8812898a73e4ef1ef9934c2e591d7e32face734d1?s=96&d=mm&r=g","caption":"Redaction"},"url":"https:\/\/lepatriotebenin.com"}]}},"_links":{"self":[{"href":"https:\/\/lepatriotebenin.com\/index.php\/wp-json\/wp\/v2\/posts\/16045","targetHints":{"allow":["GET"]}}],"collection":[{"href":"https:\/\/lepatriotebenin.com\/index.php\/wp-json\/wp\/v2\/posts"}],"about":[{"href":"https:\/\/lepatriotebenin.com\/index.php\/wp-json\/wp\/v2\/types\/post"}],"author":[{"embeddable":true,"href":"https:\/\/lepatriotebenin.com\/index.php\/wp-json\/wp\/v2\/users\/5"}],"replies":[{"embeddable":true,"href":"https:\/\/lepatriotebenin.com\/index.php\/wp-json\/wp\/v2\/comments?post=16045"}],"version-history":[{"count":1,"href":"https:\/\/lepatriotebenin.com\/index.php\/wp-json\/wp\/v2\/posts\/16045\/revisions"}],"predecessor-version":[{"id":16047,"href":"https:\/\/lepatriotebenin.com\/index.php\/wp-json\/wp\/v2\/posts\/16045\/revisions\/16047"}],"wp:featuredmedia":[{"embeddable":true,"href":"https:\/\/lepatriotebenin.com\/index.php\/wp-json\/wp\/v2\/media\/16048"}],"wp:attachment":[{"href":"https:\/\/lepatriotebenin.com\/index.php\/wp-json\/wp\/v2\/media?parent=16045"}],"wp:term":[{"taxonomy":"category","embeddable":true,"href":"https:\/\/lepatriotebenin.com\/index.php\/wp-json\/wp\/v2\/categories?post=16045"},{"taxonomy":"post_tag","embeddable":true,"href":"https:\/\/lepatriotebenin.com\/index.php\/wp-json\/wp\/v2\/tags?post=16045"}],"curies":[{"name":"wp","href":"https:\/\/api.w.org\/{rel}","templated":true}]}}