{"id":16015,"date":"2025-12-17T03:28:55","date_gmt":"2025-12-17T02:28:55","guid":{"rendered":"https:\/\/lepatriotebenin.com\/?p=16015"},"modified":"2025-12-17T03:28:55","modified_gmt":"2025-12-17T02:28:55","slug":"apres-le-putsch-dejoue-du-07-decembre-2025-la-cedeao-recommande-la-voie-du-dialogue-au-gouvernement","status":"publish","type":"post","link":"https:\/\/lepatriotebenin.com\/index.php\/2025\/12\/17\/apres-le-putsch-dejoue-du-07-decembre-2025-la-cedeao-recommande-la-voie-du-dialogue-au-gouvernement\/","title":{"rendered":"Apr\u00e8s le putsch d\u00e9jou\u00e9 du 07 d\u00e9cembre 2025 : La Cedeao recommande la voie du dialogue au  gouvernement"},"content":{"rendered":"<p><em><strong>Le parlement de la Communaut\u00e9 \u00e9conomique des \u00c9tats de l&rsquo;Afrique de l&rsquo;ouest (Cedeao) s&rsquo;est r\u00e9uni du 1er au 13 d\u00e9cembre 2025 en sa deuxi\u00e8me session ordinaire de l&rsquo;ann\u00e9e 2025. Dans son communiqu\u00e9 final, il invite le gouvernement du B\u00e9nin \u00e0 entreprendre des discussions avec les parties prenantes pour des \u00e9lections inclusives.<\/strong><\/em><\/p>\n<p>\u00ab Le parlement de la CEDEAO\u00a0 invite le Gouvernement b\u00e9ninois et toutes les institutions r\u00e9publicaines du pays \u00e0 engager un dialogue politique large avec toutes les parties-prenantes de la sc\u00e8ne politique b\u00e9ninoise afin de mettre en place un processus \u00e9lectoral inclusif et consensuel conform\u00e9ment aux textes communautaires pertinents, notamment le Protocole additionnel de la Cedeao sur la d\u00e9mocratie et la bonne gouvernance de 2001\u00bb. C&rsquo;est l&rsquo;un des grands points du communiqu\u00e9 final rendu public par le parlement de la Cedeao au terme de la deuxi\u00e8me session ordinaire de l&rsquo;ann\u00e9e 2025. En effet, quelques jours apr\u00e8s la mutinerie d\u00e9jou\u00e9e du dimanche 07 d\u00e9cembre 2025 au B\u00e9nin les regards sont tourn\u00e9s vers les institutions r\u00e9gionales, attendues sur leur capacit\u00e9 \u00e0 accompagner le pays dans cette phase de son histoire d\u00e9mocratique. Parmi elles, la Communaut\u00e9 \u00e9conomique des \u00c9tats de l\u2019Afrique de l\u2019Ouest (Cedeao) s\u2019illustre par une d\u00e9marche qui se veut \u00e0 la fois pr\u00e9ventive, inclusive et orient\u00e9e vers la paix durable.<\/p>\n<p>Dans un communiqu\u00e9 rendu public, le Parlement de la Cedeao a invit\u00e9 le gouvernement b\u00e9ninois \u00e0 \u00e9changer avec l\u2019ensemble des parties prenantes de la vie nationale. En appelant \u00e0 des \u00e9lections inclusives, l\u2019institution communautaire entend contribuer \u00e0 la consolidation de la d\u00e9mocratie au B\u00e9nin, dans un contexte marqu\u00e9 par les s\u00e9quelles politiques et psychologiques de la tentative de d\u00e9stabilisation des institutions r\u00e9publicaines. Cette prise de position de l&rsquo;organe traduit une volont\u00e9 claire d&rsquo;\u00e9viter que les tensions n\u00e9es du putsch d\u00e9jou\u00e9 ne s\u2019enracinent durablement dans le paysage politique b\u00e9ninois. Pour l\u2019organe l\u00e9gislatif communautaire, le dialogue demeure l\u2019outil le plus efficace pour renforcer la coh\u00e9sion nationale, restaurer la confiance entre les acteurs politiques et pr\u00e9venir toute r\u00e9surgence de crises susceptibles de fragiliser l\u2019\u00c9tat de droit. \u00c0 travers ce communiqu\u00e9, la Cedeao affirme \u00e9galement son r\u00f4le de garant des principes d\u00e9mocratiques dans l\u2019espace ouest-africain.<\/p>\n<p>L\u2019institution ne se contente pas de condamner les ruptures de l\u2019ordre constitutionnel. Elle encourage aussi les gouvernements \u00e0 adopter des d\u00e9marches inclusives, capables de rassembler plut\u00f4t que de diviser. En ce sens, l\u2019appel \u00e0 des \u00e9lections ouvertes et consensuelles appara\u00eet comme un levier essentiel pour asseoir une paix durable au B\u00e9nin. Par cette d\u00e9cision, la Cedeao interpelle directement le gouvernement b\u00e9ninois \u00e0 jouer pleinement sa partition. Il s\u2019agit, pour les autorit\u00e9s politiques d\u2019engager un dialogue sinc\u00e8re avec les forces politiques, la soci\u00e9t\u00e9 civile et l\u2019ensemble des acteurs concern\u00e9s par le processus \u00e9lectoral. Une telle approche pourrait non seulement renforcer la cr\u00e9dibilit\u00e9 des prochaines \u00e9ch\u00e9ances \u00e9lectorales, mais aussi consolider les acquis d\u00e9mocratiques du pays.<\/p>\n<p><strong>Mohamed Y\u00e8kini<\/strong><\/p>\n<p><img fetchpriority=\"high\" decoding=\"async\" class=\"alignnone size-medium wp-image-16016\" src=\"https:\/\/lepatriotebenin.com\/wp-content\/uploads\/2025\/12\/1-3-212x300.jpg\" alt=\"\" width=\"212\" height=\"300\" srcset=\"https:\/\/lepatriotebenin.com\/wp-content\/uploads\/2025\/12\/1-3-212x300.jpg 212w, https:\/\/lepatriotebenin.com\/wp-content\/uploads\/2025\/12\/1-3-725x1024.jpg 725w, https:\/\/lepatriotebenin.com\/wp-content\/uploads\/2025\/12\/1-3-768x1085.jpg 768w, https:\/\/lepatriotebenin.com\/wp-content\/uploads\/2025\/12\/1-3-1087x1536.jpg 1087w, https:\/\/lepatriotebenin.com\/wp-content\/uploads\/2025\/12\/1-3-1170x1653.jpg 1170w, https:\/\/lepatriotebenin.com\/wp-content\/uploads\/2025\/12\/1-3-585x827.jpg 585w, https:\/\/lepatriotebenin.com\/wp-content\/uploads\/2025\/12\/1-3.jpg 1242w\" sizes=\"(max-width: 212px) 100vw, 212px\" \/><img decoding=\"async\" class=\"alignnone size-medium wp-image-16017\" src=\"https:\/\/lepatriotebenin.com\/wp-content\/uploads\/2025\/12\/2-4-212x300.jpg\" alt=\"\" width=\"212\" height=\"300\" srcset=\"https:\/\/lepatriotebenin.com\/wp-content\/uploads\/2025\/12\/2-4-212x300.jpg 212w, https:\/\/lepatriotebenin.com\/wp-content\/uploads\/2025\/12\/2-4-725x1024.jpg 725w, https:\/\/lepatriotebenin.com\/wp-content\/uploads\/2025\/12\/2-4-768x1085.jpg 768w, https:\/\/lepatriotebenin.com\/wp-content\/uploads\/2025\/12\/2-4-1087x1536.jpg 1087w, https:\/\/lepatriotebenin.com\/wp-content\/uploads\/2025\/12\/2-4-1170x1653.jpg 1170w, https:\/\/lepatriotebenin.com\/wp-content\/uploads\/2025\/12\/2-4-585x827.jpg 585w, https:\/\/lepatriotebenin.com\/wp-content\/uploads\/2025\/12\/2-4.jpg 1242w\" sizes=\"(max-width: 212px) 100vw, 212px\" \/><img decoding=\"async\" class=\"alignnone size-medium wp-image-16018\" src=\"https:\/\/lepatriotebenin.com\/wp-content\/uploads\/2025\/12\/3-3-212x300.jpg\" alt=\"\" width=\"212\" height=\"300\" srcset=\"https:\/\/lepatriotebenin.com\/wp-content\/uploads\/2025\/12\/3-3-212x300.jpg 212w, https:\/\/lepatriotebenin.com\/wp-content\/uploads\/2025\/12\/3-3-725x1024.jpg 725w, https:\/\/lepatriotebenin.com\/wp-content\/uploads\/2025\/12\/3-3-768x1085.jpg 768w, https:\/\/lepatriotebenin.com\/wp-content\/uploads\/2025\/12\/3-3-1087x1536.jpg 1087w, https:\/\/lepatriotebenin.com\/wp-content\/uploads\/2025\/12\/3-3-1170x1653.jpg 1170w, https:\/\/lepatriotebenin.com\/wp-content\/uploads\/2025\/12\/3-3-585x827.jpg 585w, https:\/\/lepatriotebenin.com\/wp-content\/uploads\/2025\/12\/3-3.jpg 1242w\" sizes=\"(max-width: 212px) 100vw, 212px\" \/><a href=\"https:\/\/lepatriotebenin.com\/wp-content\/uploads\/2025\/12\/resolution-coup-detat-benin-fr.pdf\">RESOLUTION COUP D&rsquo;ETAT BENIN FR<\/a><\/p>\n","protected":false},"excerpt":{"rendered":"<p>Le parlement de la Communaut\u00e9 \u00e9conomique des \u00c9tats de l&rsquo;Afrique de l&rsquo;ouest (Cedeao) s&rsquo;est r\u00e9uni du 1er au 13 d\u00e9cembre 2025 en sa deuxi\u00e8me session ordinaire de l&rsquo;ann\u00e9e 2025. Dans&hellip;<\/p>\n","protected":false},"author":5,"featured_media":16019,"comment_status":"open","ping_status":"open","sticky":false,"template":"","format":"standard","meta":{"content-type":"","om_disable_all_campaigns":false,"_monsterinsights_skip_tracking":false,"_monsterinsights_sitenote_active":false,"_monsterinsights_sitenote_note":"","_monsterinsights_sitenote_category":0,"_uf_show_specific_survey":0,"_uf_disable_surveys":false,"footnotes":""},"categories":[26],"tags":[],"class_list":["post-16015","post","type-post","status-publish","format-standard","has-post-thumbnail","hentry","category-politique"],"aioseo_notices":[],"yoast_head":"<!-- This site is optimized with the Yoast SEO plugin v27.5 - https:\/\/yoast.com\/product\/yoast-seo-wordpress\/ -->\n<title>Apr\u00e8s le putsch d\u00e9jou\u00e9 du 07 d\u00e9cembre 2025 : La Cedeao recommande la voie du dialogue au gouvernement - Le Patriote<\/title>\n<meta name=\"robots\" content=\"index, follow, max-snippet:-1, max-image-preview:large, max-video-preview:-1\" \/>\n<link rel=\"canonical\" href=\"https:\/\/lepatriotebenin.com\/index.php\/2025\/12\/17\/apres-le-putsch-dejoue-du-07-decembre-2025-la-cedeao-recommande-la-voie-du-dialogue-au-gouvernement\/\" \/>\n<meta property=\"og:locale\" content=\"fr_FR\" \/>\n<meta property=\"og:type\" content=\"article\" \/>\n<meta property=\"og:title\" content=\"Apr\u00e8s le putsch d\u00e9jou\u00e9 du 07 d\u00e9cembre 2025 : La Cedeao recommande la voie du dialogue au gouvernement - Le Patriote\" \/>\n<meta property=\"og:description\" content=\"Le parlement de la Communaut\u00e9 \u00e9conomique des \u00c9tats de l&rsquo;Afrique de l&rsquo;ouest (Cedeao) s&rsquo;est r\u00e9uni du 1er au 13 d\u00e9cembre 2025 en sa deuxi\u00e8me session ordinaire de l&rsquo;ann\u00e9e 2025. Dans&hellip;\" \/>\n<meta property=\"og:url\" content=\"https:\/\/lepatriotebenin.com\/index.php\/2025\/12\/17\/apres-le-putsch-dejoue-du-07-decembre-2025-la-cedeao-recommande-la-voie-du-dialogue-au-gouvernement\/\" \/>\n<meta property=\"og:site_name\" content=\"Le Patriote\" \/>\n<meta property=\"article:published_time\" content=\"2025-12-17T02:28:55+00:00\" \/>\n<meta property=\"og:image\" content=\"https:\/\/lepatriotebenin.com\/wp-content\/uploads\/2025\/12\/siege-cedeao-2.jpg\" \/>\n\t<meta property=\"og:image:width\" content=\"720\" \/>\n\t<meta property=\"og:image:height\" content=\"407\" \/>\n\t<meta property=\"og:image:type\" content=\"image\/jpeg\" \/>\n<meta name=\"author\" content=\"Redaction\" \/>\n<meta name=\"twitter:card\" content=\"summary_large_image\" \/>\n<meta name=\"twitter:label1\" content=\"\u00c9crit par\" \/>\n\t<meta name=\"twitter:data1\" content=\"Redaction\" \/>\n\t<meta name=\"twitter:label2\" content=\"Dur\u00e9e de lecture estim\u00e9e\" \/>\n\t<meta name=\"twitter:data2\" content=\"4 minutes\" \/>\n<script type=\"application\/ld+json\" class=\"yoast-schema-graph\">{\"@context\":\"https:\\\/\\\/schema.org\",\"@graph\":[{\"@type\":\"Article\",\"@id\":\"https:\\\/\\\/lepatriotebenin.com\\\/index.php\\\/2025\\\/12\\\/17\\\/apres-le-putsch-dejoue-du-07-decembre-2025-la-cedeao-recommande-la-voie-du-dialogue-au-gouvernement\\\/#article\",\"isPartOf\":{\"@id\":\"https:\\\/\\\/lepatriotebenin.com\\\/index.php\\\/2025\\\/12\\\/17\\\/apres-le-putsch-dejoue-du-07-decembre-2025-la-cedeao-recommande-la-voie-du-dialogue-au-gouvernement\\\/\"},\"author\":{\"name\":\"Redaction\",\"@id\":\"https:\\\/\\\/lepatriotebenin.com\\\/#\\\/schema\\\/person\\\/2e7709b9c9cc313e452d1136af61690f\"},\"headline\":\"Apr\u00e8s le putsch d\u00e9jou\u00e9 du 07 d\u00e9cembre 2025 : La Cedeao recommande la voie du dialogue au gouvernement\",\"datePublished\":\"2025-12-17T02:28:55+00:00\",\"mainEntityOfPage\":{\"@id\":\"https:\\\/\\\/lepatriotebenin.com\\\/index.php\\\/2025\\\/12\\\/17\\\/apres-le-putsch-dejoue-du-07-decembre-2025-la-cedeao-recommande-la-voie-du-dialogue-au-gouvernement\\\/\"},\"wordCount\":548,\"commentCount\":0,\"image\":{\"@id\":\"https:\\\/\\\/lepatriotebenin.com\\\/index.php\\\/2025\\\/12\\\/17\\\/apres-le-putsch-dejoue-du-07-decembre-2025-la-cedeao-recommande-la-voie-du-dialogue-au-gouvernement\\\/#primaryimage\"},\"thumbnailUrl\":\"https:\\\/\\\/lepatriotebenin.com\\\/wp-content\\\/uploads\\\/2025\\\/12\\\/siege-cedeao-2.jpg\",\"articleSection\":[\"Politique\"],\"inLanguage\":\"fr-FR\",\"potentialAction\":[{\"@type\":\"CommentAction\",\"name\":\"Comment\",\"target\":[\"https:\\\/\\\/lepatriotebenin.com\\\/index.php\\\/2025\\\/12\\\/17\\\/apres-le-putsch-dejoue-du-07-decembre-2025-la-cedeao-recommande-la-voie-du-dialogue-au-gouvernement\\\/#respond\"]}]},{\"@type\":\"WebPage\",\"@id\":\"https:\\\/\\\/lepatriotebenin.com\\\/index.php\\\/2025\\\/12\\\/17\\\/apres-le-putsch-dejoue-du-07-decembre-2025-la-cedeao-recommande-la-voie-du-dialogue-au-gouvernement\\\/\",\"url\":\"https:\\\/\\\/lepatriotebenin.com\\\/index.php\\\/2025\\\/12\\\/17\\\/apres-le-putsch-dejoue-du-07-decembre-2025-la-cedeao-recommande-la-voie-du-dialogue-au-gouvernement\\\/\",\"name\":\"Apr\u00e8s le putsch d\u00e9jou\u00e9 du 07 d\u00e9cembre 2025 : La Cedeao recommande la voie du dialogue au gouvernement - Le Patriote\",\"isPartOf\":{\"@id\":\"https:\\\/\\\/lepatriotebenin.com\\\/#website\"},\"primaryImageOfPage\":{\"@id\":\"https:\\\/\\\/lepatriotebenin.com\\\/index.php\\\/2025\\\/12\\\/17\\\/apres-le-putsch-dejoue-du-07-decembre-2025-la-cedeao-recommande-la-voie-du-dialogue-au-gouvernement\\\/#primaryimage\"},\"image\":{\"@id\":\"https:\\\/\\\/lepatriotebenin.com\\\/index.php\\\/2025\\\/12\\\/17\\\/apres-le-putsch-dejoue-du-07-decembre-2025-la-cedeao-recommande-la-voie-du-dialogue-au-gouvernement\\\/#primaryimage\"},\"thumbnailUrl\":\"https:\\\/\\\/lepatriotebenin.com\\\/wp-content\\\/uploads\\\/2025\\\/12\\\/siege-cedeao-2.jpg\",\"datePublished\":\"2025-12-17T02:28:55+00:00\",\"author\":{\"@id\":\"https:\\\/\\\/lepatriotebenin.com\\\/#\\\/schema\\\/person\\\/2e7709b9c9cc313e452d1136af61690f\"},\"breadcrumb\":{\"@id\":\"https:\\\/\\\/lepatriotebenin.com\\\/index.php\\\/2025\\\/12\\\/17\\\/apres-le-putsch-dejoue-du-07-decembre-2025-la-cedeao-recommande-la-voie-du-dialogue-au-gouvernement\\\/#breadcrumb\"},\"inLanguage\":\"fr-FR\",\"potentialAction\":[{\"@type\":\"ReadAction\",\"target\":[\"https:\\\/\\\/lepatriotebenin.com\\\/index.php\\\/2025\\\/12\\\/17\\\/apres-le-putsch-dejoue-du-07-decembre-2025-la-cedeao-recommande-la-voie-du-dialogue-au-gouvernement\\\/\"]}]},{\"@type\":\"ImageObject\",\"inLanguage\":\"fr-FR\",\"@id\":\"https:\\\/\\\/lepatriotebenin.com\\\/index.php\\\/2025\\\/12\\\/17\\\/apres-le-putsch-dejoue-du-07-decembre-2025-la-cedeao-recommande-la-voie-du-dialogue-au-gouvernement\\\/#primaryimage\",\"url\":\"https:\\\/\\\/lepatriotebenin.com\\\/wp-content\\\/uploads\\\/2025\\\/12\\\/siege-cedeao-2.jpg\",\"contentUrl\":\"https:\\\/\\\/lepatriotebenin.com\\\/wp-content\\\/uploads\\\/2025\\\/12\\\/siege-cedeao-2.jpg\",\"width\":720,\"height\":407},{\"@type\":\"BreadcrumbList\",\"@id\":\"https:\\\/\\\/lepatriotebenin.com\\\/index.php\\\/2025\\\/12\\\/17\\\/apres-le-putsch-dejoue-du-07-decembre-2025-la-cedeao-recommande-la-voie-du-dialogue-au-gouvernement\\\/#breadcrumb\",\"itemListElement\":[{\"@type\":\"ListItem\",\"position\":1,\"name\":\"Accueil\",\"item\":\"https:\\\/\\\/lepatriotebenin.com\\\/\"},{\"@type\":\"ListItem\",\"position\":2,\"name\":\"Apr\u00e8s le putsch d\u00e9jou\u00e9 du 07 d\u00e9cembre 2025 : La Cedeao recommande la voie du dialogue au gouvernement\"}]},{\"@type\":\"WebSite\",\"@id\":\"https:\\\/\\\/lepatriotebenin.com\\\/#website\",\"url\":\"https:\\\/\\\/lepatriotebenin.com\\\/\",\"name\":\"Le Patriote\",\"description\":\"Le Patriote B\u00e9nin\",\"potentialAction\":[{\"@type\":\"SearchAction\",\"target\":{\"@type\":\"EntryPoint\",\"urlTemplate\":\"https:\\\/\\\/lepatriotebenin.com\\\/?s={search_term_string}\"},\"query-input\":{\"@type\":\"PropertyValueSpecification\",\"valueRequired\":true,\"valueName\":\"search_term_string\"}}],\"inLanguage\":\"fr-FR\"},{\"@type\":\"Person\",\"@id\":\"https:\\\/\\\/lepatriotebenin.com\\\/#\\\/schema\\\/person\\\/2e7709b9c9cc313e452d1136af61690f\",\"name\":\"Redaction\",\"image\":{\"@type\":\"ImageObject\",\"inLanguage\":\"fr-FR\",\"@id\":\"https:\\\/\\\/secure.gravatar.com\\\/avatar\\\/c4c509357859ea2ca2cbb6d8812898a73e4ef1ef9934c2e591d7e32face734d1?s=96&d=mm&r=g\",\"url\":\"https:\\\/\\\/secure.gravatar.com\\\/avatar\\\/c4c509357859ea2ca2cbb6d8812898a73e4ef1ef9934c2e591d7e32face734d1?s=96&d=mm&r=g\",\"contentUrl\":\"https:\\\/\\\/secure.gravatar.com\\\/avatar\\\/c4c509357859ea2ca2cbb6d8812898a73e4ef1ef9934c2e591d7e32face734d1?s=96&d=mm&r=g\",\"caption\":\"Redaction\"},\"url\":\"https:\\\/\\\/lepatriotebenin.com\"}]}<\/script>\n<!-- \/ Yoast SEO plugin. -->","yoast_head_json":{"title":"Apr\u00e8s le putsch d\u00e9jou\u00e9 du 07 d\u00e9cembre 2025 : La Cedeao recommande la voie du dialogue au gouvernement - Le Patriote","robots":{"index":"index","follow":"follow","max-snippet":"max-snippet:-1","max-image-preview":"max-image-preview:large","max-video-preview":"max-video-preview:-1"},"canonical":"https:\/\/lepatriotebenin.com\/index.php\/2025\/12\/17\/apres-le-putsch-dejoue-du-07-decembre-2025-la-cedeao-recommande-la-voie-du-dialogue-au-gouvernement\/","og_locale":"fr_FR","og_type":"article","og_title":"Apr\u00e8s le putsch d\u00e9jou\u00e9 du 07 d\u00e9cembre 2025 : La Cedeao recommande la voie du dialogue au gouvernement - Le Patriote","og_description":"Le parlement de la Communaut\u00e9 \u00e9conomique des \u00c9tats de l&rsquo;Afrique de l&rsquo;ouest (Cedeao) s&rsquo;est r\u00e9uni du 1er au 13 d\u00e9cembre 2025 en sa deuxi\u00e8me session ordinaire de l&rsquo;ann\u00e9e 2025. Dans&hellip;","og_url":"https:\/\/lepatriotebenin.com\/index.php\/2025\/12\/17\/apres-le-putsch-dejoue-du-07-decembre-2025-la-cedeao-recommande-la-voie-du-dialogue-au-gouvernement\/","og_site_name":"Le Patriote","article_published_time":"2025-12-17T02:28:55+00:00","og_image":[{"width":720,"height":407,"url":"https:\/\/lepatriotebenin.com\/wp-content\/uploads\/2025\/12\/siege-cedeao-2.jpg","type":"image\/jpeg"}],"author":"Redaction","twitter_card":"summary_large_image","twitter_misc":{"\u00c9crit par":"Redaction","Dur\u00e9e de lecture estim\u00e9e":"4 minutes"},"schema":{"@context":"https:\/\/schema.org","@graph":[{"@type":"Article","@id":"https:\/\/lepatriotebenin.com\/index.php\/2025\/12\/17\/apres-le-putsch-dejoue-du-07-decembre-2025-la-cedeao-recommande-la-voie-du-dialogue-au-gouvernement\/#article","isPartOf":{"@id":"https:\/\/lepatriotebenin.com\/index.php\/2025\/12\/17\/apres-le-putsch-dejoue-du-07-decembre-2025-la-cedeao-recommande-la-voie-du-dialogue-au-gouvernement\/"},"author":{"name":"Redaction","@id":"https:\/\/lepatriotebenin.com\/#\/schema\/person\/2e7709b9c9cc313e452d1136af61690f"},"headline":"Apr\u00e8s le putsch d\u00e9jou\u00e9 du 07 d\u00e9cembre 2025 : La Cedeao recommande la voie du dialogue au gouvernement","datePublished":"2025-12-17T02:28:55+00:00","mainEntityOfPage":{"@id":"https:\/\/lepatriotebenin.com\/index.php\/2025\/12\/17\/apres-le-putsch-dejoue-du-07-decembre-2025-la-cedeao-recommande-la-voie-du-dialogue-au-gouvernement\/"},"wordCount":548,"commentCount":0,"image":{"@id":"https:\/\/lepatriotebenin.com\/index.php\/2025\/12\/17\/apres-le-putsch-dejoue-du-07-decembre-2025-la-cedeao-recommande-la-voie-du-dialogue-au-gouvernement\/#primaryimage"},"thumbnailUrl":"https:\/\/lepatriotebenin.com\/wp-content\/uploads\/2025\/12\/siege-cedeao-2.jpg","articleSection":["Politique"],"inLanguage":"fr-FR","potentialAction":[{"@type":"CommentAction","name":"Comment","target":["https:\/\/lepatriotebenin.com\/index.php\/2025\/12\/17\/apres-le-putsch-dejoue-du-07-decembre-2025-la-cedeao-recommande-la-voie-du-dialogue-au-gouvernement\/#respond"]}]},{"@type":"WebPage","@id":"https:\/\/lepatriotebenin.com\/index.php\/2025\/12\/17\/apres-le-putsch-dejoue-du-07-decembre-2025-la-cedeao-recommande-la-voie-du-dialogue-au-gouvernement\/","url":"https:\/\/lepatriotebenin.com\/index.php\/2025\/12\/17\/apres-le-putsch-dejoue-du-07-decembre-2025-la-cedeao-recommande-la-voie-du-dialogue-au-gouvernement\/","name":"Apr\u00e8s le putsch d\u00e9jou\u00e9 du 07 d\u00e9cembre 2025 : La Cedeao recommande la voie du dialogue au gouvernement - Le Patriote","isPartOf":{"@id":"https:\/\/lepatriotebenin.com\/#website"},"primaryImageOfPage":{"@id":"https:\/\/lepatriotebenin.com\/index.php\/2025\/12\/17\/apres-le-putsch-dejoue-du-07-decembre-2025-la-cedeao-recommande-la-voie-du-dialogue-au-gouvernement\/#primaryimage"},"image":{"@id":"https:\/\/lepatriotebenin.com\/index.php\/2025\/12\/17\/apres-le-putsch-dejoue-du-07-decembre-2025-la-cedeao-recommande-la-voie-du-dialogue-au-gouvernement\/#primaryimage"},"thumbnailUrl":"https:\/\/lepatriotebenin.com\/wp-content\/uploads\/2025\/12\/siege-cedeao-2.jpg","datePublished":"2025-12-17T02:28:55+00:00","author":{"@id":"https:\/\/lepatriotebenin.com\/#\/schema\/person\/2e7709b9c9cc313e452d1136af61690f"},"breadcrumb":{"@id":"https:\/\/lepatriotebenin.com\/index.php\/2025\/12\/17\/apres-le-putsch-dejoue-du-07-decembre-2025-la-cedeao-recommande-la-voie-du-dialogue-au-gouvernement\/#breadcrumb"},"inLanguage":"fr-FR","potentialAction":[{"@type":"ReadAction","target":["https:\/\/lepatriotebenin.com\/index.php\/2025\/12\/17\/apres-le-putsch-dejoue-du-07-decembre-2025-la-cedeao-recommande-la-voie-du-dialogue-au-gouvernement\/"]}]},{"@type":"ImageObject","inLanguage":"fr-FR","@id":"https:\/\/lepatriotebenin.com\/index.php\/2025\/12\/17\/apres-le-putsch-dejoue-du-07-decembre-2025-la-cedeao-recommande-la-voie-du-dialogue-au-gouvernement\/#primaryimage","url":"https:\/\/lepatriotebenin.com\/wp-content\/uploads\/2025\/12\/siege-cedeao-2.jpg","contentUrl":"https:\/\/lepatriotebenin.com\/wp-content\/uploads\/2025\/12\/siege-cedeao-2.jpg","width":720,"height":407},{"@type":"BreadcrumbList","@id":"https:\/\/lepatriotebenin.com\/index.php\/2025\/12\/17\/apres-le-putsch-dejoue-du-07-decembre-2025-la-cedeao-recommande-la-voie-du-dialogue-au-gouvernement\/#breadcrumb","itemListElement":[{"@type":"ListItem","position":1,"name":"Accueil","item":"https:\/\/lepatriotebenin.com\/"},{"@type":"ListItem","position":2,"name":"Apr\u00e8s le putsch d\u00e9jou\u00e9 du 07 d\u00e9cembre 2025 : La Cedeao recommande la voie du dialogue au gouvernement"}]},{"@type":"WebSite","@id":"https:\/\/lepatriotebenin.com\/#website","url":"https:\/\/lepatriotebenin.com\/","name":"Le Patriote","description":"Le Patriote B\u00e9nin","potentialAction":[{"@type":"SearchAction","target":{"@type":"EntryPoint","urlTemplate":"https:\/\/lepatriotebenin.com\/?s={search_term_string}"},"query-input":{"@type":"PropertyValueSpecification","valueRequired":true,"valueName":"search_term_string"}}],"inLanguage":"fr-FR"},{"@type":"Person","@id":"https:\/\/lepatriotebenin.com\/#\/schema\/person\/2e7709b9c9cc313e452d1136af61690f","name":"Redaction","image":{"@type":"ImageObject","inLanguage":"fr-FR","@id":"https:\/\/secure.gravatar.com\/avatar\/c4c509357859ea2ca2cbb6d8812898a73e4ef1ef9934c2e591d7e32face734d1?s=96&d=mm&r=g","url":"https:\/\/secure.gravatar.com\/avatar\/c4c509357859ea2ca2cbb6d8812898a73e4ef1ef9934c2e591d7e32face734d1?s=96&d=mm&r=g","contentUrl":"https:\/\/secure.gravatar.com\/avatar\/c4c509357859ea2ca2cbb6d8812898a73e4ef1ef9934c2e591d7e32face734d1?s=96&d=mm&r=g","caption":"Redaction"},"url":"https:\/\/lepatriotebenin.com"}]}},"_links":{"self":[{"href":"https:\/\/lepatriotebenin.com\/index.php\/wp-json\/wp\/v2\/posts\/16015","targetHints":{"allow":["GET"]}}],"collection":[{"href":"https:\/\/lepatriotebenin.com\/index.php\/wp-json\/wp\/v2\/posts"}],"about":[{"href":"https:\/\/lepatriotebenin.com\/index.php\/wp-json\/wp\/v2\/types\/post"}],"author":[{"embeddable":true,"href":"https:\/\/lepatriotebenin.com\/index.php\/wp-json\/wp\/v2\/users\/5"}],"replies":[{"embeddable":true,"href":"https:\/\/lepatriotebenin.com\/index.php\/wp-json\/wp\/v2\/comments?post=16015"}],"version-history":[{"count":1,"href":"https:\/\/lepatriotebenin.com\/index.php\/wp-json\/wp\/v2\/posts\/16015\/revisions"}],"predecessor-version":[{"id":16021,"href":"https:\/\/lepatriotebenin.com\/index.php\/wp-json\/wp\/v2\/posts\/16015\/revisions\/16021"}],"wp:featuredmedia":[{"embeddable":true,"href":"https:\/\/lepatriotebenin.com\/index.php\/wp-json\/wp\/v2\/media\/16019"}],"wp:attachment":[{"href":"https:\/\/lepatriotebenin.com\/index.php\/wp-json\/wp\/v2\/media?parent=16015"}],"wp:term":[{"taxonomy":"category","embeddable":true,"href":"https:\/\/lepatriotebenin.com\/index.php\/wp-json\/wp\/v2\/categories?post=16015"},{"taxonomy":"post_tag","embeddable":true,"href":"https:\/\/lepatriotebenin.com\/index.php\/wp-json\/wp\/v2\/tags?post=16015"}],"curies":[{"name":"wp","href":"https:\/\/api.w.org\/{rel}","templated":true}]}}