{"id":15974,"date":"2025-12-16T08:08:48","date_gmt":"2025-12-16T07:08:48","guid":{"rendered":"https:\/\/lepatriotebenin.com\/?p=15974"},"modified":"2025-12-16T08:08:48","modified_gmt":"2025-12-16T07:08:48","slug":"rdc-au-sud-kivu-lafc-m23-annonce-un-retrait-conditionnel-duvira","status":"publish","type":"post","link":"https:\/\/lepatriotebenin.com\/index.php\/2025\/12\/16\/rdc-au-sud-kivu-lafc-m23-annonce-un-retrait-conditionnel-duvira\/","title":{"rendered":"RDC: Au Sud-Kivu, l\u2019AFC\/M23 annonce un retrait conditionnel d\u2019Uvira"},"content":{"rendered":"<p><strong><em>Sous la pression internationale, le mouvement rebelle dit vouloir quitter la ville qu\u2019il a conquise d\u00e9but d\u00e9cembre. Cette annonce reste toutefois li\u00e9e \u00e0 plusieurs exigences s\u00e9curitaires<\/em><\/strong>.<\/p>\n<p>Moins d\u2019une semaine apr\u00e8s la prise d\u2019Uvira, l\u2019AFC\/M23 affirme vouloir se retirer de la deuxi\u00e8me ville du Sud-Kivu. Le mouvement rebelle pr\u00e9sente cette d\u00e9cision comme un geste de bonne volont\u00e9, tout en posant des conditions strictes \u00e0 son application.<\/p>\n<p>Dans un communiqu\u00e9 publi\u00e9 dans la nuit du lundi 15 au mardi 16 d\u00e9cembre, l\u2019Alliance Fleuve Congo\/M23 annonce son retrait unilat\u00e9ral de la ville d\u2019Uvira, conquise le 10 d\u00e9cembre dans l\u2019est de la R\u00e9publique d\u00e9mocratique du Congo. Selon le texte, cette d\u00e9cision aurait \u00e9t\u00e9 prise \u00ab \u00e0 la demande des \u00c9tats-Unis \u00bb et s\u2019inscrit comme une \u00ab mesure de confiance en soutien au processus de Doha \u00bb, alors que les combats se poursuivent dans plusieurs zones de la r\u00e9gion.<\/p>\n<p><strong>Un retrait assorti de conditions<\/strong><\/p>\n<p>L\u2019AFC\/M23 pr\u00e9cise cependant que ce retrait ne sera effectif que si certaines exigences sont respect\u00e9es. Le groupe r\u00e9clame d\u2019abord la d\u00e9militarisation compl\u00e8te de la ville d\u2019Uvira. Il demande \u00e9galement des garanties pour la protection des civils, ainsi qu\u2019un contr\u00f4le du cessez-le-feu par le d\u00e9ploiement d\u2019une force neutre. Ces conditions laissent planer des incertitudes sur le calendrier et la mise en \u0153uvre r\u00e9elle de ce retrait annonc\u00e9.<\/p>\n<p><strong>Washington durcit le ton contre Kigali<\/strong><\/p>\n<p>Cette annonce intervient dans un contexte de pression diplomatique accrue des \u00c9tats-Unis sur le Rwanda, r\u00e9guli\u00e8rement accus\u00e9 de soutenir l\u2019AFC\/M23. Vendredi 12 d\u00e9cembre, devant le Conseil de s\u00e9curit\u00e9 de l\u2019ONU, l\u2019ambassadeur am\u00e9ricain Mike Waltz a estim\u00e9 que Kigali contribuait \u00e0 une dangereuse instabilit\u00e9 r\u00e9gionale.<\/p>\n<p>Le week-end suivant, le secr\u00e9taire d\u2019\u00c9tat am\u00e9ricain Marco Rubio a accus\u00e9 le Rwanda de violer l\u2019accord de paix sign\u00e9 r\u00e9cemment \u00e0 Washington. Enfin, le lundi 15 d\u00e9cembre, l\u2019ambassadrice des \u00c9tats-Unis en RDC, Lucy Tamlyn, a indiqu\u00e9 que son pays envisageait tous les moyens possibles, y compris des sanctions, pour s\u2019assurer du respect des engagements pris.<\/p>\n<p>Si l\u2019annonce de l\u2019AFC\/M23 peut appara\u00eetre comme une ouverture, elle reste fragile et conditionnelle. Sur le terrain, la population d\u2019Uvira demeure dans l\u2019attente d\u2019un apaisement durable, alors que les tensions r\u00e9gionales continuent de menacer la stabilit\u00e9 de l\u2019est congolais.<\/p>\n<p><strong>Ez\u00e9chiel Dagb\u00e9gnon PADONOU<\/strong><\/p>\n<p>&nbsp;<\/p>\n","protected":false},"excerpt":{"rendered":"<p>Sous la pression internationale, le mouvement rebelle dit vouloir quitter la ville qu\u2019il a conquise d\u00e9but d\u00e9cembre. Cette annonce reste toutefois li\u00e9e \u00e0 plusieurs exigences s\u00e9curitaires. Moins d\u2019une semaine apr\u00e8s&hellip;<\/p>\n","protected":false},"author":5,"featured_media":15975,"comment_status":"open","ping_status":"open","sticky":false,"template":"","format":"standard","meta":{"content-type":"","om_disable_all_campaigns":false,"_monsterinsights_skip_tracking":false,"_monsterinsights_sitenote_active":false,"_monsterinsights_sitenote_note":"","_monsterinsights_sitenote_category":0,"_uf_show_specific_survey":0,"_uf_disable_surveys":false,"footnotes":""},"categories":[339],"tags":[],"class_list":["post-15974","post","type-post","status-publish","format-standard","has-post-thumbnail","hentry","category-afrique"],"aioseo_notices":[],"yoast_head":"<!-- This site is optimized with the Yoast SEO plugin v27.5 - https:\/\/yoast.com\/product\/yoast-seo-wordpress\/ -->\n<title>RDC: Au Sud-Kivu, l\u2019AFC\/M23 annonce un retrait conditionnel d\u2019Uvira - Le Patriote<\/title>\n<meta name=\"robots\" content=\"index, follow, max-snippet:-1, max-image-preview:large, max-video-preview:-1\" \/>\n<link rel=\"canonical\" href=\"https:\/\/lepatriotebenin.com\/index.php\/2025\/12\/16\/rdc-au-sud-kivu-lafc-m23-annonce-un-retrait-conditionnel-duvira\/\" \/>\n<meta property=\"og:locale\" content=\"fr_FR\" \/>\n<meta property=\"og:type\" content=\"article\" \/>\n<meta property=\"og:title\" content=\"RDC: Au Sud-Kivu, l\u2019AFC\/M23 annonce un retrait conditionnel d\u2019Uvira - Le Patriote\" \/>\n<meta property=\"og:description\" content=\"Sous la pression internationale, le mouvement rebelle dit vouloir quitter la ville qu\u2019il a conquise d\u00e9but d\u00e9cembre. Cette annonce reste toutefois li\u00e9e \u00e0 plusieurs exigences s\u00e9curitaires. Moins d\u2019une semaine apr\u00e8s&hellip;\" \/>\n<meta property=\"og:url\" content=\"https:\/\/lepatriotebenin.com\/index.php\/2025\/12\/16\/rdc-au-sud-kivu-lafc-m23-annonce-un-retrait-conditionnel-duvira\/\" \/>\n<meta property=\"og:site_name\" content=\"Le Patriote\" \/>\n<meta property=\"article:published_time\" content=\"2025-12-16T07:08:48+00:00\" \/>\n<meta property=\"og:image\" content=\"https:\/\/lepatriotebenin.com\/wp-content\/uploads\/2025\/12\/rdc-au-sud-kivu.jpg\" \/>\n\t<meta property=\"og:image:width\" content=\"1215\" \/>\n\t<meta property=\"og:image:height\" content=\"810\" \/>\n\t<meta property=\"og:image:type\" content=\"image\/jpeg\" \/>\n<meta name=\"author\" content=\"Redaction\" \/>\n<meta name=\"twitter:card\" content=\"summary_large_image\" \/>\n<meta name=\"twitter:label1\" content=\"\u00c9crit par\" \/>\n\t<meta name=\"twitter:data1\" content=\"Redaction\" \/>\n\t<meta name=\"twitter:label2\" content=\"Dur\u00e9e de lecture estim\u00e9e\" \/>\n\t<meta name=\"twitter:data2\" content=\"3 minutes\" \/>\n<script type=\"application\/ld+json\" class=\"yoast-schema-graph\">{\"@context\":\"https:\\\/\\\/schema.org\",\"@graph\":[{\"@type\":\"Article\",\"@id\":\"https:\\\/\\\/lepatriotebenin.com\\\/index.php\\\/2025\\\/12\\\/16\\\/rdc-au-sud-kivu-lafc-m23-annonce-un-retrait-conditionnel-duvira\\\/#article\",\"isPartOf\":{\"@id\":\"https:\\\/\\\/lepatriotebenin.com\\\/index.php\\\/2025\\\/12\\\/16\\\/rdc-au-sud-kivu-lafc-m23-annonce-un-retrait-conditionnel-duvira\\\/\"},\"author\":{\"name\":\"Redaction\",\"@id\":\"https:\\\/\\\/lepatriotebenin.com\\\/#\\\/schema\\\/person\\\/2e7709b9c9cc313e452d1136af61690f\"},\"headline\":\"RDC: Au Sud-Kivu, l\u2019AFC\\\/M23 annonce un retrait conditionnel d\u2019Uvira\",\"datePublished\":\"2025-12-16T07:08:48+00:00\",\"mainEntityOfPage\":{\"@id\":\"https:\\\/\\\/lepatriotebenin.com\\\/index.php\\\/2025\\\/12\\\/16\\\/rdc-au-sud-kivu-lafc-m23-annonce-un-retrait-conditionnel-duvira\\\/\"},\"wordCount\":429,\"commentCount\":0,\"image\":{\"@id\":\"https:\\\/\\\/lepatriotebenin.com\\\/index.php\\\/2025\\\/12\\\/16\\\/rdc-au-sud-kivu-lafc-m23-annonce-un-retrait-conditionnel-duvira\\\/#primaryimage\"},\"thumbnailUrl\":\"https:\\\/\\\/lepatriotebenin.com\\\/wp-content\\\/uploads\\\/2025\\\/12\\\/rdc-au-sud-kivu.jpg\",\"articleSection\":[\"Afrique\"],\"inLanguage\":\"fr-FR\",\"potentialAction\":[{\"@type\":\"CommentAction\",\"name\":\"Comment\",\"target\":[\"https:\\\/\\\/lepatriotebenin.com\\\/index.php\\\/2025\\\/12\\\/16\\\/rdc-au-sud-kivu-lafc-m23-annonce-un-retrait-conditionnel-duvira\\\/#respond\"]}]},{\"@type\":\"WebPage\",\"@id\":\"https:\\\/\\\/lepatriotebenin.com\\\/index.php\\\/2025\\\/12\\\/16\\\/rdc-au-sud-kivu-lafc-m23-annonce-un-retrait-conditionnel-duvira\\\/\",\"url\":\"https:\\\/\\\/lepatriotebenin.com\\\/index.php\\\/2025\\\/12\\\/16\\\/rdc-au-sud-kivu-lafc-m23-annonce-un-retrait-conditionnel-duvira\\\/\",\"name\":\"RDC: Au Sud-Kivu, l\u2019AFC\\\/M23 annonce un retrait conditionnel d\u2019Uvira - Le Patriote\",\"isPartOf\":{\"@id\":\"https:\\\/\\\/lepatriotebenin.com\\\/#website\"},\"primaryImageOfPage\":{\"@id\":\"https:\\\/\\\/lepatriotebenin.com\\\/index.php\\\/2025\\\/12\\\/16\\\/rdc-au-sud-kivu-lafc-m23-annonce-un-retrait-conditionnel-duvira\\\/#primaryimage\"},\"image\":{\"@id\":\"https:\\\/\\\/lepatriotebenin.com\\\/index.php\\\/2025\\\/12\\\/16\\\/rdc-au-sud-kivu-lafc-m23-annonce-un-retrait-conditionnel-duvira\\\/#primaryimage\"},\"thumbnailUrl\":\"https:\\\/\\\/lepatriotebenin.com\\\/wp-content\\\/uploads\\\/2025\\\/12\\\/rdc-au-sud-kivu.jpg\",\"datePublished\":\"2025-12-16T07:08:48+00:00\",\"author\":{\"@id\":\"https:\\\/\\\/lepatriotebenin.com\\\/#\\\/schema\\\/person\\\/2e7709b9c9cc313e452d1136af61690f\"},\"breadcrumb\":{\"@id\":\"https:\\\/\\\/lepatriotebenin.com\\\/index.php\\\/2025\\\/12\\\/16\\\/rdc-au-sud-kivu-lafc-m23-annonce-un-retrait-conditionnel-duvira\\\/#breadcrumb\"},\"inLanguage\":\"fr-FR\",\"potentialAction\":[{\"@type\":\"ReadAction\",\"target\":[\"https:\\\/\\\/lepatriotebenin.com\\\/index.php\\\/2025\\\/12\\\/16\\\/rdc-au-sud-kivu-lafc-m23-annonce-un-retrait-conditionnel-duvira\\\/\"]}]},{\"@type\":\"ImageObject\",\"inLanguage\":\"fr-FR\",\"@id\":\"https:\\\/\\\/lepatriotebenin.com\\\/index.php\\\/2025\\\/12\\\/16\\\/rdc-au-sud-kivu-lafc-m23-annonce-un-retrait-conditionnel-duvira\\\/#primaryimage\",\"url\":\"https:\\\/\\\/lepatriotebenin.com\\\/wp-content\\\/uploads\\\/2025\\\/12\\\/rdc-au-sud-kivu.jpg\",\"contentUrl\":\"https:\\\/\\\/lepatriotebenin.com\\\/wp-content\\\/uploads\\\/2025\\\/12\\\/rdc-au-sud-kivu.jpg\",\"width\":1215,\"height\":810},{\"@type\":\"BreadcrumbList\",\"@id\":\"https:\\\/\\\/lepatriotebenin.com\\\/index.php\\\/2025\\\/12\\\/16\\\/rdc-au-sud-kivu-lafc-m23-annonce-un-retrait-conditionnel-duvira\\\/#breadcrumb\",\"itemListElement\":[{\"@type\":\"ListItem\",\"position\":1,\"name\":\"Accueil\",\"item\":\"https:\\\/\\\/lepatriotebenin.com\\\/\"},{\"@type\":\"ListItem\",\"position\":2,\"name\":\"RDC: Au Sud-Kivu, l\u2019AFC\\\/M23 annonce un retrait conditionnel d\u2019Uvira\"}]},{\"@type\":\"WebSite\",\"@id\":\"https:\\\/\\\/lepatriotebenin.com\\\/#website\",\"url\":\"https:\\\/\\\/lepatriotebenin.com\\\/\",\"name\":\"Le Patriote\",\"description\":\"Le Patriote B\u00e9nin\",\"potentialAction\":[{\"@type\":\"SearchAction\",\"target\":{\"@type\":\"EntryPoint\",\"urlTemplate\":\"https:\\\/\\\/lepatriotebenin.com\\\/?s={search_term_string}\"},\"query-input\":{\"@type\":\"PropertyValueSpecification\",\"valueRequired\":true,\"valueName\":\"search_term_string\"}}],\"inLanguage\":\"fr-FR\"},{\"@type\":\"Person\",\"@id\":\"https:\\\/\\\/lepatriotebenin.com\\\/#\\\/schema\\\/person\\\/2e7709b9c9cc313e452d1136af61690f\",\"name\":\"Redaction\",\"image\":{\"@type\":\"ImageObject\",\"inLanguage\":\"fr-FR\",\"@id\":\"https:\\\/\\\/secure.gravatar.com\\\/avatar\\\/c4c509357859ea2ca2cbb6d8812898a73e4ef1ef9934c2e591d7e32face734d1?s=96&d=mm&r=g\",\"url\":\"https:\\\/\\\/secure.gravatar.com\\\/avatar\\\/c4c509357859ea2ca2cbb6d8812898a73e4ef1ef9934c2e591d7e32face734d1?s=96&d=mm&r=g\",\"contentUrl\":\"https:\\\/\\\/secure.gravatar.com\\\/avatar\\\/c4c509357859ea2ca2cbb6d8812898a73e4ef1ef9934c2e591d7e32face734d1?s=96&d=mm&r=g\",\"caption\":\"Redaction\"},\"url\":\"https:\\\/\\\/lepatriotebenin.com\"}]}<\/script>\n<!-- \/ Yoast SEO plugin. -->","yoast_head_json":{"title":"RDC: Au Sud-Kivu, l\u2019AFC\/M23 annonce un retrait conditionnel d\u2019Uvira - Le Patriote","robots":{"index":"index","follow":"follow","max-snippet":"max-snippet:-1","max-image-preview":"max-image-preview:large","max-video-preview":"max-video-preview:-1"},"canonical":"https:\/\/lepatriotebenin.com\/index.php\/2025\/12\/16\/rdc-au-sud-kivu-lafc-m23-annonce-un-retrait-conditionnel-duvira\/","og_locale":"fr_FR","og_type":"article","og_title":"RDC: Au Sud-Kivu, l\u2019AFC\/M23 annonce un retrait conditionnel d\u2019Uvira - Le Patriote","og_description":"Sous la pression internationale, le mouvement rebelle dit vouloir quitter la ville qu\u2019il a conquise d\u00e9but d\u00e9cembre. Cette annonce reste toutefois li\u00e9e \u00e0 plusieurs exigences s\u00e9curitaires. Moins d\u2019une semaine apr\u00e8s&hellip;","og_url":"https:\/\/lepatriotebenin.com\/index.php\/2025\/12\/16\/rdc-au-sud-kivu-lafc-m23-annonce-un-retrait-conditionnel-duvira\/","og_site_name":"Le Patriote","article_published_time":"2025-12-16T07:08:48+00:00","og_image":[{"width":1215,"height":810,"url":"https:\/\/lepatriotebenin.com\/wp-content\/uploads\/2025\/12\/rdc-au-sud-kivu.jpg","type":"image\/jpeg"}],"author":"Redaction","twitter_card":"summary_large_image","twitter_misc":{"\u00c9crit par":"Redaction","Dur\u00e9e de lecture estim\u00e9e":"3 minutes"},"schema":{"@context":"https:\/\/schema.org","@graph":[{"@type":"Article","@id":"https:\/\/lepatriotebenin.com\/index.php\/2025\/12\/16\/rdc-au-sud-kivu-lafc-m23-annonce-un-retrait-conditionnel-duvira\/#article","isPartOf":{"@id":"https:\/\/lepatriotebenin.com\/index.php\/2025\/12\/16\/rdc-au-sud-kivu-lafc-m23-annonce-un-retrait-conditionnel-duvira\/"},"author":{"name":"Redaction","@id":"https:\/\/lepatriotebenin.com\/#\/schema\/person\/2e7709b9c9cc313e452d1136af61690f"},"headline":"RDC: Au Sud-Kivu, l\u2019AFC\/M23 annonce un retrait conditionnel d\u2019Uvira","datePublished":"2025-12-16T07:08:48+00:00","mainEntityOfPage":{"@id":"https:\/\/lepatriotebenin.com\/index.php\/2025\/12\/16\/rdc-au-sud-kivu-lafc-m23-annonce-un-retrait-conditionnel-duvira\/"},"wordCount":429,"commentCount":0,"image":{"@id":"https:\/\/lepatriotebenin.com\/index.php\/2025\/12\/16\/rdc-au-sud-kivu-lafc-m23-annonce-un-retrait-conditionnel-duvira\/#primaryimage"},"thumbnailUrl":"https:\/\/lepatriotebenin.com\/wp-content\/uploads\/2025\/12\/rdc-au-sud-kivu.jpg","articleSection":["Afrique"],"inLanguage":"fr-FR","potentialAction":[{"@type":"CommentAction","name":"Comment","target":["https:\/\/lepatriotebenin.com\/index.php\/2025\/12\/16\/rdc-au-sud-kivu-lafc-m23-annonce-un-retrait-conditionnel-duvira\/#respond"]}]},{"@type":"WebPage","@id":"https:\/\/lepatriotebenin.com\/index.php\/2025\/12\/16\/rdc-au-sud-kivu-lafc-m23-annonce-un-retrait-conditionnel-duvira\/","url":"https:\/\/lepatriotebenin.com\/index.php\/2025\/12\/16\/rdc-au-sud-kivu-lafc-m23-annonce-un-retrait-conditionnel-duvira\/","name":"RDC: Au Sud-Kivu, l\u2019AFC\/M23 annonce un retrait conditionnel d\u2019Uvira - Le Patriote","isPartOf":{"@id":"https:\/\/lepatriotebenin.com\/#website"},"primaryImageOfPage":{"@id":"https:\/\/lepatriotebenin.com\/index.php\/2025\/12\/16\/rdc-au-sud-kivu-lafc-m23-annonce-un-retrait-conditionnel-duvira\/#primaryimage"},"image":{"@id":"https:\/\/lepatriotebenin.com\/index.php\/2025\/12\/16\/rdc-au-sud-kivu-lafc-m23-annonce-un-retrait-conditionnel-duvira\/#primaryimage"},"thumbnailUrl":"https:\/\/lepatriotebenin.com\/wp-content\/uploads\/2025\/12\/rdc-au-sud-kivu.jpg","datePublished":"2025-12-16T07:08:48+00:00","author":{"@id":"https:\/\/lepatriotebenin.com\/#\/schema\/person\/2e7709b9c9cc313e452d1136af61690f"},"breadcrumb":{"@id":"https:\/\/lepatriotebenin.com\/index.php\/2025\/12\/16\/rdc-au-sud-kivu-lafc-m23-annonce-un-retrait-conditionnel-duvira\/#breadcrumb"},"inLanguage":"fr-FR","potentialAction":[{"@type":"ReadAction","target":["https:\/\/lepatriotebenin.com\/index.php\/2025\/12\/16\/rdc-au-sud-kivu-lafc-m23-annonce-un-retrait-conditionnel-duvira\/"]}]},{"@type":"ImageObject","inLanguage":"fr-FR","@id":"https:\/\/lepatriotebenin.com\/index.php\/2025\/12\/16\/rdc-au-sud-kivu-lafc-m23-annonce-un-retrait-conditionnel-duvira\/#primaryimage","url":"https:\/\/lepatriotebenin.com\/wp-content\/uploads\/2025\/12\/rdc-au-sud-kivu.jpg","contentUrl":"https:\/\/lepatriotebenin.com\/wp-content\/uploads\/2025\/12\/rdc-au-sud-kivu.jpg","width":1215,"height":810},{"@type":"BreadcrumbList","@id":"https:\/\/lepatriotebenin.com\/index.php\/2025\/12\/16\/rdc-au-sud-kivu-lafc-m23-annonce-un-retrait-conditionnel-duvira\/#breadcrumb","itemListElement":[{"@type":"ListItem","position":1,"name":"Accueil","item":"https:\/\/lepatriotebenin.com\/"},{"@type":"ListItem","position":2,"name":"RDC: Au Sud-Kivu, l\u2019AFC\/M23 annonce un retrait conditionnel d\u2019Uvira"}]},{"@type":"WebSite","@id":"https:\/\/lepatriotebenin.com\/#website","url":"https:\/\/lepatriotebenin.com\/","name":"Le Patriote","description":"Le Patriote B\u00e9nin","potentialAction":[{"@type":"SearchAction","target":{"@type":"EntryPoint","urlTemplate":"https:\/\/lepatriotebenin.com\/?s={search_term_string}"},"query-input":{"@type":"PropertyValueSpecification","valueRequired":true,"valueName":"search_term_string"}}],"inLanguage":"fr-FR"},{"@type":"Person","@id":"https:\/\/lepatriotebenin.com\/#\/schema\/person\/2e7709b9c9cc313e452d1136af61690f","name":"Redaction","image":{"@type":"ImageObject","inLanguage":"fr-FR","@id":"https:\/\/secure.gravatar.com\/avatar\/c4c509357859ea2ca2cbb6d8812898a73e4ef1ef9934c2e591d7e32face734d1?s=96&d=mm&r=g","url":"https:\/\/secure.gravatar.com\/avatar\/c4c509357859ea2ca2cbb6d8812898a73e4ef1ef9934c2e591d7e32face734d1?s=96&d=mm&r=g","contentUrl":"https:\/\/secure.gravatar.com\/avatar\/c4c509357859ea2ca2cbb6d8812898a73e4ef1ef9934c2e591d7e32face734d1?s=96&d=mm&r=g","caption":"Redaction"},"url":"https:\/\/lepatriotebenin.com"}]}},"_links":{"self":[{"href":"https:\/\/lepatriotebenin.com\/index.php\/wp-json\/wp\/v2\/posts\/15974","targetHints":{"allow":["GET"]}}],"collection":[{"href":"https:\/\/lepatriotebenin.com\/index.php\/wp-json\/wp\/v2\/posts"}],"about":[{"href":"https:\/\/lepatriotebenin.com\/index.php\/wp-json\/wp\/v2\/types\/post"}],"author":[{"embeddable":true,"href":"https:\/\/lepatriotebenin.com\/index.php\/wp-json\/wp\/v2\/users\/5"}],"replies":[{"embeddable":true,"href":"https:\/\/lepatriotebenin.com\/index.php\/wp-json\/wp\/v2\/comments?post=15974"}],"version-history":[{"count":1,"href":"https:\/\/lepatriotebenin.com\/index.php\/wp-json\/wp\/v2\/posts\/15974\/revisions"}],"predecessor-version":[{"id":15976,"href":"https:\/\/lepatriotebenin.com\/index.php\/wp-json\/wp\/v2\/posts\/15974\/revisions\/15976"}],"wp:featuredmedia":[{"embeddable":true,"href":"https:\/\/lepatriotebenin.com\/index.php\/wp-json\/wp\/v2\/media\/15975"}],"wp:attachment":[{"href":"https:\/\/lepatriotebenin.com\/index.php\/wp-json\/wp\/v2\/media?parent=15974"}],"wp:term":[{"taxonomy":"category","embeddable":true,"href":"https:\/\/lepatriotebenin.com\/index.php\/wp-json\/wp\/v2\/categories?post=15974"},{"taxonomy":"post_tag","embeddable":true,"href":"https:\/\/lepatriotebenin.com\/index.php\/wp-json\/wp\/v2\/tags?post=15974"}],"curies":[{"name":"wp","href":"https:\/\/api.w.org\/{rel}","templated":true}]}}