{"id":15938,"date":"2025-12-15T02:31:08","date_gmt":"2025-12-15T01:31:08","guid":{"rendered":"https:\/\/lepatriotebenin.com\/?p=15938"},"modified":"2025-12-15T02:31:08","modified_gmt":"2025-12-15T01:31:08","slug":"hommages-aux-martyrs-du-putsch-manque-necessite-de-depolitiser-le-debat","status":"publish","type":"post","link":"https:\/\/lepatriotebenin.com\/index.php\/2025\/12\/15\/hommages-aux-martyrs-du-putsch-manque-necessite-de-depolitiser-le-debat\/","title":{"rendered":"Hommages aux martyrs du putsch manqu\u00e9 : N\u00e9cessit\u00e9 de d\u00e9politiser le d\u00e9bat"},"content":{"rendered":"<p><strong><em>Quelques jours apr\u00e8s le coup d\u2019\u00c9tat manqu\u00e9 du dimanche 07 d\u00e9cembre 2025, d\u00e9jou\u00e9 gr\u00e2ce au professionnalisme, au sacrifice et au dynamisme des Forces de d\u00e9fense et de s\u00e9curit\u00e9, le pays s\u2019est r\u00e9veill\u00e9 endeuill\u00e9 avec le d\u00e9c\u00e8s d\u2019un soldat dans le camp loyaliste selon des sources officielles. Cette situation laisse des familles \u00e9plor\u00e9es et une Nation profond\u00e9ment affect\u00e9e. Dans de pareilles circonstances, le recueillement et la dignit\u00e9 devraient \u00eatre les seules actions de l\u2019action publique et politique.<\/em><\/strong><\/p>\n<p>Il est un secret de polichinelle que le B\u00e9nin a perdu un soldat dans le coup d\u2019Etat d\u00e9jou\u00e9 du dimanche 07 janvier 2025 selon les sources militaires. Tr\u00e8s vite, des r\u00e9cup\u00e9rations politiques ont \u00e9maill\u00e9 l\u2019ar\u00e8ne politique b\u00e9ninoise. Les condamnations sont all\u00e9es dans tous les sens. D\u00e9clarations de presse, communiqu\u00e9s tapageurs, rassemblements improvis\u00e9s, marches et occupations de l\u2019espace public ont fleuri, souvent au nom de la condamnation du putsch. Chacun y va de son bon vouloir et en fonction de ses moyens. S\u2019il n\u2019est point de doute que condamner un acte aussi grave d\u2019atteinte \u00e0 l\u2019int\u00e9grit\u00e9 du pays n\u2019est ni interdit ni ill\u00e9gitime, la mani\u00e8re de le faire laisse d\u00e9sirer, car en voulant se faire voir et en voulant parler plus fort que l\u2019autre, certains acteurs politiques ont sembl\u00e9 oublier l\u2019essentiel, la douleur des familles du soldat tomb\u00e9 au champ d\u2019honneur.<\/p>\n<p>Ces r\u00e9cup\u00e9rations d\u00e9pourvues de tout moral sont non seulement d\u00e9plac\u00e9es, mais elles aggravent la peine des proches des victimes. Utiliser un drame national \u00e0 des fins politiques, c\u2019est aggraver la souffrance des familles et ajouter du bruit au silence n\u00e9cessaire du deuil. En pareilles circonstances, de simples communiqu\u00e9s sobres, empreints de compassion et de responsabilit\u00e9, auraient largement suffi. Il n\u2019\u00e9tait nullement n\u00e9cessaire de regrouper les foules, d\u2019envahir les rues avec des pancartes ou de transformer un moment de deuil national en tribune politique o\u00f9 les attaques vont dans tous les sens. Face \u00e0 une tentative de d\u00e9stabilisation de l\u2019\u00c9tat, la posture attendue de toutes les parties est l\u2019unit\u00e9. Qu\u2019on soit de l\u2019opposition ou de la mouvance, le mot d\u2019ordre doit \u00eatre le m\u00eame : plus jamais \u00e7a. Tous les partis politiques sont appel\u00e9s \u00e0 parler d\u2019une seule voix pour condamner l\u2019acte, sans chercher \u00e0 faire porter le chapeau \u00e0 un camp ou \u00e0 en tirer un avantage partisan ou m\u00eame trouver des poux sur la t\u00eate du chauve. La R\u00e9publique ne se d\u00e9fend pas par la division, encore moins par la surench\u00e8re. Rendre un hommage v\u00e9ritable au martyr du putsch manqu\u00e9 ne se r\u00e9sume pas \u00e0 des d\u00e9clarations publiques ou \u00e0 des manifestations politiques.<\/p>\n<p>La meilleure mani\u00e8re d\u2019honorer leur m\u00e9moire est concr\u00e8te et silencieuse. Il faut porter assistance \u00e0 leurs familles respectives, accompagner les veuves et les orphelins, garantir un soutien moral, social et mat\u00e9riel durable sans attendre l\u2019Etat. C\u2019est \u00e0 ce prix que la reconnaissance nationale prend tout son sens. Le B\u00e9nin a besoin, en ces moments d\u00e9licats, de responsabilit\u00e9, de retenue et de hauteur d\u2019esprit. D\u00e9politiser le d\u00e9bat autour de ce drame, c\u2019est respecter la m\u00e9moire du disparu et soulager, autant que possible, la peine de ceux qui pleurent encore. La Nation leur est redevable. Gr\u00e2ce \u00e0 eux, le pays n\u2019a pas sombr\u00e9.<\/p>\n<p><strong>Mohamed Y\u00e8kini<\/strong><\/p>\n<p>&nbsp;<\/p>\n","protected":false},"excerpt":{"rendered":"<p>Quelques jours apr\u00e8s le coup d\u2019\u00c9tat manqu\u00e9 du dimanche 07 d\u00e9cembre 2025, d\u00e9jou\u00e9 gr\u00e2ce au professionnalisme, au sacrifice et au dynamisme des Forces de d\u00e9fense et de s\u00e9curit\u00e9, le pays&hellip;<\/p>\n","protected":false},"author":5,"featured_media":15939,"comment_status":"open","ping_status":"open","sticky":false,"template":"","format":"standard","meta":{"content-type":"","om_disable_all_campaigns":false,"_monsterinsights_skip_tracking":false,"_monsterinsights_sitenote_active":false,"_monsterinsights_sitenote_note":"","_monsterinsights_sitenote_category":0,"_uf_show_specific_survey":0,"_uf_disable_surveys":false,"footnotes":""},"categories":[26],"tags":[],"class_list":["post-15938","post","type-post","status-publish","format-standard","has-post-thumbnail","hentry","category-politique"],"aioseo_notices":[],"yoast_head":"<!-- This site is optimized with the Yoast SEO plugin v27.5 - https:\/\/yoast.com\/product\/yoast-seo-wordpress\/ -->\n<title>Hommages aux martyrs du putsch manqu\u00e9 : N\u00e9cessit\u00e9 de d\u00e9politiser le d\u00e9bat - Le Patriote<\/title>\n<meta name=\"robots\" content=\"index, follow, max-snippet:-1, max-image-preview:large, max-video-preview:-1\" \/>\n<link rel=\"canonical\" href=\"https:\/\/lepatriotebenin.com\/index.php\/2025\/12\/15\/hommages-aux-martyrs-du-putsch-manque-necessite-de-depolitiser-le-debat\/\" \/>\n<meta property=\"og:locale\" content=\"fr_FR\" \/>\n<meta property=\"og:type\" content=\"article\" \/>\n<meta property=\"og:title\" content=\"Hommages aux martyrs du putsch manqu\u00e9 : N\u00e9cessit\u00e9 de d\u00e9politiser le d\u00e9bat - Le Patriote\" \/>\n<meta property=\"og:description\" content=\"Quelques jours apr\u00e8s le coup d\u2019\u00c9tat manqu\u00e9 du dimanche 07 d\u00e9cembre 2025, d\u00e9jou\u00e9 gr\u00e2ce au professionnalisme, au sacrifice et au dynamisme des Forces de d\u00e9fense et de s\u00e9curit\u00e9, le pays&hellip;\" \/>\n<meta property=\"og:url\" content=\"https:\/\/lepatriotebenin.com\/index.php\/2025\/12\/15\/hommages-aux-martyrs-du-putsch-manque-necessite-de-depolitiser-le-debat\/\" \/>\n<meta property=\"og:site_name\" content=\"Le Patriote\" \/>\n<meta property=\"article:published_time\" content=\"2025-12-15T01:31:08+00:00\" \/>\n<meta property=\"og:image\" content=\"https:\/\/lepatriotebenin.com\/wp-content\/uploads\/2025\/12\/place-du-souvenir.jpg\" \/>\n\t<meta property=\"og:image:width\" content=\"480\" \/>\n\t<meta property=\"og:image:height\" content=\"720\" \/>\n\t<meta property=\"og:image:type\" content=\"image\/jpeg\" \/>\n<meta name=\"author\" content=\"Redaction\" \/>\n<meta name=\"twitter:card\" content=\"summary_large_image\" \/>\n<meta name=\"twitter:label1\" content=\"\u00c9crit par\" \/>\n\t<meta name=\"twitter:data1\" content=\"Redaction\" \/>\n\t<meta name=\"twitter:label2\" content=\"Dur\u00e9e de lecture estim\u00e9e\" \/>\n\t<meta name=\"twitter:data2\" content=\"3 minutes\" \/>\n<script type=\"application\/ld+json\" class=\"yoast-schema-graph\">{\"@context\":\"https:\\\/\\\/schema.org\",\"@graph\":[{\"@type\":\"Article\",\"@id\":\"https:\\\/\\\/lepatriotebenin.com\\\/index.php\\\/2025\\\/12\\\/15\\\/hommages-aux-martyrs-du-putsch-manque-necessite-de-depolitiser-le-debat\\\/#article\",\"isPartOf\":{\"@id\":\"https:\\\/\\\/lepatriotebenin.com\\\/index.php\\\/2025\\\/12\\\/15\\\/hommages-aux-martyrs-du-putsch-manque-necessite-de-depolitiser-le-debat\\\/\"},\"author\":{\"name\":\"Redaction\",\"@id\":\"https:\\\/\\\/lepatriotebenin.com\\\/#\\\/schema\\\/person\\\/2e7709b9c9cc313e452d1136af61690f\"},\"headline\":\"Hommages aux martyrs du putsch manqu\u00e9 : N\u00e9cessit\u00e9 de d\u00e9politiser le d\u00e9bat\",\"datePublished\":\"2025-12-15T01:31:08+00:00\",\"mainEntityOfPage\":{\"@id\":\"https:\\\/\\\/lepatriotebenin.com\\\/index.php\\\/2025\\\/12\\\/15\\\/hommages-aux-martyrs-du-putsch-manque-necessite-de-depolitiser-le-debat\\\/\"},\"wordCount\":609,\"commentCount\":0,\"image\":{\"@id\":\"https:\\\/\\\/lepatriotebenin.com\\\/index.php\\\/2025\\\/12\\\/15\\\/hommages-aux-martyrs-du-putsch-manque-necessite-de-depolitiser-le-debat\\\/#primaryimage\"},\"thumbnailUrl\":\"https:\\\/\\\/lepatriotebenin.com\\\/wp-content\\\/uploads\\\/2025\\\/12\\\/place-du-souvenir.jpg\",\"articleSection\":[\"Politique\"],\"inLanguage\":\"fr-FR\",\"potentialAction\":[{\"@type\":\"CommentAction\",\"name\":\"Comment\",\"target\":[\"https:\\\/\\\/lepatriotebenin.com\\\/index.php\\\/2025\\\/12\\\/15\\\/hommages-aux-martyrs-du-putsch-manque-necessite-de-depolitiser-le-debat\\\/#respond\"]}]},{\"@type\":\"WebPage\",\"@id\":\"https:\\\/\\\/lepatriotebenin.com\\\/index.php\\\/2025\\\/12\\\/15\\\/hommages-aux-martyrs-du-putsch-manque-necessite-de-depolitiser-le-debat\\\/\",\"url\":\"https:\\\/\\\/lepatriotebenin.com\\\/index.php\\\/2025\\\/12\\\/15\\\/hommages-aux-martyrs-du-putsch-manque-necessite-de-depolitiser-le-debat\\\/\",\"name\":\"Hommages aux martyrs du putsch manqu\u00e9 : N\u00e9cessit\u00e9 de d\u00e9politiser le d\u00e9bat - Le Patriote\",\"isPartOf\":{\"@id\":\"https:\\\/\\\/lepatriotebenin.com\\\/#website\"},\"primaryImageOfPage\":{\"@id\":\"https:\\\/\\\/lepatriotebenin.com\\\/index.php\\\/2025\\\/12\\\/15\\\/hommages-aux-martyrs-du-putsch-manque-necessite-de-depolitiser-le-debat\\\/#primaryimage\"},\"image\":{\"@id\":\"https:\\\/\\\/lepatriotebenin.com\\\/index.php\\\/2025\\\/12\\\/15\\\/hommages-aux-martyrs-du-putsch-manque-necessite-de-depolitiser-le-debat\\\/#primaryimage\"},\"thumbnailUrl\":\"https:\\\/\\\/lepatriotebenin.com\\\/wp-content\\\/uploads\\\/2025\\\/12\\\/place-du-souvenir.jpg\",\"datePublished\":\"2025-12-15T01:31:08+00:00\",\"author\":{\"@id\":\"https:\\\/\\\/lepatriotebenin.com\\\/#\\\/schema\\\/person\\\/2e7709b9c9cc313e452d1136af61690f\"},\"breadcrumb\":{\"@id\":\"https:\\\/\\\/lepatriotebenin.com\\\/index.php\\\/2025\\\/12\\\/15\\\/hommages-aux-martyrs-du-putsch-manque-necessite-de-depolitiser-le-debat\\\/#breadcrumb\"},\"inLanguage\":\"fr-FR\",\"potentialAction\":[{\"@type\":\"ReadAction\",\"target\":[\"https:\\\/\\\/lepatriotebenin.com\\\/index.php\\\/2025\\\/12\\\/15\\\/hommages-aux-martyrs-du-putsch-manque-necessite-de-depolitiser-le-debat\\\/\"]}]},{\"@type\":\"ImageObject\",\"inLanguage\":\"fr-FR\",\"@id\":\"https:\\\/\\\/lepatriotebenin.com\\\/index.php\\\/2025\\\/12\\\/15\\\/hommages-aux-martyrs-du-putsch-manque-necessite-de-depolitiser-le-debat\\\/#primaryimage\",\"url\":\"https:\\\/\\\/lepatriotebenin.com\\\/wp-content\\\/uploads\\\/2025\\\/12\\\/place-du-souvenir.jpg\",\"contentUrl\":\"https:\\\/\\\/lepatriotebenin.com\\\/wp-content\\\/uploads\\\/2025\\\/12\\\/place-du-souvenir.jpg\",\"width\":480,\"height\":720},{\"@type\":\"BreadcrumbList\",\"@id\":\"https:\\\/\\\/lepatriotebenin.com\\\/index.php\\\/2025\\\/12\\\/15\\\/hommages-aux-martyrs-du-putsch-manque-necessite-de-depolitiser-le-debat\\\/#breadcrumb\",\"itemListElement\":[{\"@type\":\"ListItem\",\"position\":1,\"name\":\"Accueil\",\"item\":\"https:\\\/\\\/lepatriotebenin.com\\\/\"},{\"@type\":\"ListItem\",\"position\":2,\"name\":\"Hommages aux martyrs du putsch manqu\u00e9 : N\u00e9cessit\u00e9 de d\u00e9politiser le d\u00e9bat\"}]},{\"@type\":\"WebSite\",\"@id\":\"https:\\\/\\\/lepatriotebenin.com\\\/#website\",\"url\":\"https:\\\/\\\/lepatriotebenin.com\\\/\",\"name\":\"Le Patriote\",\"description\":\"Le Patriote B\u00e9nin\",\"potentialAction\":[{\"@type\":\"SearchAction\",\"target\":{\"@type\":\"EntryPoint\",\"urlTemplate\":\"https:\\\/\\\/lepatriotebenin.com\\\/?s={search_term_string}\"},\"query-input\":{\"@type\":\"PropertyValueSpecification\",\"valueRequired\":true,\"valueName\":\"search_term_string\"}}],\"inLanguage\":\"fr-FR\"},{\"@type\":\"Person\",\"@id\":\"https:\\\/\\\/lepatriotebenin.com\\\/#\\\/schema\\\/person\\\/2e7709b9c9cc313e452d1136af61690f\",\"name\":\"Redaction\",\"image\":{\"@type\":\"ImageObject\",\"inLanguage\":\"fr-FR\",\"@id\":\"https:\\\/\\\/secure.gravatar.com\\\/avatar\\\/c4c509357859ea2ca2cbb6d8812898a73e4ef1ef9934c2e591d7e32face734d1?s=96&d=mm&r=g\",\"url\":\"https:\\\/\\\/secure.gravatar.com\\\/avatar\\\/c4c509357859ea2ca2cbb6d8812898a73e4ef1ef9934c2e591d7e32face734d1?s=96&d=mm&r=g\",\"contentUrl\":\"https:\\\/\\\/secure.gravatar.com\\\/avatar\\\/c4c509357859ea2ca2cbb6d8812898a73e4ef1ef9934c2e591d7e32face734d1?s=96&d=mm&r=g\",\"caption\":\"Redaction\"},\"url\":\"https:\\\/\\\/lepatriotebenin.com\"}]}<\/script>\n<!-- \/ Yoast SEO plugin. -->","yoast_head_json":{"title":"Hommages aux martyrs du putsch manqu\u00e9 : N\u00e9cessit\u00e9 de d\u00e9politiser le d\u00e9bat - Le Patriote","robots":{"index":"index","follow":"follow","max-snippet":"max-snippet:-1","max-image-preview":"max-image-preview:large","max-video-preview":"max-video-preview:-1"},"canonical":"https:\/\/lepatriotebenin.com\/index.php\/2025\/12\/15\/hommages-aux-martyrs-du-putsch-manque-necessite-de-depolitiser-le-debat\/","og_locale":"fr_FR","og_type":"article","og_title":"Hommages aux martyrs du putsch manqu\u00e9 : N\u00e9cessit\u00e9 de d\u00e9politiser le d\u00e9bat - Le Patriote","og_description":"Quelques jours apr\u00e8s le coup d\u2019\u00c9tat manqu\u00e9 du dimanche 07 d\u00e9cembre 2025, d\u00e9jou\u00e9 gr\u00e2ce au professionnalisme, au sacrifice et au dynamisme des Forces de d\u00e9fense et de s\u00e9curit\u00e9, le pays&hellip;","og_url":"https:\/\/lepatriotebenin.com\/index.php\/2025\/12\/15\/hommages-aux-martyrs-du-putsch-manque-necessite-de-depolitiser-le-debat\/","og_site_name":"Le Patriote","article_published_time":"2025-12-15T01:31:08+00:00","og_image":[{"width":480,"height":720,"url":"https:\/\/lepatriotebenin.com\/wp-content\/uploads\/2025\/12\/place-du-souvenir.jpg","type":"image\/jpeg"}],"author":"Redaction","twitter_card":"summary_large_image","twitter_misc":{"\u00c9crit par":"Redaction","Dur\u00e9e de lecture estim\u00e9e":"3 minutes"},"schema":{"@context":"https:\/\/schema.org","@graph":[{"@type":"Article","@id":"https:\/\/lepatriotebenin.com\/index.php\/2025\/12\/15\/hommages-aux-martyrs-du-putsch-manque-necessite-de-depolitiser-le-debat\/#article","isPartOf":{"@id":"https:\/\/lepatriotebenin.com\/index.php\/2025\/12\/15\/hommages-aux-martyrs-du-putsch-manque-necessite-de-depolitiser-le-debat\/"},"author":{"name":"Redaction","@id":"https:\/\/lepatriotebenin.com\/#\/schema\/person\/2e7709b9c9cc313e452d1136af61690f"},"headline":"Hommages aux martyrs du putsch manqu\u00e9 : N\u00e9cessit\u00e9 de d\u00e9politiser le d\u00e9bat","datePublished":"2025-12-15T01:31:08+00:00","mainEntityOfPage":{"@id":"https:\/\/lepatriotebenin.com\/index.php\/2025\/12\/15\/hommages-aux-martyrs-du-putsch-manque-necessite-de-depolitiser-le-debat\/"},"wordCount":609,"commentCount":0,"image":{"@id":"https:\/\/lepatriotebenin.com\/index.php\/2025\/12\/15\/hommages-aux-martyrs-du-putsch-manque-necessite-de-depolitiser-le-debat\/#primaryimage"},"thumbnailUrl":"https:\/\/lepatriotebenin.com\/wp-content\/uploads\/2025\/12\/place-du-souvenir.jpg","articleSection":["Politique"],"inLanguage":"fr-FR","potentialAction":[{"@type":"CommentAction","name":"Comment","target":["https:\/\/lepatriotebenin.com\/index.php\/2025\/12\/15\/hommages-aux-martyrs-du-putsch-manque-necessite-de-depolitiser-le-debat\/#respond"]}]},{"@type":"WebPage","@id":"https:\/\/lepatriotebenin.com\/index.php\/2025\/12\/15\/hommages-aux-martyrs-du-putsch-manque-necessite-de-depolitiser-le-debat\/","url":"https:\/\/lepatriotebenin.com\/index.php\/2025\/12\/15\/hommages-aux-martyrs-du-putsch-manque-necessite-de-depolitiser-le-debat\/","name":"Hommages aux martyrs du putsch manqu\u00e9 : N\u00e9cessit\u00e9 de d\u00e9politiser le d\u00e9bat - Le Patriote","isPartOf":{"@id":"https:\/\/lepatriotebenin.com\/#website"},"primaryImageOfPage":{"@id":"https:\/\/lepatriotebenin.com\/index.php\/2025\/12\/15\/hommages-aux-martyrs-du-putsch-manque-necessite-de-depolitiser-le-debat\/#primaryimage"},"image":{"@id":"https:\/\/lepatriotebenin.com\/index.php\/2025\/12\/15\/hommages-aux-martyrs-du-putsch-manque-necessite-de-depolitiser-le-debat\/#primaryimage"},"thumbnailUrl":"https:\/\/lepatriotebenin.com\/wp-content\/uploads\/2025\/12\/place-du-souvenir.jpg","datePublished":"2025-12-15T01:31:08+00:00","author":{"@id":"https:\/\/lepatriotebenin.com\/#\/schema\/person\/2e7709b9c9cc313e452d1136af61690f"},"breadcrumb":{"@id":"https:\/\/lepatriotebenin.com\/index.php\/2025\/12\/15\/hommages-aux-martyrs-du-putsch-manque-necessite-de-depolitiser-le-debat\/#breadcrumb"},"inLanguage":"fr-FR","potentialAction":[{"@type":"ReadAction","target":["https:\/\/lepatriotebenin.com\/index.php\/2025\/12\/15\/hommages-aux-martyrs-du-putsch-manque-necessite-de-depolitiser-le-debat\/"]}]},{"@type":"ImageObject","inLanguage":"fr-FR","@id":"https:\/\/lepatriotebenin.com\/index.php\/2025\/12\/15\/hommages-aux-martyrs-du-putsch-manque-necessite-de-depolitiser-le-debat\/#primaryimage","url":"https:\/\/lepatriotebenin.com\/wp-content\/uploads\/2025\/12\/place-du-souvenir.jpg","contentUrl":"https:\/\/lepatriotebenin.com\/wp-content\/uploads\/2025\/12\/place-du-souvenir.jpg","width":480,"height":720},{"@type":"BreadcrumbList","@id":"https:\/\/lepatriotebenin.com\/index.php\/2025\/12\/15\/hommages-aux-martyrs-du-putsch-manque-necessite-de-depolitiser-le-debat\/#breadcrumb","itemListElement":[{"@type":"ListItem","position":1,"name":"Accueil","item":"https:\/\/lepatriotebenin.com\/"},{"@type":"ListItem","position":2,"name":"Hommages aux martyrs du putsch manqu\u00e9 : N\u00e9cessit\u00e9 de d\u00e9politiser le d\u00e9bat"}]},{"@type":"WebSite","@id":"https:\/\/lepatriotebenin.com\/#website","url":"https:\/\/lepatriotebenin.com\/","name":"Le Patriote","description":"Le Patriote B\u00e9nin","potentialAction":[{"@type":"SearchAction","target":{"@type":"EntryPoint","urlTemplate":"https:\/\/lepatriotebenin.com\/?s={search_term_string}"},"query-input":{"@type":"PropertyValueSpecification","valueRequired":true,"valueName":"search_term_string"}}],"inLanguage":"fr-FR"},{"@type":"Person","@id":"https:\/\/lepatriotebenin.com\/#\/schema\/person\/2e7709b9c9cc313e452d1136af61690f","name":"Redaction","image":{"@type":"ImageObject","inLanguage":"fr-FR","@id":"https:\/\/secure.gravatar.com\/avatar\/c4c509357859ea2ca2cbb6d8812898a73e4ef1ef9934c2e591d7e32face734d1?s=96&d=mm&r=g","url":"https:\/\/secure.gravatar.com\/avatar\/c4c509357859ea2ca2cbb6d8812898a73e4ef1ef9934c2e591d7e32face734d1?s=96&d=mm&r=g","contentUrl":"https:\/\/secure.gravatar.com\/avatar\/c4c509357859ea2ca2cbb6d8812898a73e4ef1ef9934c2e591d7e32face734d1?s=96&d=mm&r=g","caption":"Redaction"},"url":"https:\/\/lepatriotebenin.com"}]}},"_links":{"self":[{"href":"https:\/\/lepatriotebenin.com\/index.php\/wp-json\/wp\/v2\/posts\/15938","targetHints":{"allow":["GET"]}}],"collection":[{"href":"https:\/\/lepatriotebenin.com\/index.php\/wp-json\/wp\/v2\/posts"}],"about":[{"href":"https:\/\/lepatriotebenin.com\/index.php\/wp-json\/wp\/v2\/types\/post"}],"author":[{"embeddable":true,"href":"https:\/\/lepatriotebenin.com\/index.php\/wp-json\/wp\/v2\/users\/5"}],"replies":[{"embeddable":true,"href":"https:\/\/lepatriotebenin.com\/index.php\/wp-json\/wp\/v2\/comments?post=15938"}],"version-history":[{"count":1,"href":"https:\/\/lepatriotebenin.com\/index.php\/wp-json\/wp\/v2\/posts\/15938\/revisions"}],"predecessor-version":[{"id":15940,"href":"https:\/\/lepatriotebenin.com\/index.php\/wp-json\/wp\/v2\/posts\/15938\/revisions\/15940"}],"wp:featuredmedia":[{"embeddable":true,"href":"https:\/\/lepatriotebenin.com\/index.php\/wp-json\/wp\/v2\/media\/15939"}],"wp:attachment":[{"href":"https:\/\/lepatriotebenin.com\/index.php\/wp-json\/wp\/v2\/media?parent=15938"}],"wp:term":[{"taxonomy":"category","embeddable":true,"href":"https:\/\/lepatriotebenin.com\/index.php\/wp-json\/wp\/v2\/categories?post=15938"},{"taxonomy":"post_tag","embeddable":true,"href":"https:\/\/lepatriotebenin.com\/index.php\/wp-json\/wp\/v2\/tags?post=15938"}],"curies":[{"name":"wp","href":"https:\/\/api.w.org\/{rel}","templated":true}]}}