{"id":15933,"date":"2025-12-15T02:14:00","date_gmt":"2025-12-15T01:14:00","guid":{"rendered":"https:\/\/lepatriotebenin.com\/?p=15933"},"modified":"2025-12-15T02:14:52","modified_gmt":"2025-12-15T01:14:52","slug":"vol-de-tricycle-a-bohicon-le-vendeur-pris-en-flagrant-delit","status":"publish","type":"post","link":"https:\/\/lepatriotebenin.com\/index.php\/2025\/12\/15\/vol-de-tricycle-a-bohicon-le-vendeur-pris-en-flagrant-delit\/","title":{"rendered":"Vol de tricycle \u00e0 Bohicon : Le vendeur pris en flagrant d\u00e9lit"},"content":{"rendered":"<p><strong><em>\u00c0 peine 24 heures apr\u00e8s le vol d\u2019un tricycle \u00e0 Bohicon, deux suspects ont \u00e9t\u00e9 interpell\u00e9s par la Police r\u00e9publicaine alors qu\u2019ils tentaient de trouver un acheteur. Une affaire rapidement \u00e9lucid\u00e9e, au ton presque burlesque, mais qui rappelle la vigilance accrue des forces de s\u00e9curit\u00e9 en cette p\u00e9riode de f\u00eates.<\/em><\/strong><\/p>\n<p>\u00c0 Bohicon, un tricycle a bien disparu dans la nuit, mais ses auteurs n\u2019auront pas eu le temps d\u2019en profiter. Le vol s\u2019est produit dans le quartier Gbanyicon, o\u00f9 l\u2019engin \u00e0 trois roues \u00e9tait soigneusement gar\u00e9 dans la cour familiale de son propri\u00e9taire. Profitant de l\u2019obscurit\u00e9, les voleurs ont escalad\u00e9 la cl\u00f4ture et se sont empar\u00e9s du tricycle avant de dispara\u00eetre.<\/p>\n<p>Cependant, leur cavale a \u00e9t\u00e9 de courte dur\u00e9e. Moins de 24 heures apr\u00e8s les faits, les deux pr\u00e9sum\u00e9s auteurs ont \u00e9t\u00e9 rep\u00e9r\u00e9s \u00e0 Za-kpota, pr\u00e9cis\u00e9ment dans l\u2019arrondissement d\u2019Adjokan. C\u2019est l\u00e0 que les agents du commissariat de Z\u00e8ko les ont interpell\u00e9s, alors qu\u2019ils \u00e9taient en pleine tentative de revente du tricycle vol\u00e9. Face aux policiers, les deux suspects ont chacun tent\u00e9 de se d\u00e9douaner, usant d\u2019arguments pour le moins originaux. Le premier a affirm\u00e9 qu\u2019il ne faisait que \u00ab garder \u00bb le tricycle, tandis que le second s\u2019est pr\u00e9sent\u00e9 comme un simple interm\u00e9diaire charg\u00e9 de \u00ab trouver un client \u00bb. Des explications qui n\u2019ont manifestement pas convaincu les forces de l\u2019ordre.<\/p>\n<p>Pendant ce temps, la victime du vol peine encore \u00e0 comprendre comment son tricycle a pu dispara\u00eetre aussi rapidement de la cour familiale. Inform\u00e9e de l\u2019arrestation, elle a pu reconna\u00eetre son bien, d\u00e9sormais sous scell\u00e9s.<\/p>\n<p>Les deux individus ont \u00e9t\u00e9 plac\u00e9s en garde \u00e0 vue et devront r\u00e9pondre de leurs actes devant le procureur du tribunal d\u2019Abomey. De son c\u00f4t\u00e9, la Police r\u00e9publicaine du B\u00e9nin rappelle qu\u2019en cette p\u00e9riode de f\u00eates, la vigilance est renforc\u00e9e sur toute l\u2019\u00e9tendue du territoire, y compris pour les engins les plus modestes.<\/p>\n<p><strong>Gildas AHOGNI <\/strong><\/p>\n","protected":false},"excerpt":{"rendered":"<p>\u00c0 peine 24 heures apr\u00e8s le vol d\u2019un tricycle \u00e0 Bohicon, deux suspects ont \u00e9t\u00e9 interpell\u00e9s par la Police r\u00e9publicaine alors qu\u2019ils tentaient de trouver un acheteur. Une affaire rapidement&hellip;<\/p>\n","protected":false},"author":5,"featured_media":15619,"comment_status":"open","ping_status":"open","sticky":false,"template":"","format":"standard","meta":{"content-type":"","om_disable_all_campaigns":false,"_monsterinsights_skip_tracking":false,"_monsterinsights_sitenote_active":false,"_monsterinsights_sitenote_note":"","_monsterinsights_sitenote_category":0,"_uf_show_specific_survey":0,"_uf_disable_surveys":false,"footnotes":""},"categories":[20],"tags":[],"class_list":["post-15933","post","type-post","status-publish","format-standard","has-post-thumbnail","hentry","category-societe"],"aioseo_notices":[],"yoast_head":"<!-- This site is optimized with the Yoast SEO plugin v27.5 - https:\/\/yoast.com\/product\/yoast-seo-wordpress\/ -->\n<title>Vol de tricycle \u00e0 Bohicon : Le vendeur pris en flagrant d\u00e9lit - Le Patriote<\/title>\n<meta name=\"robots\" content=\"index, follow, max-snippet:-1, max-image-preview:large, max-video-preview:-1\" \/>\n<link rel=\"canonical\" href=\"https:\/\/lepatriotebenin.com\/index.php\/2025\/12\/15\/vol-de-tricycle-a-bohicon-le-vendeur-pris-en-flagrant-delit\/\" \/>\n<meta property=\"og:locale\" content=\"fr_FR\" \/>\n<meta property=\"og:type\" content=\"article\" \/>\n<meta property=\"og:title\" content=\"Vol de tricycle \u00e0 Bohicon : Le vendeur pris en flagrant d\u00e9lit - Le Patriote\" \/>\n<meta property=\"og:description\" content=\"\u00c0 peine 24 heures apr\u00e8s le vol d\u2019un tricycle \u00e0 Bohicon, deux suspects ont \u00e9t\u00e9 interpell\u00e9s par la Police r\u00e9publicaine alors qu\u2019ils tentaient de trouver un acheteur. Une affaire rapidement&hellip;\" \/>\n<meta property=\"og:url\" content=\"https:\/\/lepatriotebenin.com\/index.php\/2025\/12\/15\/vol-de-tricycle-a-bohicon-le-vendeur-pris-en-flagrant-delit\/\" \/>\n<meta property=\"og:site_name\" content=\"Le Patriote\" \/>\n<meta property=\"article:published_time\" content=\"2025-12-15T01:14:00+00:00\" \/>\n<meta property=\"article:modified_time\" content=\"2025-12-15T01:14:52+00:00\" \/>\n<meta property=\"og:image\" content=\"https:\/\/lepatriotebenin.com\/wp-content\/uploads\/2025\/12\/police.webp\" \/>\n\t<meta property=\"og:image:width\" content=\"1200\" \/>\n\t<meta property=\"og:image:height\" content=\"675\" \/>\n\t<meta property=\"og:image:type\" content=\"image\/webp\" \/>\n<meta name=\"author\" content=\"Redaction\" \/>\n<meta name=\"twitter:card\" content=\"summary_large_image\" \/>\n<meta name=\"twitter:label1\" content=\"\u00c9crit par\" \/>\n\t<meta name=\"twitter:data1\" content=\"Redaction\" \/>\n\t<meta name=\"twitter:label2\" content=\"Dur\u00e9e de lecture estim\u00e9e\" \/>\n\t<meta name=\"twitter:data2\" content=\"2 minutes\" \/>\n<script type=\"application\/ld+json\" class=\"yoast-schema-graph\">{\"@context\":\"https:\\\/\\\/schema.org\",\"@graph\":[{\"@type\":\"Article\",\"@id\":\"https:\\\/\\\/lepatriotebenin.com\\\/index.php\\\/2025\\\/12\\\/15\\\/vol-de-tricycle-a-bohicon-le-vendeur-pris-en-flagrant-delit\\\/#article\",\"isPartOf\":{\"@id\":\"https:\\\/\\\/lepatriotebenin.com\\\/index.php\\\/2025\\\/12\\\/15\\\/vol-de-tricycle-a-bohicon-le-vendeur-pris-en-flagrant-delit\\\/\"},\"author\":{\"name\":\"Redaction\",\"@id\":\"https:\\\/\\\/lepatriotebenin.com\\\/#\\\/schema\\\/person\\\/2e7709b9c9cc313e452d1136af61690f\"},\"headline\":\"Vol de tricycle \u00e0 Bohicon : Le vendeur pris en flagrant d\u00e9lit\",\"datePublished\":\"2025-12-15T01:14:00+00:00\",\"dateModified\":\"2025-12-15T01:14:52+00:00\",\"mainEntityOfPage\":{\"@id\":\"https:\\\/\\\/lepatriotebenin.com\\\/index.php\\\/2025\\\/12\\\/15\\\/vol-de-tricycle-a-bohicon-le-vendeur-pris-en-flagrant-delit\\\/\"},\"wordCount\":366,\"commentCount\":0,\"image\":{\"@id\":\"https:\\\/\\\/lepatriotebenin.com\\\/index.php\\\/2025\\\/12\\\/15\\\/vol-de-tricycle-a-bohicon-le-vendeur-pris-en-flagrant-delit\\\/#primaryimage\"},\"thumbnailUrl\":\"https:\\\/\\\/lepatriotebenin.com\\\/wp-content\\\/uploads\\\/2025\\\/12\\\/police.webp\",\"articleSection\":[\"Soci\u00e9t\u00e9\"],\"inLanguage\":\"fr-FR\",\"potentialAction\":[{\"@type\":\"CommentAction\",\"name\":\"Comment\",\"target\":[\"https:\\\/\\\/lepatriotebenin.com\\\/index.php\\\/2025\\\/12\\\/15\\\/vol-de-tricycle-a-bohicon-le-vendeur-pris-en-flagrant-delit\\\/#respond\"]}]},{\"@type\":\"WebPage\",\"@id\":\"https:\\\/\\\/lepatriotebenin.com\\\/index.php\\\/2025\\\/12\\\/15\\\/vol-de-tricycle-a-bohicon-le-vendeur-pris-en-flagrant-delit\\\/\",\"url\":\"https:\\\/\\\/lepatriotebenin.com\\\/index.php\\\/2025\\\/12\\\/15\\\/vol-de-tricycle-a-bohicon-le-vendeur-pris-en-flagrant-delit\\\/\",\"name\":\"Vol de tricycle \u00e0 Bohicon : Le vendeur pris en flagrant d\u00e9lit - Le Patriote\",\"isPartOf\":{\"@id\":\"https:\\\/\\\/lepatriotebenin.com\\\/#website\"},\"primaryImageOfPage\":{\"@id\":\"https:\\\/\\\/lepatriotebenin.com\\\/index.php\\\/2025\\\/12\\\/15\\\/vol-de-tricycle-a-bohicon-le-vendeur-pris-en-flagrant-delit\\\/#primaryimage\"},\"image\":{\"@id\":\"https:\\\/\\\/lepatriotebenin.com\\\/index.php\\\/2025\\\/12\\\/15\\\/vol-de-tricycle-a-bohicon-le-vendeur-pris-en-flagrant-delit\\\/#primaryimage\"},\"thumbnailUrl\":\"https:\\\/\\\/lepatriotebenin.com\\\/wp-content\\\/uploads\\\/2025\\\/12\\\/police.webp\",\"datePublished\":\"2025-12-15T01:14:00+00:00\",\"dateModified\":\"2025-12-15T01:14:52+00:00\",\"author\":{\"@id\":\"https:\\\/\\\/lepatriotebenin.com\\\/#\\\/schema\\\/person\\\/2e7709b9c9cc313e452d1136af61690f\"},\"breadcrumb\":{\"@id\":\"https:\\\/\\\/lepatriotebenin.com\\\/index.php\\\/2025\\\/12\\\/15\\\/vol-de-tricycle-a-bohicon-le-vendeur-pris-en-flagrant-delit\\\/#breadcrumb\"},\"inLanguage\":\"fr-FR\",\"potentialAction\":[{\"@type\":\"ReadAction\",\"target\":[\"https:\\\/\\\/lepatriotebenin.com\\\/index.php\\\/2025\\\/12\\\/15\\\/vol-de-tricycle-a-bohicon-le-vendeur-pris-en-flagrant-delit\\\/\"]}]},{\"@type\":\"ImageObject\",\"inLanguage\":\"fr-FR\",\"@id\":\"https:\\\/\\\/lepatriotebenin.com\\\/index.php\\\/2025\\\/12\\\/15\\\/vol-de-tricycle-a-bohicon-le-vendeur-pris-en-flagrant-delit\\\/#primaryimage\",\"url\":\"https:\\\/\\\/lepatriotebenin.com\\\/wp-content\\\/uploads\\\/2025\\\/12\\\/police.webp\",\"contentUrl\":\"https:\\\/\\\/lepatriotebenin.com\\\/wp-content\\\/uploads\\\/2025\\\/12\\\/police.webp\",\"width\":1200,\"height\":675},{\"@type\":\"BreadcrumbList\",\"@id\":\"https:\\\/\\\/lepatriotebenin.com\\\/index.php\\\/2025\\\/12\\\/15\\\/vol-de-tricycle-a-bohicon-le-vendeur-pris-en-flagrant-delit\\\/#breadcrumb\",\"itemListElement\":[{\"@type\":\"ListItem\",\"position\":1,\"name\":\"Accueil\",\"item\":\"https:\\\/\\\/lepatriotebenin.com\\\/\"},{\"@type\":\"ListItem\",\"position\":2,\"name\":\"Vol de tricycle \u00e0 Bohicon : Le vendeur pris en flagrant d\u00e9lit\"}]},{\"@type\":\"WebSite\",\"@id\":\"https:\\\/\\\/lepatriotebenin.com\\\/#website\",\"url\":\"https:\\\/\\\/lepatriotebenin.com\\\/\",\"name\":\"Le Patriote\",\"description\":\"Le Patriote B\u00e9nin\",\"potentialAction\":[{\"@type\":\"SearchAction\",\"target\":{\"@type\":\"EntryPoint\",\"urlTemplate\":\"https:\\\/\\\/lepatriotebenin.com\\\/?s={search_term_string}\"},\"query-input\":{\"@type\":\"PropertyValueSpecification\",\"valueRequired\":true,\"valueName\":\"search_term_string\"}}],\"inLanguage\":\"fr-FR\"},{\"@type\":\"Person\",\"@id\":\"https:\\\/\\\/lepatriotebenin.com\\\/#\\\/schema\\\/person\\\/2e7709b9c9cc313e452d1136af61690f\",\"name\":\"Redaction\",\"image\":{\"@type\":\"ImageObject\",\"inLanguage\":\"fr-FR\",\"@id\":\"https:\\\/\\\/secure.gravatar.com\\\/avatar\\\/c4c509357859ea2ca2cbb6d8812898a73e4ef1ef9934c2e591d7e32face734d1?s=96&d=mm&r=g\",\"url\":\"https:\\\/\\\/secure.gravatar.com\\\/avatar\\\/c4c509357859ea2ca2cbb6d8812898a73e4ef1ef9934c2e591d7e32face734d1?s=96&d=mm&r=g\",\"contentUrl\":\"https:\\\/\\\/secure.gravatar.com\\\/avatar\\\/c4c509357859ea2ca2cbb6d8812898a73e4ef1ef9934c2e591d7e32face734d1?s=96&d=mm&r=g\",\"caption\":\"Redaction\"},\"url\":\"https:\\\/\\\/lepatriotebenin.com\"}]}<\/script>\n<!-- \/ Yoast SEO plugin. -->","yoast_head_json":{"title":"Vol de tricycle \u00e0 Bohicon : Le vendeur pris en flagrant d\u00e9lit - Le Patriote","robots":{"index":"index","follow":"follow","max-snippet":"max-snippet:-1","max-image-preview":"max-image-preview:large","max-video-preview":"max-video-preview:-1"},"canonical":"https:\/\/lepatriotebenin.com\/index.php\/2025\/12\/15\/vol-de-tricycle-a-bohicon-le-vendeur-pris-en-flagrant-delit\/","og_locale":"fr_FR","og_type":"article","og_title":"Vol de tricycle \u00e0 Bohicon : Le vendeur pris en flagrant d\u00e9lit - Le Patriote","og_description":"\u00c0 peine 24 heures apr\u00e8s le vol d\u2019un tricycle \u00e0 Bohicon, deux suspects ont \u00e9t\u00e9 interpell\u00e9s par la Police r\u00e9publicaine alors qu\u2019ils tentaient de trouver un acheteur. Une affaire rapidement&hellip;","og_url":"https:\/\/lepatriotebenin.com\/index.php\/2025\/12\/15\/vol-de-tricycle-a-bohicon-le-vendeur-pris-en-flagrant-delit\/","og_site_name":"Le Patriote","article_published_time":"2025-12-15T01:14:00+00:00","article_modified_time":"2025-12-15T01:14:52+00:00","og_image":[{"width":1200,"height":675,"url":"https:\/\/lepatriotebenin.com\/wp-content\/uploads\/2025\/12\/police.webp","type":"image\/webp"}],"author":"Redaction","twitter_card":"summary_large_image","twitter_misc":{"\u00c9crit par":"Redaction","Dur\u00e9e de lecture estim\u00e9e":"2 minutes"},"schema":{"@context":"https:\/\/schema.org","@graph":[{"@type":"Article","@id":"https:\/\/lepatriotebenin.com\/index.php\/2025\/12\/15\/vol-de-tricycle-a-bohicon-le-vendeur-pris-en-flagrant-delit\/#article","isPartOf":{"@id":"https:\/\/lepatriotebenin.com\/index.php\/2025\/12\/15\/vol-de-tricycle-a-bohicon-le-vendeur-pris-en-flagrant-delit\/"},"author":{"name":"Redaction","@id":"https:\/\/lepatriotebenin.com\/#\/schema\/person\/2e7709b9c9cc313e452d1136af61690f"},"headline":"Vol de tricycle \u00e0 Bohicon : Le vendeur pris en flagrant d\u00e9lit","datePublished":"2025-12-15T01:14:00+00:00","dateModified":"2025-12-15T01:14:52+00:00","mainEntityOfPage":{"@id":"https:\/\/lepatriotebenin.com\/index.php\/2025\/12\/15\/vol-de-tricycle-a-bohicon-le-vendeur-pris-en-flagrant-delit\/"},"wordCount":366,"commentCount":0,"image":{"@id":"https:\/\/lepatriotebenin.com\/index.php\/2025\/12\/15\/vol-de-tricycle-a-bohicon-le-vendeur-pris-en-flagrant-delit\/#primaryimage"},"thumbnailUrl":"https:\/\/lepatriotebenin.com\/wp-content\/uploads\/2025\/12\/police.webp","articleSection":["Soci\u00e9t\u00e9"],"inLanguage":"fr-FR","potentialAction":[{"@type":"CommentAction","name":"Comment","target":["https:\/\/lepatriotebenin.com\/index.php\/2025\/12\/15\/vol-de-tricycle-a-bohicon-le-vendeur-pris-en-flagrant-delit\/#respond"]}]},{"@type":"WebPage","@id":"https:\/\/lepatriotebenin.com\/index.php\/2025\/12\/15\/vol-de-tricycle-a-bohicon-le-vendeur-pris-en-flagrant-delit\/","url":"https:\/\/lepatriotebenin.com\/index.php\/2025\/12\/15\/vol-de-tricycle-a-bohicon-le-vendeur-pris-en-flagrant-delit\/","name":"Vol de tricycle \u00e0 Bohicon : Le vendeur pris en flagrant d\u00e9lit - Le Patriote","isPartOf":{"@id":"https:\/\/lepatriotebenin.com\/#website"},"primaryImageOfPage":{"@id":"https:\/\/lepatriotebenin.com\/index.php\/2025\/12\/15\/vol-de-tricycle-a-bohicon-le-vendeur-pris-en-flagrant-delit\/#primaryimage"},"image":{"@id":"https:\/\/lepatriotebenin.com\/index.php\/2025\/12\/15\/vol-de-tricycle-a-bohicon-le-vendeur-pris-en-flagrant-delit\/#primaryimage"},"thumbnailUrl":"https:\/\/lepatriotebenin.com\/wp-content\/uploads\/2025\/12\/police.webp","datePublished":"2025-12-15T01:14:00+00:00","dateModified":"2025-12-15T01:14:52+00:00","author":{"@id":"https:\/\/lepatriotebenin.com\/#\/schema\/person\/2e7709b9c9cc313e452d1136af61690f"},"breadcrumb":{"@id":"https:\/\/lepatriotebenin.com\/index.php\/2025\/12\/15\/vol-de-tricycle-a-bohicon-le-vendeur-pris-en-flagrant-delit\/#breadcrumb"},"inLanguage":"fr-FR","potentialAction":[{"@type":"ReadAction","target":["https:\/\/lepatriotebenin.com\/index.php\/2025\/12\/15\/vol-de-tricycle-a-bohicon-le-vendeur-pris-en-flagrant-delit\/"]}]},{"@type":"ImageObject","inLanguage":"fr-FR","@id":"https:\/\/lepatriotebenin.com\/index.php\/2025\/12\/15\/vol-de-tricycle-a-bohicon-le-vendeur-pris-en-flagrant-delit\/#primaryimage","url":"https:\/\/lepatriotebenin.com\/wp-content\/uploads\/2025\/12\/police.webp","contentUrl":"https:\/\/lepatriotebenin.com\/wp-content\/uploads\/2025\/12\/police.webp","width":1200,"height":675},{"@type":"BreadcrumbList","@id":"https:\/\/lepatriotebenin.com\/index.php\/2025\/12\/15\/vol-de-tricycle-a-bohicon-le-vendeur-pris-en-flagrant-delit\/#breadcrumb","itemListElement":[{"@type":"ListItem","position":1,"name":"Accueil","item":"https:\/\/lepatriotebenin.com\/"},{"@type":"ListItem","position":2,"name":"Vol de tricycle \u00e0 Bohicon : Le vendeur pris en flagrant d\u00e9lit"}]},{"@type":"WebSite","@id":"https:\/\/lepatriotebenin.com\/#website","url":"https:\/\/lepatriotebenin.com\/","name":"Le Patriote","description":"Le Patriote B\u00e9nin","potentialAction":[{"@type":"SearchAction","target":{"@type":"EntryPoint","urlTemplate":"https:\/\/lepatriotebenin.com\/?s={search_term_string}"},"query-input":{"@type":"PropertyValueSpecification","valueRequired":true,"valueName":"search_term_string"}}],"inLanguage":"fr-FR"},{"@type":"Person","@id":"https:\/\/lepatriotebenin.com\/#\/schema\/person\/2e7709b9c9cc313e452d1136af61690f","name":"Redaction","image":{"@type":"ImageObject","inLanguage":"fr-FR","@id":"https:\/\/secure.gravatar.com\/avatar\/c4c509357859ea2ca2cbb6d8812898a73e4ef1ef9934c2e591d7e32face734d1?s=96&d=mm&r=g","url":"https:\/\/secure.gravatar.com\/avatar\/c4c509357859ea2ca2cbb6d8812898a73e4ef1ef9934c2e591d7e32face734d1?s=96&d=mm&r=g","contentUrl":"https:\/\/secure.gravatar.com\/avatar\/c4c509357859ea2ca2cbb6d8812898a73e4ef1ef9934c2e591d7e32face734d1?s=96&d=mm&r=g","caption":"Redaction"},"url":"https:\/\/lepatriotebenin.com"}]}},"_links":{"self":[{"href":"https:\/\/lepatriotebenin.com\/index.php\/wp-json\/wp\/v2\/posts\/15933","targetHints":{"allow":["GET"]}}],"collection":[{"href":"https:\/\/lepatriotebenin.com\/index.php\/wp-json\/wp\/v2\/posts"}],"about":[{"href":"https:\/\/lepatriotebenin.com\/index.php\/wp-json\/wp\/v2\/types\/post"}],"author":[{"embeddable":true,"href":"https:\/\/lepatriotebenin.com\/index.php\/wp-json\/wp\/v2\/users\/5"}],"replies":[{"embeddable":true,"href":"https:\/\/lepatriotebenin.com\/index.php\/wp-json\/wp\/v2\/comments?post=15933"}],"version-history":[{"count":1,"href":"https:\/\/lepatriotebenin.com\/index.php\/wp-json\/wp\/v2\/posts\/15933\/revisions"}],"predecessor-version":[{"id":15934,"href":"https:\/\/lepatriotebenin.com\/index.php\/wp-json\/wp\/v2\/posts\/15933\/revisions\/15934"}],"wp:featuredmedia":[{"embeddable":true,"href":"https:\/\/lepatriotebenin.com\/index.php\/wp-json\/wp\/v2\/media\/15619"}],"wp:attachment":[{"href":"https:\/\/lepatriotebenin.com\/index.php\/wp-json\/wp\/v2\/media?parent=15933"}],"wp:term":[{"taxonomy":"category","embeddable":true,"href":"https:\/\/lepatriotebenin.com\/index.php\/wp-json\/wp\/v2\/categories?post=15933"},{"taxonomy":"post_tag","embeddable":true,"href":"https:\/\/lepatriotebenin.com\/index.php\/wp-json\/wp\/v2\/tags?post=15933"}],"curies":[{"name":"wp","href":"https:\/\/api.w.org\/{rel}","templated":true}]}}