{"id":15927,"date":"2025-12-15T01:49:44","date_gmt":"2025-12-15T00:49:44","guid":{"rendered":"https:\/\/lepatriotebenin.com\/?p=15927"},"modified":"2025-12-15T01:51:33","modified_gmt":"2025-12-15T00:51:33","slug":"rdc-lonu-met-en-garde-contre-un-embrasement-regional-apres-loffensive-du-m23","status":"publish","type":"post","link":"https:\/\/lepatriotebenin.com\/index.php\/2025\/12\/15\/rdc-lonu-met-en-garde-contre-un-embrasement-regional-apres-loffensive-du-m23\/","title":{"rendered":"RDC : l\u2019ONU met en garde contre un embrasement r\u00e9gional apr\u00e8s l\u2019offensive du M23"},"content":{"rendered":"<p><em><strong>\u00c0 New York, l\u2019ONU a alert\u00e9 sur une possible \u00ab crise r\u00e9gionale \u00bb li\u00e9e \u00e0 l\u2019offensive du mouvement rebelle M23 dans l\u2019est de la R\u00e9publique d\u00e9mocratique du Congo (RDC). La communaut\u00e9 internationale craint un effondrement des efforts de paix et une crise humanitaire d\u2019ampleur.<\/strong><\/em><\/p>\n<p>Devant le Conseil de s\u00e9curit\u00e9 des Nations unies, ce 12 d\u00e9cembre 2025, Jean-Pierre Lacroix, Secr\u00e9taire g\u00e9n\u00e9ral adjoint de l\u2019ONU pour les op\u00e9rations de maintien de la paix, a mis en garde contre une possible \u00ab embrasement r\u00e9gional \u00bb dans les Grands Lacs suite \u00e0 une nouvelle offensive du groupe arm\u00e9 M23, accentuant un conflit d\u00e9j\u00e0 dangereux dans la province du Sud-Kivu.<\/p>\n<p>L\u2019offensive du M23, mouvement rebelle appuy\u00e9 par Kigali selon plusieurs sources internationales, a conduit \u00e0 la prise de plusieurs localit\u00e9s strat\u00e9giques dans l\u2019est de la RDC, dont la ville d\u2019Uvira, le long de la fronti\u00e8re avec le Burundi. Malgr\u00e9 un accord de paix sign\u00e9 d\u00e9but d\u00e9cembre \u00e0 Washington entre la RDC et le Rwanda, les affrontements se sont intensifi\u00e9s et les forces rebelles ont consolid\u00e9 leurs positions, mettant en p\u00e9ril les efforts diplomatiques en cours et intensifiant les tensions transfrontali\u00e8res.<\/p>\n<p><strong>Des chiffres alarmants sur les morts et les d\u00e9plac\u00e9s<\/strong><\/p>\n<p>L\u2019escalade du conflit a entra\u00een\u00e9 une d\u00e9t\u00e9rioration humanitaire grave. Plus de 400 civils ont \u00e9t\u00e9 tu\u00e9s depuis le d\u00e9but de l\u2019offensive en d\u00e9cembre 2025, avec des femmes et des enfants parmi les victimes, selon des autorit\u00e9s locales et des organisations r\u00e9gionales. Environ 200 000 personnes ont \u00e9t\u00e9 d\u00e9plac\u00e9es dans le Sud-Kivu et aux alentours d\u2019Uvira \u00e0 cause des combats et de la prise de la ville par les rebelles, cr\u00e9ant de nouveaux flux de r\u00e9fugi\u00e9s vers les zones voisines comme le Burundi.<\/p>\n<p>Plus largement, la violence continue en RDC a contribu\u00e9 \u00e0 une crise humanitaire massive qui affecte plusieurs millions de personnes d\u00e9plac\u00e9es \u00e0 l\u2019int\u00e9rieur du pays, avec pr\u00e8s de 7 millions d\u00e9j\u00e0 forc\u00e9s de fuir leurs foyers avant m\u00eame cette offensive. Ces chiffres mettent en lumi\u00e8re l\u2019ampleur de la trag\u00e9die humanitaire dans l\u2019est du pays et la pression croissante sur les infrastructures sociales et les pays voisins.<\/p>\n<p><strong>Accusations crois\u00e9es et implications internationale<\/strong><\/p>\n<p>La r\u00e9union du Conseil de s\u00e9curit\u00e9 a aussi \u00e9t\u00e9 marqu\u00e9e par des accusations crois\u00e9s. Les \u00c9tats-Unis ont critiqu\u00e9 le Rwanda pour son r\u00f4le dans le soutien implicite \u00e0 M23, estimant que Kigali alimente l\u2019instabilit\u00e9 dans la r\u00e9gion malgr\u00e9 le r\u00e9cent accord de paix, ce que le Rwanda rejette. De son c\u00f4t\u00e9, Kinshasa accuse Kigali de violations du cessez-le-feu et r\u00e9clame des sanctions cibl\u00e9es contre les instigateurs de l\u2019offensive.<\/p>\n<p><strong>Ez\u00e9chiel Dagb\u00e9gnon PADONOU<\/strong><\/p>\n","protected":false},"excerpt":{"rendered":"<p>\u00c0 New York, l\u2019ONU a alert\u00e9 sur une possible \u00ab crise r\u00e9gionale \u00bb li\u00e9e \u00e0 l\u2019offensive du mouvement rebelle M23 dans l\u2019est de la R\u00e9publique d\u00e9mocratique du Congo (RDC). La&hellip;<\/p>\n","protected":false},"author":5,"featured_media":15928,"comment_status":"open","ping_status":"open","sticky":false,"template":"","format":"standard","meta":{"content-type":"","om_disable_all_campaigns":false,"_monsterinsights_skip_tracking":false,"_monsterinsights_sitenote_active":false,"_monsterinsights_sitenote_note":"","_monsterinsights_sitenote_category":0,"_uf_show_specific_survey":0,"_uf_disable_surveys":false,"footnotes":""},"categories":[339],"tags":[],"class_list":["post-15927","post","type-post","status-publish","format-standard","has-post-thumbnail","hentry","category-afrique"],"aioseo_notices":[],"yoast_head":"<!-- This site is optimized with the Yoast SEO plugin v27.5 - https:\/\/yoast.com\/product\/yoast-seo-wordpress\/ -->\n<title>RDC : l\u2019ONU met en garde contre un embrasement r\u00e9gional apr\u00e8s l\u2019offensive du M23 - Le Patriote<\/title>\n<meta name=\"robots\" content=\"index, follow, max-snippet:-1, max-image-preview:large, max-video-preview:-1\" \/>\n<link rel=\"canonical\" href=\"https:\/\/lepatriotebenin.com\/index.php\/2025\/12\/15\/rdc-lonu-met-en-garde-contre-un-embrasement-regional-apres-loffensive-du-m23\/\" \/>\n<meta property=\"og:locale\" content=\"fr_FR\" \/>\n<meta property=\"og:type\" content=\"article\" \/>\n<meta property=\"og:title\" content=\"RDC : l\u2019ONU met en garde contre un embrasement r\u00e9gional apr\u00e8s l\u2019offensive du M23 - Le Patriote\" \/>\n<meta property=\"og:description\" content=\"\u00c0 New York, l\u2019ONU a alert\u00e9 sur une possible \u00ab crise r\u00e9gionale \u00bb li\u00e9e \u00e0 l\u2019offensive du mouvement rebelle M23 dans l\u2019est de la R\u00e9publique d\u00e9mocratique du Congo (RDC). La&hellip;\" \/>\n<meta property=\"og:url\" content=\"https:\/\/lepatriotebenin.com\/index.php\/2025\/12\/15\/rdc-lonu-met-en-garde-contre-un-embrasement-regional-apres-loffensive-du-m23\/\" \/>\n<meta property=\"og:site_name\" content=\"Le Patriote\" \/>\n<meta property=\"article:published_time\" content=\"2025-12-15T00:49:44+00:00\" \/>\n<meta property=\"article:modified_time\" content=\"2025-12-15T00:51:33+00:00\" \/>\n<meta property=\"og:image\" content=\"https:\/\/lepatriotebenin.com\/wp-content\/uploads\/2025\/12\/rdc-onu.jpg\" \/>\n\t<meta property=\"og:image:width\" content=\"800\" \/>\n\t<meta property=\"og:image:height\" content=\"600\" \/>\n\t<meta property=\"og:image:type\" content=\"image\/jpeg\" \/>\n<meta name=\"author\" content=\"Redaction\" \/>\n<meta name=\"twitter:card\" content=\"summary_large_image\" \/>\n<meta name=\"twitter:label1\" content=\"\u00c9crit par\" \/>\n\t<meta name=\"twitter:data1\" content=\"Redaction\" \/>\n\t<meta name=\"twitter:label2\" content=\"Dur\u00e9e de lecture estim\u00e9e\" \/>\n\t<meta name=\"twitter:data2\" content=\"3 minutes\" \/>\n<script type=\"application\/ld+json\" class=\"yoast-schema-graph\">{\"@context\":\"https:\\\/\\\/schema.org\",\"@graph\":[{\"@type\":\"Article\",\"@id\":\"https:\\\/\\\/lepatriotebenin.com\\\/index.php\\\/2025\\\/12\\\/15\\\/rdc-lonu-met-en-garde-contre-un-embrasement-regional-apres-loffensive-du-m23\\\/#article\",\"isPartOf\":{\"@id\":\"https:\\\/\\\/lepatriotebenin.com\\\/index.php\\\/2025\\\/12\\\/15\\\/rdc-lonu-met-en-garde-contre-un-embrasement-regional-apres-loffensive-du-m23\\\/\"},\"author\":{\"name\":\"Redaction\",\"@id\":\"https:\\\/\\\/lepatriotebenin.com\\\/#\\\/schema\\\/person\\\/2e7709b9c9cc313e452d1136af61690f\"},\"headline\":\"RDC : l\u2019ONU met en garde contre un embrasement r\u00e9gional apr\u00e8s l\u2019offensive du M23\",\"datePublished\":\"2025-12-15T00:49:44+00:00\",\"dateModified\":\"2025-12-15T00:51:33+00:00\",\"mainEntityOfPage\":{\"@id\":\"https:\\\/\\\/lepatriotebenin.com\\\/index.php\\\/2025\\\/12\\\/15\\\/rdc-lonu-met-en-garde-contre-un-embrasement-regional-apres-loffensive-du-m23\\\/\"},\"wordCount\":488,\"commentCount\":0,\"image\":{\"@id\":\"https:\\\/\\\/lepatriotebenin.com\\\/index.php\\\/2025\\\/12\\\/15\\\/rdc-lonu-met-en-garde-contre-un-embrasement-regional-apres-loffensive-du-m23\\\/#primaryimage\"},\"thumbnailUrl\":\"https:\\\/\\\/lepatriotebenin.com\\\/wp-content\\\/uploads\\\/2025\\\/12\\\/rdc-onu.jpg\",\"articleSection\":[\"Afrique\"],\"inLanguage\":\"fr-FR\",\"potentialAction\":[{\"@type\":\"CommentAction\",\"name\":\"Comment\",\"target\":[\"https:\\\/\\\/lepatriotebenin.com\\\/index.php\\\/2025\\\/12\\\/15\\\/rdc-lonu-met-en-garde-contre-un-embrasement-regional-apres-loffensive-du-m23\\\/#respond\"]}]},{\"@type\":\"WebPage\",\"@id\":\"https:\\\/\\\/lepatriotebenin.com\\\/index.php\\\/2025\\\/12\\\/15\\\/rdc-lonu-met-en-garde-contre-un-embrasement-regional-apres-loffensive-du-m23\\\/\",\"url\":\"https:\\\/\\\/lepatriotebenin.com\\\/index.php\\\/2025\\\/12\\\/15\\\/rdc-lonu-met-en-garde-contre-un-embrasement-regional-apres-loffensive-du-m23\\\/\",\"name\":\"RDC : l\u2019ONU met en garde contre un embrasement r\u00e9gional apr\u00e8s l\u2019offensive du M23 - Le Patriote\",\"isPartOf\":{\"@id\":\"https:\\\/\\\/lepatriotebenin.com\\\/#website\"},\"primaryImageOfPage\":{\"@id\":\"https:\\\/\\\/lepatriotebenin.com\\\/index.php\\\/2025\\\/12\\\/15\\\/rdc-lonu-met-en-garde-contre-un-embrasement-regional-apres-loffensive-du-m23\\\/#primaryimage\"},\"image\":{\"@id\":\"https:\\\/\\\/lepatriotebenin.com\\\/index.php\\\/2025\\\/12\\\/15\\\/rdc-lonu-met-en-garde-contre-un-embrasement-regional-apres-loffensive-du-m23\\\/#primaryimage\"},\"thumbnailUrl\":\"https:\\\/\\\/lepatriotebenin.com\\\/wp-content\\\/uploads\\\/2025\\\/12\\\/rdc-onu.jpg\",\"datePublished\":\"2025-12-15T00:49:44+00:00\",\"dateModified\":\"2025-12-15T00:51:33+00:00\",\"author\":{\"@id\":\"https:\\\/\\\/lepatriotebenin.com\\\/#\\\/schema\\\/person\\\/2e7709b9c9cc313e452d1136af61690f\"},\"breadcrumb\":{\"@id\":\"https:\\\/\\\/lepatriotebenin.com\\\/index.php\\\/2025\\\/12\\\/15\\\/rdc-lonu-met-en-garde-contre-un-embrasement-regional-apres-loffensive-du-m23\\\/#breadcrumb\"},\"inLanguage\":\"fr-FR\",\"potentialAction\":[{\"@type\":\"ReadAction\",\"target\":[\"https:\\\/\\\/lepatriotebenin.com\\\/index.php\\\/2025\\\/12\\\/15\\\/rdc-lonu-met-en-garde-contre-un-embrasement-regional-apres-loffensive-du-m23\\\/\"]}]},{\"@type\":\"ImageObject\",\"inLanguage\":\"fr-FR\",\"@id\":\"https:\\\/\\\/lepatriotebenin.com\\\/index.php\\\/2025\\\/12\\\/15\\\/rdc-lonu-met-en-garde-contre-un-embrasement-regional-apres-loffensive-du-m23\\\/#primaryimage\",\"url\":\"https:\\\/\\\/lepatriotebenin.com\\\/wp-content\\\/uploads\\\/2025\\\/12\\\/rdc-onu.jpg\",\"contentUrl\":\"https:\\\/\\\/lepatriotebenin.com\\\/wp-content\\\/uploads\\\/2025\\\/12\\\/rdc-onu.jpg\",\"width\":800,\"height\":600},{\"@type\":\"BreadcrumbList\",\"@id\":\"https:\\\/\\\/lepatriotebenin.com\\\/index.php\\\/2025\\\/12\\\/15\\\/rdc-lonu-met-en-garde-contre-un-embrasement-regional-apres-loffensive-du-m23\\\/#breadcrumb\",\"itemListElement\":[{\"@type\":\"ListItem\",\"position\":1,\"name\":\"Accueil\",\"item\":\"https:\\\/\\\/lepatriotebenin.com\\\/\"},{\"@type\":\"ListItem\",\"position\":2,\"name\":\"RDC : l\u2019ONU met en garde contre un embrasement r\u00e9gional apr\u00e8s l\u2019offensive du M23\"}]},{\"@type\":\"WebSite\",\"@id\":\"https:\\\/\\\/lepatriotebenin.com\\\/#website\",\"url\":\"https:\\\/\\\/lepatriotebenin.com\\\/\",\"name\":\"Le Patriote\",\"description\":\"Le Patriote B\u00e9nin\",\"potentialAction\":[{\"@type\":\"SearchAction\",\"target\":{\"@type\":\"EntryPoint\",\"urlTemplate\":\"https:\\\/\\\/lepatriotebenin.com\\\/?s={search_term_string}\"},\"query-input\":{\"@type\":\"PropertyValueSpecification\",\"valueRequired\":true,\"valueName\":\"search_term_string\"}}],\"inLanguage\":\"fr-FR\"},{\"@type\":\"Person\",\"@id\":\"https:\\\/\\\/lepatriotebenin.com\\\/#\\\/schema\\\/person\\\/2e7709b9c9cc313e452d1136af61690f\",\"name\":\"Redaction\",\"image\":{\"@type\":\"ImageObject\",\"inLanguage\":\"fr-FR\",\"@id\":\"https:\\\/\\\/secure.gravatar.com\\\/avatar\\\/c4c509357859ea2ca2cbb6d8812898a73e4ef1ef9934c2e591d7e32face734d1?s=96&d=mm&r=g\",\"url\":\"https:\\\/\\\/secure.gravatar.com\\\/avatar\\\/c4c509357859ea2ca2cbb6d8812898a73e4ef1ef9934c2e591d7e32face734d1?s=96&d=mm&r=g\",\"contentUrl\":\"https:\\\/\\\/secure.gravatar.com\\\/avatar\\\/c4c509357859ea2ca2cbb6d8812898a73e4ef1ef9934c2e591d7e32face734d1?s=96&d=mm&r=g\",\"caption\":\"Redaction\"},\"url\":\"https:\\\/\\\/lepatriotebenin.com\"}]}<\/script>\n<!-- \/ Yoast SEO plugin. -->","yoast_head_json":{"title":"RDC : l\u2019ONU met en garde contre un embrasement r\u00e9gional apr\u00e8s l\u2019offensive du M23 - Le Patriote","robots":{"index":"index","follow":"follow","max-snippet":"max-snippet:-1","max-image-preview":"max-image-preview:large","max-video-preview":"max-video-preview:-1"},"canonical":"https:\/\/lepatriotebenin.com\/index.php\/2025\/12\/15\/rdc-lonu-met-en-garde-contre-un-embrasement-regional-apres-loffensive-du-m23\/","og_locale":"fr_FR","og_type":"article","og_title":"RDC : l\u2019ONU met en garde contre un embrasement r\u00e9gional apr\u00e8s l\u2019offensive du M23 - Le Patriote","og_description":"\u00c0 New York, l\u2019ONU a alert\u00e9 sur une possible \u00ab crise r\u00e9gionale \u00bb li\u00e9e \u00e0 l\u2019offensive du mouvement rebelle M23 dans l\u2019est de la R\u00e9publique d\u00e9mocratique du Congo (RDC). La&hellip;","og_url":"https:\/\/lepatriotebenin.com\/index.php\/2025\/12\/15\/rdc-lonu-met-en-garde-contre-un-embrasement-regional-apres-loffensive-du-m23\/","og_site_name":"Le Patriote","article_published_time":"2025-12-15T00:49:44+00:00","article_modified_time":"2025-12-15T00:51:33+00:00","og_image":[{"width":800,"height":600,"url":"https:\/\/lepatriotebenin.com\/wp-content\/uploads\/2025\/12\/rdc-onu.jpg","type":"image\/jpeg"}],"author":"Redaction","twitter_card":"summary_large_image","twitter_misc":{"\u00c9crit par":"Redaction","Dur\u00e9e de lecture estim\u00e9e":"3 minutes"},"schema":{"@context":"https:\/\/schema.org","@graph":[{"@type":"Article","@id":"https:\/\/lepatriotebenin.com\/index.php\/2025\/12\/15\/rdc-lonu-met-en-garde-contre-un-embrasement-regional-apres-loffensive-du-m23\/#article","isPartOf":{"@id":"https:\/\/lepatriotebenin.com\/index.php\/2025\/12\/15\/rdc-lonu-met-en-garde-contre-un-embrasement-regional-apres-loffensive-du-m23\/"},"author":{"name":"Redaction","@id":"https:\/\/lepatriotebenin.com\/#\/schema\/person\/2e7709b9c9cc313e452d1136af61690f"},"headline":"RDC : l\u2019ONU met en garde contre un embrasement r\u00e9gional apr\u00e8s l\u2019offensive du M23","datePublished":"2025-12-15T00:49:44+00:00","dateModified":"2025-12-15T00:51:33+00:00","mainEntityOfPage":{"@id":"https:\/\/lepatriotebenin.com\/index.php\/2025\/12\/15\/rdc-lonu-met-en-garde-contre-un-embrasement-regional-apres-loffensive-du-m23\/"},"wordCount":488,"commentCount":0,"image":{"@id":"https:\/\/lepatriotebenin.com\/index.php\/2025\/12\/15\/rdc-lonu-met-en-garde-contre-un-embrasement-regional-apres-loffensive-du-m23\/#primaryimage"},"thumbnailUrl":"https:\/\/lepatriotebenin.com\/wp-content\/uploads\/2025\/12\/rdc-onu.jpg","articleSection":["Afrique"],"inLanguage":"fr-FR","potentialAction":[{"@type":"CommentAction","name":"Comment","target":["https:\/\/lepatriotebenin.com\/index.php\/2025\/12\/15\/rdc-lonu-met-en-garde-contre-un-embrasement-regional-apres-loffensive-du-m23\/#respond"]}]},{"@type":"WebPage","@id":"https:\/\/lepatriotebenin.com\/index.php\/2025\/12\/15\/rdc-lonu-met-en-garde-contre-un-embrasement-regional-apres-loffensive-du-m23\/","url":"https:\/\/lepatriotebenin.com\/index.php\/2025\/12\/15\/rdc-lonu-met-en-garde-contre-un-embrasement-regional-apres-loffensive-du-m23\/","name":"RDC : l\u2019ONU met en garde contre un embrasement r\u00e9gional apr\u00e8s l\u2019offensive du M23 - Le Patriote","isPartOf":{"@id":"https:\/\/lepatriotebenin.com\/#website"},"primaryImageOfPage":{"@id":"https:\/\/lepatriotebenin.com\/index.php\/2025\/12\/15\/rdc-lonu-met-en-garde-contre-un-embrasement-regional-apres-loffensive-du-m23\/#primaryimage"},"image":{"@id":"https:\/\/lepatriotebenin.com\/index.php\/2025\/12\/15\/rdc-lonu-met-en-garde-contre-un-embrasement-regional-apres-loffensive-du-m23\/#primaryimage"},"thumbnailUrl":"https:\/\/lepatriotebenin.com\/wp-content\/uploads\/2025\/12\/rdc-onu.jpg","datePublished":"2025-12-15T00:49:44+00:00","dateModified":"2025-12-15T00:51:33+00:00","author":{"@id":"https:\/\/lepatriotebenin.com\/#\/schema\/person\/2e7709b9c9cc313e452d1136af61690f"},"breadcrumb":{"@id":"https:\/\/lepatriotebenin.com\/index.php\/2025\/12\/15\/rdc-lonu-met-en-garde-contre-un-embrasement-regional-apres-loffensive-du-m23\/#breadcrumb"},"inLanguage":"fr-FR","potentialAction":[{"@type":"ReadAction","target":["https:\/\/lepatriotebenin.com\/index.php\/2025\/12\/15\/rdc-lonu-met-en-garde-contre-un-embrasement-regional-apres-loffensive-du-m23\/"]}]},{"@type":"ImageObject","inLanguage":"fr-FR","@id":"https:\/\/lepatriotebenin.com\/index.php\/2025\/12\/15\/rdc-lonu-met-en-garde-contre-un-embrasement-regional-apres-loffensive-du-m23\/#primaryimage","url":"https:\/\/lepatriotebenin.com\/wp-content\/uploads\/2025\/12\/rdc-onu.jpg","contentUrl":"https:\/\/lepatriotebenin.com\/wp-content\/uploads\/2025\/12\/rdc-onu.jpg","width":800,"height":600},{"@type":"BreadcrumbList","@id":"https:\/\/lepatriotebenin.com\/index.php\/2025\/12\/15\/rdc-lonu-met-en-garde-contre-un-embrasement-regional-apres-loffensive-du-m23\/#breadcrumb","itemListElement":[{"@type":"ListItem","position":1,"name":"Accueil","item":"https:\/\/lepatriotebenin.com\/"},{"@type":"ListItem","position":2,"name":"RDC : l\u2019ONU met en garde contre un embrasement r\u00e9gional apr\u00e8s l\u2019offensive du M23"}]},{"@type":"WebSite","@id":"https:\/\/lepatriotebenin.com\/#website","url":"https:\/\/lepatriotebenin.com\/","name":"Le Patriote","description":"Le Patriote B\u00e9nin","potentialAction":[{"@type":"SearchAction","target":{"@type":"EntryPoint","urlTemplate":"https:\/\/lepatriotebenin.com\/?s={search_term_string}"},"query-input":{"@type":"PropertyValueSpecification","valueRequired":true,"valueName":"search_term_string"}}],"inLanguage":"fr-FR"},{"@type":"Person","@id":"https:\/\/lepatriotebenin.com\/#\/schema\/person\/2e7709b9c9cc313e452d1136af61690f","name":"Redaction","image":{"@type":"ImageObject","inLanguage":"fr-FR","@id":"https:\/\/secure.gravatar.com\/avatar\/c4c509357859ea2ca2cbb6d8812898a73e4ef1ef9934c2e591d7e32face734d1?s=96&d=mm&r=g","url":"https:\/\/secure.gravatar.com\/avatar\/c4c509357859ea2ca2cbb6d8812898a73e4ef1ef9934c2e591d7e32face734d1?s=96&d=mm&r=g","contentUrl":"https:\/\/secure.gravatar.com\/avatar\/c4c509357859ea2ca2cbb6d8812898a73e4ef1ef9934c2e591d7e32face734d1?s=96&d=mm&r=g","caption":"Redaction"},"url":"https:\/\/lepatriotebenin.com"}]}},"_links":{"self":[{"href":"https:\/\/lepatriotebenin.com\/index.php\/wp-json\/wp\/v2\/posts\/15927","targetHints":{"allow":["GET"]}}],"collection":[{"href":"https:\/\/lepatriotebenin.com\/index.php\/wp-json\/wp\/v2\/posts"}],"about":[{"href":"https:\/\/lepatriotebenin.com\/index.php\/wp-json\/wp\/v2\/types\/post"}],"author":[{"embeddable":true,"href":"https:\/\/lepatriotebenin.com\/index.php\/wp-json\/wp\/v2\/users\/5"}],"replies":[{"embeddable":true,"href":"https:\/\/lepatriotebenin.com\/index.php\/wp-json\/wp\/v2\/comments?post=15927"}],"version-history":[{"count":1,"href":"https:\/\/lepatriotebenin.com\/index.php\/wp-json\/wp\/v2\/posts\/15927\/revisions"}],"predecessor-version":[{"id":15929,"href":"https:\/\/lepatriotebenin.com\/index.php\/wp-json\/wp\/v2\/posts\/15927\/revisions\/15929"}],"wp:featuredmedia":[{"embeddable":true,"href":"https:\/\/lepatriotebenin.com\/index.php\/wp-json\/wp\/v2\/media\/15928"}],"wp:attachment":[{"href":"https:\/\/lepatriotebenin.com\/index.php\/wp-json\/wp\/v2\/media?parent=15927"}],"wp:term":[{"taxonomy":"category","embeddable":true,"href":"https:\/\/lepatriotebenin.com\/index.php\/wp-json\/wp\/v2\/categories?post=15927"},{"taxonomy":"post_tag","embeddable":true,"href":"https:\/\/lepatriotebenin.com\/index.php\/wp-json\/wp\/v2\/tags?post=15927"}],"curies":[{"name":"wp","href":"https:\/\/api.w.org\/{rel}","templated":true}]}}