{"id":15924,"date":"2025-12-15T01:43:44","date_gmt":"2025-12-15T00:43:44","guid":{"rendered":"https:\/\/lepatriotebenin.com\/?p=15924"},"modified":"2025-12-15T01:43:44","modified_gmt":"2025-12-15T00:43:44","slug":"sommet-dabuja-la-cedeao-affiche-sa-fermete-face-aux-coups-detat","status":"publish","type":"post","link":"https:\/\/lepatriotebenin.com\/index.php\/2025\/12\/15\/sommet-dabuja-la-cedeao-affiche-sa-fermete-face-aux-coups-detat\/","title":{"rendered":"Sommet d\u2019Abuja :  La CEDEAO affiche sa fermet\u00e9 face aux coups d\u2019\u00c9tat"},"content":{"rendered":"<p><strong><em>La 68\u1d49 session ordinaire de la Conf\u00e9rence des chefs d\u2019\u00c9tat et de gouvernement de la CEDEAO s\u2019est ouverte dimanche \u00e0 Abuja, dans un contexte r\u00e9gional tendu. Face aux coups d\u2019\u00c9tat et \u00e0 l\u2019ins\u00e9curit\u00e9, le pr\u00e9sident en exercice Julius Maada Bio a r\u00e9affirm\u00e9 une ligne de fermet\u00e9 et annonc\u00e9 des d\u00e9cisions majeures.<\/em><\/strong><\/p>\n<p>R\u00e9unis \u00e0 Abuja le 14 d\u00e9cembre 2025, les dirigeants ouest-africains ont affich\u00e9 une position commune. La CEDEAO ne tol\u00e9rera plus les ruptures de l\u2019ordre constitutionnel ni l\u2019ins\u00e9curit\u00e9 persistante qui fragilise la sous-r\u00e9gion. D\u00e8s l\u2019ouverture du sommet, le ton a \u00e9t\u00e9 donn\u00e9 par le pr\u00e9sident sierra-l\u00e9onais Julius Maada Bio, pr\u00e9sident en exercice de l\u2019organisation.<\/p>\n<p>Dans son discours inaugural, Julius Maada Bio a d\u00e9nonc\u00e9 la multiplication des changements anticonstitutionnels de gouvernement, qualifi\u00e9s de \u00ab menace directe pour la stabilit\u00e9 r\u00e9gionale \u00bb. Selon lui, l\u2019instabilit\u00e9 politique dans un \u00c9tat membre a des r\u00e9percussions imm\u00e9diates sur l\u2019ensemble de la communaut\u00e9. Il a ainsi appel\u00e9 \u00e0 une r\u00e9ponse collective, ferme et sans compromis, pour pr\u00e9server les acquis d\u00e9mocratiques.<\/p>\n<p>La question s\u00e9curitaire a occup\u00e9 une place centrale dans les \u00e9changes. Le pr\u00e9sident de la CEDEAO a plaid\u00e9 pour l\u2019op\u00e9rationnalisation effective de la Force en attente de l\u2019organisation, ainsi qu\u2019un renforcement de la coop\u00e9ration en mati\u00e8re de renseignement et d\u2019op\u00e9rations conjointes aux fronti\u00e8res. \u00ab La s\u00e9curit\u00e9 est un imp\u00e9ratif humain \u00bb, a-t-il insist\u00e9, estimant qu\u2019aucun \u00c9tat ne peut faire face seul au terrorisme et \u00e0 l\u2019extr\u00e9misme violent.<\/p>\n<p><strong>La CEDEAO face aux crises politiques r\u00e9centes<\/strong><\/p>\n<p>Le sommet s\u2019ouvre sur fond de crise, notamment apr\u00e8s le coup d\u2019\u00c9tat en Guin\u00e9e-Bissau et la tentative de putsch d\u00e9jou\u00e9e au B\u00e9nin. Julius Maada Bio a salu\u00e9 la r\u00e9action rapide et coordonn\u00e9e de la CEDEAO ainsi que le professionnalisme des Forces arm\u00e9es b\u00e9ninoises, y voyant la preuve que l\u2019organisation reste vigilante. \u00ab La CEDEAO ne transigera pas sur la gouvernance d\u00e9mocratique \u00bb, a-t-il martel\u00e9.<\/p>\n<p>Alors que le dialogue reste rompu avec l\u2019Alliance des \u00c9tats du Sahel, ce sommet d\u2019Abuja appara\u00eet comme un moment d\u00e9cisif pour l\u2019avenir de la CEDEAO, d\u00e9termin\u00e9e \u00e0 d\u00e9fendre la d\u00e9mocratie, renforcer la s\u00e9curit\u00e9 collective et relancer l\u2019int\u00e9gration r\u00e9gionale.<\/p>\n<p><strong>Ez\u00e9chiel Dagb\u00e9gnon PADONOU<\/strong><\/p>\n","protected":false},"excerpt":{"rendered":"<p>La 68\u1d49 session ordinaire de la Conf\u00e9rence des chefs d\u2019\u00c9tat et de gouvernement de la CEDEAO s\u2019est ouverte dimanche \u00e0 Abuja, dans un contexte r\u00e9gional tendu. Face aux coups d\u2019\u00c9tat&hellip;<\/p>\n","protected":false},"author":5,"featured_media":15925,"comment_status":"open","ping_status":"open","sticky":false,"template":"","format":"standard","meta":{"content-type":"","om_disable_all_campaigns":false,"_monsterinsights_skip_tracking":false,"_monsterinsights_sitenote_active":false,"_monsterinsights_sitenote_note":"","_monsterinsights_sitenote_category":0,"_uf_show_specific_survey":0,"_uf_disable_surveys":false,"footnotes":""},"categories":[26],"tags":[],"class_list":["post-15924","post","type-post","status-publish","format-standard","has-post-thumbnail","hentry","category-politique"],"aioseo_notices":[],"yoast_head":"<!-- This site is optimized with the Yoast SEO plugin v27.5 - https:\/\/yoast.com\/product\/yoast-seo-wordpress\/ -->\n<title>Sommet d\u2019Abuja : La CEDEAO affiche sa fermet\u00e9 face aux coups d\u2019\u00c9tat - Le Patriote<\/title>\n<meta name=\"robots\" content=\"index, follow, max-snippet:-1, max-image-preview:large, max-video-preview:-1\" \/>\n<link rel=\"canonical\" href=\"https:\/\/lepatriotebenin.com\/index.php\/2025\/12\/15\/sommet-dabuja-la-cedeao-affiche-sa-fermete-face-aux-coups-detat\/\" \/>\n<meta property=\"og:locale\" content=\"fr_FR\" \/>\n<meta property=\"og:type\" content=\"article\" \/>\n<meta property=\"og:title\" content=\"Sommet d\u2019Abuja : La CEDEAO affiche sa fermet\u00e9 face aux coups d\u2019\u00c9tat - Le Patriote\" \/>\n<meta property=\"og:description\" content=\"La 68\u1d49 session ordinaire de la Conf\u00e9rence des chefs d\u2019\u00c9tat et de gouvernement de la CEDEAO s\u2019est ouverte dimanche \u00e0 Abuja, dans un contexte r\u00e9gional tendu. Face aux coups d\u2019\u00c9tat&hellip;\" \/>\n<meta property=\"og:url\" content=\"https:\/\/lepatriotebenin.com\/index.php\/2025\/12\/15\/sommet-dabuja-la-cedeao-affiche-sa-fermete-face-aux-coups-detat\/\" \/>\n<meta property=\"og:site_name\" content=\"Le Patriote\" \/>\n<meta property=\"article:published_time\" content=\"2025-12-15T00:43:44+00:00\" \/>\n<meta property=\"og:image\" content=\"https:\/\/lepatriotebenin.com\/wp-content\/uploads\/2025\/12\/maada.jpg\" \/>\n\t<meta property=\"og:image:width\" content=\"720\" \/>\n\t<meta property=\"og:image:height\" content=\"405\" \/>\n\t<meta property=\"og:image:type\" content=\"image\/jpeg\" \/>\n<meta name=\"author\" content=\"Redaction\" \/>\n<meta name=\"twitter:card\" content=\"summary_large_image\" \/>\n<meta name=\"twitter:label1\" content=\"\u00c9crit par\" \/>\n\t<meta name=\"twitter:data1\" content=\"Redaction\" \/>\n\t<meta name=\"twitter:label2\" content=\"Dur\u00e9e de lecture estim\u00e9e\" \/>\n\t<meta name=\"twitter:data2\" content=\"2 minutes\" \/>\n<script type=\"application\/ld+json\" class=\"yoast-schema-graph\">{\"@context\":\"https:\\\/\\\/schema.org\",\"@graph\":[{\"@type\":\"Article\",\"@id\":\"https:\\\/\\\/lepatriotebenin.com\\\/index.php\\\/2025\\\/12\\\/15\\\/sommet-dabuja-la-cedeao-affiche-sa-fermete-face-aux-coups-detat\\\/#article\",\"isPartOf\":{\"@id\":\"https:\\\/\\\/lepatriotebenin.com\\\/index.php\\\/2025\\\/12\\\/15\\\/sommet-dabuja-la-cedeao-affiche-sa-fermete-face-aux-coups-detat\\\/\"},\"author\":{\"name\":\"Redaction\",\"@id\":\"https:\\\/\\\/lepatriotebenin.com\\\/#\\\/schema\\\/person\\\/2e7709b9c9cc313e452d1136af61690f\"},\"headline\":\"Sommet d\u2019Abuja : La CEDEAO affiche sa fermet\u00e9 face aux coups d\u2019\u00c9tat\",\"datePublished\":\"2025-12-15T00:43:44+00:00\",\"mainEntityOfPage\":{\"@id\":\"https:\\\/\\\/lepatriotebenin.com\\\/index.php\\\/2025\\\/12\\\/15\\\/sommet-dabuja-la-cedeao-affiche-sa-fermete-face-aux-coups-detat\\\/\"},\"wordCount\":419,\"commentCount\":0,\"image\":{\"@id\":\"https:\\\/\\\/lepatriotebenin.com\\\/index.php\\\/2025\\\/12\\\/15\\\/sommet-dabuja-la-cedeao-affiche-sa-fermete-face-aux-coups-detat\\\/#primaryimage\"},\"thumbnailUrl\":\"https:\\\/\\\/lepatriotebenin.com\\\/wp-content\\\/uploads\\\/2025\\\/12\\\/maada.jpg\",\"articleSection\":[\"Politique\"],\"inLanguage\":\"fr-FR\",\"potentialAction\":[{\"@type\":\"CommentAction\",\"name\":\"Comment\",\"target\":[\"https:\\\/\\\/lepatriotebenin.com\\\/index.php\\\/2025\\\/12\\\/15\\\/sommet-dabuja-la-cedeao-affiche-sa-fermete-face-aux-coups-detat\\\/#respond\"]}]},{\"@type\":\"WebPage\",\"@id\":\"https:\\\/\\\/lepatriotebenin.com\\\/index.php\\\/2025\\\/12\\\/15\\\/sommet-dabuja-la-cedeao-affiche-sa-fermete-face-aux-coups-detat\\\/\",\"url\":\"https:\\\/\\\/lepatriotebenin.com\\\/index.php\\\/2025\\\/12\\\/15\\\/sommet-dabuja-la-cedeao-affiche-sa-fermete-face-aux-coups-detat\\\/\",\"name\":\"Sommet d\u2019Abuja : La CEDEAO affiche sa fermet\u00e9 face aux coups d\u2019\u00c9tat - Le Patriote\",\"isPartOf\":{\"@id\":\"https:\\\/\\\/lepatriotebenin.com\\\/#website\"},\"primaryImageOfPage\":{\"@id\":\"https:\\\/\\\/lepatriotebenin.com\\\/index.php\\\/2025\\\/12\\\/15\\\/sommet-dabuja-la-cedeao-affiche-sa-fermete-face-aux-coups-detat\\\/#primaryimage\"},\"image\":{\"@id\":\"https:\\\/\\\/lepatriotebenin.com\\\/index.php\\\/2025\\\/12\\\/15\\\/sommet-dabuja-la-cedeao-affiche-sa-fermete-face-aux-coups-detat\\\/#primaryimage\"},\"thumbnailUrl\":\"https:\\\/\\\/lepatriotebenin.com\\\/wp-content\\\/uploads\\\/2025\\\/12\\\/maada.jpg\",\"datePublished\":\"2025-12-15T00:43:44+00:00\",\"author\":{\"@id\":\"https:\\\/\\\/lepatriotebenin.com\\\/#\\\/schema\\\/person\\\/2e7709b9c9cc313e452d1136af61690f\"},\"breadcrumb\":{\"@id\":\"https:\\\/\\\/lepatriotebenin.com\\\/index.php\\\/2025\\\/12\\\/15\\\/sommet-dabuja-la-cedeao-affiche-sa-fermete-face-aux-coups-detat\\\/#breadcrumb\"},\"inLanguage\":\"fr-FR\",\"potentialAction\":[{\"@type\":\"ReadAction\",\"target\":[\"https:\\\/\\\/lepatriotebenin.com\\\/index.php\\\/2025\\\/12\\\/15\\\/sommet-dabuja-la-cedeao-affiche-sa-fermete-face-aux-coups-detat\\\/\"]}]},{\"@type\":\"ImageObject\",\"inLanguage\":\"fr-FR\",\"@id\":\"https:\\\/\\\/lepatriotebenin.com\\\/index.php\\\/2025\\\/12\\\/15\\\/sommet-dabuja-la-cedeao-affiche-sa-fermete-face-aux-coups-detat\\\/#primaryimage\",\"url\":\"https:\\\/\\\/lepatriotebenin.com\\\/wp-content\\\/uploads\\\/2025\\\/12\\\/maada.jpg\",\"contentUrl\":\"https:\\\/\\\/lepatriotebenin.com\\\/wp-content\\\/uploads\\\/2025\\\/12\\\/maada.jpg\",\"width\":720,\"height\":405},{\"@type\":\"BreadcrumbList\",\"@id\":\"https:\\\/\\\/lepatriotebenin.com\\\/index.php\\\/2025\\\/12\\\/15\\\/sommet-dabuja-la-cedeao-affiche-sa-fermete-face-aux-coups-detat\\\/#breadcrumb\",\"itemListElement\":[{\"@type\":\"ListItem\",\"position\":1,\"name\":\"Accueil\",\"item\":\"https:\\\/\\\/lepatriotebenin.com\\\/\"},{\"@type\":\"ListItem\",\"position\":2,\"name\":\"Sommet d\u2019Abuja : La CEDEAO affiche sa fermet\u00e9 face aux coups d\u2019\u00c9tat\"}]},{\"@type\":\"WebSite\",\"@id\":\"https:\\\/\\\/lepatriotebenin.com\\\/#website\",\"url\":\"https:\\\/\\\/lepatriotebenin.com\\\/\",\"name\":\"Le Patriote\",\"description\":\"Le Patriote B\u00e9nin\",\"potentialAction\":[{\"@type\":\"SearchAction\",\"target\":{\"@type\":\"EntryPoint\",\"urlTemplate\":\"https:\\\/\\\/lepatriotebenin.com\\\/?s={search_term_string}\"},\"query-input\":{\"@type\":\"PropertyValueSpecification\",\"valueRequired\":true,\"valueName\":\"search_term_string\"}}],\"inLanguage\":\"fr-FR\"},{\"@type\":\"Person\",\"@id\":\"https:\\\/\\\/lepatriotebenin.com\\\/#\\\/schema\\\/person\\\/2e7709b9c9cc313e452d1136af61690f\",\"name\":\"Redaction\",\"image\":{\"@type\":\"ImageObject\",\"inLanguage\":\"fr-FR\",\"@id\":\"https:\\\/\\\/secure.gravatar.com\\\/avatar\\\/c4c509357859ea2ca2cbb6d8812898a73e4ef1ef9934c2e591d7e32face734d1?s=96&d=mm&r=g\",\"url\":\"https:\\\/\\\/secure.gravatar.com\\\/avatar\\\/c4c509357859ea2ca2cbb6d8812898a73e4ef1ef9934c2e591d7e32face734d1?s=96&d=mm&r=g\",\"contentUrl\":\"https:\\\/\\\/secure.gravatar.com\\\/avatar\\\/c4c509357859ea2ca2cbb6d8812898a73e4ef1ef9934c2e591d7e32face734d1?s=96&d=mm&r=g\",\"caption\":\"Redaction\"},\"url\":\"https:\\\/\\\/lepatriotebenin.com\"}]}<\/script>\n<!-- \/ Yoast SEO plugin. -->","yoast_head_json":{"title":"Sommet d\u2019Abuja : La CEDEAO affiche sa fermet\u00e9 face aux coups d\u2019\u00c9tat - Le Patriote","robots":{"index":"index","follow":"follow","max-snippet":"max-snippet:-1","max-image-preview":"max-image-preview:large","max-video-preview":"max-video-preview:-1"},"canonical":"https:\/\/lepatriotebenin.com\/index.php\/2025\/12\/15\/sommet-dabuja-la-cedeao-affiche-sa-fermete-face-aux-coups-detat\/","og_locale":"fr_FR","og_type":"article","og_title":"Sommet d\u2019Abuja : La CEDEAO affiche sa fermet\u00e9 face aux coups d\u2019\u00c9tat - Le Patriote","og_description":"La 68\u1d49 session ordinaire de la Conf\u00e9rence des chefs d\u2019\u00c9tat et de gouvernement de la CEDEAO s\u2019est ouverte dimanche \u00e0 Abuja, dans un contexte r\u00e9gional tendu. Face aux coups d\u2019\u00c9tat&hellip;","og_url":"https:\/\/lepatriotebenin.com\/index.php\/2025\/12\/15\/sommet-dabuja-la-cedeao-affiche-sa-fermete-face-aux-coups-detat\/","og_site_name":"Le Patriote","article_published_time":"2025-12-15T00:43:44+00:00","og_image":[{"width":720,"height":405,"url":"https:\/\/lepatriotebenin.com\/wp-content\/uploads\/2025\/12\/maada.jpg","type":"image\/jpeg"}],"author":"Redaction","twitter_card":"summary_large_image","twitter_misc":{"\u00c9crit par":"Redaction","Dur\u00e9e de lecture estim\u00e9e":"2 minutes"},"schema":{"@context":"https:\/\/schema.org","@graph":[{"@type":"Article","@id":"https:\/\/lepatriotebenin.com\/index.php\/2025\/12\/15\/sommet-dabuja-la-cedeao-affiche-sa-fermete-face-aux-coups-detat\/#article","isPartOf":{"@id":"https:\/\/lepatriotebenin.com\/index.php\/2025\/12\/15\/sommet-dabuja-la-cedeao-affiche-sa-fermete-face-aux-coups-detat\/"},"author":{"name":"Redaction","@id":"https:\/\/lepatriotebenin.com\/#\/schema\/person\/2e7709b9c9cc313e452d1136af61690f"},"headline":"Sommet d\u2019Abuja : La CEDEAO affiche sa fermet\u00e9 face aux coups d\u2019\u00c9tat","datePublished":"2025-12-15T00:43:44+00:00","mainEntityOfPage":{"@id":"https:\/\/lepatriotebenin.com\/index.php\/2025\/12\/15\/sommet-dabuja-la-cedeao-affiche-sa-fermete-face-aux-coups-detat\/"},"wordCount":419,"commentCount":0,"image":{"@id":"https:\/\/lepatriotebenin.com\/index.php\/2025\/12\/15\/sommet-dabuja-la-cedeao-affiche-sa-fermete-face-aux-coups-detat\/#primaryimage"},"thumbnailUrl":"https:\/\/lepatriotebenin.com\/wp-content\/uploads\/2025\/12\/maada.jpg","articleSection":["Politique"],"inLanguage":"fr-FR","potentialAction":[{"@type":"CommentAction","name":"Comment","target":["https:\/\/lepatriotebenin.com\/index.php\/2025\/12\/15\/sommet-dabuja-la-cedeao-affiche-sa-fermete-face-aux-coups-detat\/#respond"]}]},{"@type":"WebPage","@id":"https:\/\/lepatriotebenin.com\/index.php\/2025\/12\/15\/sommet-dabuja-la-cedeao-affiche-sa-fermete-face-aux-coups-detat\/","url":"https:\/\/lepatriotebenin.com\/index.php\/2025\/12\/15\/sommet-dabuja-la-cedeao-affiche-sa-fermete-face-aux-coups-detat\/","name":"Sommet d\u2019Abuja : La CEDEAO affiche sa fermet\u00e9 face aux coups d\u2019\u00c9tat - Le Patriote","isPartOf":{"@id":"https:\/\/lepatriotebenin.com\/#website"},"primaryImageOfPage":{"@id":"https:\/\/lepatriotebenin.com\/index.php\/2025\/12\/15\/sommet-dabuja-la-cedeao-affiche-sa-fermete-face-aux-coups-detat\/#primaryimage"},"image":{"@id":"https:\/\/lepatriotebenin.com\/index.php\/2025\/12\/15\/sommet-dabuja-la-cedeao-affiche-sa-fermete-face-aux-coups-detat\/#primaryimage"},"thumbnailUrl":"https:\/\/lepatriotebenin.com\/wp-content\/uploads\/2025\/12\/maada.jpg","datePublished":"2025-12-15T00:43:44+00:00","author":{"@id":"https:\/\/lepatriotebenin.com\/#\/schema\/person\/2e7709b9c9cc313e452d1136af61690f"},"breadcrumb":{"@id":"https:\/\/lepatriotebenin.com\/index.php\/2025\/12\/15\/sommet-dabuja-la-cedeao-affiche-sa-fermete-face-aux-coups-detat\/#breadcrumb"},"inLanguage":"fr-FR","potentialAction":[{"@type":"ReadAction","target":["https:\/\/lepatriotebenin.com\/index.php\/2025\/12\/15\/sommet-dabuja-la-cedeao-affiche-sa-fermete-face-aux-coups-detat\/"]}]},{"@type":"ImageObject","inLanguage":"fr-FR","@id":"https:\/\/lepatriotebenin.com\/index.php\/2025\/12\/15\/sommet-dabuja-la-cedeao-affiche-sa-fermete-face-aux-coups-detat\/#primaryimage","url":"https:\/\/lepatriotebenin.com\/wp-content\/uploads\/2025\/12\/maada.jpg","contentUrl":"https:\/\/lepatriotebenin.com\/wp-content\/uploads\/2025\/12\/maada.jpg","width":720,"height":405},{"@type":"BreadcrumbList","@id":"https:\/\/lepatriotebenin.com\/index.php\/2025\/12\/15\/sommet-dabuja-la-cedeao-affiche-sa-fermete-face-aux-coups-detat\/#breadcrumb","itemListElement":[{"@type":"ListItem","position":1,"name":"Accueil","item":"https:\/\/lepatriotebenin.com\/"},{"@type":"ListItem","position":2,"name":"Sommet d\u2019Abuja : La CEDEAO affiche sa fermet\u00e9 face aux coups d\u2019\u00c9tat"}]},{"@type":"WebSite","@id":"https:\/\/lepatriotebenin.com\/#website","url":"https:\/\/lepatriotebenin.com\/","name":"Le Patriote","description":"Le Patriote B\u00e9nin","potentialAction":[{"@type":"SearchAction","target":{"@type":"EntryPoint","urlTemplate":"https:\/\/lepatriotebenin.com\/?s={search_term_string}"},"query-input":{"@type":"PropertyValueSpecification","valueRequired":true,"valueName":"search_term_string"}}],"inLanguage":"fr-FR"},{"@type":"Person","@id":"https:\/\/lepatriotebenin.com\/#\/schema\/person\/2e7709b9c9cc313e452d1136af61690f","name":"Redaction","image":{"@type":"ImageObject","inLanguage":"fr-FR","@id":"https:\/\/secure.gravatar.com\/avatar\/c4c509357859ea2ca2cbb6d8812898a73e4ef1ef9934c2e591d7e32face734d1?s=96&d=mm&r=g","url":"https:\/\/secure.gravatar.com\/avatar\/c4c509357859ea2ca2cbb6d8812898a73e4ef1ef9934c2e591d7e32face734d1?s=96&d=mm&r=g","contentUrl":"https:\/\/secure.gravatar.com\/avatar\/c4c509357859ea2ca2cbb6d8812898a73e4ef1ef9934c2e591d7e32face734d1?s=96&d=mm&r=g","caption":"Redaction"},"url":"https:\/\/lepatriotebenin.com"}]}},"_links":{"self":[{"href":"https:\/\/lepatriotebenin.com\/index.php\/wp-json\/wp\/v2\/posts\/15924","targetHints":{"allow":["GET"]}}],"collection":[{"href":"https:\/\/lepatriotebenin.com\/index.php\/wp-json\/wp\/v2\/posts"}],"about":[{"href":"https:\/\/lepatriotebenin.com\/index.php\/wp-json\/wp\/v2\/types\/post"}],"author":[{"embeddable":true,"href":"https:\/\/lepatriotebenin.com\/index.php\/wp-json\/wp\/v2\/users\/5"}],"replies":[{"embeddable":true,"href":"https:\/\/lepatriotebenin.com\/index.php\/wp-json\/wp\/v2\/comments?post=15924"}],"version-history":[{"count":1,"href":"https:\/\/lepatriotebenin.com\/index.php\/wp-json\/wp\/v2\/posts\/15924\/revisions"}],"predecessor-version":[{"id":15926,"href":"https:\/\/lepatriotebenin.com\/index.php\/wp-json\/wp\/v2\/posts\/15924\/revisions\/15926"}],"wp:featuredmedia":[{"embeddable":true,"href":"https:\/\/lepatriotebenin.com\/index.php\/wp-json\/wp\/v2\/media\/15925"}],"wp:attachment":[{"href":"https:\/\/lepatriotebenin.com\/index.php\/wp-json\/wp\/v2\/media?parent=15924"}],"wp:term":[{"taxonomy":"category","embeddable":true,"href":"https:\/\/lepatriotebenin.com\/index.php\/wp-json\/wp\/v2\/categories?post=15924"},{"taxonomy":"post_tag","embeddable":true,"href":"https:\/\/lepatriotebenin.com\/index.php\/wp-json\/wp\/v2\/tags?post=15924"}],"curies":[{"name":"wp","href":"https:\/\/api.w.org\/{rel}","templated":true}]}}