{"id":15921,"date":"2025-12-15T01:38:52","date_gmt":"2025-12-15T00:38:52","guid":{"rendered":"https:\/\/lepatriotebenin.com\/?p=15921"},"modified":"2025-12-15T01:38:52","modified_gmt":"2025-12-15T00:38:52","slug":"messi-en-inde-les-fans-en-colere-suite-a-son-passage-eclair","status":"publish","type":"post","link":"https:\/\/lepatriotebenin.com\/index.php\/2025\/12\/15\/messi-en-inde-les-fans-en-colere-suite-a-son-passage-eclair\/","title":{"rendered":"Messi en Inde :  Les fans en col\u00e8re suite \u00e0 son passage \u00e9clair"},"content":{"rendered":"<p><strong><em>Attendue comme un \u00e9v\u00e9nement historique \u00e0 Calcutta, la venue de Lionel Messi s\u2019est brutalement transform\u00e9e en sc\u00e8ne de col\u00e8re collective. Frustr\u00e9s par un passage jug\u00e9 trop bref de la star argentine, des supporters ont saccag\u00e9 une partie du stade Salt Lake, provoquant l\u2019exfiltration pr\u00e9cipit\u00e9e du champion du monde.<\/em><\/strong><\/p>\n<p>Ce qui devait \u00eatre une c\u00e9l\u00e9bration s\u2019est mu\u00e9 en d\u00e9bordement spectaculaire. Samedi, Lionel Messi \u00e9tait de passage au stade Salt Lake de Calcutta dans le cadre de sa tourn\u00e9e promotionnelle en Inde, baptis\u00e9e le \u00ab GOAT Tour \u00bb. Accompagn\u00e9 de Rodrigo De Paul et de Luis Su\u00e1rez, la Pulga a effectu\u00e9 un tour d\u2019honneur devant des milliers de fans en liesse, entour\u00e9 de dirigeants, de personnalit\u00e9s et de nombreux VIP.<\/p>\n<p>Mais l\u2019apparition de la star argentine n\u2019a dur\u00e9 qu\u2019une vingtaine de minutes. Un passage \u00e9clair qui a laiss\u00e9 un go\u00fbt amer dans les tribunes, d\u2019autant plus que de nombreux supporters avaient pay\u00e9 tr\u00e8s cher pour assister \u00e0 l\u2019\u00e9v\u00e9nement. Selon l\u2019agence de presse ANI, certains billets se vendaient jusqu\u2019\u00e0 12 000 roupies, soit environ 113 euros. \u00c0 peine Messi reparti, la frustration s\u2019est transform\u00e9e en col\u00e8re. Des spectateurs ont commenc\u00e9 \u00e0 arracher et lancer des si\u00e8ges, tandis que d\u2019autres envahissaient la pelouse pour manifester leur m\u00e9contentement. Les forces de s\u00e9curit\u00e9 ont d\u00fb intervenir en urgence pour \u00e9viter que la situation ne d\u00e9g\u00e9n\u00e8re davantage. \u00ab Nous avons pay\u00e9 une fortune et nous n\u2019avons m\u00eame pas pu voir son visage \u00bb, a t\u00e9moign\u00e9 un fan, d\u00e9non\u00e7ant une organisation jug\u00e9e d\u00e9cevante. Face \u00e0 la mont\u00e9e de la tension, Lionel Messi a \u00e9t\u00e9 rapidement exfiltr\u00e9 du stade.<\/p>\n<p>Idol\u00e2tr\u00e9 en Inde, le champion du monde argentin venait d\u2019entamer une tourn\u00e9e cens\u00e9e renforcer sa proximit\u00e9 avec ses fans. Mais cet \u00e9pisode chaotique marque un d\u00e9but cauchemardesque pour le \u00ab GOAT Tour \u00bb.<\/p>\n<p><strong>Gildas AHOGNI<\/strong><\/p>\n<p>&nbsp;<\/p>\n","protected":false},"excerpt":{"rendered":"<p>Attendue comme un \u00e9v\u00e9nement historique \u00e0 Calcutta, la venue de Lionel Messi s\u2019est brutalement transform\u00e9e en sc\u00e8ne de col\u00e8re collective. Frustr\u00e9s par un passage jug\u00e9 trop bref de la star&hellip;<\/p>\n","protected":false},"author":5,"featured_media":15922,"comment_status":"open","ping_status":"open","sticky":false,"template":"","format":"standard","meta":{"content-type":"","om_disable_all_campaigns":false,"_monsterinsights_skip_tracking":false,"_monsterinsights_sitenote_active":false,"_monsterinsights_sitenote_note":"","_monsterinsights_sitenote_category":0,"_uf_show_specific_survey":0,"_uf_disable_surveys":false,"footnotes":""},"categories":[8],"tags":[],"class_list":["post-15921","post","type-post","status-publish","format-standard","has-post-thumbnail","hentry","category-sport"],"aioseo_notices":[],"yoast_head":"<!-- This site is optimized with the Yoast SEO plugin v27.5 - https:\/\/yoast.com\/product\/yoast-seo-wordpress\/ -->\n<title>Messi en Inde : Les fans en col\u00e8re suite \u00e0 son passage \u00e9clair - Le Patriote<\/title>\n<meta name=\"robots\" content=\"index, follow, max-snippet:-1, max-image-preview:large, max-video-preview:-1\" \/>\n<link rel=\"canonical\" href=\"https:\/\/lepatriotebenin.com\/index.php\/2025\/12\/15\/messi-en-inde-les-fans-en-colere-suite-a-son-passage-eclair\/\" \/>\n<meta property=\"og:locale\" content=\"fr_FR\" \/>\n<meta property=\"og:type\" content=\"article\" \/>\n<meta property=\"og:title\" content=\"Messi en Inde : Les fans en col\u00e8re suite \u00e0 son passage \u00e9clair - Le Patriote\" \/>\n<meta property=\"og:description\" content=\"Attendue comme un \u00e9v\u00e9nement historique \u00e0 Calcutta, la venue de Lionel Messi s\u2019est brutalement transform\u00e9e en sc\u00e8ne de col\u00e8re collective. Frustr\u00e9s par un passage jug\u00e9 trop bref de la star&hellip;\" \/>\n<meta property=\"og:url\" content=\"https:\/\/lepatriotebenin.com\/index.php\/2025\/12\/15\/messi-en-inde-les-fans-en-colere-suite-a-son-passage-eclair\/\" \/>\n<meta property=\"og:site_name\" content=\"Le Patriote\" \/>\n<meta property=\"article:published_time\" content=\"2025-12-15T00:38:52+00:00\" \/>\n<meta property=\"og:image\" content=\"https:\/\/lepatriotebenin.com\/wp-content\/uploads\/2025\/12\/messi.webp\" \/>\n\t<meta property=\"og:image:width\" content=\"1248\" \/>\n\t<meta property=\"og:image:height\" content=\"702\" \/>\n\t<meta property=\"og:image:type\" content=\"image\/webp\" \/>\n<meta name=\"author\" content=\"Redaction\" \/>\n<meta name=\"twitter:card\" content=\"summary_large_image\" \/>\n<meta name=\"twitter:label1\" content=\"\u00c9crit par\" \/>\n\t<meta name=\"twitter:data1\" content=\"Redaction\" \/>\n\t<meta name=\"twitter:label2\" content=\"Dur\u00e9e de lecture estim\u00e9e\" \/>\n\t<meta name=\"twitter:data2\" content=\"2 minutes\" \/>\n<script type=\"application\/ld+json\" class=\"yoast-schema-graph\">{\"@context\":\"https:\\\/\\\/schema.org\",\"@graph\":[{\"@type\":\"Article\",\"@id\":\"https:\\\/\\\/lepatriotebenin.com\\\/index.php\\\/2025\\\/12\\\/15\\\/messi-en-inde-les-fans-en-colere-suite-a-son-passage-eclair\\\/#article\",\"isPartOf\":{\"@id\":\"https:\\\/\\\/lepatriotebenin.com\\\/index.php\\\/2025\\\/12\\\/15\\\/messi-en-inde-les-fans-en-colere-suite-a-son-passage-eclair\\\/\"},\"author\":{\"name\":\"Redaction\",\"@id\":\"https:\\\/\\\/lepatriotebenin.com\\\/#\\\/schema\\\/person\\\/2e7709b9c9cc313e452d1136af61690f\"},\"headline\":\"Messi en Inde : Les fans en col\u00e8re suite \u00e0 son passage \u00e9clair\",\"datePublished\":\"2025-12-15T00:38:52+00:00\",\"mainEntityOfPage\":{\"@id\":\"https:\\\/\\\/lepatriotebenin.com\\\/index.php\\\/2025\\\/12\\\/15\\\/messi-en-inde-les-fans-en-colere-suite-a-son-passage-eclair\\\/\"},\"wordCount\":344,\"commentCount\":0,\"image\":{\"@id\":\"https:\\\/\\\/lepatriotebenin.com\\\/index.php\\\/2025\\\/12\\\/15\\\/messi-en-inde-les-fans-en-colere-suite-a-son-passage-eclair\\\/#primaryimage\"},\"thumbnailUrl\":\"https:\\\/\\\/lepatriotebenin.com\\\/wp-content\\\/uploads\\\/2025\\\/12\\\/messi.webp\",\"articleSection\":[\"Sport\"],\"inLanguage\":\"fr-FR\",\"potentialAction\":[{\"@type\":\"CommentAction\",\"name\":\"Comment\",\"target\":[\"https:\\\/\\\/lepatriotebenin.com\\\/index.php\\\/2025\\\/12\\\/15\\\/messi-en-inde-les-fans-en-colere-suite-a-son-passage-eclair\\\/#respond\"]}]},{\"@type\":\"WebPage\",\"@id\":\"https:\\\/\\\/lepatriotebenin.com\\\/index.php\\\/2025\\\/12\\\/15\\\/messi-en-inde-les-fans-en-colere-suite-a-son-passage-eclair\\\/\",\"url\":\"https:\\\/\\\/lepatriotebenin.com\\\/index.php\\\/2025\\\/12\\\/15\\\/messi-en-inde-les-fans-en-colere-suite-a-son-passage-eclair\\\/\",\"name\":\"Messi en Inde : Les fans en col\u00e8re suite \u00e0 son passage \u00e9clair - Le Patriote\",\"isPartOf\":{\"@id\":\"https:\\\/\\\/lepatriotebenin.com\\\/#website\"},\"primaryImageOfPage\":{\"@id\":\"https:\\\/\\\/lepatriotebenin.com\\\/index.php\\\/2025\\\/12\\\/15\\\/messi-en-inde-les-fans-en-colere-suite-a-son-passage-eclair\\\/#primaryimage\"},\"image\":{\"@id\":\"https:\\\/\\\/lepatriotebenin.com\\\/index.php\\\/2025\\\/12\\\/15\\\/messi-en-inde-les-fans-en-colere-suite-a-son-passage-eclair\\\/#primaryimage\"},\"thumbnailUrl\":\"https:\\\/\\\/lepatriotebenin.com\\\/wp-content\\\/uploads\\\/2025\\\/12\\\/messi.webp\",\"datePublished\":\"2025-12-15T00:38:52+00:00\",\"author\":{\"@id\":\"https:\\\/\\\/lepatriotebenin.com\\\/#\\\/schema\\\/person\\\/2e7709b9c9cc313e452d1136af61690f\"},\"breadcrumb\":{\"@id\":\"https:\\\/\\\/lepatriotebenin.com\\\/index.php\\\/2025\\\/12\\\/15\\\/messi-en-inde-les-fans-en-colere-suite-a-son-passage-eclair\\\/#breadcrumb\"},\"inLanguage\":\"fr-FR\",\"potentialAction\":[{\"@type\":\"ReadAction\",\"target\":[\"https:\\\/\\\/lepatriotebenin.com\\\/index.php\\\/2025\\\/12\\\/15\\\/messi-en-inde-les-fans-en-colere-suite-a-son-passage-eclair\\\/\"]}]},{\"@type\":\"ImageObject\",\"inLanguage\":\"fr-FR\",\"@id\":\"https:\\\/\\\/lepatriotebenin.com\\\/index.php\\\/2025\\\/12\\\/15\\\/messi-en-inde-les-fans-en-colere-suite-a-son-passage-eclair\\\/#primaryimage\",\"url\":\"https:\\\/\\\/lepatriotebenin.com\\\/wp-content\\\/uploads\\\/2025\\\/12\\\/messi.webp\",\"contentUrl\":\"https:\\\/\\\/lepatriotebenin.com\\\/wp-content\\\/uploads\\\/2025\\\/12\\\/messi.webp\",\"width\":1248,\"height\":702},{\"@type\":\"BreadcrumbList\",\"@id\":\"https:\\\/\\\/lepatriotebenin.com\\\/index.php\\\/2025\\\/12\\\/15\\\/messi-en-inde-les-fans-en-colere-suite-a-son-passage-eclair\\\/#breadcrumb\",\"itemListElement\":[{\"@type\":\"ListItem\",\"position\":1,\"name\":\"Accueil\",\"item\":\"https:\\\/\\\/lepatriotebenin.com\\\/\"},{\"@type\":\"ListItem\",\"position\":2,\"name\":\"Messi en Inde : Les fans en col\u00e8re suite \u00e0 son passage \u00e9clair\"}]},{\"@type\":\"WebSite\",\"@id\":\"https:\\\/\\\/lepatriotebenin.com\\\/#website\",\"url\":\"https:\\\/\\\/lepatriotebenin.com\\\/\",\"name\":\"Le Patriote\",\"description\":\"Le Patriote B\u00e9nin\",\"potentialAction\":[{\"@type\":\"SearchAction\",\"target\":{\"@type\":\"EntryPoint\",\"urlTemplate\":\"https:\\\/\\\/lepatriotebenin.com\\\/?s={search_term_string}\"},\"query-input\":{\"@type\":\"PropertyValueSpecification\",\"valueRequired\":true,\"valueName\":\"search_term_string\"}}],\"inLanguage\":\"fr-FR\"},{\"@type\":\"Person\",\"@id\":\"https:\\\/\\\/lepatriotebenin.com\\\/#\\\/schema\\\/person\\\/2e7709b9c9cc313e452d1136af61690f\",\"name\":\"Redaction\",\"image\":{\"@type\":\"ImageObject\",\"inLanguage\":\"fr-FR\",\"@id\":\"https:\\\/\\\/secure.gravatar.com\\\/avatar\\\/c4c509357859ea2ca2cbb6d8812898a73e4ef1ef9934c2e591d7e32face734d1?s=96&d=mm&r=g\",\"url\":\"https:\\\/\\\/secure.gravatar.com\\\/avatar\\\/c4c509357859ea2ca2cbb6d8812898a73e4ef1ef9934c2e591d7e32face734d1?s=96&d=mm&r=g\",\"contentUrl\":\"https:\\\/\\\/secure.gravatar.com\\\/avatar\\\/c4c509357859ea2ca2cbb6d8812898a73e4ef1ef9934c2e591d7e32face734d1?s=96&d=mm&r=g\",\"caption\":\"Redaction\"},\"url\":\"https:\\\/\\\/lepatriotebenin.com\"}]}<\/script>\n<!-- \/ Yoast SEO plugin. -->","yoast_head_json":{"title":"Messi en Inde : Les fans en col\u00e8re suite \u00e0 son passage \u00e9clair - Le Patriote","robots":{"index":"index","follow":"follow","max-snippet":"max-snippet:-1","max-image-preview":"max-image-preview:large","max-video-preview":"max-video-preview:-1"},"canonical":"https:\/\/lepatriotebenin.com\/index.php\/2025\/12\/15\/messi-en-inde-les-fans-en-colere-suite-a-son-passage-eclair\/","og_locale":"fr_FR","og_type":"article","og_title":"Messi en Inde : Les fans en col\u00e8re suite \u00e0 son passage \u00e9clair - Le Patriote","og_description":"Attendue comme un \u00e9v\u00e9nement historique \u00e0 Calcutta, la venue de Lionel Messi s\u2019est brutalement transform\u00e9e en sc\u00e8ne de col\u00e8re collective. Frustr\u00e9s par un passage jug\u00e9 trop bref de la star&hellip;","og_url":"https:\/\/lepatriotebenin.com\/index.php\/2025\/12\/15\/messi-en-inde-les-fans-en-colere-suite-a-son-passage-eclair\/","og_site_name":"Le Patriote","article_published_time":"2025-12-15T00:38:52+00:00","og_image":[{"width":1248,"height":702,"url":"https:\/\/lepatriotebenin.com\/wp-content\/uploads\/2025\/12\/messi.webp","type":"image\/webp"}],"author":"Redaction","twitter_card":"summary_large_image","twitter_misc":{"\u00c9crit par":"Redaction","Dur\u00e9e de lecture estim\u00e9e":"2 minutes"},"schema":{"@context":"https:\/\/schema.org","@graph":[{"@type":"Article","@id":"https:\/\/lepatriotebenin.com\/index.php\/2025\/12\/15\/messi-en-inde-les-fans-en-colere-suite-a-son-passage-eclair\/#article","isPartOf":{"@id":"https:\/\/lepatriotebenin.com\/index.php\/2025\/12\/15\/messi-en-inde-les-fans-en-colere-suite-a-son-passage-eclair\/"},"author":{"name":"Redaction","@id":"https:\/\/lepatriotebenin.com\/#\/schema\/person\/2e7709b9c9cc313e452d1136af61690f"},"headline":"Messi en Inde : Les fans en col\u00e8re suite \u00e0 son passage \u00e9clair","datePublished":"2025-12-15T00:38:52+00:00","mainEntityOfPage":{"@id":"https:\/\/lepatriotebenin.com\/index.php\/2025\/12\/15\/messi-en-inde-les-fans-en-colere-suite-a-son-passage-eclair\/"},"wordCount":344,"commentCount":0,"image":{"@id":"https:\/\/lepatriotebenin.com\/index.php\/2025\/12\/15\/messi-en-inde-les-fans-en-colere-suite-a-son-passage-eclair\/#primaryimage"},"thumbnailUrl":"https:\/\/lepatriotebenin.com\/wp-content\/uploads\/2025\/12\/messi.webp","articleSection":["Sport"],"inLanguage":"fr-FR","potentialAction":[{"@type":"CommentAction","name":"Comment","target":["https:\/\/lepatriotebenin.com\/index.php\/2025\/12\/15\/messi-en-inde-les-fans-en-colere-suite-a-son-passage-eclair\/#respond"]}]},{"@type":"WebPage","@id":"https:\/\/lepatriotebenin.com\/index.php\/2025\/12\/15\/messi-en-inde-les-fans-en-colere-suite-a-son-passage-eclair\/","url":"https:\/\/lepatriotebenin.com\/index.php\/2025\/12\/15\/messi-en-inde-les-fans-en-colere-suite-a-son-passage-eclair\/","name":"Messi en Inde : Les fans en col\u00e8re suite \u00e0 son passage \u00e9clair - Le Patriote","isPartOf":{"@id":"https:\/\/lepatriotebenin.com\/#website"},"primaryImageOfPage":{"@id":"https:\/\/lepatriotebenin.com\/index.php\/2025\/12\/15\/messi-en-inde-les-fans-en-colere-suite-a-son-passage-eclair\/#primaryimage"},"image":{"@id":"https:\/\/lepatriotebenin.com\/index.php\/2025\/12\/15\/messi-en-inde-les-fans-en-colere-suite-a-son-passage-eclair\/#primaryimage"},"thumbnailUrl":"https:\/\/lepatriotebenin.com\/wp-content\/uploads\/2025\/12\/messi.webp","datePublished":"2025-12-15T00:38:52+00:00","author":{"@id":"https:\/\/lepatriotebenin.com\/#\/schema\/person\/2e7709b9c9cc313e452d1136af61690f"},"breadcrumb":{"@id":"https:\/\/lepatriotebenin.com\/index.php\/2025\/12\/15\/messi-en-inde-les-fans-en-colere-suite-a-son-passage-eclair\/#breadcrumb"},"inLanguage":"fr-FR","potentialAction":[{"@type":"ReadAction","target":["https:\/\/lepatriotebenin.com\/index.php\/2025\/12\/15\/messi-en-inde-les-fans-en-colere-suite-a-son-passage-eclair\/"]}]},{"@type":"ImageObject","inLanguage":"fr-FR","@id":"https:\/\/lepatriotebenin.com\/index.php\/2025\/12\/15\/messi-en-inde-les-fans-en-colere-suite-a-son-passage-eclair\/#primaryimage","url":"https:\/\/lepatriotebenin.com\/wp-content\/uploads\/2025\/12\/messi.webp","contentUrl":"https:\/\/lepatriotebenin.com\/wp-content\/uploads\/2025\/12\/messi.webp","width":1248,"height":702},{"@type":"BreadcrumbList","@id":"https:\/\/lepatriotebenin.com\/index.php\/2025\/12\/15\/messi-en-inde-les-fans-en-colere-suite-a-son-passage-eclair\/#breadcrumb","itemListElement":[{"@type":"ListItem","position":1,"name":"Accueil","item":"https:\/\/lepatriotebenin.com\/"},{"@type":"ListItem","position":2,"name":"Messi en Inde : Les fans en col\u00e8re suite \u00e0 son passage \u00e9clair"}]},{"@type":"WebSite","@id":"https:\/\/lepatriotebenin.com\/#website","url":"https:\/\/lepatriotebenin.com\/","name":"Le Patriote","description":"Le Patriote B\u00e9nin","potentialAction":[{"@type":"SearchAction","target":{"@type":"EntryPoint","urlTemplate":"https:\/\/lepatriotebenin.com\/?s={search_term_string}"},"query-input":{"@type":"PropertyValueSpecification","valueRequired":true,"valueName":"search_term_string"}}],"inLanguage":"fr-FR"},{"@type":"Person","@id":"https:\/\/lepatriotebenin.com\/#\/schema\/person\/2e7709b9c9cc313e452d1136af61690f","name":"Redaction","image":{"@type":"ImageObject","inLanguage":"fr-FR","@id":"https:\/\/secure.gravatar.com\/avatar\/c4c509357859ea2ca2cbb6d8812898a73e4ef1ef9934c2e591d7e32face734d1?s=96&d=mm&r=g","url":"https:\/\/secure.gravatar.com\/avatar\/c4c509357859ea2ca2cbb6d8812898a73e4ef1ef9934c2e591d7e32face734d1?s=96&d=mm&r=g","contentUrl":"https:\/\/secure.gravatar.com\/avatar\/c4c509357859ea2ca2cbb6d8812898a73e4ef1ef9934c2e591d7e32face734d1?s=96&d=mm&r=g","caption":"Redaction"},"url":"https:\/\/lepatriotebenin.com"}]}},"_links":{"self":[{"href":"https:\/\/lepatriotebenin.com\/index.php\/wp-json\/wp\/v2\/posts\/15921","targetHints":{"allow":["GET"]}}],"collection":[{"href":"https:\/\/lepatriotebenin.com\/index.php\/wp-json\/wp\/v2\/posts"}],"about":[{"href":"https:\/\/lepatriotebenin.com\/index.php\/wp-json\/wp\/v2\/types\/post"}],"author":[{"embeddable":true,"href":"https:\/\/lepatriotebenin.com\/index.php\/wp-json\/wp\/v2\/users\/5"}],"replies":[{"embeddable":true,"href":"https:\/\/lepatriotebenin.com\/index.php\/wp-json\/wp\/v2\/comments?post=15921"}],"version-history":[{"count":1,"href":"https:\/\/lepatriotebenin.com\/index.php\/wp-json\/wp\/v2\/posts\/15921\/revisions"}],"predecessor-version":[{"id":15923,"href":"https:\/\/lepatriotebenin.com\/index.php\/wp-json\/wp\/v2\/posts\/15921\/revisions\/15923"}],"wp:featuredmedia":[{"embeddable":true,"href":"https:\/\/lepatriotebenin.com\/index.php\/wp-json\/wp\/v2\/media\/15922"}],"wp:attachment":[{"href":"https:\/\/lepatriotebenin.com\/index.php\/wp-json\/wp\/v2\/media?parent=15921"}],"wp:term":[{"taxonomy":"category","embeddable":true,"href":"https:\/\/lepatriotebenin.com\/index.php\/wp-json\/wp\/v2\/categories?post=15921"},{"taxonomy":"post_tag","embeddable":true,"href":"https:\/\/lepatriotebenin.com\/index.php\/wp-json\/wp\/v2\/tags?post=15921"}],"curies":[{"name":"wp","href":"https:\/\/api.w.org\/{rel}","templated":true}]}}