{"id":15918,"date":"2025-12-15T01:35:53","date_gmt":"2025-12-15T00:35:53","guid":{"rendered":"https:\/\/lepatriotebenin.com\/?p=15918"},"modified":"2025-12-15T01:35:53","modified_gmt":"2025-12-15T00:35:53","slug":"benzema-au-mondial-2026-la-reponse-de-la-federation-francaise-de-football","status":"publish","type":"post","link":"https:\/\/lepatriotebenin.com\/index.php\/2025\/12\/15\/benzema-au-mondial-2026-la-reponse-de-la-federation-francaise-de-football\/","title":{"rendered":"Benzema au Mondial  2026 :  la r\u00e9ponse de la F\u00e9d\u00e9ration Fran\u00e7aise de football"},"content":{"rendered":"<p>Le Mondial 2026, qui est la 23e \u00e9dition, se d\u00e9roulera\u00a0du\u00a0<strong>11 juin au 19 juillet 2026<\/strong>\u00a0au\u00a0<strong>Canada, aux \u00c9tats-Unis et au Mexique<\/strong>, marquant la premi\u00e8re Coupe du Monde avec 48 \u00e9quipes, et la finale aura lieu \u00e0 New York\/New Jersey.\u00a0 La France\u00a0 figure parmi les pays qualifi\u00e9s\u00a0 pour la prochaine\u00a0 phase finale du Mondial 2026. La convocation de Karim Benzema pour\u00a0 \u00eatre parmi les\u00a0 que Didier Deschamps\u00a0 va retenir fait actuel d\u00e9bat dans le monde sportif fran\u00e7ais.<\/p>\n<p>Lors de l\u2019assembl\u00e9e g\u00e9n\u00e9rale, du samedi 13 d\u00e9cembre 2025, de la structure qu\u2019il dirige, la question a \u00e9t\u00e9 pos\u00e9e au pr\u00e9sident de la F\u00e9d\u00e9ration Fran\u00e7aise de football (FFF), Philippe Diallo. \u00ab <em>Un, Karim Benzema c\u2019est un Ballon d\u2019Or, \u00e7a \u00e9t\u00e9 un des top joueurs mondiaux. Deux, cela montre que quand il dit qu\u2019il pourrait \u00eatre disponible, je pense que d\u2019une part cela gomme une partie des observations et des commentaires qui ont \u00e9t\u00e9 faits sur sa relation avec l\u2019\u00e9quipe de France et puis \u00e7a confirme l\u2019attractivit\u00e9 de l\u2019\u00e9quipe de France puisque tout le monde veut y venir \u00bb, <\/em>a d\u00e9clar\u00e9 le patron de la FFF.<\/p>\n<p>L\u2019ancien attaquant du Real Madrid a clairement affich\u00e9 son enthousiasme pour cette hypoth\u00e8se lors d\u2019un entretien qu\u2019il a accord\u00e9 \u00e0 L\u2019Equipe la semaine derni\u00e8re.\u00a0 Mais Philippe Diallo, dans un style neutre et diplomatique, a aussi rappel\u00e9 que le choix de s\u00e9lectionner l\u2019attaquant de 38 ans pour la prochaine Coupe du monde ne d\u00e9pendait pas de la F\u00e9d\u00e9ration. \u00ab <em>Il y aura 26 places. Il y a un s\u00e9lectionneur et il fera ses choix mais je me r\u00e9jouis qu\u2019un grand joueur comme Karim Benzema veuille revenir en \u00e9quipe de France pour la Coupe du monde, ce qui pour le point de vue du joueur me semble l\u00e9gitime<\/em>\u00bb, a-t-il laiss\u00e9 entendre.<\/p>\n","protected":false},"excerpt":{"rendered":"<p>Le Mondial 2026, qui est la 23e \u00e9dition, se d\u00e9roulera\u00a0du\u00a011 juin au 19 juillet 2026\u00a0au\u00a0Canada, aux \u00c9tats-Unis et au Mexique, marquant la premi\u00e8re Coupe du Monde avec 48 \u00e9quipes, et&hellip;<\/p>\n","protected":false},"author":6,"featured_media":15919,"comment_status":"open","ping_status":"open","sticky":false,"template":"","format":"standard","meta":{"content-type":"","om_disable_all_campaigns":false,"_monsterinsights_skip_tracking":false,"_monsterinsights_sitenote_active":false,"_monsterinsights_sitenote_note":"","_monsterinsights_sitenote_category":0,"_uf_show_specific_survey":0,"_uf_disable_surveys":false,"footnotes":""},"categories":[8],"tags":[],"class_list":["post-15918","post","type-post","status-publish","format-standard","has-post-thumbnail","hentry","category-sport"],"aioseo_notices":[],"yoast_head":"<!-- This site is optimized with the Yoast SEO plugin v27.5 - https:\/\/yoast.com\/product\/yoast-seo-wordpress\/ -->\n<title>Benzema au Mondial 2026 : la r\u00e9ponse de la F\u00e9d\u00e9ration Fran\u00e7aise de football - Le Patriote<\/title>\n<meta name=\"robots\" content=\"index, follow, max-snippet:-1, max-image-preview:large, max-video-preview:-1\" \/>\n<link rel=\"canonical\" href=\"https:\/\/lepatriotebenin.com\/index.php\/2025\/12\/15\/benzema-au-mondial-2026-la-reponse-de-la-federation-francaise-de-football\/\" \/>\n<meta property=\"og:locale\" content=\"fr_FR\" \/>\n<meta property=\"og:type\" content=\"article\" \/>\n<meta property=\"og:title\" content=\"Benzema au Mondial 2026 : la r\u00e9ponse de la F\u00e9d\u00e9ration Fran\u00e7aise de football - Le Patriote\" \/>\n<meta property=\"og:description\" content=\"Le Mondial 2026, qui est la 23e \u00e9dition, se d\u00e9roulera\u00a0du\u00a011 juin au 19 juillet 2026\u00a0au\u00a0Canada, aux \u00c9tats-Unis et au Mexique, marquant la premi\u00e8re Coupe du Monde avec 48 \u00e9quipes, et&hellip;\" \/>\n<meta property=\"og:url\" content=\"https:\/\/lepatriotebenin.com\/index.php\/2025\/12\/15\/benzema-au-mondial-2026-la-reponse-de-la-federation-francaise-de-football\/\" \/>\n<meta property=\"og:site_name\" content=\"Le Patriote\" \/>\n<meta property=\"article:published_time\" content=\"2025-12-15T00:35:53+00:00\" \/>\n<meta property=\"og:image\" content=\"https:\/\/lepatriotebenin.com\/wp-content\/uploads\/2025\/12\/benzema.jpg\" \/>\n\t<meta property=\"og:image:width\" content=\"664\" \/>\n\t<meta property=\"og:image:height\" content=\"443\" \/>\n\t<meta property=\"og:image:type\" content=\"image\/jpeg\" \/>\n<meta name=\"author\" content=\"Roland AFFANOU\" \/>\n<meta name=\"twitter:card\" content=\"summary_large_image\" \/>\n<meta name=\"twitter:label1\" content=\"\u00c9crit par\" \/>\n\t<meta name=\"twitter:data1\" content=\"Roland AFFANOU\" \/>\n\t<meta name=\"twitter:label2\" content=\"Dur\u00e9e de lecture estim\u00e9e\" \/>\n\t<meta name=\"twitter:data2\" content=\"2 minutes\" \/>\n<script type=\"application\/ld+json\" class=\"yoast-schema-graph\">{\"@context\":\"https:\\\/\\\/schema.org\",\"@graph\":[{\"@type\":\"Article\",\"@id\":\"https:\\\/\\\/lepatriotebenin.com\\\/index.php\\\/2025\\\/12\\\/15\\\/benzema-au-mondial-2026-la-reponse-de-la-federation-francaise-de-football\\\/#article\",\"isPartOf\":{\"@id\":\"https:\\\/\\\/lepatriotebenin.com\\\/index.php\\\/2025\\\/12\\\/15\\\/benzema-au-mondial-2026-la-reponse-de-la-federation-francaise-de-football\\\/\"},\"author\":{\"name\":\"Roland AFFANOU\",\"@id\":\"https:\\\/\\\/lepatriotebenin.com\\\/#\\\/schema\\\/person\\\/4a9b67216c97d04045e01405c534c91f\"},\"headline\":\"Benzema au Mondial 2026 : la r\u00e9ponse de la F\u00e9d\u00e9ration Fran\u00e7aise de football\",\"datePublished\":\"2025-12-15T00:35:53+00:00\",\"mainEntityOfPage\":{\"@id\":\"https:\\\/\\\/lepatriotebenin.com\\\/index.php\\\/2025\\\/12\\\/15\\\/benzema-au-mondial-2026-la-reponse-de-la-federation-francaise-de-football\\\/\"},\"wordCount\":333,\"commentCount\":0,\"image\":{\"@id\":\"https:\\\/\\\/lepatriotebenin.com\\\/index.php\\\/2025\\\/12\\\/15\\\/benzema-au-mondial-2026-la-reponse-de-la-federation-francaise-de-football\\\/#primaryimage\"},\"thumbnailUrl\":\"https:\\\/\\\/lepatriotebenin.com\\\/wp-content\\\/uploads\\\/2025\\\/12\\\/benzema.jpg\",\"articleSection\":[\"Sport\"],\"inLanguage\":\"fr-FR\",\"potentialAction\":[{\"@type\":\"CommentAction\",\"name\":\"Comment\",\"target\":[\"https:\\\/\\\/lepatriotebenin.com\\\/index.php\\\/2025\\\/12\\\/15\\\/benzema-au-mondial-2026-la-reponse-de-la-federation-francaise-de-football\\\/#respond\"]}]},{\"@type\":\"WebPage\",\"@id\":\"https:\\\/\\\/lepatriotebenin.com\\\/index.php\\\/2025\\\/12\\\/15\\\/benzema-au-mondial-2026-la-reponse-de-la-federation-francaise-de-football\\\/\",\"url\":\"https:\\\/\\\/lepatriotebenin.com\\\/index.php\\\/2025\\\/12\\\/15\\\/benzema-au-mondial-2026-la-reponse-de-la-federation-francaise-de-football\\\/\",\"name\":\"Benzema au Mondial 2026 : la r\u00e9ponse de la F\u00e9d\u00e9ration Fran\u00e7aise de football - Le Patriote\",\"isPartOf\":{\"@id\":\"https:\\\/\\\/lepatriotebenin.com\\\/#website\"},\"primaryImageOfPage\":{\"@id\":\"https:\\\/\\\/lepatriotebenin.com\\\/index.php\\\/2025\\\/12\\\/15\\\/benzema-au-mondial-2026-la-reponse-de-la-federation-francaise-de-football\\\/#primaryimage\"},\"image\":{\"@id\":\"https:\\\/\\\/lepatriotebenin.com\\\/index.php\\\/2025\\\/12\\\/15\\\/benzema-au-mondial-2026-la-reponse-de-la-federation-francaise-de-football\\\/#primaryimage\"},\"thumbnailUrl\":\"https:\\\/\\\/lepatriotebenin.com\\\/wp-content\\\/uploads\\\/2025\\\/12\\\/benzema.jpg\",\"datePublished\":\"2025-12-15T00:35:53+00:00\",\"author\":{\"@id\":\"https:\\\/\\\/lepatriotebenin.com\\\/#\\\/schema\\\/person\\\/4a9b67216c97d04045e01405c534c91f\"},\"breadcrumb\":{\"@id\":\"https:\\\/\\\/lepatriotebenin.com\\\/index.php\\\/2025\\\/12\\\/15\\\/benzema-au-mondial-2026-la-reponse-de-la-federation-francaise-de-football\\\/#breadcrumb\"},\"inLanguage\":\"fr-FR\",\"potentialAction\":[{\"@type\":\"ReadAction\",\"target\":[\"https:\\\/\\\/lepatriotebenin.com\\\/index.php\\\/2025\\\/12\\\/15\\\/benzema-au-mondial-2026-la-reponse-de-la-federation-francaise-de-football\\\/\"]}]},{\"@type\":\"ImageObject\",\"inLanguage\":\"fr-FR\",\"@id\":\"https:\\\/\\\/lepatriotebenin.com\\\/index.php\\\/2025\\\/12\\\/15\\\/benzema-au-mondial-2026-la-reponse-de-la-federation-francaise-de-football\\\/#primaryimage\",\"url\":\"https:\\\/\\\/lepatriotebenin.com\\\/wp-content\\\/uploads\\\/2025\\\/12\\\/benzema.jpg\",\"contentUrl\":\"https:\\\/\\\/lepatriotebenin.com\\\/wp-content\\\/uploads\\\/2025\\\/12\\\/benzema.jpg\",\"width\":664,\"height\":443},{\"@type\":\"BreadcrumbList\",\"@id\":\"https:\\\/\\\/lepatriotebenin.com\\\/index.php\\\/2025\\\/12\\\/15\\\/benzema-au-mondial-2026-la-reponse-de-la-federation-francaise-de-football\\\/#breadcrumb\",\"itemListElement\":[{\"@type\":\"ListItem\",\"position\":1,\"name\":\"Accueil\",\"item\":\"https:\\\/\\\/lepatriotebenin.com\\\/\"},{\"@type\":\"ListItem\",\"position\":2,\"name\":\"Benzema au Mondial 2026 : la r\u00e9ponse de la F\u00e9d\u00e9ration Fran\u00e7aise de football\"}]},{\"@type\":\"WebSite\",\"@id\":\"https:\\\/\\\/lepatriotebenin.com\\\/#website\",\"url\":\"https:\\\/\\\/lepatriotebenin.com\\\/\",\"name\":\"Le Patriote\",\"description\":\"Le Patriote B\u00e9nin\",\"potentialAction\":[{\"@type\":\"SearchAction\",\"target\":{\"@type\":\"EntryPoint\",\"urlTemplate\":\"https:\\\/\\\/lepatriotebenin.com\\\/?s={search_term_string}\"},\"query-input\":{\"@type\":\"PropertyValueSpecification\",\"valueRequired\":true,\"valueName\":\"search_term_string\"}}],\"inLanguage\":\"fr-FR\"},{\"@type\":\"Person\",\"@id\":\"https:\\\/\\\/lepatriotebenin.com\\\/#\\\/schema\\\/person\\\/4a9b67216c97d04045e01405c534c91f\",\"name\":\"Roland AFFANOU\",\"image\":{\"@type\":\"ImageObject\",\"inLanguage\":\"fr-FR\",\"@id\":\"https:\\\/\\\/secure.gravatar.com\\\/avatar\\\/7209d3f6d2d47ea4d0c67e14d3effb61feb10ae540a4381280c66265de5bd643?s=96&d=mm&r=g\",\"url\":\"https:\\\/\\\/secure.gravatar.com\\\/avatar\\\/7209d3f6d2d47ea4d0c67e14d3effb61feb10ae540a4381280c66265de5bd643?s=96&d=mm&r=g\",\"contentUrl\":\"https:\\\/\\\/secure.gravatar.com\\\/avatar\\\/7209d3f6d2d47ea4d0c67e14d3effb61feb10ae540a4381280c66265de5bd643?s=96&d=mm&r=g\",\"caption\":\"Roland AFFANOU\"},\"url\":\"https:\\\/\\\/lepatriotebenin.com\"}]}<\/script>\n<!-- \/ Yoast SEO plugin. -->","yoast_head_json":{"title":"Benzema au Mondial 2026 : la r\u00e9ponse de la F\u00e9d\u00e9ration Fran\u00e7aise de football - Le Patriote","robots":{"index":"index","follow":"follow","max-snippet":"max-snippet:-1","max-image-preview":"max-image-preview:large","max-video-preview":"max-video-preview:-1"},"canonical":"https:\/\/lepatriotebenin.com\/index.php\/2025\/12\/15\/benzema-au-mondial-2026-la-reponse-de-la-federation-francaise-de-football\/","og_locale":"fr_FR","og_type":"article","og_title":"Benzema au Mondial 2026 : la r\u00e9ponse de la F\u00e9d\u00e9ration Fran\u00e7aise de football - Le Patriote","og_description":"Le Mondial 2026, qui est la 23e \u00e9dition, se d\u00e9roulera\u00a0du\u00a011 juin au 19 juillet 2026\u00a0au\u00a0Canada, aux \u00c9tats-Unis et au Mexique, marquant la premi\u00e8re Coupe du Monde avec 48 \u00e9quipes, et&hellip;","og_url":"https:\/\/lepatriotebenin.com\/index.php\/2025\/12\/15\/benzema-au-mondial-2026-la-reponse-de-la-federation-francaise-de-football\/","og_site_name":"Le Patriote","article_published_time":"2025-12-15T00:35:53+00:00","og_image":[{"width":664,"height":443,"url":"https:\/\/lepatriotebenin.com\/wp-content\/uploads\/2025\/12\/benzema.jpg","type":"image\/jpeg"}],"author":"Roland AFFANOU","twitter_card":"summary_large_image","twitter_misc":{"\u00c9crit par":"Roland AFFANOU","Dur\u00e9e de lecture estim\u00e9e":"2 minutes"},"schema":{"@context":"https:\/\/schema.org","@graph":[{"@type":"Article","@id":"https:\/\/lepatriotebenin.com\/index.php\/2025\/12\/15\/benzema-au-mondial-2026-la-reponse-de-la-federation-francaise-de-football\/#article","isPartOf":{"@id":"https:\/\/lepatriotebenin.com\/index.php\/2025\/12\/15\/benzema-au-mondial-2026-la-reponse-de-la-federation-francaise-de-football\/"},"author":{"name":"Roland AFFANOU","@id":"https:\/\/lepatriotebenin.com\/#\/schema\/person\/4a9b67216c97d04045e01405c534c91f"},"headline":"Benzema au Mondial 2026 : la r\u00e9ponse de la F\u00e9d\u00e9ration Fran\u00e7aise de football","datePublished":"2025-12-15T00:35:53+00:00","mainEntityOfPage":{"@id":"https:\/\/lepatriotebenin.com\/index.php\/2025\/12\/15\/benzema-au-mondial-2026-la-reponse-de-la-federation-francaise-de-football\/"},"wordCount":333,"commentCount":0,"image":{"@id":"https:\/\/lepatriotebenin.com\/index.php\/2025\/12\/15\/benzema-au-mondial-2026-la-reponse-de-la-federation-francaise-de-football\/#primaryimage"},"thumbnailUrl":"https:\/\/lepatriotebenin.com\/wp-content\/uploads\/2025\/12\/benzema.jpg","articleSection":["Sport"],"inLanguage":"fr-FR","potentialAction":[{"@type":"CommentAction","name":"Comment","target":["https:\/\/lepatriotebenin.com\/index.php\/2025\/12\/15\/benzema-au-mondial-2026-la-reponse-de-la-federation-francaise-de-football\/#respond"]}]},{"@type":"WebPage","@id":"https:\/\/lepatriotebenin.com\/index.php\/2025\/12\/15\/benzema-au-mondial-2026-la-reponse-de-la-federation-francaise-de-football\/","url":"https:\/\/lepatriotebenin.com\/index.php\/2025\/12\/15\/benzema-au-mondial-2026-la-reponse-de-la-federation-francaise-de-football\/","name":"Benzema au Mondial 2026 : la r\u00e9ponse de la F\u00e9d\u00e9ration Fran\u00e7aise de football - Le Patriote","isPartOf":{"@id":"https:\/\/lepatriotebenin.com\/#website"},"primaryImageOfPage":{"@id":"https:\/\/lepatriotebenin.com\/index.php\/2025\/12\/15\/benzema-au-mondial-2026-la-reponse-de-la-federation-francaise-de-football\/#primaryimage"},"image":{"@id":"https:\/\/lepatriotebenin.com\/index.php\/2025\/12\/15\/benzema-au-mondial-2026-la-reponse-de-la-federation-francaise-de-football\/#primaryimage"},"thumbnailUrl":"https:\/\/lepatriotebenin.com\/wp-content\/uploads\/2025\/12\/benzema.jpg","datePublished":"2025-12-15T00:35:53+00:00","author":{"@id":"https:\/\/lepatriotebenin.com\/#\/schema\/person\/4a9b67216c97d04045e01405c534c91f"},"breadcrumb":{"@id":"https:\/\/lepatriotebenin.com\/index.php\/2025\/12\/15\/benzema-au-mondial-2026-la-reponse-de-la-federation-francaise-de-football\/#breadcrumb"},"inLanguage":"fr-FR","potentialAction":[{"@type":"ReadAction","target":["https:\/\/lepatriotebenin.com\/index.php\/2025\/12\/15\/benzema-au-mondial-2026-la-reponse-de-la-federation-francaise-de-football\/"]}]},{"@type":"ImageObject","inLanguage":"fr-FR","@id":"https:\/\/lepatriotebenin.com\/index.php\/2025\/12\/15\/benzema-au-mondial-2026-la-reponse-de-la-federation-francaise-de-football\/#primaryimage","url":"https:\/\/lepatriotebenin.com\/wp-content\/uploads\/2025\/12\/benzema.jpg","contentUrl":"https:\/\/lepatriotebenin.com\/wp-content\/uploads\/2025\/12\/benzema.jpg","width":664,"height":443},{"@type":"BreadcrumbList","@id":"https:\/\/lepatriotebenin.com\/index.php\/2025\/12\/15\/benzema-au-mondial-2026-la-reponse-de-la-federation-francaise-de-football\/#breadcrumb","itemListElement":[{"@type":"ListItem","position":1,"name":"Accueil","item":"https:\/\/lepatriotebenin.com\/"},{"@type":"ListItem","position":2,"name":"Benzema au Mondial 2026 : la r\u00e9ponse de la F\u00e9d\u00e9ration Fran\u00e7aise de football"}]},{"@type":"WebSite","@id":"https:\/\/lepatriotebenin.com\/#website","url":"https:\/\/lepatriotebenin.com\/","name":"Le Patriote","description":"Le Patriote B\u00e9nin","potentialAction":[{"@type":"SearchAction","target":{"@type":"EntryPoint","urlTemplate":"https:\/\/lepatriotebenin.com\/?s={search_term_string}"},"query-input":{"@type":"PropertyValueSpecification","valueRequired":true,"valueName":"search_term_string"}}],"inLanguage":"fr-FR"},{"@type":"Person","@id":"https:\/\/lepatriotebenin.com\/#\/schema\/person\/4a9b67216c97d04045e01405c534c91f","name":"Roland AFFANOU","image":{"@type":"ImageObject","inLanguage":"fr-FR","@id":"https:\/\/secure.gravatar.com\/avatar\/7209d3f6d2d47ea4d0c67e14d3effb61feb10ae540a4381280c66265de5bd643?s=96&d=mm&r=g","url":"https:\/\/secure.gravatar.com\/avatar\/7209d3f6d2d47ea4d0c67e14d3effb61feb10ae540a4381280c66265de5bd643?s=96&d=mm&r=g","contentUrl":"https:\/\/secure.gravatar.com\/avatar\/7209d3f6d2d47ea4d0c67e14d3effb61feb10ae540a4381280c66265de5bd643?s=96&d=mm&r=g","caption":"Roland AFFANOU"},"url":"https:\/\/lepatriotebenin.com"}]}},"_links":{"self":[{"href":"https:\/\/lepatriotebenin.com\/index.php\/wp-json\/wp\/v2\/posts\/15918","targetHints":{"allow":["GET"]}}],"collection":[{"href":"https:\/\/lepatriotebenin.com\/index.php\/wp-json\/wp\/v2\/posts"}],"about":[{"href":"https:\/\/lepatriotebenin.com\/index.php\/wp-json\/wp\/v2\/types\/post"}],"author":[{"embeddable":true,"href":"https:\/\/lepatriotebenin.com\/index.php\/wp-json\/wp\/v2\/users\/6"}],"replies":[{"embeddable":true,"href":"https:\/\/lepatriotebenin.com\/index.php\/wp-json\/wp\/v2\/comments?post=15918"}],"version-history":[{"count":1,"href":"https:\/\/lepatriotebenin.com\/index.php\/wp-json\/wp\/v2\/posts\/15918\/revisions"}],"predecessor-version":[{"id":15920,"href":"https:\/\/lepatriotebenin.com\/index.php\/wp-json\/wp\/v2\/posts\/15918\/revisions\/15920"}],"wp:featuredmedia":[{"embeddable":true,"href":"https:\/\/lepatriotebenin.com\/index.php\/wp-json\/wp\/v2\/media\/15919"}],"wp:attachment":[{"href":"https:\/\/lepatriotebenin.com\/index.php\/wp-json\/wp\/v2\/media?parent=15918"}],"wp:term":[{"taxonomy":"category","embeddable":true,"href":"https:\/\/lepatriotebenin.com\/index.php\/wp-json\/wp\/v2\/categories?post=15918"},{"taxonomy":"post_tag","embeddable":true,"href":"https:\/\/lepatriotebenin.com\/index.php\/wp-json\/wp\/v2\/tags?post=15918"}],"curies":[{"name":"wp","href":"https:\/\/api.w.org\/{rel}","templated":true}]}}