{"id":15915,"date":"2025-12-15T01:32:54","date_gmt":"2025-12-15T00:32:54","guid":{"rendered":"https:\/\/lepatriotebenin.com\/?p=15915"},"modified":"2025-12-15T01:32:54","modified_gmt":"2025-12-15T00:32:54","slug":"crise-politique-en-guinee-bissau-la-societe-civile-ouest-africaine-interpelle-la-cedeao","status":"publish","type":"post","link":"https:\/\/lepatriotebenin.com\/index.php\/2025\/12\/15\/crise-politique-en-guinee-bissau-la-societe-civile-ouest-africaine-interpelle-la-cedeao\/","title":{"rendered":"Crise politique en Guin\u00e9e-Bissau : La soci\u00e9t\u00e9 civile ouest-africaine interpelle la CEDEAO"},"content":{"rendered":"<p>&nbsp;<\/p>\n<p><em><strong>\u00c0 la veille d\u2019un sommet d\u00e9cisif de la CEDEAO \u00e0 Abuja, des organisations de la soci\u00e9t\u00e9 civile ouest-africaine exigent la publication imm\u00e9diate des r\u00e9sultats des \u00e9lections du 23 novembre 2025 en Guin\u00e9e-Bissau, d\u00e9non\u00e7ant une confiscation du pouvoir par les militaires avec la complicit\u00e9 du pr\u00e9sident sortant.<\/strong><\/em><\/p>\n<p>\u00c0 quelques heures de la 68\u1d49 session ordinaire de la Conf\u00e9rence des chefs d\u2019\u00c9tat et de gouvernement de la CEDEAO, pr\u00e9vue le 14 d\u00e9cembre 2025 \u00e0 Abuja, dix-sept organisations et mouvements de la soci\u00e9t\u00e9 civile d\u2019Afrique de l\u2019Ouest ont lanc\u00e9 un appel pressant \u00e0 l\u2019organisation sous-r\u00e9gionale. Leur objectif est d&rsquo;obtenir la publication sans d\u00e9lai des r\u00e9sultats des \u00e9lections pr\u00e9sidentielles et l\u00e9gislatives tenues le 23 novembre 2025 en Guin\u00e9e-Bissau .<\/p>\n<p>Ces organisations se disent profond\u00e9ment pr\u00e9occup\u00e9es par la situation politique n\u00e9e de la prise du pouvoir par les militaires le 26 novembre 2025. Elles rejettent la qualification de \u00ab coup d\u2019\u00c9tat \u00bb, parlant plut\u00f4t d\u2019un \u00ab complot d\u2019\u00c9tat \u00bb qui aurait \u00e9t\u00e9 orchestr\u00e9 par le pr\u00e9sident sortant, Umaro Sissoco Embal\u00f3, avec l\u2019appui des forces arm\u00e9es. Selon elles, cette man\u0153uvre vise \u00e0 entraver la publication officielle des r\u00e9sultats \u00e9lectoraux, en violation flagrante de la volont\u00e9 populaire.<\/p>\n<p>Pourtant, le scrutin du 23 novembre avait \u00e9t\u00e9 salu\u00e9 par la communaut\u00e9 internationale comme libre, transparent et apais\u00e9. La soci\u00e9t\u00e9 civile estime que le refus de publier les r\u00e9sultats constitue une menace grave pour la stabilit\u00e9 du pays et un frein \u00e0 ce qui pourrait \u00eatre la premi\u00e8re alternance d\u00e9mocratique pacifique de la Guin\u00e9e-Bissau. Les signataires rappellent que, malgr\u00e9 la destruction all\u00e9gu\u00e9e de certaines copies de proc\u00e8s-verbaux au niveau de la Commission nationale \u00e9lectorale, des exemplaires authentiques existent toujours aupr\u00e8s des commissions r\u00e9gionales \u00e9lectorales. La loi \u00e9lectorale bissau-guin\u00e9enne autorise l\u2019utilisation de ces documents pour proclamer les r\u00e9sultats d\u00e9finitifs.<\/p>\n<p>Dans leur d\u00e9claration, les organisations demandent \u00e0 la CEDEAO de maintenir la pression sur les autorit\u00e9s militaires afin qu\u2019elles respectent le choix du peuple, de faciliter l\u2019installation rapide du pr\u00e9sident \u00e9lu et de prendre des sanctions cibl\u00e9es contre les auteurs et complices du complot d\u00e9nonc\u00e9. Elles appellent \u00e9galement \u00e0 la lib\u00e9ration imm\u00e9diate de l\u2019opposant Domingos Sim\u00f5es Pereira et des autres personnalit\u00e9s politiques d\u00e9tenues arbitrairement.<\/p>\n<p>Convaincue que seule la v\u00e9rit\u00e9 des urnes peut garantir la paix durable, la soci\u00e9t\u00e9 civile ouest-africaine place d\u00e9sormais la CEDEAO face \u00e0 ses responsabilit\u00e9s historiques.<\/p>\n<p>&nbsp;<\/p>\n<p><strong>Gildas AHOGNI<\/strong><\/p>\n","protected":false},"excerpt":{"rendered":"<p>&nbsp; \u00c0 la veille d\u2019un sommet d\u00e9cisif de la CEDEAO \u00e0 Abuja, des organisations de la soci\u00e9t\u00e9 civile ouest-africaine exigent la publication imm\u00e9diate des r\u00e9sultats des \u00e9lections du 23 novembre&hellip;<\/p>\n","protected":false},"author":5,"featured_media":15916,"comment_status":"open","ping_status":"open","sticky":false,"template":"","format":"standard","meta":{"content-type":"","om_disable_all_campaigns":false,"_monsterinsights_skip_tracking":false,"_monsterinsights_sitenote_active":false,"_monsterinsights_sitenote_note":"","_monsterinsights_sitenote_category":0,"_uf_show_specific_survey":0,"_uf_disable_surveys":false,"footnotes":""},"categories":[26],"tags":[],"class_list":["post-15915","post","type-post","status-publish","format-standard","has-post-thumbnail","hentry","category-politique"],"aioseo_notices":[],"yoast_head":"<!-- This site is optimized with the Yoast SEO plugin v27.5 - https:\/\/yoast.com\/product\/yoast-seo-wordpress\/ -->\n<title>Crise politique en Guin\u00e9e-Bissau : La soci\u00e9t\u00e9 civile ouest-africaine interpelle la CEDEAO - Le Patriote<\/title>\n<meta name=\"robots\" content=\"index, follow, max-snippet:-1, max-image-preview:large, max-video-preview:-1\" \/>\n<link rel=\"canonical\" href=\"https:\/\/lepatriotebenin.com\/index.php\/2025\/12\/15\/crise-politique-en-guinee-bissau-la-societe-civile-ouest-africaine-interpelle-la-cedeao\/\" \/>\n<meta property=\"og:locale\" content=\"fr_FR\" \/>\n<meta property=\"og:type\" content=\"article\" \/>\n<meta property=\"og:title\" content=\"Crise politique en Guin\u00e9e-Bissau : La soci\u00e9t\u00e9 civile ouest-africaine interpelle la CEDEAO - Le Patriote\" \/>\n<meta property=\"og:description\" content=\"&nbsp; \u00c0 la veille d\u2019un sommet d\u00e9cisif de la CEDEAO \u00e0 Abuja, des organisations de la soci\u00e9t\u00e9 civile ouest-africaine exigent la publication imm\u00e9diate des r\u00e9sultats des \u00e9lections du 23 novembre&hellip;\" \/>\n<meta property=\"og:url\" content=\"https:\/\/lepatriotebenin.com\/index.php\/2025\/12\/15\/crise-politique-en-guinee-bissau-la-societe-civile-ouest-africaine-interpelle-la-cedeao\/\" \/>\n<meta property=\"og:site_name\" content=\"Le Patriote\" \/>\n<meta property=\"article:published_time\" content=\"2025-12-15T00:32:54+00:00\" \/>\n<meta property=\"og:image\" content=\"https:\/\/lepatriotebenin.com\/wp-content\/uploads\/2025\/12\/whatsapp-image-2025-12-14-a-22-41-54-f055593c.jpg\" \/>\n\t<meta property=\"og:image:width\" content=\"1080\" \/>\n\t<meta property=\"og:image:height\" content=\"685\" \/>\n\t<meta property=\"og:image:type\" content=\"image\/jpeg\" \/>\n<meta name=\"author\" content=\"Redaction\" \/>\n<meta name=\"twitter:card\" content=\"summary_large_image\" \/>\n<meta name=\"twitter:label1\" content=\"\u00c9crit par\" \/>\n\t<meta name=\"twitter:data1\" content=\"Redaction\" \/>\n\t<meta name=\"twitter:label2\" content=\"Dur\u00e9e de lecture estim\u00e9e\" \/>\n\t<meta name=\"twitter:data2\" content=\"3 minutes\" \/>\n<script type=\"application\/ld+json\" class=\"yoast-schema-graph\">{\"@context\":\"https:\\\/\\\/schema.org\",\"@graph\":[{\"@type\":\"Article\",\"@id\":\"https:\\\/\\\/lepatriotebenin.com\\\/index.php\\\/2025\\\/12\\\/15\\\/crise-politique-en-guinee-bissau-la-societe-civile-ouest-africaine-interpelle-la-cedeao\\\/#article\",\"isPartOf\":{\"@id\":\"https:\\\/\\\/lepatriotebenin.com\\\/index.php\\\/2025\\\/12\\\/15\\\/crise-politique-en-guinee-bissau-la-societe-civile-ouest-africaine-interpelle-la-cedeao\\\/\"},\"author\":{\"name\":\"Redaction\",\"@id\":\"https:\\\/\\\/lepatriotebenin.com\\\/#\\\/schema\\\/person\\\/2e7709b9c9cc313e452d1136af61690f\"},\"headline\":\"Crise politique en Guin\u00e9e-Bissau : La soci\u00e9t\u00e9 civile ouest-africaine interpelle la CEDEAO\",\"datePublished\":\"2025-12-15T00:32:54+00:00\",\"mainEntityOfPage\":{\"@id\":\"https:\\\/\\\/lepatriotebenin.com\\\/index.php\\\/2025\\\/12\\\/15\\\/crise-politique-en-guinee-bissau-la-societe-civile-ouest-africaine-interpelle-la-cedeao\\\/\"},\"wordCount\":437,\"commentCount\":0,\"image\":{\"@id\":\"https:\\\/\\\/lepatriotebenin.com\\\/index.php\\\/2025\\\/12\\\/15\\\/crise-politique-en-guinee-bissau-la-societe-civile-ouest-africaine-interpelle-la-cedeao\\\/#primaryimage\"},\"thumbnailUrl\":\"https:\\\/\\\/lepatriotebenin.com\\\/wp-content\\\/uploads\\\/2025\\\/12\\\/whatsapp-image-2025-12-14-a-22-41-54-f055593c.jpg\",\"articleSection\":[\"Politique\"],\"inLanguage\":\"fr-FR\",\"potentialAction\":[{\"@type\":\"CommentAction\",\"name\":\"Comment\",\"target\":[\"https:\\\/\\\/lepatriotebenin.com\\\/index.php\\\/2025\\\/12\\\/15\\\/crise-politique-en-guinee-bissau-la-societe-civile-ouest-africaine-interpelle-la-cedeao\\\/#respond\"]}]},{\"@type\":\"WebPage\",\"@id\":\"https:\\\/\\\/lepatriotebenin.com\\\/index.php\\\/2025\\\/12\\\/15\\\/crise-politique-en-guinee-bissau-la-societe-civile-ouest-africaine-interpelle-la-cedeao\\\/\",\"url\":\"https:\\\/\\\/lepatriotebenin.com\\\/index.php\\\/2025\\\/12\\\/15\\\/crise-politique-en-guinee-bissau-la-societe-civile-ouest-africaine-interpelle-la-cedeao\\\/\",\"name\":\"Crise politique en Guin\u00e9e-Bissau : La soci\u00e9t\u00e9 civile ouest-africaine interpelle la CEDEAO - Le Patriote\",\"isPartOf\":{\"@id\":\"https:\\\/\\\/lepatriotebenin.com\\\/#website\"},\"primaryImageOfPage\":{\"@id\":\"https:\\\/\\\/lepatriotebenin.com\\\/index.php\\\/2025\\\/12\\\/15\\\/crise-politique-en-guinee-bissau-la-societe-civile-ouest-africaine-interpelle-la-cedeao\\\/#primaryimage\"},\"image\":{\"@id\":\"https:\\\/\\\/lepatriotebenin.com\\\/index.php\\\/2025\\\/12\\\/15\\\/crise-politique-en-guinee-bissau-la-societe-civile-ouest-africaine-interpelle-la-cedeao\\\/#primaryimage\"},\"thumbnailUrl\":\"https:\\\/\\\/lepatriotebenin.com\\\/wp-content\\\/uploads\\\/2025\\\/12\\\/whatsapp-image-2025-12-14-a-22-41-54-f055593c.jpg\",\"datePublished\":\"2025-12-15T00:32:54+00:00\",\"author\":{\"@id\":\"https:\\\/\\\/lepatriotebenin.com\\\/#\\\/schema\\\/person\\\/2e7709b9c9cc313e452d1136af61690f\"},\"breadcrumb\":{\"@id\":\"https:\\\/\\\/lepatriotebenin.com\\\/index.php\\\/2025\\\/12\\\/15\\\/crise-politique-en-guinee-bissau-la-societe-civile-ouest-africaine-interpelle-la-cedeao\\\/#breadcrumb\"},\"inLanguage\":\"fr-FR\",\"potentialAction\":[{\"@type\":\"ReadAction\",\"target\":[\"https:\\\/\\\/lepatriotebenin.com\\\/index.php\\\/2025\\\/12\\\/15\\\/crise-politique-en-guinee-bissau-la-societe-civile-ouest-africaine-interpelle-la-cedeao\\\/\"]}]},{\"@type\":\"ImageObject\",\"inLanguage\":\"fr-FR\",\"@id\":\"https:\\\/\\\/lepatriotebenin.com\\\/index.php\\\/2025\\\/12\\\/15\\\/crise-politique-en-guinee-bissau-la-societe-civile-ouest-africaine-interpelle-la-cedeao\\\/#primaryimage\",\"url\":\"https:\\\/\\\/lepatriotebenin.com\\\/wp-content\\\/uploads\\\/2025\\\/12\\\/whatsapp-image-2025-12-14-a-22-41-54-f055593c.jpg\",\"contentUrl\":\"https:\\\/\\\/lepatriotebenin.com\\\/wp-content\\\/uploads\\\/2025\\\/12\\\/whatsapp-image-2025-12-14-a-22-41-54-f055593c.jpg\",\"width\":1080,\"height\":685},{\"@type\":\"BreadcrumbList\",\"@id\":\"https:\\\/\\\/lepatriotebenin.com\\\/index.php\\\/2025\\\/12\\\/15\\\/crise-politique-en-guinee-bissau-la-societe-civile-ouest-africaine-interpelle-la-cedeao\\\/#breadcrumb\",\"itemListElement\":[{\"@type\":\"ListItem\",\"position\":1,\"name\":\"Accueil\",\"item\":\"https:\\\/\\\/lepatriotebenin.com\\\/\"},{\"@type\":\"ListItem\",\"position\":2,\"name\":\"Crise politique en Guin\u00e9e-Bissau : La soci\u00e9t\u00e9 civile ouest-africaine interpelle la CEDEAO\"}]},{\"@type\":\"WebSite\",\"@id\":\"https:\\\/\\\/lepatriotebenin.com\\\/#website\",\"url\":\"https:\\\/\\\/lepatriotebenin.com\\\/\",\"name\":\"Le Patriote\",\"description\":\"Le Patriote B\u00e9nin\",\"potentialAction\":[{\"@type\":\"SearchAction\",\"target\":{\"@type\":\"EntryPoint\",\"urlTemplate\":\"https:\\\/\\\/lepatriotebenin.com\\\/?s={search_term_string}\"},\"query-input\":{\"@type\":\"PropertyValueSpecification\",\"valueRequired\":true,\"valueName\":\"search_term_string\"}}],\"inLanguage\":\"fr-FR\"},{\"@type\":\"Person\",\"@id\":\"https:\\\/\\\/lepatriotebenin.com\\\/#\\\/schema\\\/person\\\/2e7709b9c9cc313e452d1136af61690f\",\"name\":\"Redaction\",\"image\":{\"@type\":\"ImageObject\",\"inLanguage\":\"fr-FR\",\"@id\":\"https:\\\/\\\/secure.gravatar.com\\\/avatar\\\/c4c509357859ea2ca2cbb6d8812898a73e4ef1ef9934c2e591d7e32face734d1?s=96&d=mm&r=g\",\"url\":\"https:\\\/\\\/secure.gravatar.com\\\/avatar\\\/c4c509357859ea2ca2cbb6d8812898a73e4ef1ef9934c2e591d7e32face734d1?s=96&d=mm&r=g\",\"contentUrl\":\"https:\\\/\\\/secure.gravatar.com\\\/avatar\\\/c4c509357859ea2ca2cbb6d8812898a73e4ef1ef9934c2e591d7e32face734d1?s=96&d=mm&r=g\",\"caption\":\"Redaction\"},\"url\":\"https:\\\/\\\/lepatriotebenin.com\"}]}<\/script>\n<!-- \/ Yoast SEO plugin. -->","yoast_head_json":{"title":"Crise politique en Guin\u00e9e-Bissau : La soci\u00e9t\u00e9 civile ouest-africaine interpelle la CEDEAO - Le Patriote","robots":{"index":"index","follow":"follow","max-snippet":"max-snippet:-1","max-image-preview":"max-image-preview:large","max-video-preview":"max-video-preview:-1"},"canonical":"https:\/\/lepatriotebenin.com\/index.php\/2025\/12\/15\/crise-politique-en-guinee-bissau-la-societe-civile-ouest-africaine-interpelle-la-cedeao\/","og_locale":"fr_FR","og_type":"article","og_title":"Crise politique en Guin\u00e9e-Bissau : La soci\u00e9t\u00e9 civile ouest-africaine interpelle la CEDEAO - Le Patriote","og_description":"&nbsp; \u00c0 la veille d\u2019un sommet d\u00e9cisif de la CEDEAO \u00e0 Abuja, des organisations de la soci\u00e9t\u00e9 civile ouest-africaine exigent la publication imm\u00e9diate des r\u00e9sultats des \u00e9lections du 23 novembre&hellip;","og_url":"https:\/\/lepatriotebenin.com\/index.php\/2025\/12\/15\/crise-politique-en-guinee-bissau-la-societe-civile-ouest-africaine-interpelle-la-cedeao\/","og_site_name":"Le Patriote","article_published_time":"2025-12-15T00:32:54+00:00","og_image":[{"width":1080,"height":685,"url":"https:\/\/lepatriotebenin.com\/wp-content\/uploads\/2025\/12\/whatsapp-image-2025-12-14-a-22-41-54-f055593c.jpg","type":"image\/jpeg"}],"author":"Redaction","twitter_card":"summary_large_image","twitter_misc":{"\u00c9crit par":"Redaction","Dur\u00e9e de lecture estim\u00e9e":"3 minutes"},"schema":{"@context":"https:\/\/schema.org","@graph":[{"@type":"Article","@id":"https:\/\/lepatriotebenin.com\/index.php\/2025\/12\/15\/crise-politique-en-guinee-bissau-la-societe-civile-ouest-africaine-interpelle-la-cedeao\/#article","isPartOf":{"@id":"https:\/\/lepatriotebenin.com\/index.php\/2025\/12\/15\/crise-politique-en-guinee-bissau-la-societe-civile-ouest-africaine-interpelle-la-cedeao\/"},"author":{"name":"Redaction","@id":"https:\/\/lepatriotebenin.com\/#\/schema\/person\/2e7709b9c9cc313e452d1136af61690f"},"headline":"Crise politique en Guin\u00e9e-Bissau : La soci\u00e9t\u00e9 civile ouest-africaine interpelle la CEDEAO","datePublished":"2025-12-15T00:32:54+00:00","mainEntityOfPage":{"@id":"https:\/\/lepatriotebenin.com\/index.php\/2025\/12\/15\/crise-politique-en-guinee-bissau-la-societe-civile-ouest-africaine-interpelle-la-cedeao\/"},"wordCount":437,"commentCount":0,"image":{"@id":"https:\/\/lepatriotebenin.com\/index.php\/2025\/12\/15\/crise-politique-en-guinee-bissau-la-societe-civile-ouest-africaine-interpelle-la-cedeao\/#primaryimage"},"thumbnailUrl":"https:\/\/lepatriotebenin.com\/wp-content\/uploads\/2025\/12\/whatsapp-image-2025-12-14-a-22-41-54-f055593c.jpg","articleSection":["Politique"],"inLanguage":"fr-FR","potentialAction":[{"@type":"CommentAction","name":"Comment","target":["https:\/\/lepatriotebenin.com\/index.php\/2025\/12\/15\/crise-politique-en-guinee-bissau-la-societe-civile-ouest-africaine-interpelle-la-cedeao\/#respond"]}]},{"@type":"WebPage","@id":"https:\/\/lepatriotebenin.com\/index.php\/2025\/12\/15\/crise-politique-en-guinee-bissau-la-societe-civile-ouest-africaine-interpelle-la-cedeao\/","url":"https:\/\/lepatriotebenin.com\/index.php\/2025\/12\/15\/crise-politique-en-guinee-bissau-la-societe-civile-ouest-africaine-interpelle-la-cedeao\/","name":"Crise politique en Guin\u00e9e-Bissau : La soci\u00e9t\u00e9 civile ouest-africaine interpelle la CEDEAO - Le Patriote","isPartOf":{"@id":"https:\/\/lepatriotebenin.com\/#website"},"primaryImageOfPage":{"@id":"https:\/\/lepatriotebenin.com\/index.php\/2025\/12\/15\/crise-politique-en-guinee-bissau-la-societe-civile-ouest-africaine-interpelle-la-cedeao\/#primaryimage"},"image":{"@id":"https:\/\/lepatriotebenin.com\/index.php\/2025\/12\/15\/crise-politique-en-guinee-bissau-la-societe-civile-ouest-africaine-interpelle-la-cedeao\/#primaryimage"},"thumbnailUrl":"https:\/\/lepatriotebenin.com\/wp-content\/uploads\/2025\/12\/whatsapp-image-2025-12-14-a-22-41-54-f055593c.jpg","datePublished":"2025-12-15T00:32:54+00:00","author":{"@id":"https:\/\/lepatriotebenin.com\/#\/schema\/person\/2e7709b9c9cc313e452d1136af61690f"},"breadcrumb":{"@id":"https:\/\/lepatriotebenin.com\/index.php\/2025\/12\/15\/crise-politique-en-guinee-bissau-la-societe-civile-ouest-africaine-interpelle-la-cedeao\/#breadcrumb"},"inLanguage":"fr-FR","potentialAction":[{"@type":"ReadAction","target":["https:\/\/lepatriotebenin.com\/index.php\/2025\/12\/15\/crise-politique-en-guinee-bissau-la-societe-civile-ouest-africaine-interpelle-la-cedeao\/"]}]},{"@type":"ImageObject","inLanguage":"fr-FR","@id":"https:\/\/lepatriotebenin.com\/index.php\/2025\/12\/15\/crise-politique-en-guinee-bissau-la-societe-civile-ouest-africaine-interpelle-la-cedeao\/#primaryimage","url":"https:\/\/lepatriotebenin.com\/wp-content\/uploads\/2025\/12\/whatsapp-image-2025-12-14-a-22-41-54-f055593c.jpg","contentUrl":"https:\/\/lepatriotebenin.com\/wp-content\/uploads\/2025\/12\/whatsapp-image-2025-12-14-a-22-41-54-f055593c.jpg","width":1080,"height":685},{"@type":"BreadcrumbList","@id":"https:\/\/lepatriotebenin.com\/index.php\/2025\/12\/15\/crise-politique-en-guinee-bissau-la-societe-civile-ouest-africaine-interpelle-la-cedeao\/#breadcrumb","itemListElement":[{"@type":"ListItem","position":1,"name":"Accueil","item":"https:\/\/lepatriotebenin.com\/"},{"@type":"ListItem","position":2,"name":"Crise politique en Guin\u00e9e-Bissau : La soci\u00e9t\u00e9 civile ouest-africaine interpelle la CEDEAO"}]},{"@type":"WebSite","@id":"https:\/\/lepatriotebenin.com\/#website","url":"https:\/\/lepatriotebenin.com\/","name":"Le Patriote","description":"Le Patriote B\u00e9nin","potentialAction":[{"@type":"SearchAction","target":{"@type":"EntryPoint","urlTemplate":"https:\/\/lepatriotebenin.com\/?s={search_term_string}"},"query-input":{"@type":"PropertyValueSpecification","valueRequired":true,"valueName":"search_term_string"}}],"inLanguage":"fr-FR"},{"@type":"Person","@id":"https:\/\/lepatriotebenin.com\/#\/schema\/person\/2e7709b9c9cc313e452d1136af61690f","name":"Redaction","image":{"@type":"ImageObject","inLanguage":"fr-FR","@id":"https:\/\/secure.gravatar.com\/avatar\/c4c509357859ea2ca2cbb6d8812898a73e4ef1ef9934c2e591d7e32face734d1?s=96&d=mm&r=g","url":"https:\/\/secure.gravatar.com\/avatar\/c4c509357859ea2ca2cbb6d8812898a73e4ef1ef9934c2e591d7e32face734d1?s=96&d=mm&r=g","contentUrl":"https:\/\/secure.gravatar.com\/avatar\/c4c509357859ea2ca2cbb6d8812898a73e4ef1ef9934c2e591d7e32face734d1?s=96&d=mm&r=g","caption":"Redaction"},"url":"https:\/\/lepatriotebenin.com"}]}},"_links":{"self":[{"href":"https:\/\/lepatriotebenin.com\/index.php\/wp-json\/wp\/v2\/posts\/15915","targetHints":{"allow":["GET"]}}],"collection":[{"href":"https:\/\/lepatriotebenin.com\/index.php\/wp-json\/wp\/v2\/posts"}],"about":[{"href":"https:\/\/lepatriotebenin.com\/index.php\/wp-json\/wp\/v2\/types\/post"}],"author":[{"embeddable":true,"href":"https:\/\/lepatriotebenin.com\/index.php\/wp-json\/wp\/v2\/users\/5"}],"replies":[{"embeddable":true,"href":"https:\/\/lepatriotebenin.com\/index.php\/wp-json\/wp\/v2\/comments?post=15915"}],"version-history":[{"count":1,"href":"https:\/\/lepatriotebenin.com\/index.php\/wp-json\/wp\/v2\/posts\/15915\/revisions"}],"predecessor-version":[{"id":15917,"href":"https:\/\/lepatriotebenin.com\/index.php\/wp-json\/wp\/v2\/posts\/15915\/revisions\/15917"}],"wp:featuredmedia":[{"embeddable":true,"href":"https:\/\/lepatriotebenin.com\/index.php\/wp-json\/wp\/v2\/media\/15916"}],"wp:attachment":[{"href":"https:\/\/lepatriotebenin.com\/index.php\/wp-json\/wp\/v2\/media?parent=15915"}],"wp:term":[{"taxonomy":"category","embeddable":true,"href":"https:\/\/lepatriotebenin.com\/index.php\/wp-json\/wp\/v2\/categories?post=15915"},{"taxonomy":"post_tag","embeddable":true,"href":"https:\/\/lepatriotebenin.com\/index.php\/wp-json\/wp\/v2\/tags?post=15915"}],"curies":[{"name":"wp","href":"https:\/\/api.w.org\/{rel}","templated":true}]}}