{"id":15904,"date":"2025-12-14T16:16:09","date_gmt":"2025-12-14T15:16:09","guid":{"rendered":"https:\/\/lepatriotebenin.com\/?p=15904"},"modified":"2025-12-14T16:16:09","modified_gmt":"2025-12-14T15:16:09","slug":"interpellation-de-chabi-yayi-au-benin-le-parti-les-democrates-denonce-et-exige-sa-liberation","status":"publish","type":"post","link":"https:\/\/lepatriotebenin.com\/index.php\/2025\/12\/14\/interpellation-de-chabi-yayi-au-benin-le-parti-les-democrates-denonce-et-exige-sa-liberation\/","title":{"rendered":"Interpellation de Chabi Yayi au B\u00e9nin : Le parti Les D\u00e9mocrates \u00ab d\u00e9nonce \u00bb et \u00ab exige \u00bb sa lib\u00e9ration"},"content":{"rendered":"<p>Dans\u00a0 un communiqu\u00e9 rendu public ce\u00a0 <strong>dimanche 14\u00a0 d\u00e9cembre 2025,<\/strong> \u00a0le part \u2018\u2019Les D\u00e9mocrates\u2019\u2019 a, d\u00e9nonc\u00e9 l\u2019interpellation de son Secr\u00e9taire national aux Affaires ext\u00e9rieures, <strong>Chabi Yayi <\/strong>et a exig\u00e9 sa \u00ab\u00a0lib\u00e9ration imm\u00e9diate\u00a0\u00bb. Le parti affirme qu\u2019<em>\u00ab aucune information formelle n\u2019a \u00e9t\u00e9 communiqu\u00e9e pour le moment ni \u00e0 sa famille ni aux responsables du Parti \u00bb<\/em> apr\u00e8s son transfert \u00a0et \u00a0se dit \u00e9galement profond\u00e9ment pr\u00e9occup\u00e9 par l\u2019int\u00e9grit\u00e9 physique de son responsable. Tout en exigeant <em>\u00ab\u00a0sa lib\u00e9ration imm\u00e9diate\u00a0\u00bb<\/em>.<\/p>\n<p>Les\u00a0 D\u00e9mocrates \u00a0appellent les autorit\u00e9s comp\u00e9tentes \u00e0 faire toute la lumi\u00e8re sur les circonstances de cette interpellation, afin de situer les responsabilit\u00e9s. Le communiqu\u00e9 se conclut par un appel au respect des droits humains et des principes d\u00e9mocratiques, que le parti consid\u00e8re comme indispensables \u00e0 la stabilit\u00e9 politique et sociale du pays. <strong>Lire\u00a0 le communiqu\u00e9 du\u00a0 parti Les\u00a0 D\u00e9mocrates <\/strong><\/p>\n<p><img fetchpriority=\"high\" decoding=\"async\" class=\"alignnone size-medium wp-image-15905\" src=\"https:\/\/lepatriotebenin.com\/wp-content\/uploads\/2025\/12\/com-ld-203x300.jpg\" alt=\"\" width=\"203\" height=\"300\" srcset=\"https:\/\/lepatriotebenin.com\/wp-content\/uploads\/2025\/12\/com-ld-203x300.jpg 203w, https:\/\/lepatriotebenin.com\/wp-content\/uploads\/2025\/12\/com-ld-694x1024.jpg 694w, https:\/\/lepatriotebenin.com\/wp-content\/uploads\/2025\/12\/com-ld-585x863.jpg 585w, https:\/\/lepatriotebenin.com\/wp-content\/uploads\/2025\/12\/com-ld.jpg 732w\" sizes=\"(max-width: 203px) 100vw, 203px\" \/><\/p>\n","protected":false},"excerpt":{"rendered":"<p>Dans\u00a0 un communiqu\u00e9 rendu public ce\u00a0 dimanche 14\u00a0 d\u00e9cembre 2025, \u00a0le part \u2018\u2019Les D\u00e9mocrates\u2019\u2019 a, d\u00e9nonc\u00e9 l\u2019interpellation de son Secr\u00e9taire national aux Affaires ext\u00e9rieures, Chabi Yayi et a exig\u00e9 sa&hellip;<\/p>\n","protected":false},"author":6,"featured_media":15588,"comment_status":"open","ping_status":"open","sticky":false,"template":"","format":"standard","meta":{"content-type":"","om_disable_all_campaigns":false,"_monsterinsights_skip_tracking":false,"_monsterinsights_sitenote_active":false,"_monsterinsights_sitenote_note":"","_monsterinsights_sitenote_category":0,"_uf_show_specific_survey":0,"_uf_disable_surveys":false,"footnotes":""},"categories":[26],"tags":[],"class_list":["post-15904","post","type-post","status-publish","format-standard","has-post-thumbnail","hentry","category-politique"],"aioseo_notices":[],"yoast_head":"<!-- This site is optimized with the Yoast SEO plugin v27.5 - https:\/\/yoast.com\/product\/yoast-seo-wordpress\/ -->\n<title>Interpellation de Chabi Yayi au B\u00e9nin : Le parti Les D\u00e9mocrates \u00ab d\u00e9nonce \u00bb et \u00ab exige \u00bb sa lib\u00e9ration - Le Patriote<\/title>\n<meta name=\"robots\" content=\"index, follow, max-snippet:-1, max-image-preview:large, max-video-preview:-1\" \/>\n<link rel=\"canonical\" href=\"https:\/\/lepatriotebenin.com\/index.php\/2025\/12\/14\/interpellation-de-chabi-yayi-au-benin-le-parti-les-democrates-denonce-et-exige-sa-liberation\/\" \/>\n<meta property=\"og:locale\" content=\"fr_FR\" \/>\n<meta property=\"og:type\" content=\"article\" \/>\n<meta property=\"og:title\" content=\"Interpellation de Chabi Yayi au B\u00e9nin : Le parti Les D\u00e9mocrates \u00ab d\u00e9nonce \u00bb et \u00ab exige \u00bb sa lib\u00e9ration - Le Patriote\" \/>\n<meta property=\"og:description\" content=\"Dans\u00a0 un communiqu\u00e9 rendu public ce\u00a0 dimanche 14\u00a0 d\u00e9cembre 2025, \u00a0le part \u2018\u2019Les D\u00e9mocrates\u2019\u2019 a, d\u00e9nonc\u00e9 l\u2019interpellation de son Secr\u00e9taire national aux Affaires ext\u00e9rieures, Chabi Yayi et a exig\u00e9 sa&hellip;\" \/>\n<meta property=\"og:url\" content=\"https:\/\/lepatriotebenin.com\/index.php\/2025\/12\/14\/interpellation-de-chabi-yayi-au-benin-le-parti-les-democrates-denonce-et-exige-sa-liberation\/\" \/>\n<meta property=\"og:site_name\" content=\"Le Patriote\" \/>\n<meta property=\"article:published_time\" content=\"2025-12-14T15:16:09+00:00\" \/>\n<meta property=\"og:image\" content=\"https:\/\/lepatriotebenin.com\/wp-content\/uploads\/2025\/12\/logo-democrates.jpg\" \/>\n\t<meta property=\"og:image:width\" content=\"600\" \/>\n\t<meta property=\"og:image:height\" content=\"646\" \/>\n\t<meta property=\"og:image:type\" content=\"image\/jpeg\" \/>\n<meta name=\"author\" content=\"Roland AFFANOU\" \/>\n<meta name=\"twitter:card\" content=\"summary_large_image\" \/>\n<meta name=\"twitter:label1\" content=\"\u00c9crit par\" \/>\n\t<meta name=\"twitter:data1\" content=\"Roland AFFANOU\" \/>\n\t<meta name=\"twitter:label2\" content=\"Dur\u00e9e de lecture estim\u00e9e\" \/>\n\t<meta name=\"twitter:data2\" content=\"2 minutes\" \/>\n<script type=\"application\/ld+json\" class=\"yoast-schema-graph\">{\"@context\":\"https:\\\/\\\/schema.org\",\"@graph\":[{\"@type\":\"Article\",\"@id\":\"https:\\\/\\\/lepatriotebenin.com\\\/index.php\\\/2025\\\/12\\\/14\\\/interpellation-de-chabi-yayi-au-benin-le-parti-les-democrates-denonce-et-exige-sa-liberation\\\/#article\",\"isPartOf\":{\"@id\":\"https:\\\/\\\/lepatriotebenin.com\\\/index.php\\\/2025\\\/12\\\/14\\\/interpellation-de-chabi-yayi-au-benin-le-parti-les-democrates-denonce-et-exige-sa-liberation\\\/\"},\"author\":{\"name\":\"Roland AFFANOU\",\"@id\":\"https:\\\/\\\/lepatriotebenin.com\\\/#\\\/schema\\\/person\\\/4a9b67216c97d04045e01405c534c91f\"},\"headline\":\"Interpellation de Chabi Yayi au B\u00e9nin : Le parti Les D\u00e9mocrates \u00ab d\u00e9nonce \u00bb et \u00ab exige \u00bb sa lib\u00e9ration\",\"datePublished\":\"2025-12-14T15:16:09+00:00\",\"mainEntityOfPage\":{\"@id\":\"https:\\\/\\\/lepatriotebenin.com\\\/index.php\\\/2025\\\/12\\\/14\\\/interpellation-de-chabi-yayi-au-benin-le-parti-les-democrates-denonce-et-exige-sa-liberation\\\/\"},\"wordCount\":173,\"commentCount\":0,\"image\":{\"@id\":\"https:\\\/\\\/lepatriotebenin.com\\\/index.php\\\/2025\\\/12\\\/14\\\/interpellation-de-chabi-yayi-au-benin-le-parti-les-democrates-denonce-et-exige-sa-liberation\\\/#primaryimage\"},\"thumbnailUrl\":\"https:\\\/\\\/lepatriotebenin.com\\\/wp-content\\\/uploads\\\/2025\\\/12\\\/logo-democrates.jpg\",\"articleSection\":[\"Politique\"],\"inLanguage\":\"fr-FR\",\"potentialAction\":[{\"@type\":\"CommentAction\",\"name\":\"Comment\",\"target\":[\"https:\\\/\\\/lepatriotebenin.com\\\/index.php\\\/2025\\\/12\\\/14\\\/interpellation-de-chabi-yayi-au-benin-le-parti-les-democrates-denonce-et-exige-sa-liberation\\\/#respond\"]}]},{\"@type\":\"WebPage\",\"@id\":\"https:\\\/\\\/lepatriotebenin.com\\\/index.php\\\/2025\\\/12\\\/14\\\/interpellation-de-chabi-yayi-au-benin-le-parti-les-democrates-denonce-et-exige-sa-liberation\\\/\",\"url\":\"https:\\\/\\\/lepatriotebenin.com\\\/index.php\\\/2025\\\/12\\\/14\\\/interpellation-de-chabi-yayi-au-benin-le-parti-les-democrates-denonce-et-exige-sa-liberation\\\/\",\"name\":\"Interpellation de Chabi Yayi au B\u00e9nin : Le parti Les D\u00e9mocrates \u00ab d\u00e9nonce \u00bb et \u00ab exige \u00bb sa lib\u00e9ration - Le Patriote\",\"isPartOf\":{\"@id\":\"https:\\\/\\\/lepatriotebenin.com\\\/#website\"},\"primaryImageOfPage\":{\"@id\":\"https:\\\/\\\/lepatriotebenin.com\\\/index.php\\\/2025\\\/12\\\/14\\\/interpellation-de-chabi-yayi-au-benin-le-parti-les-democrates-denonce-et-exige-sa-liberation\\\/#primaryimage\"},\"image\":{\"@id\":\"https:\\\/\\\/lepatriotebenin.com\\\/index.php\\\/2025\\\/12\\\/14\\\/interpellation-de-chabi-yayi-au-benin-le-parti-les-democrates-denonce-et-exige-sa-liberation\\\/#primaryimage\"},\"thumbnailUrl\":\"https:\\\/\\\/lepatriotebenin.com\\\/wp-content\\\/uploads\\\/2025\\\/12\\\/logo-democrates.jpg\",\"datePublished\":\"2025-12-14T15:16:09+00:00\",\"author\":{\"@id\":\"https:\\\/\\\/lepatriotebenin.com\\\/#\\\/schema\\\/person\\\/4a9b67216c97d04045e01405c534c91f\"},\"breadcrumb\":{\"@id\":\"https:\\\/\\\/lepatriotebenin.com\\\/index.php\\\/2025\\\/12\\\/14\\\/interpellation-de-chabi-yayi-au-benin-le-parti-les-democrates-denonce-et-exige-sa-liberation\\\/#breadcrumb\"},\"inLanguage\":\"fr-FR\",\"potentialAction\":[{\"@type\":\"ReadAction\",\"target\":[\"https:\\\/\\\/lepatriotebenin.com\\\/index.php\\\/2025\\\/12\\\/14\\\/interpellation-de-chabi-yayi-au-benin-le-parti-les-democrates-denonce-et-exige-sa-liberation\\\/\"]}]},{\"@type\":\"ImageObject\",\"inLanguage\":\"fr-FR\",\"@id\":\"https:\\\/\\\/lepatriotebenin.com\\\/index.php\\\/2025\\\/12\\\/14\\\/interpellation-de-chabi-yayi-au-benin-le-parti-les-democrates-denonce-et-exige-sa-liberation\\\/#primaryimage\",\"url\":\"https:\\\/\\\/lepatriotebenin.com\\\/wp-content\\\/uploads\\\/2025\\\/12\\\/logo-democrates.jpg\",\"contentUrl\":\"https:\\\/\\\/lepatriotebenin.com\\\/wp-content\\\/uploads\\\/2025\\\/12\\\/logo-democrates.jpg\",\"width\":600,\"height\":646},{\"@type\":\"BreadcrumbList\",\"@id\":\"https:\\\/\\\/lepatriotebenin.com\\\/index.php\\\/2025\\\/12\\\/14\\\/interpellation-de-chabi-yayi-au-benin-le-parti-les-democrates-denonce-et-exige-sa-liberation\\\/#breadcrumb\",\"itemListElement\":[{\"@type\":\"ListItem\",\"position\":1,\"name\":\"Accueil\",\"item\":\"https:\\\/\\\/lepatriotebenin.com\\\/\"},{\"@type\":\"ListItem\",\"position\":2,\"name\":\"Interpellation de Chabi Yayi au B\u00e9nin : Le parti Les D\u00e9mocrates \u00ab d\u00e9nonce \u00bb et \u00ab exige \u00bb sa lib\u00e9ration\"}]},{\"@type\":\"WebSite\",\"@id\":\"https:\\\/\\\/lepatriotebenin.com\\\/#website\",\"url\":\"https:\\\/\\\/lepatriotebenin.com\\\/\",\"name\":\"Le Patriote\",\"description\":\"Le Patriote B\u00e9nin\",\"potentialAction\":[{\"@type\":\"SearchAction\",\"target\":{\"@type\":\"EntryPoint\",\"urlTemplate\":\"https:\\\/\\\/lepatriotebenin.com\\\/?s={search_term_string}\"},\"query-input\":{\"@type\":\"PropertyValueSpecification\",\"valueRequired\":true,\"valueName\":\"search_term_string\"}}],\"inLanguage\":\"fr-FR\"},{\"@type\":\"Person\",\"@id\":\"https:\\\/\\\/lepatriotebenin.com\\\/#\\\/schema\\\/person\\\/4a9b67216c97d04045e01405c534c91f\",\"name\":\"Roland AFFANOU\",\"image\":{\"@type\":\"ImageObject\",\"inLanguage\":\"fr-FR\",\"@id\":\"https:\\\/\\\/secure.gravatar.com\\\/avatar\\\/7209d3f6d2d47ea4d0c67e14d3effb61feb10ae540a4381280c66265de5bd643?s=96&d=mm&r=g\",\"url\":\"https:\\\/\\\/secure.gravatar.com\\\/avatar\\\/7209d3f6d2d47ea4d0c67e14d3effb61feb10ae540a4381280c66265de5bd643?s=96&d=mm&r=g\",\"contentUrl\":\"https:\\\/\\\/secure.gravatar.com\\\/avatar\\\/7209d3f6d2d47ea4d0c67e14d3effb61feb10ae540a4381280c66265de5bd643?s=96&d=mm&r=g\",\"caption\":\"Roland AFFANOU\"},\"url\":\"https:\\\/\\\/lepatriotebenin.com\"}]}<\/script>\n<!-- \/ Yoast SEO plugin. -->","yoast_head_json":{"title":"Interpellation de Chabi Yayi au B\u00e9nin : Le parti Les D\u00e9mocrates \u00ab d\u00e9nonce \u00bb et \u00ab exige \u00bb sa lib\u00e9ration - Le Patriote","robots":{"index":"index","follow":"follow","max-snippet":"max-snippet:-1","max-image-preview":"max-image-preview:large","max-video-preview":"max-video-preview:-1"},"canonical":"https:\/\/lepatriotebenin.com\/index.php\/2025\/12\/14\/interpellation-de-chabi-yayi-au-benin-le-parti-les-democrates-denonce-et-exige-sa-liberation\/","og_locale":"fr_FR","og_type":"article","og_title":"Interpellation de Chabi Yayi au B\u00e9nin : Le parti Les D\u00e9mocrates \u00ab d\u00e9nonce \u00bb et \u00ab exige \u00bb sa lib\u00e9ration - Le Patriote","og_description":"Dans\u00a0 un communiqu\u00e9 rendu public ce\u00a0 dimanche 14\u00a0 d\u00e9cembre 2025, \u00a0le part \u2018\u2019Les D\u00e9mocrates\u2019\u2019 a, d\u00e9nonc\u00e9 l\u2019interpellation de son Secr\u00e9taire national aux Affaires ext\u00e9rieures, Chabi Yayi et a exig\u00e9 sa&hellip;","og_url":"https:\/\/lepatriotebenin.com\/index.php\/2025\/12\/14\/interpellation-de-chabi-yayi-au-benin-le-parti-les-democrates-denonce-et-exige-sa-liberation\/","og_site_name":"Le Patriote","article_published_time":"2025-12-14T15:16:09+00:00","og_image":[{"width":600,"height":646,"url":"https:\/\/lepatriotebenin.com\/wp-content\/uploads\/2025\/12\/logo-democrates.jpg","type":"image\/jpeg"}],"author":"Roland AFFANOU","twitter_card":"summary_large_image","twitter_misc":{"\u00c9crit par":"Roland AFFANOU","Dur\u00e9e de lecture estim\u00e9e":"2 minutes"},"schema":{"@context":"https:\/\/schema.org","@graph":[{"@type":"Article","@id":"https:\/\/lepatriotebenin.com\/index.php\/2025\/12\/14\/interpellation-de-chabi-yayi-au-benin-le-parti-les-democrates-denonce-et-exige-sa-liberation\/#article","isPartOf":{"@id":"https:\/\/lepatriotebenin.com\/index.php\/2025\/12\/14\/interpellation-de-chabi-yayi-au-benin-le-parti-les-democrates-denonce-et-exige-sa-liberation\/"},"author":{"name":"Roland AFFANOU","@id":"https:\/\/lepatriotebenin.com\/#\/schema\/person\/4a9b67216c97d04045e01405c534c91f"},"headline":"Interpellation de Chabi Yayi au B\u00e9nin : Le parti Les D\u00e9mocrates \u00ab d\u00e9nonce \u00bb et \u00ab exige \u00bb sa lib\u00e9ration","datePublished":"2025-12-14T15:16:09+00:00","mainEntityOfPage":{"@id":"https:\/\/lepatriotebenin.com\/index.php\/2025\/12\/14\/interpellation-de-chabi-yayi-au-benin-le-parti-les-democrates-denonce-et-exige-sa-liberation\/"},"wordCount":173,"commentCount":0,"image":{"@id":"https:\/\/lepatriotebenin.com\/index.php\/2025\/12\/14\/interpellation-de-chabi-yayi-au-benin-le-parti-les-democrates-denonce-et-exige-sa-liberation\/#primaryimage"},"thumbnailUrl":"https:\/\/lepatriotebenin.com\/wp-content\/uploads\/2025\/12\/logo-democrates.jpg","articleSection":["Politique"],"inLanguage":"fr-FR","potentialAction":[{"@type":"CommentAction","name":"Comment","target":["https:\/\/lepatriotebenin.com\/index.php\/2025\/12\/14\/interpellation-de-chabi-yayi-au-benin-le-parti-les-democrates-denonce-et-exige-sa-liberation\/#respond"]}]},{"@type":"WebPage","@id":"https:\/\/lepatriotebenin.com\/index.php\/2025\/12\/14\/interpellation-de-chabi-yayi-au-benin-le-parti-les-democrates-denonce-et-exige-sa-liberation\/","url":"https:\/\/lepatriotebenin.com\/index.php\/2025\/12\/14\/interpellation-de-chabi-yayi-au-benin-le-parti-les-democrates-denonce-et-exige-sa-liberation\/","name":"Interpellation de Chabi Yayi au B\u00e9nin : Le parti Les D\u00e9mocrates \u00ab d\u00e9nonce \u00bb et \u00ab exige \u00bb sa lib\u00e9ration - Le Patriote","isPartOf":{"@id":"https:\/\/lepatriotebenin.com\/#website"},"primaryImageOfPage":{"@id":"https:\/\/lepatriotebenin.com\/index.php\/2025\/12\/14\/interpellation-de-chabi-yayi-au-benin-le-parti-les-democrates-denonce-et-exige-sa-liberation\/#primaryimage"},"image":{"@id":"https:\/\/lepatriotebenin.com\/index.php\/2025\/12\/14\/interpellation-de-chabi-yayi-au-benin-le-parti-les-democrates-denonce-et-exige-sa-liberation\/#primaryimage"},"thumbnailUrl":"https:\/\/lepatriotebenin.com\/wp-content\/uploads\/2025\/12\/logo-democrates.jpg","datePublished":"2025-12-14T15:16:09+00:00","author":{"@id":"https:\/\/lepatriotebenin.com\/#\/schema\/person\/4a9b67216c97d04045e01405c534c91f"},"breadcrumb":{"@id":"https:\/\/lepatriotebenin.com\/index.php\/2025\/12\/14\/interpellation-de-chabi-yayi-au-benin-le-parti-les-democrates-denonce-et-exige-sa-liberation\/#breadcrumb"},"inLanguage":"fr-FR","potentialAction":[{"@type":"ReadAction","target":["https:\/\/lepatriotebenin.com\/index.php\/2025\/12\/14\/interpellation-de-chabi-yayi-au-benin-le-parti-les-democrates-denonce-et-exige-sa-liberation\/"]}]},{"@type":"ImageObject","inLanguage":"fr-FR","@id":"https:\/\/lepatriotebenin.com\/index.php\/2025\/12\/14\/interpellation-de-chabi-yayi-au-benin-le-parti-les-democrates-denonce-et-exige-sa-liberation\/#primaryimage","url":"https:\/\/lepatriotebenin.com\/wp-content\/uploads\/2025\/12\/logo-democrates.jpg","contentUrl":"https:\/\/lepatriotebenin.com\/wp-content\/uploads\/2025\/12\/logo-democrates.jpg","width":600,"height":646},{"@type":"BreadcrumbList","@id":"https:\/\/lepatriotebenin.com\/index.php\/2025\/12\/14\/interpellation-de-chabi-yayi-au-benin-le-parti-les-democrates-denonce-et-exige-sa-liberation\/#breadcrumb","itemListElement":[{"@type":"ListItem","position":1,"name":"Accueil","item":"https:\/\/lepatriotebenin.com\/"},{"@type":"ListItem","position":2,"name":"Interpellation de Chabi Yayi au B\u00e9nin : Le parti Les D\u00e9mocrates \u00ab d\u00e9nonce \u00bb et \u00ab exige \u00bb sa lib\u00e9ration"}]},{"@type":"WebSite","@id":"https:\/\/lepatriotebenin.com\/#website","url":"https:\/\/lepatriotebenin.com\/","name":"Le Patriote","description":"Le Patriote B\u00e9nin","potentialAction":[{"@type":"SearchAction","target":{"@type":"EntryPoint","urlTemplate":"https:\/\/lepatriotebenin.com\/?s={search_term_string}"},"query-input":{"@type":"PropertyValueSpecification","valueRequired":true,"valueName":"search_term_string"}}],"inLanguage":"fr-FR"},{"@type":"Person","@id":"https:\/\/lepatriotebenin.com\/#\/schema\/person\/4a9b67216c97d04045e01405c534c91f","name":"Roland AFFANOU","image":{"@type":"ImageObject","inLanguage":"fr-FR","@id":"https:\/\/secure.gravatar.com\/avatar\/7209d3f6d2d47ea4d0c67e14d3effb61feb10ae540a4381280c66265de5bd643?s=96&d=mm&r=g","url":"https:\/\/secure.gravatar.com\/avatar\/7209d3f6d2d47ea4d0c67e14d3effb61feb10ae540a4381280c66265de5bd643?s=96&d=mm&r=g","contentUrl":"https:\/\/secure.gravatar.com\/avatar\/7209d3f6d2d47ea4d0c67e14d3effb61feb10ae540a4381280c66265de5bd643?s=96&d=mm&r=g","caption":"Roland AFFANOU"},"url":"https:\/\/lepatriotebenin.com"}]}},"_links":{"self":[{"href":"https:\/\/lepatriotebenin.com\/index.php\/wp-json\/wp\/v2\/posts\/15904","targetHints":{"allow":["GET"]}}],"collection":[{"href":"https:\/\/lepatriotebenin.com\/index.php\/wp-json\/wp\/v2\/posts"}],"about":[{"href":"https:\/\/lepatriotebenin.com\/index.php\/wp-json\/wp\/v2\/types\/post"}],"author":[{"embeddable":true,"href":"https:\/\/lepatriotebenin.com\/index.php\/wp-json\/wp\/v2\/users\/6"}],"replies":[{"embeddable":true,"href":"https:\/\/lepatriotebenin.com\/index.php\/wp-json\/wp\/v2\/comments?post=15904"}],"version-history":[{"count":1,"href":"https:\/\/lepatriotebenin.com\/index.php\/wp-json\/wp\/v2\/posts\/15904\/revisions"}],"predecessor-version":[{"id":15906,"href":"https:\/\/lepatriotebenin.com\/index.php\/wp-json\/wp\/v2\/posts\/15904\/revisions\/15906"}],"wp:featuredmedia":[{"embeddable":true,"href":"https:\/\/lepatriotebenin.com\/index.php\/wp-json\/wp\/v2\/media\/15588"}],"wp:attachment":[{"href":"https:\/\/lepatriotebenin.com\/index.php\/wp-json\/wp\/v2\/media?parent=15904"}],"wp:term":[{"taxonomy":"category","embeddable":true,"href":"https:\/\/lepatriotebenin.com\/index.php\/wp-json\/wp\/v2\/categories?post=15904"},{"taxonomy":"post_tag","embeddable":true,"href":"https:\/\/lepatriotebenin.com\/index.php\/wp-json\/wp\/v2\/tags?post=15904"}],"curies":[{"name":"wp","href":"https:\/\/api.w.org\/{rel}","templated":true}]}}