{"id":15898,"date":"2025-12-13T07:36:02","date_gmt":"2025-12-13T06:36:02","guid":{"rendered":"https:\/\/lepatriotebenin.com\/?p=15898"},"modified":"2025-12-13T07:36:02","modified_gmt":"2025-12-13T06:36:02","slug":"benin-candide-azannai-place-en-garde-a-vue-voici-les-chefs-daccusation","status":"publish","type":"post","link":"https:\/\/lepatriotebenin.com\/index.php\/2025\/12\/13\/benin-candide-azannai-place-en-garde-a-vue-voici-les-chefs-daccusation\/","title":{"rendered":"B\u00e9nin : Candide Azanna\u00ef plac\u00e9 en garde \u00e0 vue (voici les  chefs d\u2019accusation)"},"content":{"rendered":"<p>Interpell\u00e9\u00a0 le <strong>vendredi 12 d\u00e9cembre 2025<\/strong> par la\u00a0 police r\u00e9publicaine, aux environs de<strong>11 heures<\/strong> , devant le si\u00e8ge de son parti\u00a0 puis\u00a0 conduit \u00e0 police judiciaire , le pr\u00e9sident du parti Restaurer l\u2019 espoir, \u00a0<strong>Candide Azanna\u00ef<\/strong> a \u00e9t\u00e9 plac\u00e9 en garde \u00e0 vue\u00a0 ce <strong>samedi 13 d\u00e9cembre 2025\u00a0<\/strong> peu avant <strong>00 h 30 ,<\/strong>\u00a0 au terme de son audition. Selon <strong>BIP radio<\/strong>, l\u2019ex-ministre d\u00e9l\u00e9gu\u00e9 charg\u00e9 de la D\u00e9fense nationale et opposant b\u00e9ninois est poursuivi pour <strong>\u00ab complot contre l\u2019autorit\u00e9 de l\u2019\u00c9tat \u00bb<\/strong> et <strong>\u00abincitation \u00e0 la r\u00e9bellion \u00bb.<\/strong><\/p>\n<p>Il faut rappeler que le pr\u00e9sident du parti Restaurer l\u2019espoir avait d\u00e9missionn\u00e9 du gouvernement de l\u2019actuel Chef de l\u2019Etat b\u00e9ninois en <strong>mars 2017<\/strong>. Depuis sa d\u00e9mission, il s\u2019est impos\u00e9 comme un opposant d\u00e9termin\u00e9,\u00a0 multipliant\u00a0 les prises de position publiques\u00a0 contre la gouvernance actuelle. \u00a0Pr\u00e9cisons qu\u2019il a \u00e9t\u00e9 \u00e9galement d\u00e9put\u00e9 de la 6\u00e8me\u00a0 l\u00e9gislature. \u00a0Il est \u00e0\u00a0 noter que pour l\u2019heure, aucune communication officielle\u00a0 des autorit\u00e9s judiciaires n\u2019a encore pr\u00e9cis\u00e9 les circonstances exactes ni les suites judiciaires de cette arrestation.<\/p>\n","protected":false},"excerpt":{"rendered":"<p>Interpell\u00e9\u00a0 le vendredi 12 d\u00e9cembre 2025 par la\u00a0 police r\u00e9publicaine, aux environs de11 heures , devant le si\u00e8ge de son parti\u00a0 puis\u00a0 conduit \u00e0 police judiciaire , le pr\u00e9sident du&hellip;<\/p>\n","protected":false},"author":6,"featured_media":15899,"comment_status":"open","ping_status":"open","sticky":false,"template":"","format":"standard","meta":{"content-type":"","om_disable_all_campaigns":false,"_monsterinsights_skip_tracking":false,"_monsterinsights_sitenote_active":false,"_monsterinsights_sitenote_note":"","_monsterinsights_sitenote_category":0,"_uf_show_specific_survey":0,"_uf_disable_surveys":false,"footnotes":""},"categories":[26],"tags":[],"class_list":["post-15898","post","type-post","status-publish","format-standard","has-post-thumbnail","hentry","category-politique"],"aioseo_notices":[],"yoast_head":"<!-- This site is optimized with the Yoast SEO plugin v27.5 - https:\/\/yoast.com\/product\/yoast-seo-wordpress\/ -->\n<title>B\u00e9nin : Candide Azanna\u00ef plac\u00e9 en garde \u00e0 vue (voici les chefs d\u2019accusation) - Le Patriote<\/title>\n<meta name=\"robots\" content=\"index, follow, max-snippet:-1, max-image-preview:large, max-video-preview:-1\" \/>\n<link rel=\"canonical\" href=\"https:\/\/lepatriotebenin.com\/index.php\/2025\/12\/13\/benin-candide-azannai-place-en-garde-a-vue-voici-les-chefs-daccusation\/\" \/>\n<meta property=\"og:locale\" content=\"fr_FR\" \/>\n<meta property=\"og:type\" content=\"article\" \/>\n<meta property=\"og:title\" content=\"B\u00e9nin : Candide Azanna\u00ef plac\u00e9 en garde \u00e0 vue (voici les chefs d\u2019accusation) - Le Patriote\" \/>\n<meta property=\"og:description\" content=\"Interpell\u00e9\u00a0 le vendredi 12 d\u00e9cembre 2025 par la\u00a0 police r\u00e9publicaine, aux environs de11 heures , devant le si\u00e8ge de son parti\u00a0 puis\u00a0 conduit \u00e0 police judiciaire , le pr\u00e9sident du&hellip;\" \/>\n<meta property=\"og:url\" content=\"https:\/\/lepatriotebenin.com\/index.php\/2025\/12\/13\/benin-candide-azannai-place-en-garde-a-vue-voici-les-chefs-daccusation\/\" \/>\n<meta property=\"og:site_name\" content=\"Le Patriote\" \/>\n<meta property=\"article:published_time\" content=\"2025-12-13T06:36:02+00:00\" \/>\n<meta property=\"og:image\" content=\"https:\/\/lepatriotebenin.com\/wp-content\/uploads\/2025\/12\/candide.jpg\" \/>\n\t<meta property=\"og:image:width\" content=\"480\" \/>\n\t<meta property=\"og:image:height\" content=\"297\" \/>\n\t<meta property=\"og:image:type\" content=\"image\/jpeg\" \/>\n<meta name=\"author\" content=\"Roland AFFANOU\" \/>\n<meta name=\"twitter:card\" content=\"summary_large_image\" \/>\n<meta name=\"twitter:label1\" content=\"\u00c9crit par\" \/>\n\t<meta name=\"twitter:data1\" content=\"Roland AFFANOU\" \/>\n\t<meta name=\"twitter:label2\" content=\"Dur\u00e9e de lecture estim\u00e9e\" \/>\n\t<meta name=\"twitter:data2\" content=\"2 minutes\" \/>\n<script type=\"application\/ld+json\" class=\"yoast-schema-graph\">{\"@context\":\"https:\\\/\\\/schema.org\",\"@graph\":[{\"@type\":\"Article\",\"@id\":\"https:\\\/\\\/lepatriotebenin.com\\\/index.php\\\/2025\\\/12\\\/13\\\/benin-candide-azannai-place-en-garde-a-vue-voici-les-chefs-daccusation\\\/#article\",\"isPartOf\":{\"@id\":\"https:\\\/\\\/lepatriotebenin.com\\\/index.php\\\/2025\\\/12\\\/13\\\/benin-candide-azannai-place-en-garde-a-vue-voici-les-chefs-daccusation\\\/\"},\"author\":{\"name\":\"Roland AFFANOU\",\"@id\":\"https:\\\/\\\/lepatriotebenin.com\\\/#\\\/schema\\\/person\\\/4a9b67216c97d04045e01405c534c91f\"},\"headline\":\"B\u00e9nin : Candide Azanna\u00ef plac\u00e9 en garde \u00e0 vue (voici les chefs d\u2019accusation)\",\"datePublished\":\"2025-12-13T06:36:02+00:00\",\"mainEntityOfPage\":{\"@id\":\"https:\\\/\\\/lepatriotebenin.com\\\/index.php\\\/2025\\\/12\\\/13\\\/benin-candide-azannai-place-en-garde-a-vue-voici-les-chefs-daccusation\\\/\"},\"wordCount\":193,\"commentCount\":0,\"image\":{\"@id\":\"https:\\\/\\\/lepatriotebenin.com\\\/index.php\\\/2025\\\/12\\\/13\\\/benin-candide-azannai-place-en-garde-a-vue-voici-les-chefs-daccusation\\\/#primaryimage\"},\"thumbnailUrl\":\"https:\\\/\\\/lepatriotebenin.com\\\/wp-content\\\/uploads\\\/2025\\\/12\\\/candide.jpg\",\"articleSection\":[\"Politique\"],\"inLanguage\":\"fr-FR\",\"potentialAction\":[{\"@type\":\"CommentAction\",\"name\":\"Comment\",\"target\":[\"https:\\\/\\\/lepatriotebenin.com\\\/index.php\\\/2025\\\/12\\\/13\\\/benin-candide-azannai-place-en-garde-a-vue-voici-les-chefs-daccusation\\\/#respond\"]}]},{\"@type\":\"WebPage\",\"@id\":\"https:\\\/\\\/lepatriotebenin.com\\\/index.php\\\/2025\\\/12\\\/13\\\/benin-candide-azannai-place-en-garde-a-vue-voici-les-chefs-daccusation\\\/\",\"url\":\"https:\\\/\\\/lepatriotebenin.com\\\/index.php\\\/2025\\\/12\\\/13\\\/benin-candide-azannai-place-en-garde-a-vue-voici-les-chefs-daccusation\\\/\",\"name\":\"B\u00e9nin : Candide Azanna\u00ef plac\u00e9 en garde \u00e0 vue (voici les chefs d\u2019accusation) - Le Patriote\",\"isPartOf\":{\"@id\":\"https:\\\/\\\/lepatriotebenin.com\\\/#website\"},\"primaryImageOfPage\":{\"@id\":\"https:\\\/\\\/lepatriotebenin.com\\\/index.php\\\/2025\\\/12\\\/13\\\/benin-candide-azannai-place-en-garde-a-vue-voici-les-chefs-daccusation\\\/#primaryimage\"},\"image\":{\"@id\":\"https:\\\/\\\/lepatriotebenin.com\\\/index.php\\\/2025\\\/12\\\/13\\\/benin-candide-azannai-place-en-garde-a-vue-voici-les-chefs-daccusation\\\/#primaryimage\"},\"thumbnailUrl\":\"https:\\\/\\\/lepatriotebenin.com\\\/wp-content\\\/uploads\\\/2025\\\/12\\\/candide.jpg\",\"datePublished\":\"2025-12-13T06:36:02+00:00\",\"author\":{\"@id\":\"https:\\\/\\\/lepatriotebenin.com\\\/#\\\/schema\\\/person\\\/4a9b67216c97d04045e01405c534c91f\"},\"breadcrumb\":{\"@id\":\"https:\\\/\\\/lepatriotebenin.com\\\/index.php\\\/2025\\\/12\\\/13\\\/benin-candide-azannai-place-en-garde-a-vue-voici-les-chefs-daccusation\\\/#breadcrumb\"},\"inLanguage\":\"fr-FR\",\"potentialAction\":[{\"@type\":\"ReadAction\",\"target\":[\"https:\\\/\\\/lepatriotebenin.com\\\/index.php\\\/2025\\\/12\\\/13\\\/benin-candide-azannai-place-en-garde-a-vue-voici-les-chefs-daccusation\\\/\"]}]},{\"@type\":\"ImageObject\",\"inLanguage\":\"fr-FR\",\"@id\":\"https:\\\/\\\/lepatriotebenin.com\\\/index.php\\\/2025\\\/12\\\/13\\\/benin-candide-azannai-place-en-garde-a-vue-voici-les-chefs-daccusation\\\/#primaryimage\",\"url\":\"https:\\\/\\\/lepatriotebenin.com\\\/wp-content\\\/uploads\\\/2025\\\/12\\\/candide.jpg\",\"contentUrl\":\"https:\\\/\\\/lepatriotebenin.com\\\/wp-content\\\/uploads\\\/2025\\\/12\\\/candide.jpg\",\"width\":480,\"height\":297},{\"@type\":\"BreadcrumbList\",\"@id\":\"https:\\\/\\\/lepatriotebenin.com\\\/index.php\\\/2025\\\/12\\\/13\\\/benin-candide-azannai-place-en-garde-a-vue-voici-les-chefs-daccusation\\\/#breadcrumb\",\"itemListElement\":[{\"@type\":\"ListItem\",\"position\":1,\"name\":\"Accueil\",\"item\":\"https:\\\/\\\/lepatriotebenin.com\\\/\"},{\"@type\":\"ListItem\",\"position\":2,\"name\":\"B\u00e9nin : Candide Azanna\u00ef plac\u00e9 en garde \u00e0 vue (voici les chefs d\u2019accusation)\"}]},{\"@type\":\"WebSite\",\"@id\":\"https:\\\/\\\/lepatriotebenin.com\\\/#website\",\"url\":\"https:\\\/\\\/lepatriotebenin.com\\\/\",\"name\":\"Le Patriote\",\"description\":\"Le Patriote B\u00e9nin\",\"potentialAction\":[{\"@type\":\"SearchAction\",\"target\":{\"@type\":\"EntryPoint\",\"urlTemplate\":\"https:\\\/\\\/lepatriotebenin.com\\\/?s={search_term_string}\"},\"query-input\":{\"@type\":\"PropertyValueSpecification\",\"valueRequired\":true,\"valueName\":\"search_term_string\"}}],\"inLanguage\":\"fr-FR\"},{\"@type\":\"Person\",\"@id\":\"https:\\\/\\\/lepatriotebenin.com\\\/#\\\/schema\\\/person\\\/4a9b67216c97d04045e01405c534c91f\",\"name\":\"Roland AFFANOU\",\"image\":{\"@type\":\"ImageObject\",\"inLanguage\":\"fr-FR\",\"@id\":\"https:\\\/\\\/secure.gravatar.com\\\/avatar\\\/7209d3f6d2d47ea4d0c67e14d3effb61feb10ae540a4381280c66265de5bd643?s=96&d=mm&r=g\",\"url\":\"https:\\\/\\\/secure.gravatar.com\\\/avatar\\\/7209d3f6d2d47ea4d0c67e14d3effb61feb10ae540a4381280c66265de5bd643?s=96&d=mm&r=g\",\"contentUrl\":\"https:\\\/\\\/secure.gravatar.com\\\/avatar\\\/7209d3f6d2d47ea4d0c67e14d3effb61feb10ae540a4381280c66265de5bd643?s=96&d=mm&r=g\",\"caption\":\"Roland AFFANOU\"},\"url\":\"https:\\\/\\\/lepatriotebenin.com\"}]}<\/script>\n<!-- \/ Yoast SEO plugin. -->","yoast_head_json":{"title":"B\u00e9nin : Candide Azanna\u00ef plac\u00e9 en garde \u00e0 vue (voici les chefs d\u2019accusation) - Le Patriote","robots":{"index":"index","follow":"follow","max-snippet":"max-snippet:-1","max-image-preview":"max-image-preview:large","max-video-preview":"max-video-preview:-1"},"canonical":"https:\/\/lepatriotebenin.com\/index.php\/2025\/12\/13\/benin-candide-azannai-place-en-garde-a-vue-voici-les-chefs-daccusation\/","og_locale":"fr_FR","og_type":"article","og_title":"B\u00e9nin : Candide Azanna\u00ef plac\u00e9 en garde \u00e0 vue (voici les chefs d\u2019accusation) - Le Patriote","og_description":"Interpell\u00e9\u00a0 le vendredi 12 d\u00e9cembre 2025 par la\u00a0 police r\u00e9publicaine, aux environs de11 heures , devant le si\u00e8ge de son parti\u00a0 puis\u00a0 conduit \u00e0 police judiciaire , le pr\u00e9sident du&hellip;","og_url":"https:\/\/lepatriotebenin.com\/index.php\/2025\/12\/13\/benin-candide-azannai-place-en-garde-a-vue-voici-les-chefs-daccusation\/","og_site_name":"Le Patriote","article_published_time":"2025-12-13T06:36:02+00:00","og_image":[{"width":480,"height":297,"url":"https:\/\/lepatriotebenin.com\/wp-content\/uploads\/2025\/12\/candide.jpg","type":"image\/jpeg"}],"author":"Roland AFFANOU","twitter_card":"summary_large_image","twitter_misc":{"\u00c9crit par":"Roland AFFANOU","Dur\u00e9e de lecture estim\u00e9e":"2 minutes"},"schema":{"@context":"https:\/\/schema.org","@graph":[{"@type":"Article","@id":"https:\/\/lepatriotebenin.com\/index.php\/2025\/12\/13\/benin-candide-azannai-place-en-garde-a-vue-voici-les-chefs-daccusation\/#article","isPartOf":{"@id":"https:\/\/lepatriotebenin.com\/index.php\/2025\/12\/13\/benin-candide-azannai-place-en-garde-a-vue-voici-les-chefs-daccusation\/"},"author":{"name":"Roland AFFANOU","@id":"https:\/\/lepatriotebenin.com\/#\/schema\/person\/4a9b67216c97d04045e01405c534c91f"},"headline":"B\u00e9nin : Candide Azanna\u00ef plac\u00e9 en garde \u00e0 vue (voici les chefs d\u2019accusation)","datePublished":"2025-12-13T06:36:02+00:00","mainEntityOfPage":{"@id":"https:\/\/lepatriotebenin.com\/index.php\/2025\/12\/13\/benin-candide-azannai-place-en-garde-a-vue-voici-les-chefs-daccusation\/"},"wordCount":193,"commentCount":0,"image":{"@id":"https:\/\/lepatriotebenin.com\/index.php\/2025\/12\/13\/benin-candide-azannai-place-en-garde-a-vue-voici-les-chefs-daccusation\/#primaryimage"},"thumbnailUrl":"https:\/\/lepatriotebenin.com\/wp-content\/uploads\/2025\/12\/candide.jpg","articleSection":["Politique"],"inLanguage":"fr-FR","potentialAction":[{"@type":"CommentAction","name":"Comment","target":["https:\/\/lepatriotebenin.com\/index.php\/2025\/12\/13\/benin-candide-azannai-place-en-garde-a-vue-voici-les-chefs-daccusation\/#respond"]}]},{"@type":"WebPage","@id":"https:\/\/lepatriotebenin.com\/index.php\/2025\/12\/13\/benin-candide-azannai-place-en-garde-a-vue-voici-les-chefs-daccusation\/","url":"https:\/\/lepatriotebenin.com\/index.php\/2025\/12\/13\/benin-candide-azannai-place-en-garde-a-vue-voici-les-chefs-daccusation\/","name":"B\u00e9nin : Candide Azanna\u00ef plac\u00e9 en garde \u00e0 vue (voici les chefs d\u2019accusation) - Le Patriote","isPartOf":{"@id":"https:\/\/lepatriotebenin.com\/#website"},"primaryImageOfPage":{"@id":"https:\/\/lepatriotebenin.com\/index.php\/2025\/12\/13\/benin-candide-azannai-place-en-garde-a-vue-voici-les-chefs-daccusation\/#primaryimage"},"image":{"@id":"https:\/\/lepatriotebenin.com\/index.php\/2025\/12\/13\/benin-candide-azannai-place-en-garde-a-vue-voici-les-chefs-daccusation\/#primaryimage"},"thumbnailUrl":"https:\/\/lepatriotebenin.com\/wp-content\/uploads\/2025\/12\/candide.jpg","datePublished":"2025-12-13T06:36:02+00:00","author":{"@id":"https:\/\/lepatriotebenin.com\/#\/schema\/person\/4a9b67216c97d04045e01405c534c91f"},"breadcrumb":{"@id":"https:\/\/lepatriotebenin.com\/index.php\/2025\/12\/13\/benin-candide-azannai-place-en-garde-a-vue-voici-les-chefs-daccusation\/#breadcrumb"},"inLanguage":"fr-FR","potentialAction":[{"@type":"ReadAction","target":["https:\/\/lepatriotebenin.com\/index.php\/2025\/12\/13\/benin-candide-azannai-place-en-garde-a-vue-voici-les-chefs-daccusation\/"]}]},{"@type":"ImageObject","inLanguage":"fr-FR","@id":"https:\/\/lepatriotebenin.com\/index.php\/2025\/12\/13\/benin-candide-azannai-place-en-garde-a-vue-voici-les-chefs-daccusation\/#primaryimage","url":"https:\/\/lepatriotebenin.com\/wp-content\/uploads\/2025\/12\/candide.jpg","contentUrl":"https:\/\/lepatriotebenin.com\/wp-content\/uploads\/2025\/12\/candide.jpg","width":480,"height":297},{"@type":"BreadcrumbList","@id":"https:\/\/lepatriotebenin.com\/index.php\/2025\/12\/13\/benin-candide-azannai-place-en-garde-a-vue-voici-les-chefs-daccusation\/#breadcrumb","itemListElement":[{"@type":"ListItem","position":1,"name":"Accueil","item":"https:\/\/lepatriotebenin.com\/"},{"@type":"ListItem","position":2,"name":"B\u00e9nin : Candide Azanna\u00ef plac\u00e9 en garde \u00e0 vue (voici les chefs d\u2019accusation)"}]},{"@type":"WebSite","@id":"https:\/\/lepatriotebenin.com\/#website","url":"https:\/\/lepatriotebenin.com\/","name":"Le Patriote","description":"Le Patriote B\u00e9nin","potentialAction":[{"@type":"SearchAction","target":{"@type":"EntryPoint","urlTemplate":"https:\/\/lepatriotebenin.com\/?s={search_term_string}"},"query-input":{"@type":"PropertyValueSpecification","valueRequired":true,"valueName":"search_term_string"}}],"inLanguage":"fr-FR"},{"@type":"Person","@id":"https:\/\/lepatriotebenin.com\/#\/schema\/person\/4a9b67216c97d04045e01405c534c91f","name":"Roland AFFANOU","image":{"@type":"ImageObject","inLanguage":"fr-FR","@id":"https:\/\/secure.gravatar.com\/avatar\/7209d3f6d2d47ea4d0c67e14d3effb61feb10ae540a4381280c66265de5bd643?s=96&d=mm&r=g","url":"https:\/\/secure.gravatar.com\/avatar\/7209d3f6d2d47ea4d0c67e14d3effb61feb10ae540a4381280c66265de5bd643?s=96&d=mm&r=g","contentUrl":"https:\/\/secure.gravatar.com\/avatar\/7209d3f6d2d47ea4d0c67e14d3effb61feb10ae540a4381280c66265de5bd643?s=96&d=mm&r=g","caption":"Roland AFFANOU"},"url":"https:\/\/lepatriotebenin.com"}]}},"_links":{"self":[{"href":"https:\/\/lepatriotebenin.com\/index.php\/wp-json\/wp\/v2\/posts\/15898","targetHints":{"allow":["GET"]}}],"collection":[{"href":"https:\/\/lepatriotebenin.com\/index.php\/wp-json\/wp\/v2\/posts"}],"about":[{"href":"https:\/\/lepatriotebenin.com\/index.php\/wp-json\/wp\/v2\/types\/post"}],"author":[{"embeddable":true,"href":"https:\/\/lepatriotebenin.com\/index.php\/wp-json\/wp\/v2\/users\/6"}],"replies":[{"embeddable":true,"href":"https:\/\/lepatriotebenin.com\/index.php\/wp-json\/wp\/v2\/comments?post=15898"}],"version-history":[{"count":1,"href":"https:\/\/lepatriotebenin.com\/index.php\/wp-json\/wp\/v2\/posts\/15898\/revisions"}],"predecessor-version":[{"id":15900,"href":"https:\/\/lepatriotebenin.com\/index.php\/wp-json\/wp\/v2\/posts\/15898\/revisions\/15900"}],"wp:featuredmedia":[{"embeddable":true,"href":"https:\/\/lepatriotebenin.com\/index.php\/wp-json\/wp\/v2\/media\/15899"}],"wp:attachment":[{"href":"https:\/\/lepatriotebenin.com\/index.php\/wp-json\/wp\/v2\/media?parent=15898"}],"wp:term":[{"taxonomy":"category","embeddable":true,"href":"https:\/\/lepatriotebenin.com\/index.php\/wp-json\/wp\/v2\/categories?post=15898"},{"taxonomy":"post_tag","embeddable":true,"href":"https:\/\/lepatriotebenin.com\/index.php\/wp-json\/wp\/v2\/tags?post=15898"}],"curies":[{"name":"wp","href":"https:\/\/api.w.org\/{rel}","templated":true}]}}