{"id":15893,"date":"2025-12-13T05:46:08","date_gmt":"2025-12-13T04:46:08","guid":{"rendered":"https:\/\/lepatriotebenin.com\/?p=15893"},"modified":"2025-12-13T05:46:08","modified_gmt":"2025-12-13T04:46:08","slug":"benin-la-cour-constitutionnelle-rend-sa-decision-sur-la-revision-de-la-constitution-integralite","status":"publish","type":"post","link":"https:\/\/lepatriotebenin.com\/index.php\/2025\/12\/13\/benin-la-cour-constitutionnelle-rend-sa-decision-sur-la-revision-de-la-constitution-integralite\/","title":{"rendered":"B\u00e9nin : la Cour constitutionnelle rend sa d\u00e9cision sur la r\u00e9vision de la constitution (int\u00e9gralit\u00e9)"},"content":{"rendered":"<p><strong><em>Le pr\u00e9sident Patrice Talon a re\u00e7u l\u2019aval \u00a0de la Cour constitutionnelle au sujet de la r\u00e9vision de la constitution. Dans une d\u00e9cision rendue, ce vendredi 12 d\u00e9cembre 2025, \u00e0 l\u2019issue de deux jours d\u2019audience pl\u00e9ni\u00e8re, les sages ont d\u00e9clar\u00e9 conforme \u00e0 la Loi fondamentale, en toutes ses dispositions, la loi N\u00b02025-20 modifiant et compl\u00e9tant la Constitution du 11 d\u00e9cembre 1990, d\u00e9j\u00e0 r\u00e9vis\u00e9e une premi\u00e8re fois en novembre 2019.<\/em><\/strong><\/p>\n<p>R\u00e9unis dans la salle d\u2019audience de l\u2019institution les jeudi 11 et vendredi 12 d\u00e9cembre, les membres de la Cour ont examin\u00e9 la lettre adress\u00e9e par le Pr\u00e9sident de la R\u00e9publique, sollicitant le contr\u00f4le de constitutionnalit\u00e9 de la r\u00e9forme. En dehors de la sollicitation du Pr\u00e9sident de la R\u00e9publique, seize requ\u00eates introduites par des d\u00e9put\u00e9s et des citoyens contestant la conformit\u00e9 de cette loi ont \u00e9galement \u00e9t\u00e9 \u00e9tudi\u00e9es.<br \/>\nDurant ces deux journ\u00e9es, les juges constitutionnels ont pass\u00e9 au peigne fin \u00a0chaque disposition de la loi, en veillant \u00e0 respecter scrupuleusement les r\u00e8gles de droit et \u00e0 garantir l\u2019impartialit\u00e9 de leurs d\u00e9lib\u00e9rations.<\/p>\n<p>\u00c0 l\u2019issue des d\u00e9lib\u00e9rations, la Cour constitutionnelle a d\u00e9clar\u00e9 la loi N\u00b02025-20 conforme \u00e0 la Constitution en toutes ses dispositions. Cette d\u00e9cision, rendue sous le num\u00e9ro <strong>DCC 25-293<\/strong> en date du 12 d\u00e9cembre 2025, consacre la validit\u00e9 juridique de la r\u00e9forme constitutionnelle et r\u00e9affirme l\u2019autorit\u00e9 de la Loi fondamentale dans l\u2019ordre institutionnel de la R\u00e9publique.<\/p>\n<p><strong>Voici l\u2019int\u00e9gralit\u00e9 de la d\u00e9cision.<\/strong><\/p>\n<p><a href=\"https:\/\/lepatriotebenin.com\/wp-content\/uploads\/2025\/12\/decision-dcc-f25-293.pdf\">decision dcc f25-293<\/a><\/p>\n<p>&nbsp;<\/p>\n","protected":false},"excerpt":{"rendered":"<p>Le pr\u00e9sident Patrice Talon a re\u00e7u l\u2019aval \u00a0de la Cour constitutionnelle au sujet de la r\u00e9vision de la constitution. Dans une d\u00e9cision rendue, ce vendredi 12 d\u00e9cembre 2025, \u00e0 l\u2019issue&hellip;<\/p>\n","protected":false},"author":6,"featured_media":15896,"comment_status":"open","ping_status":"open","sticky":false,"template":"","format":"standard","meta":{"content-type":"","om_disable_all_campaigns":false,"_monsterinsights_skip_tracking":false,"_monsterinsights_sitenote_active":false,"_monsterinsights_sitenote_note":"","_monsterinsights_sitenote_category":0,"_uf_show_specific_survey":0,"_uf_disable_surveys":false,"footnotes":""},"categories":[26],"tags":[],"class_list":["post-15893","post","type-post","status-publish","format-standard","has-post-thumbnail","hentry","category-politique"],"aioseo_notices":[],"yoast_head":"<!-- This site is optimized with the Yoast SEO plugin v27.5 - https:\/\/yoast.com\/product\/yoast-seo-wordpress\/ -->\n<title>B\u00e9nin : la Cour constitutionnelle rend sa d\u00e9cision sur la r\u00e9vision de la constitution (int\u00e9gralit\u00e9) - Le Patriote<\/title>\n<meta name=\"robots\" content=\"index, follow, max-snippet:-1, max-image-preview:large, max-video-preview:-1\" \/>\n<link rel=\"canonical\" href=\"https:\/\/lepatriotebenin.com\/index.php\/2025\/12\/13\/benin-la-cour-constitutionnelle-rend-sa-decision-sur-la-revision-de-la-constitution-integralite\/\" \/>\n<meta property=\"og:locale\" content=\"fr_FR\" \/>\n<meta property=\"og:type\" content=\"article\" \/>\n<meta property=\"og:title\" content=\"B\u00e9nin : la Cour constitutionnelle rend sa d\u00e9cision sur la r\u00e9vision de la constitution (int\u00e9gralit\u00e9) - Le Patriote\" \/>\n<meta property=\"og:description\" content=\"Le pr\u00e9sident Patrice Talon a re\u00e7u l\u2019aval \u00a0de la Cour constitutionnelle au sujet de la r\u00e9vision de la constitution. Dans une d\u00e9cision rendue, ce vendredi 12 d\u00e9cembre 2025, \u00e0 l\u2019issue&hellip;\" \/>\n<meta property=\"og:url\" content=\"https:\/\/lepatriotebenin.com\/index.php\/2025\/12\/13\/benin-la-cour-constitutionnelle-rend-sa-decision-sur-la-revision-de-la-constitution-integralite\/\" \/>\n<meta property=\"og:site_name\" content=\"Le Patriote\" \/>\n<meta property=\"article:published_time\" content=\"2025-12-13T04:46:08+00:00\" \/>\n<meta property=\"og:image\" content=\"https:\/\/lepatriotebenin.com\/wp-content\/uploads\/2025\/12\/cour-constitutionnel-1.webp\" \/>\n\t<meta property=\"og:image:width\" content=\"866\" \/>\n\t<meta property=\"og:image:height\" content=\"566\" \/>\n\t<meta property=\"og:image:type\" content=\"image\/webp\" \/>\n<meta name=\"author\" content=\"Roland AFFANOU\" \/>\n<meta name=\"twitter:card\" content=\"summary_large_image\" \/>\n<meta name=\"twitter:label1\" content=\"\u00c9crit par\" \/>\n\t<meta name=\"twitter:data1\" content=\"Roland AFFANOU\" \/>\n\t<meta name=\"twitter:label2\" content=\"Dur\u00e9e de lecture estim\u00e9e\" \/>\n\t<meta name=\"twitter:data2\" content=\"2 minutes\" \/>\n<script type=\"application\/ld+json\" class=\"yoast-schema-graph\">{\"@context\":\"https:\\\/\\\/schema.org\",\"@graph\":[{\"@type\":\"Article\",\"@id\":\"https:\\\/\\\/lepatriotebenin.com\\\/index.php\\\/2025\\\/12\\\/13\\\/benin-la-cour-constitutionnelle-rend-sa-decision-sur-la-revision-de-la-constitution-integralite\\\/#article\",\"isPartOf\":{\"@id\":\"https:\\\/\\\/lepatriotebenin.com\\\/index.php\\\/2025\\\/12\\\/13\\\/benin-la-cour-constitutionnelle-rend-sa-decision-sur-la-revision-de-la-constitution-integralite\\\/\"},\"author\":{\"name\":\"Roland AFFANOU\",\"@id\":\"https:\\\/\\\/lepatriotebenin.com\\\/#\\\/schema\\\/person\\\/4a9b67216c97d04045e01405c534c91f\"},\"headline\":\"B\u00e9nin : la Cour constitutionnelle rend sa d\u00e9cision sur la r\u00e9vision de la constitution (int\u00e9gralit\u00e9)\",\"datePublished\":\"2025-12-13T04:46:08+00:00\",\"mainEntityOfPage\":{\"@id\":\"https:\\\/\\\/lepatriotebenin.com\\\/index.php\\\/2025\\\/12\\\/13\\\/benin-la-cour-constitutionnelle-rend-sa-decision-sur-la-revision-de-la-constitution-integralite\\\/\"},\"wordCount\":290,\"commentCount\":0,\"image\":{\"@id\":\"https:\\\/\\\/lepatriotebenin.com\\\/index.php\\\/2025\\\/12\\\/13\\\/benin-la-cour-constitutionnelle-rend-sa-decision-sur-la-revision-de-la-constitution-integralite\\\/#primaryimage\"},\"thumbnailUrl\":\"https:\\\/\\\/lepatriotebenin.com\\\/wp-content\\\/uploads\\\/2025\\\/12\\\/cour-constitutionnel-1.webp\",\"articleSection\":[\"Politique\"],\"inLanguage\":\"fr-FR\",\"potentialAction\":[{\"@type\":\"CommentAction\",\"name\":\"Comment\",\"target\":[\"https:\\\/\\\/lepatriotebenin.com\\\/index.php\\\/2025\\\/12\\\/13\\\/benin-la-cour-constitutionnelle-rend-sa-decision-sur-la-revision-de-la-constitution-integralite\\\/#respond\"]}]},{\"@type\":\"WebPage\",\"@id\":\"https:\\\/\\\/lepatriotebenin.com\\\/index.php\\\/2025\\\/12\\\/13\\\/benin-la-cour-constitutionnelle-rend-sa-decision-sur-la-revision-de-la-constitution-integralite\\\/\",\"url\":\"https:\\\/\\\/lepatriotebenin.com\\\/index.php\\\/2025\\\/12\\\/13\\\/benin-la-cour-constitutionnelle-rend-sa-decision-sur-la-revision-de-la-constitution-integralite\\\/\",\"name\":\"B\u00e9nin : la Cour constitutionnelle rend sa d\u00e9cision sur la r\u00e9vision de la constitution (int\u00e9gralit\u00e9) - Le Patriote\",\"isPartOf\":{\"@id\":\"https:\\\/\\\/lepatriotebenin.com\\\/#website\"},\"primaryImageOfPage\":{\"@id\":\"https:\\\/\\\/lepatriotebenin.com\\\/index.php\\\/2025\\\/12\\\/13\\\/benin-la-cour-constitutionnelle-rend-sa-decision-sur-la-revision-de-la-constitution-integralite\\\/#primaryimage\"},\"image\":{\"@id\":\"https:\\\/\\\/lepatriotebenin.com\\\/index.php\\\/2025\\\/12\\\/13\\\/benin-la-cour-constitutionnelle-rend-sa-decision-sur-la-revision-de-la-constitution-integralite\\\/#primaryimage\"},\"thumbnailUrl\":\"https:\\\/\\\/lepatriotebenin.com\\\/wp-content\\\/uploads\\\/2025\\\/12\\\/cour-constitutionnel-1.webp\",\"datePublished\":\"2025-12-13T04:46:08+00:00\",\"author\":{\"@id\":\"https:\\\/\\\/lepatriotebenin.com\\\/#\\\/schema\\\/person\\\/4a9b67216c97d04045e01405c534c91f\"},\"breadcrumb\":{\"@id\":\"https:\\\/\\\/lepatriotebenin.com\\\/index.php\\\/2025\\\/12\\\/13\\\/benin-la-cour-constitutionnelle-rend-sa-decision-sur-la-revision-de-la-constitution-integralite\\\/#breadcrumb\"},\"inLanguage\":\"fr-FR\",\"potentialAction\":[{\"@type\":\"ReadAction\",\"target\":[\"https:\\\/\\\/lepatriotebenin.com\\\/index.php\\\/2025\\\/12\\\/13\\\/benin-la-cour-constitutionnelle-rend-sa-decision-sur-la-revision-de-la-constitution-integralite\\\/\"]}]},{\"@type\":\"ImageObject\",\"inLanguage\":\"fr-FR\",\"@id\":\"https:\\\/\\\/lepatriotebenin.com\\\/index.php\\\/2025\\\/12\\\/13\\\/benin-la-cour-constitutionnelle-rend-sa-decision-sur-la-revision-de-la-constitution-integralite\\\/#primaryimage\",\"url\":\"https:\\\/\\\/lepatriotebenin.com\\\/wp-content\\\/uploads\\\/2025\\\/12\\\/cour-constitutionnel-1.webp\",\"contentUrl\":\"https:\\\/\\\/lepatriotebenin.com\\\/wp-content\\\/uploads\\\/2025\\\/12\\\/cour-constitutionnel-1.webp\",\"width\":866,\"height\":566},{\"@type\":\"BreadcrumbList\",\"@id\":\"https:\\\/\\\/lepatriotebenin.com\\\/index.php\\\/2025\\\/12\\\/13\\\/benin-la-cour-constitutionnelle-rend-sa-decision-sur-la-revision-de-la-constitution-integralite\\\/#breadcrumb\",\"itemListElement\":[{\"@type\":\"ListItem\",\"position\":1,\"name\":\"Accueil\",\"item\":\"https:\\\/\\\/lepatriotebenin.com\\\/\"},{\"@type\":\"ListItem\",\"position\":2,\"name\":\"B\u00e9nin : la Cour constitutionnelle rend sa d\u00e9cision sur la r\u00e9vision de la constitution (int\u00e9gralit\u00e9)\"}]},{\"@type\":\"WebSite\",\"@id\":\"https:\\\/\\\/lepatriotebenin.com\\\/#website\",\"url\":\"https:\\\/\\\/lepatriotebenin.com\\\/\",\"name\":\"Le Patriote\",\"description\":\"Le Patriote B\u00e9nin\",\"potentialAction\":[{\"@type\":\"SearchAction\",\"target\":{\"@type\":\"EntryPoint\",\"urlTemplate\":\"https:\\\/\\\/lepatriotebenin.com\\\/?s={search_term_string}\"},\"query-input\":{\"@type\":\"PropertyValueSpecification\",\"valueRequired\":true,\"valueName\":\"search_term_string\"}}],\"inLanguage\":\"fr-FR\"},{\"@type\":\"Person\",\"@id\":\"https:\\\/\\\/lepatriotebenin.com\\\/#\\\/schema\\\/person\\\/4a9b67216c97d04045e01405c534c91f\",\"name\":\"Roland AFFANOU\",\"image\":{\"@type\":\"ImageObject\",\"inLanguage\":\"fr-FR\",\"@id\":\"https:\\\/\\\/secure.gravatar.com\\\/avatar\\\/7209d3f6d2d47ea4d0c67e14d3effb61feb10ae540a4381280c66265de5bd643?s=96&d=mm&r=g\",\"url\":\"https:\\\/\\\/secure.gravatar.com\\\/avatar\\\/7209d3f6d2d47ea4d0c67e14d3effb61feb10ae540a4381280c66265de5bd643?s=96&d=mm&r=g\",\"contentUrl\":\"https:\\\/\\\/secure.gravatar.com\\\/avatar\\\/7209d3f6d2d47ea4d0c67e14d3effb61feb10ae540a4381280c66265de5bd643?s=96&d=mm&r=g\",\"caption\":\"Roland AFFANOU\"},\"url\":\"https:\\\/\\\/lepatriotebenin.com\"}]}<\/script>\n<!-- \/ Yoast SEO plugin. -->","yoast_head_json":{"title":"B\u00e9nin : la Cour constitutionnelle rend sa d\u00e9cision sur la r\u00e9vision de la constitution (int\u00e9gralit\u00e9) - Le Patriote","robots":{"index":"index","follow":"follow","max-snippet":"max-snippet:-1","max-image-preview":"max-image-preview:large","max-video-preview":"max-video-preview:-1"},"canonical":"https:\/\/lepatriotebenin.com\/index.php\/2025\/12\/13\/benin-la-cour-constitutionnelle-rend-sa-decision-sur-la-revision-de-la-constitution-integralite\/","og_locale":"fr_FR","og_type":"article","og_title":"B\u00e9nin : la Cour constitutionnelle rend sa d\u00e9cision sur la r\u00e9vision de la constitution (int\u00e9gralit\u00e9) - Le Patriote","og_description":"Le pr\u00e9sident Patrice Talon a re\u00e7u l\u2019aval \u00a0de la Cour constitutionnelle au sujet de la r\u00e9vision de la constitution. Dans une d\u00e9cision rendue, ce vendredi 12 d\u00e9cembre 2025, \u00e0 l\u2019issue&hellip;","og_url":"https:\/\/lepatriotebenin.com\/index.php\/2025\/12\/13\/benin-la-cour-constitutionnelle-rend-sa-decision-sur-la-revision-de-la-constitution-integralite\/","og_site_name":"Le Patriote","article_published_time":"2025-12-13T04:46:08+00:00","og_image":[{"width":866,"height":566,"url":"https:\/\/lepatriotebenin.com\/wp-content\/uploads\/2025\/12\/cour-constitutionnel-1.webp","type":"image\/webp"}],"author":"Roland AFFANOU","twitter_card":"summary_large_image","twitter_misc":{"\u00c9crit par":"Roland AFFANOU","Dur\u00e9e de lecture estim\u00e9e":"2 minutes"},"schema":{"@context":"https:\/\/schema.org","@graph":[{"@type":"Article","@id":"https:\/\/lepatriotebenin.com\/index.php\/2025\/12\/13\/benin-la-cour-constitutionnelle-rend-sa-decision-sur-la-revision-de-la-constitution-integralite\/#article","isPartOf":{"@id":"https:\/\/lepatriotebenin.com\/index.php\/2025\/12\/13\/benin-la-cour-constitutionnelle-rend-sa-decision-sur-la-revision-de-la-constitution-integralite\/"},"author":{"name":"Roland AFFANOU","@id":"https:\/\/lepatriotebenin.com\/#\/schema\/person\/4a9b67216c97d04045e01405c534c91f"},"headline":"B\u00e9nin : la Cour constitutionnelle rend sa d\u00e9cision sur la r\u00e9vision de la constitution (int\u00e9gralit\u00e9)","datePublished":"2025-12-13T04:46:08+00:00","mainEntityOfPage":{"@id":"https:\/\/lepatriotebenin.com\/index.php\/2025\/12\/13\/benin-la-cour-constitutionnelle-rend-sa-decision-sur-la-revision-de-la-constitution-integralite\/"},"wordCount":290,"commentCount":0,"image":{"@id":"https:\/\/lepatriotebenin.com\/index.php\/2025\/12\/13\/benin-la-cour-constitutionnelle-rend-sa-decision-sur-la-revision-de-la-constitution-integralite\/#primaryimage"},"thumbnailUrl":"https:\/\/lepatriotebenin.com\/wp-content\/uploads\/2025\/12\/cour-constitutionnel-1.webp","articleSection":["Politique"],"inLanguage":"fr-FR","potentialAction":[{"@type":"CommentAction","name":"Comment","target":["https:\/\/lepatriotebenin.com\/index.php\/2025\/12\/13\/benin-la-cour-constitutionnelle-rend-sa-decision-sur-la-revision-de-la-constitution-integralite\/#respond"]}]},{"@type":"WebPage","@id":"https:\/\/lepatriotebenin.com\/index.php\/2025\/12\/13\/benin-la-cour-constitutionnelle-rend-sa-decision-sur-la-revision-de-la-constitution-integralite\/","url":"https:\/\/lepatriotebenin.com\/index.php\/2025\/12\/13\/benin-la-cour-constitutionnelle-rend-sa-decision-sur-la-revision-de-la-constitution-integralite\/","name":"B\u00e9nin : la Cour constitutionnelle rend sa d\u00e9cision sur la r\u00e9vision de la constitution (int\u00e9gralit\u00e9) - Le Patriote","isPartOf":{"@id":"https:\/\/lepatriotebenin.com\/#website"},"primaryImageOfPage":{"@id":"https:\/\/lepatriotebenin.com\/index.php\/2025\/12\/13\/benin-la-cour-constitutionnelle-rend-sa-decision-sur-la-revision-de-la-constitution-integralite\/#primaryimage"},"image":{"@id":"https:\/\/lepatriotebenin.com\/index.php\/2025\/12\/13\/benin-la-cour-constitutionnelle-rend-sa-decision-sur-la-revision-de-la-constitution-integralite\/#primaryimage"},"thumbnailUrl":"https:\/\/lepatriotebenin.com\/wp-content\/uploads\/2025\/12\/cour-constitutionnel-1.webp","datePublished":"2025-12-13T04:46:08+00:00","author":{"@id":"https:\/\/lepatriotebenin.com\/#\/schema\/person\/4a9b67216c97d04045e01405c534c91f"},"breadcrumb":{"@id":"https:\/\/lepatriotebenin.com\/index.php\/2025\/12\/13\/benin-la-cour-constitutionnelle-rend-sa-decision-sur-la-revision-de-la-constitution-integralite\/#breadcrumb"},"inLanguage":"fr-FR","potentialAction":[{"@type":"ReadAction","target":["https:\/\/lepatriotebenin.com\/index.php\/2025\/12\/13\/benin-la-cour-constitutionnelle-rend-sa-decision-sur-la-revision-de-la-constitution-integralite\/"]}]},{"@type":"ImageObject","inLanguage":"fr-FR","@id":"https:\/\/lepatriotebenin.com\/index.php\/2025\/12\/13\/benin-la-cour-constitutionnelle-rend-sa-decision-sur-la-revision-de-la-constitution-integralite\/#primaryimage","url":"https:\/\/lepatriotebenin.com\/wp-content\/uploads\/2025\/12\/cour-constitutionnel-1.webp","contentUrl":"https:\/\/lepatriotebenin.com\/wp-content\/uploads\/2025\/12\/cour-constitutionnel-1.webp","width":866,"height":566},{"@type":"BreadcrumbList","@id":"https:\/\/lepatriotebenin.com\/index.php\/2025\/12\/13\/benin-la-cour-constitutionnelle-rend-sa-decision-sur-la-revision-de-la-constitution-integralite\/#breadcrumb","itemListElement":[{"@type":"ListItem","position":1,"name":"Accueil","item":"https:\/\/lepatriotebenin.com\/"},{"@type":"ListItem","position":2,"name":"B\u00e9nin : la Cour constitutionnelle rend sa d\u00e9cision sur la r\u00e9vision de la constitution (int\u00e9gralit\u00e9)"}]},{"@type":"WebSite","@id":"https:\/\/lepatriotebenin.com\/#website","url":"https:\/\/lepatriotebenin.com\/","name":"Le Patriote","description":"Le Patriote B\u00e9nin","potentialAction":[{"@type":"SearchAction","target":{"@type":"EntryPoint","urlTemplate":"https:\/\/lepatriotebenin.com\/?s={search_term_string}"},"query-input":{"@type":"PropertyValueSpecification","valueRequired":true,"valueName":"search_term_string"}}],"inLanguage":"fr-FR"},{"@type":"Person","@id":"https:\/\/lepatriotebenin.com\/#\/schema\/person\/4a9b67216c97d04045e01405c534c91f","name":"Roland AFFANOU","image":{"@type":"ImageObject","inLanguage":"fr-FR","@id":"https:\/\/secure.gravatar.com\/avatar\/7209d3f6d2d47ea4d0c67e14d3effb61feb10ae540a4381280c66265de5bd643?s=96&d=mm&r=g","url":"https:\/\/secure.gravatar.com\/avatar\/7209d3f6d2d47ea4d0c67e14d3effb61feb10ae540a4381280c66265de5bd643?s=96&d=mm&r=g","contentUrl":"https:\/\/secure.gravatar.com\/avatar\/7209d3f6d2d47ea4d0c67e14d3effb61feb10ae540a4381280c66265de5bd643?s=96&d=mm&r=g","caption":"Roland AFFANOU"},"url":"https:\/\/lepatriotebenin.com"}]}},"_links":{"self":[{"href":"https:\/\/lepatriotebenin.com\/index.php\/wp-json\/wp\/v2\/posts\/15893","targetHints":{"allow":["GET"]}}],"collection":[{"href":"https:\/\/lepatriotebenin.com\/index.php\/wp-json\/wp\/v2\/posts"}],"about":[{"href":"https:\/\/lepatriotebenin.com\/index.php\/wp-json\/wp\/v2\/types\/post"}],"author":[{"embeddable":true,"href":"https:\/\/lepatriotebenin.com\/index.php\/wp-json\/wp\/v2\/users\/6"}],"replies":[{"embeddable":true,"href":"https:\/\/lepatriotebenin.com\/index.php\/wp-json\/wp\/v2\/comments?post=15893"}],"version-history":[{"count":1,"href":"https:\/\/lepatriotebenin.com\/index.php\/wp-json\/wp\/v2\/posts\/15893\/revisions"}],"predecessor-version":[{"id":15897,"href":"https:\/\/lepatriotebenin.com\/index.php\/wp-json\/wp\/v2\/posts\/15893\/revisions\/15897"}],"wp:featuredmedia":[{"embeddable":true,"href":"https:\/\/lepatriotebenin.com\/index.php\/wp-json\/wp\/v2\/media\/15896"}],"wp:attachment":[{"href":"https:\/\/lepatriotebenin.com\/index.php\/wp-json\/wp\/v2\/media?parent=15893"}],"wp:term":[{"taxonomy":"category","embeddable":true,"href":"https:\/\/lepatriotebenin.com\/index.php\/wp-json\/wp\/v2\/categories?post=15893"},{"taxonomy":"post_tag","embeddable":true,"href":"https:\/\/lepatriotebenin.com\/index.php\/wp-json\/wp\/v2\/tags?post=15893"}],"curies":[{"name":"wp","href":"https:\/\/api.w.org\/{rel}","templated":true}]}}