{"id":15888,"date":"2025-12-13T05:17:25","date_gmt":"2025-12-13T04:17:25","guid":{"rendered":"https:\/\/lepatriotebenin.com\/?p=15888"},"modified":"2025-12-13T05:17:25","modified_gmt":"2025-12-13T04:17:25","slug":"trafic-illicite-de-migrants-lexpertise-ivoirienne-partagee-a-la-commission-de-lunion-europeenne","status":"publish","type":"post","link":"https:\/\/lepatriotebenin.com\/index.php\/2025\/12\/13\/trafic-illicite-de-migrants-lexpertise-ivoirienne-partagee-a-la-commission-de-lunion-europeenne\/","title":{"rendered":"Trafic illicite de migrants : L\u2019expertise ivoirienne partag\u00e9e \u00e0 la Commission de l\u2019Union Europ\u00e9enne"},"content":{"rendered":"<p><strong>\u00c0 l\u2019invitation de la Commission de l\u2019Union europ\u00e9enne, le Ministre de l\u2019Int\u00e9rieur et de la S\u00e9curit\u00e9, le G\u00e9n\u00e9ral Vagondo DIOMAND\u00c9, a pris part, le mercredi 10 d\u00e9cembre 2025 \u00e0 Bruxelles (Belgique), \u00e0 la Deuxi\u00e8me Conf\u00e9rence internationale de l\u2019Alliance mondiale pour la lutte contre le trafic illicite de migrants.<\/strong><\/p>\n<p>Cette rencontre de haut niveau, \u00e0 laquelle participaient les repr\u00e9sentants des \u00c9tats membres de l\u2019Union europ\u00e9enne, des pays partenaires ainsi que plusieurs organisations internationales, avait pour objectif principal de renforcer la coordination mondiale contre le trafic illicite de migrants, un ph\u00e9nom\u00e8ne aux r\u00e9percussions humaines, sociales et s\u00e9curitaires majeures.<\/p>\n<p><strong>La C\u00f4te d\u2019Ivoire mise en avant pour ses avanc\u00e9es<\/strong><\/p>\n<p>Au nom de Son Excellence Monsieur Alassane OUATTARA, Pr\u00e9sident de la R\u00e9publique de C\u00f4te d\u2019Ivoire, le G\u00e9n\u00e9ral Vagondo DIOMAND\u00c9 a mis \u00e0 profit cette tribune internationale pour pr\u00e9senter les r\u00e9sultats significatifs obtenus par la C\u00f4te d\u2019Ivoire gr\u00e2ce \u00e0 la strat\u00e9gie nationale de lutte contre le trafic illicite de migrants.<\/p>\n<p>Il a rappel\u00e9 les efforts constants men\u00e9s par le gouvernement ivoirien pour prot\u00e9ger les populations, en particulier la jeunesse, contre les r\u00e9seaux criminels exploitant la vuln\u00e9rabilit\u00e9 humaine.<\/p>\n<p>Cette participation s\u2019inscrit dans la continuit\u00e9 du r\u00f4le actif de la C\u00f4te d\u2019Ivoire au sein de l\u2019Alliance mondiale, depuis son lancement en 2023. Lors de la premi\u00e8re conf\u00e9rence du 28 novembre 2023 \u00e0 Bruxelles, le Ministre avait d\u2019ailleurs anim\u00e9 un panel d\u00e9di\u00e9 \u00e0 :<\/p>\n<p>\u00ab La r\u00e9ponse de la C\u00f4te d\u2019Ivoire dans la lutte contre le trafic illicite des migrants \u00bb, soulignant d\u00e9j\u00e0 l\u2019engagement ferme du pays et la pertinence des actions entreprises.<\/p>\n<p><strong>Consolidation de l\u2019action internationale<\/strong><\/p>\n<p>La rencontre du 10 d\u00e9cembre dernier a constitu\u00e9 une \u00e9tape d\u00e9cisive, marqu\u00e9e par la signature d\u2019une D\u00e9claration conjointe conforme au Protocole des Nations Unies contre le trafic illicite de migrants par terre, air et mer.<\/p>\n<p>Cette d\u00e9claration r\u00e9affirme un engagement politique\u00a0 contre le trafic illicite de migrants. Il y&rsquo;a quelques ann\u00e9es la C\u00f4te d\u2019Ivoire \u00e9tait index\u00e9e dans la facilitation du trafic. La prise en main totale et enti\u00e8re de cette probl\u00e9matique au plus haut sommet de l\u2019\u00c9tat a permis de traiter efficacement cette question. Aujourd&rsquo;hui, notre pays est devenu le mod\u00e8le \u00e0 copier et est pr\u00e9sent\u00e9 comme un exemple \u00e0 suivre d\u00e9sormais.<\/p>\n<p>Pour la C\u00f4te d\u2019Ivoire, cette conf\u00e9rence a \u00e9t\u00e9 une occasion de r\u00e9affirmer, aux c\u00f4t\u00e9s des autres pays membres, un message politique clair, coh\u00e9rent et d\u00e9termin\u00e9, fond\u00e9 sur une approche globale et durable de la migration. \u00c0 terme, l\u2019objectif est de d\u00e9manteler efficacement les r\u00e9seaux criminels et de pr\u00e9server les vies humaines menac\u00e9es par ces activit\u00e9s illicites.<\/p>\n<p><strong>Renforcement des partenariats bilat\u00e9raux<\/strong><\/p>\n<p>En marge de la Conf\u00e9rence, le ministre s&rsquo;est entretenu respectivement avec la Directrice Ex\u00e9cutive Afrique du SEAE madame LLOMBART CUSSAC et le Commissaire de la Migratiln Europ\u00e9enne, Magnus Brunner. Des rencontres qui ont permis de consolider les partenariats strat\u00e9giques et op\u00e9rationnels pour une lutte efficiente contre le trafic illicite des migrants.<\/p>\n<p><img fetchpriority=\"high\" decoding=\"async\" class=\"alignnone size-medium wp-image-15891\" src=\"https:\/\/lepatriotebenin.com\/wp-content\/uploads\/2025\/12\/ue-1-ivoire-300x200.jpg\" alt=\"\" width=\"300\" height=\"200\" srcset=\"https:\/\/lepatriotebenin.com\/wp-content\/uploads\/2025\/12\/ue-1-ivoire-300x200.jpg 300w, https:\/\/lepatriotebenin.com\/wp-content\/uploads\/2025\/12\/ue-1-ivoire-768x512.jpg 768w, https:\/\/lepatriotebenin.com\/wp-content\/uploads\/2025\/12\/ue-1-ivoire-585x390.jpg 585w, https:\/\/lepatriotebenin.com\/wp-content\/uploads\/2025\/12\/ue-1-ivoire-263x175.jpg 263w, https:\/\/lepatriotebenin.com\/wp-content\/uploads\/2025\/12\/ue-1-ivoire.jpg 1024w\" sizes=\"(max-width: 300px) 100vw, 300px\" \/><\/p>\n","protected":false},"excerpt":{"rendered":"<p>\u00c0 l\u2019invitation de la Commission de l\u2019Union europ\u00e9enne, le Ministre de l\u2019Int\u00e9rieur et de la S\u00e9curit\u00e9, le G\u00e9n\u00e9ral Vagondo DIOMAND\u00c9, a pris part, le mercredi 10 d\u00e9cembre 2025 \u00e0 Bruxelles&hellip;<\/p>\n","protected":false},"author":5,"featured_media":15889,"comment_status":"open","ping_status":"open","sticky":false,"template":"","format":"standard","meta":{"content-type":"","om_disable_all_campaigns":false,"_monsterinsights_skip_tracking":false,"_monsterinsights_sitenote_active":false,"_monsterinsights_sitenote_note":"","_monsterinsights_sitenote_category":0,"_uf_show_specific_survey":0,"_uf_disable_surveys":false,"footnotes":""},"categories":[20],"tags":[],"class_list":["post-15888","post","type-post","status-publish","format-standard","has-post-thumbnail","hentry","category-societe"],"aioseo_notices":[],"yoast_head":"<!-- This site is optimized with the Yoast SEO plugin v27.5 - https:\/\/yoast.com\/product\/yoast-seo-wordpress\/ -->\n<title>Trafic illicite de migrants : L\u2019expertise ivoirienne partag\u00e9e \u00e0 la Commission de l\u2019Union Europ\u00e9enne - Le Patriote<\/title>\n<meta name=\"robots\" content=\"index, follow, max-snippet:-1, max-image-preview:large, max-video-preview:-1\" \/>\n<link rel=\"canonical\" href=\"https:\/\/lepatriotebenin.com\/index.php\/2025\/12\/13\/trafic-illicite-de-migrants-lexpertise-ivoirienne-partagee-a-la-commission-de-lunion-europeenne\/\" \/>\n<meta property=\"og:locale\" content=\"fr_FR\" \/>\n<meta property=\"og:type\" content=\"article\" \/>\n<meta property=\"og:title\" content=\"Trafic illicite de migrants : L\u2019expertise ivoirienne partag\u00e9e \u00e0 la Commission de l\u2019Union Europ\u00e9enne - Le Patriote\" \/>\n<meta property=\"og:description\" content=\"\u00c0 l\u2019invitation de la Commission de l\u2019Union europ\u00e9enne, le Ministre de l\u2019Int\u00e9rieur et de la S\u00e9curit\u00e9, le G\u00e9n\u00e9ral Vagondo DIOMAND\u00c9, a pris part, le mercredi 10 d\u00e9cembre 2025 \u00e0 Bruxelles&hellip;\" \/>\n<meta property=\"og:url\" content=\"https:\/\/lepatriotebenin.com\/index.php\/2025\/12\/13\/trafic-illicite-de-migrants-lexpertise-ivoirienne-partagee-a-la-commission-de-lunion-europeenne\/\" \/>\n<meta property=\"og:site_name\" content=\"Le Patriote\" \/>\n<meta property=\"article:published_time\" content=\"2025-12-13T04:17:25+00:00\" \/>\n<meta property=\"og:image\" content=\"https:\/\/lepatriotebenin.com\/wp-content\/uploads\/2025\/12\/ue-ivoire.jpg\" \/>\n\t<meta property=\"og:image:width\" content=\"1536\" \/>\n\t<meta property=\"og:image:height\" content=\"1024\" \/>\n\t<meta property=\"og:image:type\" content=\"image\/jpeg\" \/>\n<meta name=\"author\" content=\"Redaction\" \/>\n<meta name=\"twitter:card\" content=\"summary_large_image\" \/>\n<meta name=\"twitter:label1\" content=\"\u00c9crit par\" \/>\n\t<meta name=\"twitter:data1\" content=\"Redaction\" \/>\n\t<meta name=\"twitter:label2\" content=\"Dur\u00e9e de lecture estim\u00e9e\" \/>\n\t<meta name=\"twitter:data2\" content=\"3 minutes\" \/>\n<script type=\"application\/ld+json\" class=\"yoast-schema-graph\">{\"@context\":\"https:\\\/\\\/schema.org\",\"@graph\":[{\"@type\":\"Article\",\"@id\":\"https:\\\/\\\/lepatriotebenin.com\\\/index.php\\\/2025\\\/12\\\/13\\\/trafic-illicite-de-migrants-lexpertise-ivoirienne-partagee-a-la-commission-de-lunion-europeenne\\\/#article\",\"isPartOf\":{\"@id\":\"https:\\\/\\\/lepatriotebenin.com\\\/index.php\\\/2025\\\/12\\\/13\\\/trafic-illicite-de-migrants-lexpertise-ivoirienne-partagee-a-la-commission-de-lunion-europeenne\\\/\"},\"author\":{\"name\":\"Redaction\",\"@id\":\"https:\\\/\\\/lepatriotebenin.com\\\/#\\\/schema\\\/person\\\/2e7709b9c9cc313e452d1136af61690f\"},\"headline\":\"Trafic illicite de migrants : L\u2019expertise ivoirienne partag\u00e9e \u00e0 la Commission de l\u2019Union Europ\u00e9enne\",\"datePublished\":\"2025-12-13T04:17:25+00:00\",\"mainEntityOfPage\":{\"@id\":\"https:\\\/\\\/lepatriotebenin.com\\\/index.php\\\/2025\\\/12\\\/13\\\/trafic-illicite-de-migrants-lexpertise-ivoirienne-partagee-a-la-commission-de-lunion-europeenne\\\/\"},\"wordCount\":560,\"commentCount\":0,\"image\":{\"@id\":\"https:\\\/\\\/lepatriotebenin.com\\\/index.php\\\/2025\\\/12\\\/13\\\/trafic-illicite-de-migrants-lexpertise-ivoirienne-partagee-a-la-commission-de-lunion-europeenne\\\/#primaryimage\"},\"thumbnailUrl\":\"https:\\\/\\\/lepatriotebenin.com\\\/wp-content\\\/uploads\\\/2025\\\/12\\\/ue-ivoire.jpg\",\"articleSection\":[\"Soci\u00e9t\u00e9\"],\"inLanguage\":\"fr-FR\",\"potentialAction\":[{\"@type\":\"CommentAction\",\"name\":\"Comment\",\"target\":[\"https:\\\/\\\/lepatriotebenin.com\\\/index.php\\\/2025\\\/12\\\/13\\\/trafic-illicite-de-migrants-lexpertise-ivoirienne-partagee-a-la-commission-de-lunion-europeenne\\\/#respond\"]}]},{\"@type\":\"WebPage\",\"@id\":\"https:\\\/\\\/lepatriotebenin.com\\\/index.php\\\/2025\\\/12\\\/13\\\/trafic-illicite-de-migrants-lexpertise-ivoirienne-partagee-a-la-commission-de-lunion-europeenne\\\/\",\"url\":\"https:\\\/\\\/lepatriotebenin.com\\\/index.php\\\/2025\\\/12\\\/13\\\/trafic-illicite-de-migrants-lexpertise-ivoirienne-partagee-a-la-commission-de-lunion-europeenne\\\/\",\"name\":\"Trafic illicite de migrants : L\u2019expertise ivoirienne partag\u00e9e \u00e0 la Commission de l\u2019Union Europ\u00e9enne - Le Patriote\",\"isPartOf\":{\"@id\":\"https:\\\/\\\/lepatriotebenin.com\\\/#website\"},\"primaryImageOfPage\":{\"@id\":\"https:\\\/\\\/lepatriotebenin.com\\\/index.php\\\/2025\\\/12\\\/13\\\/trafic-illicite-de-migrants-lexpertise-ivoirienne-partagee-a-la-commission-de-lunion-europeenne\\\/#primaryimage\"},\"image\":{\"@id\":\"https:\\\/\\\/lepatriotebenin.com\\\/index.php\\\/2025\\\/12\\\/13\\\/trafic-illicite-de-migrants-lexpertise-ivoirienne-partagee-a-la-commission-de-lunion-europeenne\\\/#primaryimage\"},\"thumbnailUrl\":\"https:\\\/\\\/lepatriotebenin.com\\\/wp-content\\\/uploads\\\/2025\\\/12\\\/ue-ivoire.jpg\",\"datePublished\":\"2025-12-13T04:17:25+00:00\",\"author\":{\"@id\":\"https:\\\/\\\/lepatriotebenin.com\\\/#\\\/schema\\\/person\\\/2e7709b9c9cc313e452d1136af61690f\"},\"breadcrumb\":{\"@id\":\"https:\\\/\\\/lepatriotebenin.com\\\/index.php\\\/2025\\\/12\\\/13\\\/trafic-illicite-de-migrants-lexpertise-ivoirienne-partagee-a-la-commission-de-lunion-europeenne\\\/#breadcrumb\"},\"inLanguage\":\"fr-FR\",\"potentialAction\":[{\"@type\":\"ReadAction\",\"target\":[\"https:\\\/\\\/lepatriotebenin.com\\\/index.php\\\/2025\\\/12\\\/13\\\/trafic-illicite-de-migrants-lexpertise-ivoirienne-partagee-a-la-commission-de-lunion-europeenne\\\/\"]}]},{\"@type\":\"ImageObject\",\"inLanguage\":\"fr-FR\",\"@id\":\"https:\\\/\\\/lepatriotebenin.com\\\/index.php\\\/2025\\\/12\\\/13\\\/trafic-illicite-de-migrants-lexpertise-ivoirienne-partagee-a-la-commission-de-lunion-europeenne\\\/#primaryimage\",\"url\":\"https:\\\/\\\/lepatriotebenin.com\\\/wp-content\\\/uploads\\\/2025\\\/12\\\/ue-ivoire.jpg\",\"contentUrl\":\"https:\\\/\\\/lepatriotebenin.com\\\/wp-content\\\/uploads\\\/2025\\\/12\\\/ue-ivoire.jpg\",\"width\":1536,\"height\":1024},{\"@type\":\"BreadcrumbList\",\"@id\":\"https:\\\/\\\/lepatriotebenin.com\\\/index.php\\\/2025\\\/12\\\/13\\\/trafic-illicite-de-migrants-lexpertise-ivoirienne-partagee-a-la-commission-de-lunion-europeenne\\\/#breadcrumb\",\"itemListElement\":[{\"@type\":\"ListItem\",\"position\":1,\"name\":\"Accueil\",\"item\":\"https:\\\/\\\/lepatriotebenin.com\\\/\"},{\"@type\":\"ListItem\",\"position\":2,\"name\":\"Trafic illicite de migrants : L\u2019expertise ivoirienne partag\u00e9e \u00e0 la Commission de l\u2019Union Europ\u00e9enne\"}]},{\"@type\":\"WebSite\",\"@id\":\"https:\\\/\\\/lepatriotebenin.com\\\/#website\",\"url\":\"https:\\\/\\\/lepatriotebenin.com\\\/\",\"name\":\"Le Patriote\",\"description\":\"Le Patriote B\u00e9nin\",\"potentialAction\":[{\"@type\":\"SearchAction\",\"target\":{\"@type\":\"EntryPoint\",\"urlTemplate\":\"https:\\\/\\\/lepatriotebenin.com\\\/?s={search_term_string}\"},\"query-input\":{\"@type\":\"PropertyValueSpecification\",\"valueRequired\":true,\"valueName\":\"search_term_string\"}}],\"inLanguage\":\"fr-FR\"},{\"@type\":\"Person\",\"@id\":\"https:\\\/\\\/lepatriotebenin.com\\\/#\\\/schema\\\/person\\\/2e7709b9c9cc313e452d1136af61690f\",\"name\":\"Redaction\",\"image\":{\"@type\":\"ImageObject\",\"inLanguage\":\"fr-FR\",\"@id\":\"https:\\\/\\\/secure.gravatar.com\\\/avatar\\\/c4c509357859ea2ca2cbb6d8812898a73e4ef1ef9934c2e591d7e32face734d1?s=96&d=mm&r=g\",\"url\":\"https:\\\/\\\/secure.gravatar.com\\\/avatar\\\/c4c509357859ea2ca2cbb6d8812898a73e4ef1ef9934c2e591d7e32face734d1?s=96&d=mm&r=g\",\"contentUrl\":\"https:\\\/\\\/secure.gravatar.com\\\/avatar\\\/c4c509357859ea2ca2cbb6d8812898a73e4ef1ef9934c2e591d7e32face734d1?s=96&d=mm&r=g\",\"caption\":\"Redaction\"},\"url\":\"https:\\\/\\\/lepatriotebenin.com\"}]}<\/script>\n<!-- \/ Yoast SEO plugin. -->","yoast_head_json":{"title":"Trafic illicite de migrants : L\u2019expertise ivoirienne partag\u00e9e \u00e0 la Commission de l\u2019Union Europ\u00e9enne - Le Patriote","robots":{"index":"index","follow":"follow","max-snippet":"max-snippet:-1","max-image-preview":"max-image-preview:large","max-video-preview":"max-video-preview:-1"},"canonical":"https:\/\/lepatriotebenin.com\/index.php\/2025\/12\/13\/trafic-illicite-de-migrants-lexpertise-ivoirienne-partagee-a-la-commission-de-lunion-europeenne\/","og_locale":"fr_FR","og_type":"article","og_title":"Trafic illicite de migrants : L\u2019expertise ivoirienne partag\u00e9e \u00e0 la Commission de l\u2019Union Europ\u00e9enne - Le Patriote","og_description":"\u00c0 l\u2019invitation de la Commission de l\u2019Union europ\u00e9enne, le Ministre de l\u2019Int\u00e9rieur et de la S\u00e9curit\u00e9, le G\u00e9n\u00e9ral Vagondo DIOMAND\u00c9, a pris part, le mercredi 10 d\u00e9cembre 2025 \u00e0 Bruxelles&hellip;","og_url":"https:\/\/lepatriotebenin.com\/index.php\/2025\/12\/13\/trafic-illicite-de-migrants-lexpertise-ivoirienne-partagee-a-la-commission-de-lunion-europeenne\/","og_site_name":"Le Patriote","article_published_time":"2025-12-13T04:17:25+00:00","og_image":[{"width":1536,"height":1024,"url":"https:\/\/lepatriotebenin.com\/wp-content\/uploads\/2025\/12\/ue-ivoire.jpg","type":"image\/jpeg"}],"author":"Redaction","twitter_card":"summary_large_image","twitter_misc":{"\u00c9crit par":"Redaction","Dur\u00e9e de lecture estim\u00e9e":"3 minutes"},"schema":{"@context":"https:\/\/schema.org","@graph":[{"@type":"Article","@id":"https:\/\/lepatriotebenin.com\/index.php\/2025\/12\/13\/trafic-illicite-de-migrants-lexpertise-ivoirienne-partagee-a-la-commission-de-lunion-europeenne\/#article","isPartOf":{"@id":"https:\/\/lepatriotebenin.com\/index.php\/2025\/12\/13\/trafic-illicite-de-migrants-lexpertise-ivoirienne-partagee-a-la-commission-de-lunion-europeenne\/"},"author":{"name":"Redaction","@id":"https:\/\/lepatriotebenin.com\/#\/schema\/person\/2e7709b9c9cc313e452d1136af61690f"},"headline":"Trafic illicite de migrants : L\u2019expertise ivoirienne partag\u00e9e \u00e0 la Commission de l\u2019Union Europ\u00e9enne","datePublished":"2025-12-13T04:17:25+00:00","mainEntityOfPage":{"@id":"https:\/\/lepatriotebenin.com\/index.php\/2025\/12\/13\/trafic-illicite-de-migrants-lexpertise-ivoirienne-partagee-a-la-commission-de-lunion-europeenne\/"},"wordCount":560,"commentCount":0,"image":{"@id":"https:\/\/lepatriotebenin.com\/index.php\/2025\/12\/13\/trafic-illicite-de-migrants-lexpertise-ivoirienne-partagee-a-la-commission-de-lunion-europeenne\/#primaryimage"},"thumbnailUrl":"https:\/\/lepatriotebenin.com\/wp-content\/uploads\/2025\/12\/ue-ivoire.jpg","articleSection":["Soci\u00e9t\u00e9"],"inLanguage":"fr-FR","potentialAction":[{"@type":"CommentAction","name":"Comment","target":["https:\/\/lepatriotebenin.com\/index.php\/2025\/12\/13\/trafic-illicite-de-migrants-lexpertise-ivoirienne-partagee-a-la-commission-de-lunion-europeenne\/#respond"]}]},{"@type":"WebPage","@id":"https:\/\/lepatriotebenin.com\/index.php\/2025\/12\/13\/trafic-illicite-de-migrants-lexpertise-ivoirienne-partagee-a-la-commission-de-lunion-europeenne\/","url":"https:\/\/lepatriotebenin.com\/index.php\/2025\/12\/13\/trafic-illicite-de-migrants-lexpertise-ivoirienne-partagee-a-la-commission-de-lunion-europeenne\/","name":"Trafic illicite de migrants : L\u2019expertise ivoirienne partag\u00e9e \u00e0 la Commission de l\u2019Union Europ\u00e9enne - Le Patriote","isPartOf":{"@id":"https:\/\/lepatriotebenin.com\/#website"},"primaryImageOfPage":{"@id":"https:\/\/lepatriotebenin.com\/index.php\/2025\/12\/13\/trafic-illicite-de-migrants-lexpertise-ivoirienne-partagee-a-la-commission-de-lunion-europeenne\/#primaryimage"},"image":{"@id":"https:\/\/lepatriotebenin.com\/index.php\/2025\/12\/13\/trafic-illicite-de-migrants-lexpertise-ivoirienne-partagee-a-la-commission-de-lunion-europeenne\/#primaryimage"},"thumbnailUrl":"https:\/\/lepatriotebenin.com\/wp-content\/uploads\/2025\/12\/ue-ivoire.jpg","datePublished":"2025-12-13T04:17:25+00:00","author":{"@id":"https:\/\/lepatriotebenin.com\/#\/schema\/person\/2e7709b9c9cc313e452d1136af61690f"},"breadcrumb":{"@id":"https:\/\/lepatriotebenin.com\/index.php\/2025\/12\/13\/trafic-illicite-de-migrants-lexpertise-ivoirienne-partagee-a-la-commission-de-lunion-europeenne\/#breadcrumb"},"inLanguage":"fr-FR","potentialAction":[{"@type":"ReadAction","target":["https:\/\/lepatriotebenin.com\/index.php\/2025\/12\/13\/trafic-illicite-de-migrants-lexpertise-ivoirienne-partagee-a-la-commission-de-lunion-europeenne\/"]}]},{"@type":"ImageObject","inLanguage":"fr-FR","@id":"https:\/\/lepatriotebenin.com\/index.php\/2025\/12\/13\/trafic-illicite-de-migrants-lexpertise-ivoirienne-partagee-a-la-commission-de-lunion-europeenne\/#primaryimage","url":"https:\/\/lepatriotebenin.com\/wp-content\/uploads\/2025\/12\/ue-ivoire.jpg","contentUrl":"https:\/\/lepatriotebenin.com\/wp-content\/uploads\/2025\/12\/ue-ivoire.jpg","width":1536,"height":1024},{"@type":"BreadcrumbList","@id":"https:\/\/lepatriotebenin.com\/index.php\/2025\/12\/13\/trafic-illicite-de-migrants-lexpertise-ivoirienne-partagee-a-la-commission-de-lunion-europeenne\/#breadcrumb","itemListElement":[{"@type":"ListItem","position":1,"name":"Accueil","item":"https:\/\/lepatriotebenin.com\/"},{"@type":"ListItem","position":2,"name":"Trafic illicite de migrants : L\u2019expertise ivoirienne partag\u00e9e \u00e0 la Commission de l\u2019Union Europ\u00e9enne"}]},{"@type":"WebSite","@id":"https:\/\/lepatriotebenin.com\/#website","url":"https:\/\/lepatriotebenin.com\/","name":"Le Patriote","description":"Le Patriote B\u00e9nin","potentialAction":[{"@type":"SearchAction","target":{"@type":"EntryPoint","urlTemplate":"https:\/\/lepatriotebenin.com\/?s={search_term_string}"},"query-input":{"@type":"PropertyValueSpecification","valueRequired":true,"valueName":"search_term_string"}}],"inLanguage":"fr-FR"},{"@type":"Person","@id":"https:\/\/lepatriotebenin.com\/#\/schema\/person\/2e7709b9c9cc313e452d1136af61690f","name":"Redaction","image":{"@type":"ImageObject","inLanguage":"fr-FR","@id":"https:\/\/secure.gravatar.com\/avatar\/c4c509357859ea2ca2cbb6d8812898a73e4ef1ef9934c2e591d7e32face734d1?s=96&d=mm&r=g","url":"https:\/\/secure.gravatar.com\/avatar\/c4c509357859ea2ca2cbb6d8812898a73e4ef1ef9934c2e591d7e32face734d1?s=96&d=mm&r=g","contentUrl":"https:\/\/secure.gravatar.com\/avatar\/c4c509357859ea2ca2cbb6d8812898a73e4ef1ef9934c2e591d7e32face734d1?s=96&d=mm&r=g","caption":"Redaction"},"url":"https:\/\/lepatriotebenin.com"}]}},"_links":{"self":[{"href":"https:\/\/lepatriotebenin.com\/index.php\/wp-json\/wp\/v2\/posts\/15888","targetHints":{"allow":["GET"]}}],"collection":[{"href":"https:\/\/lepatriotebenin.com\/index.php\/wp-json\/wp\/v2\/posts"}],"about":[{"href":"https:\/\/lepatriotebenin.com\/index.php\/wp-json\/wp\/v2\/types\/post"}],"author":[{"embeddable":true,"href":"https:\/\/lepatriotebenin.com\/index.php\/wp-json\/wp\/v2\/users\/5"}],"replies":[{"embeddable":true,"href":"https:\/\/lepatriotebenin.com\/index.php\/wp-json\/wp\/v2\/comments?post=15888"}],"version-history":[{"count":1,"href":"https:\/\/lepatriotebenin.com\/index.php\/wp-json\/wp\/v2\/posts\/15888\/revisions"}],"predecessor-version":[{"id":15892,"href":"https:\/\/lepatriotebenin.com\/index.php\/wp-json\/wp\/v2\/posts\/15888\/revisions\/15892"}],"wp:featuredmedia":[{"embeddable":true,"href":"https:\/\/lepatriotebenin.com\/index.php\/wp-json\/wp\/v2\/media\/15889"}],"wp:attachment":[{"href":"https:\/\/lepatriotebenin.com\/index.php\/wp-json\/wp\/v2\/media?parent=15888"}],"wp:term":[{"taxonomy":"category","embeddable":true,"href":"https:\/\/lepatriotebenin.com\/index.php\/wp-json\/wp\/v2\/categories?post=15888"},{"taxonomy":"post_tag","embeddable":true,"href":"https:\/\/lepatriotebenin.com\/index.php\/wp-json\/wp\/v2\/tags?post=15888"}],"curies":[{"name":"wp","href":"https:\/\/api.w.org\/{rel}","templated":true}]}}