{"id":15883,"date":"2025-12-12T23:39:55","date_gmt":"2025-12-12T22:39:55","guid":{"rendered":"https:\/\/lepatriotebenin.com\/?p=15883"},"modified":"2025-12-12T23:42:10","modified_gmt":"2025-12-12T22:42:10","slug":"masa-marche-2026-60-artistes-et-groupes-artistiques-retenus","status":"publish","type":"post","link":"https:\/\/lepatriotebenin.com\/index.php\/2025\/12\/12\/masa-marche-2026-60-artistes-et-groupes-artistiques-retenus\/","title":{"rendered":"MASA MARCH\u00c9 2026 : 60 artistes et groupes artistiques retenus"},"content":{"rendered":"<p><strong>(Le\u00a0 B\u00e9nin pr\u00e9sent \u00a0en danse contemporaine, humour, slam et th\u00e9\u00e2tre ) <\/strong><\/p>\n<p>Du 11 au 18 avril 2026 \u00e0 Abidjan en C\u00f4te d\u2019Ivoire, \u00a0il y aura lieu la 14 \u00e8 \u00e9dition du MASA. Cette 14<sup>\u00e8me<\/sup> \u00e9dition est plac\u00e9e sous le th\u00e8me\u00a0: <strong>\u00ab Arts du spectacle en Afrique, outil d\u2019int\u00e9gration \u00e9conomique et sociale \u00bb.1 866<\/strong> dossiers de candidature provenant de 51 pays ont \u00e9t\u00e9 enregistr\u00e9s via la plateforme officielle du MASA March\u00e9.<\/p>\n<p>L\u2019examen des dossiers de candidature par les 23 membres du Comit\u00e9 Artistique International (CAI) du MASA, du <strong>3 au 5 d\u00e9cembre 2025,<\/strong> leur ont permis de s\u00e9lectionner un total de 60 artistes et groupes artistiques provenant de de 28 pays, r\u00e9partis comme suit : <strong>1 en Arts de la rue ; 03 en Cirque ; 04 en Conte ; 09 en Danse contemporaine ; 01 en Danse patrimoniale ;02 en Danse urbaine ; 06 en Humour ;01 en Jeune public ; 02 en Marionnettes ;16 en Musique ; 07 en Slam et 08 en Th\u00e9\u00e2tre.<\/strong><\/p>\n<p>Le \u00a0B\u00e9nin sera repr\u00e9sent\u00e9\u00a0 au MASA March\u00e9 2026 par <strong>Carmelita Siwa\u00a0 <\/strong>en\u00a0 cat\u00e9gorie<strong> danse contemporaine, Yannick Kenneth <\/strong>dans la cat\u00e9gorie<strong> humour, \u00a0en Slam <\/strong>par <strong>Harmonie <\/strong>et en<strong> th\u00e9\u00e2tre <\/strong>par<strong> Cie Wani-Ayo . <\/strong>Voici \u00a0la liste des compagnies et troupes artistiques s\u00e9lectionn\u00e9es, Masa march\u00e9 2026<\/p>\n<p><a href=\"https:\/\/lepatriotebenin.com\/wp-content\/uploads\/2025\/12\/masamarches.pdf\">-MASAMARCHES<\/a><\/p>\n<p>&nbsp;<\/p>\n","protected":false},"excerpt":{"rendered":"<p>(Le\u00a0 B\u00e9nin pr\u00e9sent \u00a0en danse contemporaine, humour, slam et th\u00e9\u00e2tre ) Du 11 au 18 avril 2026 \u00e0 Abidjan en C\u00f4te d\u2019Ivoire, \u00a0il y aura lieu la 14 \u00e8 \u00e9dition&hellip;<\/p>\n","protected":false},"author":6,"featured_media":15885,"comment_status":"open","ping_status":"open","sticky":false,"template":"","format":"standard","meta":{"content-type":"","om_disable_all_campaigns":false,"_monsterinsights_skip_tracking":false,"_monsterinsights_sitenote_active":false,"_monsterinsights_sitenote_note":"","_monsterinsights_sitenote_category":0,"_uf_show_specific_survey":0,"_uf_disable_surveys":false,"footnotes":""},"categories":[29],"tags":[],"class_list":["post-15883","post","type-post","status-publish","format-standard","has-post-thumbnail","hentry","category-culture"],"aioseo_notices":[],"yoast_head":"<!-- This site is optimized with the Yoast SEO plugin v27.5 - https:\/\/yoast.com\/product\/yoast-seo-wordpress\/ -->\n<title>MASA MARCH\u00c9 2026 : 60 artistes et groupes artistiques retenus - Le Patriote<\/title>\n<meta name=\"robots\" content=\"index, follow, max-snippet:-1, max-image-preview:large, max-video-preview:-1\" \/>\n<link rel=\"canonical\" href=\"https:\/\/lepatriotebenin.com\/index.php\/2025\/12\/12\/masa-marche-2026-60-artistes-et-groupes-artistiques-retenus\/\" \/>\n<meta property=\"og:locale\" content=\"fr_FR\" \/>\n<meta property=\"og:type\" content=\"article\" \/>\n<meta property=\"og:title\" content=\"MASA MARCH\u00c9 2026 : 60 artistes et groupes artistiques retenus - Le Patriote\" \/>\n<meta property=\"og:description\" content=\"(Le\u00a0 B\u00e9nin pr\u00e9sent \u00a0en danse contemporaine, humour, slam et th\u00e9\u00e2tre ) Du 11 au 18 avril 2026 \u00e0 Abidjan en C\u00f4te d\u2019Ivoire, \u00a0il y aura lieu la 14 \u00e8 \u00e9dition&hellip;\" \/>\n<meta property=\"og:url\" content=\"https:\/\/lepatriotebenin.com\/index.php\/2025\/12\/12\/masa-marche-2026-60-artistes-et-groupes-artistiques-retenus\/\" \/>\n<meta property=\"og:site_name\" content=\"Le Patriote\" \/>\n<meta property=\"article:published_time\" content=\"2025-12-12T22:39:55+00:00\" \/>\n<meta property=\"article:modified_time\" content=\"2025-12-12T22:42:10+00:00\" \/>\n<meta property=\"og:image\" content=\"https:\/\/lepatriotebenin.com\/wp-content\/uploads\/2025\/12\/directeur-de-masa.jpeg\" \/>\n\t<meta property=\"og:image:width\" content=\"2048\" \/>\n\t<meta property=\"og:image:height\" content=\"1479\" \/>\n\t<meta property=\"og:image:type\" content=\"image\/jpeg\" \/>\n<meta name=\"author\" content=\"Roland AFFANOU\" \/>\n<meta name=\"twitter:card\" content=\"summary_large_image\" \/>\n<meta name=\"twitter:label1\" content=\"\u00c9crit par\" \/>\n\t<meta name=\"twitter:data1\" content=\"Roland AFFANOU\" \/>\n\t<meta name=\"twitter:label2\" content=\"Dur\u00e9e de lecture estim\u00e9e\" \/>\n\t<meta name=\"twitter:data2\" content=\"2 minutes\" \/>\n<script type=\"application\/ld+json\" class=\"yoast-schema-graph\">{\"@context\":\"https:\\\/\\\/schema.org\",\"@graph\":[{\"@type\":\"Article\",\"@id\":\"https:\\\/\\\/lepatriotebenin.com\\\/index.php\\\/2025\\\/12\\\/12\\\/masa-marche-2026-60-artistes-et-groupes-artistiques-retenus\\\/#article\",\"isPartOf\":{\"@id\":\"https:\\\/\\\/lepatriotebenin.com\\\/index.php\\\/2025\\\/12\\\/12\\\/masa-marche-2026-60-artistes-et-groupes-artistiques-retenus\\\/\"},\"author\":{\"name\":\"Roland AFFANOU\",\"@id\":\"https:\\\/\\\/lepatriotebenin.com\\\/#\\\/schema\\\/person\\\/4a9b67216c97d04045e01405c534c91f\"},\"headline\":\"MASA MARCH\u00c9 2026 : 60 artistes et groupes artistiques retenus\",\"datePublished\":\"2025-12-12T22:39:55+00:00\",\"dateModified\":\"2025-12-12T22:42:10+00:00\",\"mainEntityOfPage\":{\"@id\":\"https:\\\/\\\/lepatriotebenin.com\\\/index.php\\\/2025\\\/12\\\/12\\\/masa-marche-2026-60-artistes-et-groupes-artistiques-retenus\\\/\"},\"wordCount\":200,\"commentCount\":0,\"image\":{\"@id\":\"https:\\\/\\\/lepatriotebenin.com\\\/index.php\\\/2025\\\/12\\\/12\\\/masa-marche-2026-60-artistes-et-groupes-artistiques-retenus\\\/#primaryimage\"},\"thumbnailUrl\":\"https:\\\/\\\/lepatriotebenin.com\\\/wp-content\\\/uploads\\\/2025\\\/12\\\/directeur-de-masa.jpeg\",\"articleSection\":[\"Culture\"],\"inLanguage\":\"fr-FR\",\"potentialAction\":[{\"@type\":\"CommentAction\",\"name\":\"Comment\",\"target\":[\"https:\\\/\\\/lepatriotebenin.com\\\/index.php\\\/2025\\\/12\\\/12\\\/masa-marche-2026-60-artistes-et-groupes-artistiques-retenus\\\/#respond\"]}]},{\"@type\":\"WebPage\",\"@id\":\"https:\\\/\\\/lepatriotebenin.com\\\/index.php\\\/2025\\\/12\\\/12\\\/masa-marche-2026-60-artistes-et-groupes-artistiques-retenus\\\/\",\"url\":\"https:\\\/\\\/lepatriotebenin.com\\\/index.php\\\/2025\\\/12\\\/12\\\/masa-marche-2026-60-artistes-et-groupes-artistiques-retenus\\\/\",\"name\":\"MASA MARCH\u00c9 2026 : 60 artistes et groupes artistiques retenus - Le Patriote\",\"isPartOf\":{\"@id\":\"https:\\\/\\\/lepatriotebenin.com\\\/#website\"},\"primaryImageOfPage\":{\"@id\":\"https:\\\/\\\/lepatriotebenin.com\\\/index.php\\\/2025\\\/12\\\/12\\\/masa-marche-2026-60-artistes-et-groupes-artistiques-retenus\\\/#primaryimage\"},\"image\":{\"@id\":\"https:\\\/\\\/lepatriotebenin.com\\\/index.php\\\/2025\\\/12\\\/12\\\/masa-marche-2026-60-artistes-et-groupes-artistiques-retenus\\\/#primaryimage\"},\"thumbnailUrl\":\"https:\\\/\\\/lepatriotebenin.com\\\/wp-content\\\/uploads\\\/2025\\\/12\\\/directeur-de-masa.jpeg\",\"datePublished\":\"2025-12-12T22:39:55+00:00\",\"dateModified\":\"2025-12-12T22:42:10+00:00\",\"author\":{\"@id\":\"https:\\\/\\\/lepatriotebenin.com\\\/#\\\/schema\\\/person\\\/4a9b67216c97d04045e01405c534c91f\"},\"breadcrumb\":{\"@id\":\"https:\\\/\\\/lepatriotebenin.com\\\/index.php\\\/2025\\\/12\\\/12\\\/masa-marche-2026-60-artistes-et-groupes-artistiques-retenus\\\/#breadcrumb\"},\"inLanguage\":\"fr-FR\",\"potentialAction\":[{\"@type\":\"ReadAction\",\"target\":[\"https:\\\/\\\/lepatriotebenin.com\\\/index.php\\\/2025\\\/12\\\/12\\\/masa-marche-2026-60-artistes-et-groupes-artistiques-retenus\\\/\"]}]},{\"@type\":\"ImageObject\",\"inLanguage\":\"fr-FR\",\"@id\":\"https:\\\/\\\/lepatriotebenin.com\\\/index.php\\\/2025\\\/12\\\/12\\\/masa-marche-2026-60-artistes-et-groupes-artistiques-retenus\\\/#primaryimage\",\"url\":\"https:\\\/\\\/lepatriotebenin.com\\\/wp-content\\\/uploads\\\/2025\\\/12\\\/directeur-de-masa.jpeg\",\"contentUrl\":\"https:\\\/\\\/lepatriotebenin.com\\\/wp-content\\\/uploads\\\/2025\\\/12\\\/directeur-de-masa.jpeg\",\"width\":2048,\"height\":1479},{\"@type\":\"BreadcrumbList\",\"@id\":\"https:\\\/\\\/lepatriotebenin.com\\\/index.php\\\/2025\\\/12\\\/12\\\/masa-marche-2026-60-artistes-et-groupes-artistiques-retenus\\\/#breadcrumb\",\"itemListElement\":[{\"@type\":\"ListItem\",\"position\":1,\"name\":\"Accueil\",\"item\":\"https:\\\/\\\/lepatriotebenin.com\\\/\"},{\"@type\":\"ListItem\",\"position\":2,\"name\":\"MASA MARCH\u00c9 2026 : 60 artistes et groupes artistiques retenus\"}]},{\"@type\":\"WebSite\",\"@id\":\"https:\\\/\\\/lepatriotebenin.com\\\/#website\",\"url\":\"https:\\\/\\\/lepatriotebenin.com\\\/\",\"name\":\"Le Patriote\",\"description\":\"Le Patriote B\u00e9nin\",\"potentialAction\":[{\"@type\":\"SearchAction\",\"target\":{\"@type\":\"EntryPoint\",\"urlTemplate\":\"https:\\\/\\\/lepatriotebenin.com\\\/?s={search_term_string}\"},\"query-input\":{\"@type\":\"PropertyValueSpecification\",\"valueRequired\":true,\"valueName\":\"search_term_string\"}}],\"inLanguage\":\"fr-FR\"},{\"@type\":\"Person\",\"@id\":\"https:\\\/\\\/lepatriotebenin.com\\\/#\\\/schema\\\/person\\\/4a9b67216c97d04045e01405c534c91f\",\"name\":\"Roland AFFANOU\",\"image\":{\"@type\":\"ImageObject\",\"inLanguage\":\"fr-FR\",\"@id\":\"https:\\\/\\\/secure.gravatar.com\\\/avatar\\\/7209d3f6d2d47ea4d0c67e14d3effb61feb10ae540a4381280c66265de5bd643?s=96&d=mm&r=g\",\"url\":\"https:\\\/\\\/secure.gravatar.com\\\/avatar\\\/7209d3f6d2d47ea4d0c67e14d3effb61feb10ae540a4381280c66265de5bd643?s=96&d=mm&r=g\",\"contentUrl\":\"https:\\\/\\\/secure.gravatar.com\\\/avatar\\\/7209d3f6d2d47ea4d0c67e14d3effb61feb10ae540a4381280c66265de5bd643?s=96&d=mm&r=g\",\"caption\":\"Roland AFFANOU\"},\"url\":\"https:\\\/\\\/lepatriotebenin.com\"}]}<\/script>\n<!-- \/ Yoast SEO plugin. -->","yoast_head_json":{"title":"MASA MARCH\u00c9 2026 : 60 artistes et groupes artistiques retenus - Le Patriote","robots":{"index":"index","follow":"follow","max-snippet":"max-snippet:-1","max-image-preview":"max-image-preview:large","max-video-preview":"max-video-preview:-1"},"canonical":"https:\/\/lepatriotebenin.com\/index.php\/2025\/12\/12\/masa-marche-2026-60-artistes-et-groupes-artistiques-retenus\/","og_locale":"fr_FR","og_type":"article","og_title":"MASA MARCH\u00c9 2026 : 60 artistes et groupes artistiques retenus - Le Patriote","og_description":"(Le\u00a0 B\u00e9nin pr\u00e9sent \u00a0en danse contemporaine, humour, slam et th\u00e9\u00e2tre ) Du 11 au 18 avril 2026 \u00e0 Abidjan en C\u00f4te d\u2019Ivoire, \u00a0il y aura lieu la 14 \u00e8 \u00e9dition&hellip;","og_url":"https:\/\/lepatriotebenin.com\/index.php\/2025\/12\/12\/masa-marche-2026-60-artistes-et-groupes-artistiques-retenus\/","og_site_name":"Le Patriote","article_published_time":"2025-12-12T22:39:55+00:00","article_modified_time":"2025-12-12T22:42:10+00:00","og_image":[{"width":2048,"height":1479,"url":"https:\/\/lepatriotebenin.com\/wp-content\/uploads\/2025\/12\/directeur-de-masa.jpeg","type":"image\/jpeg"}],"author":"Roland AFFANOU","twitter_card":"summary_large_image","twitter_misc":{"\u00c9crit par":"Roland AFFANOU","Dur\u00e9e de lecture estim\u00e9e":"2 minutes"},"schema":{"@context":"https:\/\/schema.org","@graph":[{"@type":"Article","@id":"https:\/\/lepatriotebenin.com\/index.php\/2025\/12\/12\/masa-marche-2026-60-artistes-et-groupes-artistiques-retenus\/#article","isPartOf":{"@id":"https:\/\/lepatriotebenin.com\/index.php\/2025\/12\/12\/masa-marche-2026-60-artistes-et-groupes-artistiques-retenus\/"},"author":{"name":"Roland AFFANOU","@id":"https:\/\/lepatriotebenin.com\/#\/schema\/person\/4a9b67216c97d04045e01405c534c91f"},"headline":"MASA MARCH\u00c9 2026 : 60 artistes et groupes artistiques retenus","datePublished":"2025-12-12T22:39:55+00:00","dateModified":"2025-12-12T22:42:10+00:00","mainEntityOfPage":{"@id":"https:\/\/lepatriotebenin.com\/index.php\/2025\/12\/12\/masa-marche-2026-60-artistes-et-groupes-artistiques-retenus\/"},"wordCount":200,"commentCount":0,"image":{"@id":"https:\/\/lepatriotebenin.com\/index.php\/2025\/12\/12\/masa-marche-2026-60-artistes-et-groupes-artistiques-retenus\/#primaryimage"},"thumbnailUrl":"https:\/\/lepatriotebenin.com\/wp-content\/uploads\/2025\/12\/directeur-de-masa.jpeg","articleSection":["Culture"],"inLanguage":"fr-FR","potentialAction":[{"@type":"CommentAction","name":"Comment","target":["https:\/\/lepatriotebenin.com\/index.php\/2025\/12\/12\/masa-marche-2026-60-artistes-et-groupes-artistiques-retenus\/#respond"]}]},{"@type":"WebPage","@id":"https:\/\/lepatriotebenin.com\/index.php\/2025\/12\/12\/masa-marche-2026-60-artistes-et-groupes-artistiques-retenus\/","url":"https:\/\/lepatriotebenin.com\/index.php\/2025\/12\/12\/masa-marche-2026-60-artistes-et-groupes-artistiques-retenus\/","name":"MASA MARCH\u00c9 2026 : 60 artistes et groupes artistiques retenus - Le Patriote","isPartOf":{"@id":"https:\/\/lepatriotebenin.com\/#website"},"primaryImageOfPage":{"@id":"https:\/\/lepatriotebenin.com\/index.php\/2025\/12\/12\/masa-marche-2026-60-artistes-et-groupes-artistiques-retenus\/#primaryimage"},"image":{"@id":"https:\/\/lepatriotebenin.com\/index.php\/2025\/12\/12\/masa-marche-2026-60-artistes-et-groupes-artistiques-retenus\/#primaryimage"},"thumbnailUrl":"https:\/\/lepatriotebenin.com\/wp-content\/uploads\/2025\/12\/directeur-de-masa.jpeg","datePublished":"2025-12-12T22:39:55+00:00","dateModified":"2025-12-12T22:42:10+00:00","author":{"@id":"https:\/\/lepatriotebenin.com\/#\/schema\/person\/4a9b67216c97d04045e01405c534c91f"},"breadcrumb":{"@id":"https:\/\/lepatriotebenin.com\/index.php\/2025\/12\/12\/masa-marche-2026-60-artistes-et-groupes-artistiques-retenus\/#breadcrumb"},"inLanguage":"fr-FR","potentialAction":[{"@type":"ReadAction","target":["https:\/\/lepatriotebenin.com\/index.php\/2025\/12\/12\/masa-marche-2026-60-artistes-et-groupes-artistiques-retenus\/"]}]},{"@type":"ImageObject","inLanguage":"fr-FR","@id":"https:\/\/lepatriotebenin.com\/index.php\/2025\/12\/12\/masa-marche-2026-60-artistes-et-groupes-artistiques-retenus\/#primaryimage","url":"https:\/\/lepatriotebenin.com\/wp-content\/uploads\/2025\/12\/directeur-de-masa.jpeg","contentUrl":"https:\/\/lepatriotebenin.com\/wp-content\/uploads\/2025\/12\/directeur-de-masa.jpeg","width":2048,"height":1479},{"@type":"BreadcrumbList","@id":"https:\/\/lepatriotebenin.com\/index.php\/2025\/12\/12\/masa-marche-2026-60-artistes-et-groupes-artistiques-retenus\/#breadcrumb","itemListElement":[{"@type":"ListItem","position":1,"name":"Accueil","item":"https:\/\/lepatriotebenin.com\/"},{"@type":"ListItem","position":2,"name":"MASA MARCH\u00c9 2026 : 60 artistes et groupes artistiques retenus"}]},{"@type":"WebSite","@id":"https:\/\/lepatriotebenin.com\/#website","url":"https:\/\/lepatriotebenin.com\/","name":"Le Patriote","description":"Le Patriote B\u00e9nin","potentialAction":[{"@type":"SearchAction","target":{"@type":"EntryPoint","urlTemplate":"https:\/\/lepatriotebenin.com\/?s={search_term_string}"},"query-input":{"@type":"PropertyValueSpecification","valueRequired":true,"valueName":"search_term_string"}}],"inLanguage":"fr-FR"},{"@type":"Person","@id":"https:\/\/lepatriotebenin.com\/#\/schema\/person\/4a9b67216c97d04045e01405c534c91f","name":"Roland AFFANOU","image":{"@type":"ImageObject","inLanguage":"fr-FR","@id":"https:\/\/secure.gravatar.com\/avatar\/7209d3f6d2d47ea4d0c67e14d3effb61feb10ae540a4381280c66265de5bd643?s=96&d=mm&r=g","url":"https:\/\/secure.gravatar.com\/avatar\/7209d3f6d2d47ea4d0c67e14d3effb61feb10ae540a4381280c66265de5bd643?s=96&d=mm&r=g","contentUrl":"https:\/\/secure.gravatar.com\/avatar\/7209d3f6d2d47ea4d0c67e14d3effb61feb10ae540a4381280c66265de5bd643?s=96&d=mm&r=g","caption":"Roland AFFANOU"},"url":"https:\/\/lepatriotebenin.com"}]}},"_links":{"self":[{"href":"https:\/\/lepatriotebenin.com\/index.php\/wp-json\/wp\/v2\/posts\/15883","targetHints":{"allow":["GET"]}}],"collection":[{"href":"https:\/\/lepatriotebenin.com\/index.php\/wp-json\/wp\/v2\/posts"}],"about":[{"href":"https:\/\/lepatriotebenin.com\/index.php\/wp-json\/wp\/v2\/types\/post"}],"author":[{"embeddable":true,"href":"https:\/\/lepatriotebenin.com\/index.php\/wp-json\/wp\/v2\/users\/6"}],"replies":[{"embeddable":true,"href":"https:\/\/lepatriotebenin.com\/index.php\/wp-json\/wp\/v2\/comments?post=15883"}],"version-history":[{"count":2,"href":"https:\/\/lepatriotebenin.com\/index.php\/wp-json\/wp\/v2\/posts\/15883\/revisions"}],"predecessor-version":[{"id":15887,"href":"https:\/\/lepatriotebenin.com\/index.php\/wp-json\/wp\/v2\/posts\/15883\/revisions\/15887"}],"wp:featuredmedia":[{"embeddable":true,"href":"https:\/\/lepatriotebenin.com\/index.php\/wp-json\/wp\/v2\/media\/15885"}],"wp:attachment":[{"href":"https:\/\/lepatriotebenin.com\/index.php\/wp-json\/wp\/v2\/media?parent=15883"}],"wp:term":[{"taxonomy":"category","embeddable":true,"href":"https:\/\/lepatriotebenin.com\/index.php\/wp-json\/wp\/v2\/categories?post=15883"},{"taxonomy":"post_tag","embeddable":true,"href":"https:\/\/lepatriotebenin.com\/index.php\/wp-json\/wp\/v2\/tags?post=15883"}],"curies":[{"name":"wp","href":"https:\/\/api.w.org\/{rel}","templated":true}]}}