{"id":15879,"date":"2025-12-12T22:54:43","date_gmt":"2025-12-12T21:54:43","guid":{"rendered":"https:\/\/lepatriotebenin.com\/?p=15879"},"modified":"2025-12-12T22:54:43","modified_gmt":"2025-12-12T21:54:43","slug":"masa-festival-2026-voici-la-liste-des-39-artistes-et-groupes-selectionnes","status":"publish","type":"post","link":"https:\/\/lepatriotebenin.com\/index.php\/2025\/12\/12\/masa-festival-2026-voici-la-liste-des-39-artistes-et-groupes-selectionnes\/","title":{"rendered":"Masa Festival 2026 : Voici la liste des 39 artistes et groupes s\u00e9lectionn\u00e9s"},"content":{"rendered":"<p>La 14\u00e8me \u00e9dition du March\u00e9 des Arts du Spectacle Africain (MASA) se tiendra\u00a0 \u00e0 Abidjan en C\u00f4te\u00a0 d\u2019 Ivoire, <strong>du 11 au 18 avril 2026<\/strong>, sur le th\u00e8me<strong> \u00ab Arts du spectacle en Afrique, outil d&rsquo;int\u00e9gration \u00e9conomique et sociale \u00bb.<\/strong>C\u2019est dans ce cadre que \u00a0r\u00e9uni du \u00a0<strong>3 au 5 d\u00e9cembre 2025<\/strong> \u00e0 la maison du MASA, au Plateau \u00e0 Abidjan, le Comit\u00e9 Interne de s\u00e9lection des groupes artistiques du MASA FESTIVA\u00a0a examin\u00e9<strong> 384<\/strong> candidatures provenant de <strong>52 pays,.<\/strong><\/p>\n<p>Au terme de l\u2019examen des dossiers de candidature, <strong>39 artistes et<\/strong> <strong>groupes originaires de 23 pays,<\/strong> Ces \u00a0derniers sont r\u00e9partis comme suit\u00a0: <strong>5 en Arts de la rue ; 04 en Cirque ; 01 en Conte ; 06 en Danse contemporaine ; 02 en Danse urbaine ; 04 en Jeune public ; 13 en Musique ; 01 en Slam et \u00a003 en Th\u00e9\u00e2tre<\/strong>. Voici la \u00a0liste des compagnies et troupes artistiques s\u00e9lectionn\u00e9es, Masa festival 2o26.<\/p>\n<p><a href=\"https:\/\/lepatriotebenin.com\/wp-content\/uploads\/2025\/12\/selections-masa-2026.pdf\">SELECTIONS MASA 2026<\/a><\/p>\n","protected":false},"excerpt":{"rendered":"<p>La 14\u00e8me \u00e9dition du March\u00e9 des Arts du Spectacle Africain (MASA) se tiendra\u00a0 \u00e0 Abidjan en C\u00f4te\u00a0 d\u2019 Ivoire, du 11 au 18 avril 2026, sur le th\u00e8me \u00ab Arts&hellip;<\/p>\n","protected":false},"author":6,"featured_media":15881,"comment_status":"open","ping_status":"open","sticky":false,"template":"","format":"standard","meta":{"content-type":"","om_disable_all_campaigns":false,"_monsterinsights_skip_tracking":false,"_monsterinsights_sitenote_active":false,"_monsterinsights_sitenote_note":"","_monsterinsights_sitenote_category":0,"_uf_show_specific_survey":0,"_uf_disable_surveys":false,"footnotes":""},"categories":[29],"tags":[],"class_list":["post-15879","post","type-post","status-publish","format-standard","has-post-thumbnail","hentry","category-culture"],"aioseo_notices":[],"yoast_head":"<!-- This site is optimized with the Yoast SEO plugin v27.5 - https:\/\/yoast.com\/product\/yoast-seo-wordpress\/ -->\n<title>Masa Festival 2026 : Voici la liste des 39 artistes et groupes s\u00e9lectionn\u00e9s - Le Patriote<\/title>\n<meta name=\"robots\" content=\"index, follow, max-snippet:-1, max-image-preview:large, max-video-preview:-1\" \/>\n<link rel=\"canonical\" href=\"https:\/\/lepatriotebenin.com\/index.php\/2025\/12\/12\/masa-festival-2026-voici-la-liste-des-39-artistes-et-groupes-selectionnes\/\" \/>\n<meta property=\"og:locale\" content=\"fr_FR\" \/>\n<meta property=\"og:type\" content=\"article\" \/>\n<meta property=\"og:title\" content=\"Masa Festival 2026 : Voici la liste des 39 artistes et groupes s\u00e9lectionn\u00e9s - Le Patriote\" \/>\n<meta property=\"og:description\" content=\"La 14\u00e8me \u00e9dition du March\u00e9 des Arts du Spectacle Africain (MASA) se tiendra\u00a0 \u00e0 Abidjan en C\u00f4te\u00a0 d\u2019 Ivoire, du 11 au 18 avril 2026, sur le th\u00e8me \u00ab Arts&hellip;\" \/>\n<meta property=\"og:url\" content=\"https:\/\/lepatriotebenin.com\/index.php\/2025\/12\/12\/masa-festival-2026-voici-la-liste-des-39-artistes-et-groupes-selectionnes\/\" \/>\n<meta property=\"og:site_name\" content=\"Le Patriote\" \/>\n<meta property=\"article:published_time\" content=\"2025-12-12T21:54:43+00:00\" \/>\n<meta property=\"og:image\" content=\"https:\/\/lepatriotebenin.com\/wp-content\/uploads\/2025\/12\/masa-ambition.jpg\" \/>\n\t<meta property=\"og:image:width\" content=\"2048\" \/>\n\t<meta property=\"og:image:height\" content=\"1365\" \/>\n\t<meta property=\"og:image:type\" content=\"image\/jpeg\" \/>\n<meta name=\"author\" content=\"Roland AFFANOU\" \/>\n<meta name=\"twitter:card\" content=\"summary_large_image\" \/>\n<meta name=\"twitter:label1\" content=\"\u00c9crit par\" \/>\n\t<meta name=\"twitter:data1\" content=\"Roland AFFANOU\" \/>\n\t<meta name=\"twitter:label2\" content=\"Dur\u00e9e de lecture estim\u00e9e\" \/>\n\t<meta name=\"twitter:data2\" content=\"1 minute\" \/>\n<script type=\"application\/ld+json\" class=\"yoast-schema-graph\">{\"@context\":\"https:\\\/\\\/schema.org\",\"@graph\":[{\"@type\":\"Article\",\"@id\":\"https:\\\/\\\/lepatriotebenin.com\\\/index.php\\\/2025\\\/12\\\/12\\\/masa-festival-2026-voici-la-liste-des-39-artistes-et-groupes-selectionnes\\\/#article\",\"isPartOf\":{\"@id\":\"https:\\\/\\\/lepatriotebenin.com\\\/index.php\\\/2025\\\/12\\\/12\\\/masa-festival-2026-voici-la-liste-des-39-artistes-et-groupes-selectionnes\\\/\"},\"author\":{\"name\":\"Roland AFFANOU\",\"@id\":\"https:\\\/\\\/lepatriotebenin.com\\\/#\\\/schema\\\/person\\\/4a9b67216c97d04045e01405c534c91f\"},\"headline\":\"Masa Festival 2026 : Voici la liste des 39 artistes et groupes s\u00e9lectionn\u00e9s\",\"datePublished\":\"2025-12-12T21:54:43+00:00\",\"mainEntityOfPage\":{\"@id\":\"https:\\\/\\\/lepatriotebenin.com\\\/index.php\\\/2025\\\/12\\\/12\\\/masa-festival-2026-voici-la-liste-des-39-artistes-et-groupes-selectionnes\\\/\"},\"wordCount\":151,\"commentCount\":0,\"image\":{\"@id\":\"https:\\\/\\\/lepatriotebenin.com\\\/index.php\\\/2025\\\/12\\\/12\\\/masa-festival-2026-voici-la-liste-des-39-artistes-et-groupes-selectionnes\\\/#primaryimage\"},\"thumbnailUrl\":\"https:\\\/\\\/lepatriotebenin.com\\\/wp-content\\\/uploads\\\/2025\\\/12\\\/masa-ambition.jpg\",\"articleSection\":[\"Culture\"],\"inLanguage\":\"fr-FR\",\"potentialAction\":[{\"@type\":\"CommentAction\",\"name\":\"Comment\",\"target\":[\"https:\\\/\\\/lepatriotebenin.com\\\/index.php\\\/2025\\\/12\\\/12\\\/masa-festival-2026-voici-la-liste-des-39-artistes-et-groupes-selectionnes\\\/#respond\"]}]},{\"@type\":\"WebPage\",\"@id\":\"https:\\\/\\\/lepatriotebenin.com\\\/index.php\\\/2025\\\/12\\\/12\\\/masa-festival-2026-voici-la-liste-des-39-artistes-et-groupes-selectionnes\\\/\",\"url\":\"https:\\\/\\\/lepatriotebenin.com\\\/index.php\\\/2025\\\/12\\\/12\\\/masa-festival-2026-voici-la-liste-des-39-artistes-et-groupes-selectionnes\\\/\",\"name\":\"Masa Festival 2026 : Voici la liste des 39 artistes et groupes s\u00e9lectionn\u00e9s - Le Patriote\",\"isPartOf\":{\"@id\":\"https:\\\/\\\/lepatriotebenin.com\\\/#website\"},\"primaryImageOfPage\":{\"@id\":\"https:\\\/\\\/lepatriotebenin.com\\\/index.php\\\/2025\\\/12\\\/12\\\/masa-festival-2026-voici-la-liste-des-39-artistes-et-groupes-selectionnes\\\/#primaryimage\"},\"image\":{\"@id\":\"https:\\\/\\\/lepatriotebenin.com\\\/index.php\\\/2025\\\/12\\\/12\\\/masa-festival-2026-voici-la-liste-des-39-artistes-et-groupes-selectionnes\\\/#primaryimage\"},\"thumbnailUrl\":\"https:\\\/\\\/lepatriotebenin.com\\\/wp-content\\\/uploads\\\/2025\\\/12\\\/masa-ambition.jpg\",\"datePublished\":\"2025-12-12T21:54:43+00:00\",\"author\":{\"@id\":\"https:\\\/\\\/lepatriotebenin.com\\\/#\\\/schema\\\/person\\\/4a9b67216c97d04045e01405c534c91f\"},\"breadcrumb\":{\"@id\":\"https:\\\/\\\/lepatriotebenin.com\\\/index.php\\\/2025\\\/12\\\/12\\\/masa-festival-2026-voici-la-liste-des-39-artistes-et-groupes-selectionnes\\\/#breadcrumb\"},\"inLanguage\":\"fr-FR\",\"potentialAction\":[{\"@type\":\"ReadAction\",\"target\":[\"https:\\\/\\\/lepatriotebenin.com\\\/index.php\\\/2025\\\/12\\\/12\\\/masa-festival-2026-voici-la-liste-des-39-artistes-et-groupes-selectionnes\\\/\"]}]},{\"@type\":\"ImageObject\",\"inLanguage\":\"fr-FR\",\"@id\":\"https:\\\/\\\/lepatriotebenin.com\\\/index.php\\\/2025\\\/12\\\/12\\\/masa-festival-2026-voici-la-liste-des-39-artistes-et-groupes-selectionnes\\\/#primaryimage\",\"url\":\"https:\\\/\\\/lepatriotebenin.com\\\/wp-content\\\/uploads\\\/2025\\\/12\\\/masa-ambition.jpg\",\"contentUrl\":\"https:\\\/\\\/lepatriotebenin.com\\\/wp-content\\\/uploads\\\/2025\\\/12\\\/masa-ambition.jpg\",\"width\":2048,\"height\":1365},{\"@type\":\"BreadcrumbList\",\"@id\":\"https:\\\/\\\/lepatriotebenin.com\\\/index.php\\\/2025\\\/12\\\/12\\\/masa-festival-2026-voici-la-liste-des-39-artistes-et-groupes-selectionnes\\\/#breadcrumb\",\"itemListElement\":[{\"@type\":\"ListItem\",\"position\":1,\"name\":\"Accueil\",\"item\":\"https:\\\/\\\/lepatriotebenin.com\\\/\"},{\"@type\":\"ListItem\",\"position\":2,\"name\":\"Masa Festival 2026 : Voici la liste des 39 artistes et groupes s\u00e9lectionn\u00e9s\"}]},{\"@type\":\"WebSite\",\"@id\":\"https:\\\/\\\/lepatriotebenin.com\\\/#website\",\"url\":\"https:\\\/\\\/lepatriotebenin.com\\\/\",\"name\":\"Le Patriote\",\"description\":\"Le Patriote B\u00e9nin\",\"potentialAction\":[{\"@type\":\"SearchAction\",\"target\":{\"@type\":\"EntryPoint\",\"urlTemplate\":\"https:\\\/\\\/lepatriotebenin.com\\\/?s={search_term_string}\"},\"query-input\":{\"@type\":\"PropertyValueSpecification\",\"valueRequired\":true,\"valueName\":\"search_term_string\"}}],\"inLanguage\":\"fr-FR\"},{\"@type\":\"Person\",\"@id\":\"https:\\\/\\\/lepatriotebenin.com\\\/#\\\/schema\\\/person\\\/4a9b67216c97d04045e01405c534c91f\",\"name\":\"Roland AFFANOU\",\"image\":{\"@type\":\"ImageObject\",\"inLanguage\":\"fr-FR\",\"@id\":\"https:\\\/\\\/secure.gravatar.com\\\/avatar\\\/7209d3f6d2d47ea4d0c67e14d3effb61feb10ae540a4381280c66265de5bd643?s=96&d=mm&r=g\",\"url\":\"https:\\\/\\\/secure.gravatar.com\\\/avatar\\\/7209d3f6d2d47ea4d0c67e14d3effb61feb10ae540a4381280c66265de5bd643?s=96&d=mm&r=g\",\"contentUrl\":\"https:\\\/\\\/secure.gravatar.com\\\/avatar\\\/7209d3f6d2d47ea4d0c67e14d3effb61feb10ae540a4381280c66265de5bd643?s=96&d=mm&r=g\",\"caption\":\"Roland AFFANOU\"},\"url\":\"https:\\\/\\\/lepatriotebenin.com\"}]}<\/script>\n<!-- \/ Yoast SEO plugin. -->","yoast_head_json":{"title":"Masa Festival 2026 : Voici la liste des 39 artistes et groupes s\u00e9lectionn\u00e9s - Le Patriote","robots":{"index":"index","follow":"follow","max-snippet":"max-snippet:-1","max-image-preview":"max-image-preview:large","max-video-preview":"max-video-preview:-1"},"canonical":"https:\/\/lepatriotebenin.com\/index.php\/2025\/12\/12\/masa-festival-2026-voici-la-liste-des-39-artistes-et-groupes-selectionnes\/","og_locale":"fr_FR","og_type":"article","og_title":"Masa Festival 2026 : Voici la liste des 39 artistes et groupes s\u00e9lectionn\u00e9s - Le Patriote","og_description":"La 14\u00e8me \u00e9dition du March\u00e9 des Arts du Spectacle Africain (MASA) se tiendra\u00a0 \u00e0 Abidjan en C\u00f4te\u00a0 d\u2019 Ivoire, du 11 au 18 avril 2026, sur le th\u00e8me \u00ab Arts&hellip;","og_url":"https:\/\/lepatriotebenin.com\/index.php\/2025\/12\/12\/masa-festival-2026-voici-la-liste-des-39-artistes-et-groupes-selectionnes\/","og_site_name":"Le Patriote","article_published_time":"2025-12-12T21:54:43+00:00","og_image":[{"width":2048,"height":1365,"url":"https:\/\/lepatriotebenin.com\/wp-content\/uploads\/2025\/12\/masa-ambition.jpg","type":"image\/jpeg"}],"author":"Roland AFFANOU","twitter_card":"summary_large_image","twitter_misc":{"\u00c9crit par":"Roland AFFANOU","Dur\u00e9e de lecture estim\u00e9e":"1 minute"},"schema":{"@context":"https:\/\/schema.org","@graph":[{"@type":"Article","@id":"https:\/\/lepatriotebenin.com\/index.php\/2025\/12\/12\/masa-festival-2026-voici-la-liste-des-39-artistes-et-groupes-selectionnes\/#article","isPartOf":{"@id":"https:\/\/lepatriotebenin.com\/index.php\/2025\/12\/12\/masa-festival-2026-voici-la-liste-des-39-artistes-et-groupes-selectionnes\/"},"author":{"name":"Roland AFFANOU","@id":"https:\/\/lepatriotebenin.com\/#\/schema\/person\/4a9b67216c97d04045e01405c534c91f"},"headline":"Masa Festival 2026 : Voici la liste des 39 artistes et groupes s\u00e9lectionn\u00e9s","datePublished":"2025-12-12T21:54:43+00:00","mainEntityOfPage":{"@id":"https:\/\/lepatriotebenin.com\/index.php\/2025\/12\/12\/masa-festival-2026-voici-la-liste-des-39-artistes-et-groupes-selectionnes\/"},"wordCount":151,"commentCount":0,"image":{"@id":"https:\/\/lepatriotebenin.com\/index.php\/2025\/12\/12\/masa-festival-2026-voici-la-liste-des-39-artistes-et-groupes-selectionnes\/#primaryimage"},"thumbnailUrl":"https:\/\/lepatriotebenin.com\/wp-content\/uploads\/2025\/12\/masa-ambition.jpg","articleSection":["Culture"],"inLanguage":"fr-FR","potentialAction":[{"@type":"CommentAction","name":"Comment","target":["https:\/\/lepatriotebenin.com\/index.php\/2025\/12\/12\/masa-festival-2026-voici-la-liste-des-39-artistes-et-groupes-selectionnes\/#respond"]}]},{"@type":"WebPage","@id":"https:\/\/lepatriotebenin.com\/index.php\/2025\/12\/12\/masa-festival-2026-voici-la-liste-des-39-artistes-et-groupes-selectionnes\/","url":"https:\/\/lepatriotebenin.com\/index.php\/2025\/12\/12\/masa-festival-2026-voici-la-liste-des-39-artistes-et-groupes-selectionnes\/","name":"Masa Festival 2026 : Voici la liste des 39 artistes et groupes s\u00e9lectionn\u00e9s - Le Patriote","isPartOf":{"@id":"https:\/\/lepatriotebenin.com\/#website"},"primaryImageOfPage":{"@id":"https:\/\/lepatriotebenin.com\/index.php\/2025\/12\/12\/masa-festival-2026-voici-la-liste-des-39-artistes-et-groupes-selectionnes\/#primaryimage"},"image":{"@id":"https:\/\/lepatriotebenin.com\/index.php\/2025\/12\/12\/masa-festival-2026-voici-la-liste-des-39-artistes-et-groupes-selectionnes\/#primaryimage"},"thumbnailUrl":"https:\/\/lepatriotebenin.com\/wp-content\/uploads\/2025\/12\/masa-ambition.jpg","datePublished":"2025-12-12T21:54:43+00:00","author":{"@id":"https:\/\/lepatriotebenin.com\/#\/schema\/person\/4a9b67216c97d04045e01405c534c91f"},"breadcrumb":{"@id":"https:\/\/lepatriotebenin.com\/index.php\/2025\/12\/12\/masa-festival-2026-voici-la-liste-des-39-artistes-et-groupes-selectionnes\/#breadcrumb"},"inLanguage":"fr-FR","potentialAction":[{"@type":"ReadAction","target":["https:\/\/lepatriotebenin.com\/index.php\/2025\/12\/12\/masa-festival-2026-voici-la-liste-des-39-artistes-et-groupes-selectionnes\/"]}]},{"@type":"ImageObject","inLanguage":"fr-FR","@id":"https:\/\/lepatriotebenin.com\/index.php\/2025\/12\/12\/masa-festival-2026-voici-la-liste-des-39-artistes-et-groupes-selectionnes\/#primaryimage","url":"https:\/\/lepatriotebenin.com\/wp-content\/uploads\/2025\/12\/masa-ambition.jpg","contentUrl":"https:\/\/lepatriotebenin.com\/wp-content\/uploads\/2025\/12\/masa-ambition.jpg","width":2048,"height":1365},{"@type":"BreadcrumbList","@id":"https:\/\/lepatriotebenin.com\/index.php\/2025\/12\/12\/masa-festival-2026-voici-la-liste-des-39-artistes-et-groupes-selectionnes\/#breadcrumb","itemListElement":[{"@type":"ListItem","position":1,"name":"Accueil","item":"https:\/\/lepatriotebenin.com\/"},{"@type":"ListItem","position":2,"name":"Masa Festival 2026 : Voici la liste des 39 artistes et groupes s\u00e9lectionn\u00e9s"}]},{"@type":"WebSite","@id":"https:\/\/lepatriotebenin.com\/#website","url":"https:\/\/lepatriotebenin.com\/","name":"Le Patriote","description":"Le Patriote B\u00e9nin","potentialAction":[{"@type":"SearchAction","target":{"@type":"EntryPoint","urlTemplate":"https:\/\/lepatriotebenin.com\/?s={search_term_string}"},"query-input":{"@type":"PropertyValueSpecification","valueRequired":true,"valueName":"search_term_string"}}],"inLanguage":"fr-FR"},{"@type":"Person","@id":"https:\/\/lepatriotebenin.com\/#\/schema\/person\/4a9b67216c97d04045e01405c534c91f","name":"Roland AFFANOU","image":{"@type":"ImageObject","inLanguage":"fr-FR","@id":"https:\/\/secure.gravatar.com\/avatar\/7209d3f6d2d47ea4d0c67e14d3effb61feb10ae540a4381280c66265de5bd643?s=96&d=mm&r=g","url":"https:\/\/secure.gravatar.com\/avatar\/7209d3f6d2d47ea4d0c67e14d3effb61feb10ae540a4381280c66265de5bd643?s=96&d=mm&r=g","contentUrl":"https:\/\/secure.gravatar.com\/avatar\/7209d3f6d2d47ea4d0c67e14d3effb61feb10ae540a4381280c66265de5bd643?s=96&d=mm&r=g","caption":"Roland AFFANOU"},"url":"https:\/\/lepatriotebenin.com"}]}},"_links":{"self":[{"href":"https:\/\/lepatriotebenin.com\/index.php\/wp-json\/wp\/v2\/posts\/15879","targetHints":{"allow":["GET"]}}],"collection":[{"href":"https:\/\/lepatriotebenin.com\/index.php\/wp-json\/wp\/v2\/posts"}],"about":[{"href":"https:\/\/lepatriotebenin.com\/index.php\/wp-json\/wp\/v2\/types\/post"}],"author":[{"embeddable":true,"href":"https:\/\/lepatriotebenin.com\/index.php\/wp-json\/wp\/v2\/users\/6"}],"replies":[{"embeddable":true,"href":"https:\/\/lepatriotebenin.com\/index.php\/wp-json\/wp\/v2\/comments?post=15879"}],"version-history":[{"count":1,"href":"https:\/\/lepatriotebenin.com\/index.php\/wp-json\/wp\/v2\/posts\/15879\/revisions"}],"predecessor-version":[{"id":15882,"href":"https:\/\/lepatriotebenin.com\/index.php\/wp-json\/wp\/v2\/posts\/15879\/revisions\/15882"}],"wp:featuredmedia":[{"embeddable":true,"href":"https:\/\/lepatriotebenin.com\/index.php\/wp-json\/wp\/v2\/media\/15881"}],"wp:attachment":[{"href":"https:\/\/lepatriotebenin.com\/index.php\/wp-json\/wp\/v2\/media?parent=15879"}],"wp:term":[{"taxonomy":"category","embeddable":true,"href":"https:\/\/lepatriotebenin.com\/index.php\/wp-json\/wp\/v2\/categories?post=15879"},{"taxonomy":"post_tag","embeddable":true,"href":"https:\/\/lepatriotebenin.com\/index.php\/wp-json\/wp\/v2\/tags?post=15879"}],"curies":[{"name":"wp","href":"https:\/\/api.w.org\/{rel}","templated":true}]}}