{"id":15861,"date":"2025-12-12T03:21:10","date_gmt":"2025-12-12T02:21:10","guid":{"rendered":"https:\/\/lepatriotebenin.com\/?p=15861"},"modified":"2025-12-12T03:21:10","modified_gmt":"2025-12-12T02:21:10","slug":"campagne-mediatique-pour-les-elections-generales-de-2026-les-partis-politiques-signent-la-charte-de-bonne-conduite","status":"publish","type":"post","link":"https:\/\/lepatriotebenin.com\/index.php\/2025\/12\/12\/campagne-mediatique-pour-les-elections-generales-de-2026-les-partis-politiques-signent-la-charte-de-bonne-conduite\/","title":{"rendered":"Campagne m\u00e9diatique pour les \u00e9lections g\u00e9n\u00e9rales de 2026 : Les partis politiques signent   la charte de bonne conduite"},"content":{"rendered":"<p><strong>La Haute autorit\u00e9 de l\u2019audiovisuel et de la communication (Haac) a proc\u00e9d\u00e9, mercredi 10 d\u00e9cembre 2025, \u00e0 la signature officielle de la Charte de bonne conduite avec les partis politiques engag\u00e9s dans les \u00e9lections coupl\u00e9es l\u00e9gislatives et communales du 11 janvier 2026. La c\u00e9r\u00e9monie de signature s\u2019est d\u00e9roul\u00e9e au si\u00e8ge de l\u2019institution \u00e0 Cotonou.<\/strong><\/p>\n<p>&nbsp;<\/p>\n<p>Les formations politiques en lice pour les \u00e9lections coupl\u00e9es l\u00e9gislatives et communales du 11 janvier 2026 savent d\u00e9sormais un peu plus sur leurs responsabilit\u00e9s sur les plans des m\u00e9dias et de la communication. En pr\u00e9sence du Pr\u00e9sident Edouard Loko et des conseillers \u00e0 la Haute atorit\u00e9 de l\u2019audiovisuel et de la communication (Haac) et responsables des m\u00e9dias de service public, les repr\u00e9sentants des formations politiques ont sign\u00e9 la Charte de bonne conduite. \u00c0 travers cette signature, les partis politiques s&rsquo;engagent \u00e0 respecter les r\u00e8gles d\u00e9finies par la Haac pour une campagne m\u00e9diatique saine, respectueuse des principes d\u00e9mocratiques. Ils s&rsquo;engagent \u00e9galement \u00e0 adopter des comportements qui renforcent la coh\u00e9sion sociale et qui consolident la d\u00e9mocratie au B\u00e9nin.<\/p>\n<p>La charte fixe les principes essentiels de respect mutuel, d\u2019\u00e9quilibre, de responsabilit\u00e9 et de transparence dans l\u2019utilisation des m\u00e9dias durant la p\u00e9riode \u00e9lectorale. En signant cette Charte de bonne conduite avec les partis politiques, la Haac entend veiller rigoureusement au respect des engagements pris par ces derniers afin d\u2019assurer une comp\u00e9tition \u00e9lectorale responsable et conforme aux exigences de la d\u00e9mocratie b\u00e9ninoise.<\/p>\n<p><strong>Mohamed Y\u00e8kini<\/strong><\/p>\n","protected":false},"excerpt":{"rendered":"<p>La Haute autorit\u00e9 de l\u2019audiovisuel et de la communication (Haac) a proc\u00e9d\u00e9, mercredi 10 d\u00e9cembre 2025, \u00e0 la signature officielle de la Charte de bonne conduite avec les partis politiques&hellip;<\/p>\n","protected":false},"author":5,"featured_media":15862,"comment_status":"open","ping_status":"open","sticky":false,"template":"","format":"standard","meta":{"content-type":"","om_disable_all_campaigns":false,"_monsterinsights_skip_tracking":false,"_monsterinsights_sitenote_active":false,"_monsterinsights_sitenote_note":"","_monsterinsights_sitenote_category":0,"_uf_show_specific_survey":0,"_uf_disable_surveys":false,"footnotes":""},"categories":[26],"tags":[],"class_list":["post-15861","post","type-post","status-publish","format-standard","has-post-thumbnail","hentry","category-politique"],"aioseo_notices":[],"yoast_head":"<!-- This site is optimized with the Yoast SEO plugin v27.5 - https:\/\/yoast.com\/product\/yoast-seo-wordpress\/ -->\n<title>Campagne m\u00e9diatique pour les \u00e9lections g\u00e9n\u00e9rales de 2026 : Les partis politiques signent  la charte de bonne conduite - Le Patriote<\/title>\n<meta name=\"robots\" content=\"index, follow, max-snippet:-1, max-image-preview:large, max-video-preview:-1\" \/>\n<link rel=\"canonical\" href=\"https:\/\/lepatriotebenin.com\/index.php\/2025\/12\/12\/campagne-mediatique-pour-les-elections-generales-de-2026-les-partis-politiques-signent-la-charte-de-bonne-conduite\/\" \/>\n<meta property=\"og:locale\" content=\"fr_FR\" \/>\n<meta property=\"og:type\" content=\"article\" \/>\n<meta property=\"og:title\" content=\"Campagne m\u00e9diatique pour les \u00e9lections g\u00e9n\u00e9rales de 2026 : Les partis politiques signent  la charte de bonne conduite - Le Patriote\" \/>\n<meta property=\"og:description\" content=\"La Haute autorit\u00e9 de l\u2019audiovisuel et de la communication (Haac) a proc\u00e9d\u00e9, mercredi 10 d\u00e9cembre 2025, \u00e0 la signature officielle de la Charte de bonne conduite avec les partis politiques&hellip;\" \/>\n<meta property=\"og:url\" content=\"https:\/\/lepatriotebenin.com\/index.php\/2025\/12\/12\/campagne-mediatique-pour-les-elections-generales-de-2026-les-partis-politiques-signent-la-charte-de-bonne-conduite\/\" \/>\n<meta property=\"og:site_name\" content=\"Le Patriote\" \/>\n<meta property=\"article:published_time\" content=\"2025-12-12T02:21:10+00:00\" \/>\n<meta property=\"og:image\" content=\"https:\/\/lepatriotebenin.com\/wp-content\/uploads\/2025\/12\/haac-e.jpeg\" \/>\n\t<meta property=\"og:image:width\" content=\"297\" \/>\n\t<meta property=\"og:image:height\" content=\"169\" \/>\n\t<meta property=\"og:image:type\" content=\"image\/jpeg\" \/>\n<meta name=\"author\" content=\"Redaction\" \/>\n<meta name=\"twitter:card\" content=\"summary_large_image\" \/>\n<meta name=\"twitter:label1\" content=\"\u00c9crit par\" \/>\n\t<meta name=\"twitter:data1\" content=\"Redaction\" \/>\n\t<meta name=\"twitter:label2\" content=\"Dur\u00e9e de lecture estim\u00e9e\" \/>\n\t<meta name=\"twitter:data2\" content=\"2 minutes\" \/>\n<script type=\"application\/ld+json\" class=\"yoast-schema-graph\">{\"@context\":\"https:\\\/\\\/schema.org\",\"@graph\":[{\"@type\":\"Article\",\"@id\":\"https:\\\/\\\/lepatriotebenin.com\\\/index.php\\\/2025\\\/12\\\/12\\\/campagne-mediatique-pour-les-elections-generales-de-2026-les-partis-politiques-signent-la-charte-de-bonne-conduite\\\/#article\",\"isPartOf\":{\"@id\":\"https:\\\/\\\/lepatriotebenin.com\\\/index.php\\\/2025\\\/12\\\/12\\\/campagne-mediatique-pour-les-elections-generales-de-2026-les-partis-politiques-signent-la-charte-de-bonne-conduite\\\/\"},\"author\":{\"name\":\"Redaction\",\"@id\":\"https:\\\/\\\/lepatriotebenin.com\\\/#\\\/schema\\\/person\\\/2e7709b9c9cc313e452d1136af61690f\"},\"headline\":\"Campagne m\u00e9diatique pour les \u00e9lections g\u00e9n\u00e9rales de 2026 : Les partis politiques signent la charte de bonne conduite\",\"datePublished\":\"2025-12-12T02:21:10+00:00\",\"mainEntityOfPage\":{\"@id\":\"https:\\\/\\\/lepatriotebenin.com\\\/index.php\\\/2025\\\/12\\\/12\\\/campagne-mediatique-pour-les-elections-generales-de-2026-les-partis-politiques-signent-la-charte-de-bonne-conduite\\\/\"},\"wordCount\":282,\"commentCount\":0,\"image\":{\"@id\":\"https:\\\/\\\/lepatriotebenin.com\\\/index.php\\\/2025\\\/12\\\/12\\\/campagne-mediatique-pour-les-elections-generales-de-2026-les-partis-politiques-signent-la-charte-de-bonne-conduite\\\/#primaryimage\"},\"thumbnailUrl\":\"https:\\\/\\\/lepatriotebenin.com\\\/wp-content\\\/uploads\\\/2025\\\/12\\\/haac-e.jpeg\",\"articleSection\":[\"Politique\"],\"inLanguage\":\"fr-FR\",\"potentialAction\":[{\"@type\":\"CommentAction\",\"name\":\"Comment\",\"target\":[\"https:\\\/\\\/lepatriotebenin.com\\\/index.php\\\/2025\\\/12\\\/12\\\/campagne-mediatique-pour-les-elections-generales-de-2026-les-partis-politiques-signent-la-charte-de-bonne-conduite\\\/#respond\"]}]},{\"@type\":\"WebPage\",\"@id\":\"https:\\\/\\\/lepatriotebenin.com\\\/index.php\\\/2025\\\/12\\\/12\\\/campagne-mediatique-pour-les-elections-generales-de-2026-les-partis-politiques-signent-la-charte-de-bonne-conduite\\\/\",\"url\":\"https:\\\/\\\/lepatriotebenin.com\\\/index.php\\\/2025\\\/12\\\/12\\\/campagne-mediatique-pour-les-elections-generales-de-2026-les-partis-politiques-signent-la-charte-de-bonne-conduite\\\/\",\"name\":\"Campagne m\u00e9diatique pour les \u00e9lections g\u00e9n\u00e9rales de 2026 : Les partis politiques signent la charte de bonne conduite - Le Patriote\",\"isPartOf\":{\"@id\":\"https:\\\/\\\/lepatriotebenin.com\\\/#website\"},\"primaryImageOfPage\":{\"@id\":\"https:\\\/\\\/lepatriotebenin.com\\\/index.php\\\/2025\\\/12\\\/12\\\/campagne-mediatique-pour-les-elections-generales-de-2026-les-partis-politiques-signent-la-charte-de-bonne-conduite\\\/#primaryimage\"},\"image\":{\"@id\":\"https:\\\/\\\/lepatriotebenin.com\\\/index.php\\\/2025\\\/12\\\/12\\\/campagne-mediatique-pour-les-elections-generales-de-2026-les-partis-politiques-signent-la-charte-de-bonne-conduite\\\/#primaryimage\"},\"thumbnailUrl\":\"https:\\\/\\\/lepatriotebenin.com\\\/wp-content\\\/uploads\\\/2025\\\/12\\\/haac-e.jpeg\",\"datePublished\":\"2025-12-12T02:21:10+00:00\",\"author\":{\"@id\":\"https:\\\/\\\/lepatriotebenin.com\\\/#\\\/schema\\\/person\\\/2e7709b9c9cc313e452d1136af61690f\"},\"breadcrumb\":{\"@id\":\"https:\\\/\\\/lepatriotebenin.com\\\/index.php\\\/2025\\\/12\\\/12\\\/campagne-mediatique-pour-les-elections-generales-de-2026-les-partis-politiques-signent-la-charte-de-bonne-conduite\\\/#breadcrumb\"},\"inLanguage\":\"fr-FR\",\"potentialAction\":[{\"@type\":\"ReadAction\",\"target\":[\"https:\\\/\\\/lepatriotebenin.com\\\/index.php\\\/2025\\\/12\\\/12\\\/campagne-mediatique-pour-les-elections-generales-de-2026-les-partis-politiques-signent-la-charte-de-bonne-conduite\\\/\"]}]},{\"@type\":\"ImageObject\",\"inLanguage\":\"fr-FR\",\"@id\":\"https:\\\/\\\/lepatriotebenin.com\\\/index.php\\\/2025\\\/12\\\/12\\\/campagne-mediatique-pour-les-elections-generales-de-2026-les-partis-politiques-signent-la-charte-de-bonne-conduite\\\/#primaryimage\",\"url\":\"https:\\\/\\\/lepatriotebenin.com\\\/wp-content\\\/uploads\\\/2025\\\/12\\\/haac-e.jpeg\",\"contentUrl\":\"https:\\\/\\\/lepatriotebenin.com\\\/wp-content\\\/uploads\\\/2025\\\/12\\\/haac-e.jpeg\",\"width\":297,\"height\":169},{\"@type\":\"BreadcrumbList\",\"@id\":\"https:\\\/\\\/lepatriotebenin.com\\\/index.php\\\/2025\\\/12\\\/12\\\/campagne-mediatique-pour-les-elections-generales-de-2026-les-partis-politiques-signent-la-charte-de-bonne-conduite\\\/#breadcrumb\",\"itemListElement\":[{\"@type\":\"ListItem\",\"position\":1,\"name\":\"Accueil\",\"item\":\"https:\\\/\\\/lepatriotebenin.com\\\/\"},{\"@type\":\"ListItem\",\"position\":2,\"name\":\"Campagne m\u00e9diatique pour les \u00e9lections g\u00e9n\u00e9rales de 2026 : Les partis politiques signent la charte de bonne conduite\"}]},{\"@type\":\"WebSite\",\"@id\":\"https:\\\/\\\/lepatriotebenin.com\\\/#website\",\"url\":\"https:\\\/\\\/lepatriotebenin.com\\\/\",\"name\":\"Le Patriote\",\"description\":\"Le Patriote B\u00e9nin\",\"potentialAction\":[{\"@type\":\"SearchAction\",\"target\":{\"@type\":\"EntryPoint\",\"urlTemplate\":\"https:\\\/\\\/lepatriotebenin.com\\\/?s={search_term_string}\"},\"query-input\":{\"@type\":\"PropertyValueSpecification\",\"valueRequired\":true,\"valueName\":\"search_term_string\"}}],\"inLanguage\":\"fr-FR\"},{\"@type\":\"Person\",\"@id\":\"https:\\\/\\\/lepatriotebenin.com\\\/#\\\/schema\\\/person\\\/2e7709b9c9cc313e452d1136af61690f\",\"name\":\"Redaction\",\"image\":{\"@type\":\"ImageObject\",\"inLanguage\":\"fr-FR\",\"@id\":\"https:\\\/\\\/secure.gravatar.com\\\/avatar\\\/c4c509357859ea2ca2cbb6d8812898a73e4ef1ef9934c2e591d7e32face734d1?s=96&d=mm&r=g\",\"url\":\"https:\\\/\\\/secure.gravatar.com\\\/avatar\\\/c4c509357859ea2ca2cbb6d8812898a73e4ef1ef9934c2e591d7e32face734d1?s=96&d=mm&r=g\",\"contentUrl\":\"https:\\\/\\\/secure.gravatar.com\\\/avatar\\\/c4c509357859ea2ca2cbb6d8812898a73e4ef1ef9934c2e591d7e32face734d1?s=96&d=mm&r=g\",\"caption\":\"Redaction\"},\"url\":\"https:\\\/\\\/lepatriotebenin.com\"}]}<\/script>\n<!-- \/ Yoast SEO plugin. -->","yoast_head_json":{"title":"Campagne m\u00e9diatique pour les \u00e9lections g\u00e9n\u00e9rales de 2026 : Les partis politiques signent  la charte de bonne conduite - Le Patriote","robots":{"index":"index","follow":"follow","max-snippet":"max-snippet:-1","max-image-preview":"max-image-preview:large","max-video-preview":"max-video-preview:-1"},"canonical":"https:\/\/lepatriotebenin.com\/index.php\/2025\/12\/12\/campagne-mediatique-pour-les-elections-generales-de-2026-les-partis-politiques-signent-la-charte-de-bonne-conduite\/","og_locale":"fr_FR","og_type":"article","og_title":"Campagne m\u00e9diatique pour les \u00e9lections g\u00e9n\u00e9rales de 2026 : Les partis politiques signent  la charte de bonne conduite - Le Patriote","og_description":"La Haute autorit\u00e9 de l\u2019audiovisuel et de la communication (Haac) a proc\u00e9d\u00e9, mercredi 10 d\u00e9cembre 2025, \u00e0 la signature officielle de la Charte de bonne conduite avec les partis politiques&hellip;","og_url":"https:\/\/lepatriotebenin.com\/index.php\/2025\/12\/12\/campagne-mediatique-pour-les-elections-generales-de-2026-les-partis-politiques-signent-la-charte-de-bonne-conduite\/","og_site_name":"Le Patriote","article_published_time":"2025-12-12T02:21:10+00:00","og_image":[{"width":297,"height":169,"url":"https:\/\/lepatriotebenin.com\/wp-content\/uploads\/2025\/12\/haac-e.jpeg","type":"image\/jpeg"}],"author":"Redaction","twitter_card":"summary_large_image","twitter_misc":{"\u00c9crit par":"Redaction","Dur\u00e9e de lecture estim\u00e9e":"2 minutes"},"schema":{"@context":"https:\/\/schema.org","@graph":[{"@type":"Article","@id":"https:\/\/lepatriotebenin.com\/index.php\/2025\/12\/12\/campagne-mediatique-pour-les-elections-generales-de-2026-les-partis-politiques-signent-la-charte-de-bonne-conduite\/#article","isPartOf":{"@id":"https:\/\/lepatriotebenin.com\/index.php\/2025\/12\/12\/campagne-mediatique-pour-les-elections-generales-de-2026-les-partis-politiques-signent-la-charte-de-bonne-conduite\/"},"author":{"name":"Redaction","@id":"https:\/\/lepatriotebenin.com\/#\/schema\/person\/2e7709b9c9cc313e452d1136af61690f"},"headline":"Campagne m\u00e9diatique pour les \u00e9lections g\u00e9n\u00e9rales de 2026 : Les partis politiques signent la charte de bonne conduite","datePublished":"2025-12-12T02:21:10+00:00","mainEntityOfPage":{"@id":"https:\/\/lepatriotebenin.com\/index.php\/2025\/12\/12\/campagne-mediatique-pour-les-elections-generales-de-2026-les-partis-politiques-signent-la-charte-de-bonne-conduite\/"},"wordCount":282,"commentCount":0,"image":{"@id":"https:\/\/lepatriotebenin.com\/index.php\/2025\/12\/12\/campagne-mediatique-pour-les-elections-generales-de-2026-les-partis-politiques-signent-la-charte-de-bonne-conduite\/#primaryimage"},"thumbnailUrl":"https:\/\/lepatriotebenin.com\/wp-content\/uploads\/2025\/12\/haac-e.jpeg","articleSection":["Politique"],"inLanguage":"fr-FR","potentialAction":[{"@type":"CommentAction","name":"Comment","target":["https:\/\/lepatriotebenin.com\/index.php\/2025\/12\/12\/campagne-mediatique-pour-les-elections-generales-de-2026-les-partis-politiques-signent-la-charte-de-bonne-conduite\/#respond"]}]},{"@type":"WebPage","@id":"https:\/\/lepatriotebenin.com\/index.php\/2025\/12\/12\/campagne-mediatique-pour-les-elections-generales-de-2026-les-partis-politiques-signent-la-charte-de-bonne-conduite\/","url":"https:\/\/lepatriotebenin.com\/index.php\/2025\/12\/12\/campagne-mediatique-pour-les-elections-generales-de-2026-les-partis-politiques-signent-la-charte-de-bonne-conduite\/","name":"Campagne m\u00e9diatique pour les \u00e9lections g\u00e9n\u00e9rales de 2026 : Les partis politiques signent la charte de bonne conduite - Le Patriote","isPartOf":{"@id":"https:\/\/lepatriotebenin.com\/#website"},"primaryImageOfPage":{"@id":"https:\/\/lepatriotebenin.com\/index.php\/2025\/12\/12\/campagne-mediatique-pour-les-elections-generales-de-2026-les-partis-politiques-signent-la-charte-de-bonne-conduite\/#primaryimage"},"image":{"@id":"https:\/\/lepatriotebenin.com\/index.php\/2025\/12\/12\/campagne-mediatique-pour-les-elections-generales-de-2026-les-partis-politiques-signent-la-charte-de-bonne-conduite\/#primaryimage"},"thumbnailUrl":"https:\/\/lepatriotebenin.com\/wp-content\/uploads\/2025\/12\/haac-e.jpeg","datePublished":"2025-12-12T02:21:10+00:00","author":{"@id":"https:\/\/lepatriotebenin.com\/#\/schema\/person\/2e7709b9c9cc313e452d1136af61690f"},"breadcrumb":{"@id":"https:\/\/lepatriotebenin.com\/index.php\/2025\/12\/12\/campagne-mediatique-pour-les-elections-generales-de-2026-les-partis-politiques-signent-la-charte-de-bonne-conduite\/#breadcrumb"},"inLanguage":"fr-FR","potentialAction":[{"@type":"ReadAction","target":["https:\/\/lepatriotebenin.com\/index.php\/2025\/12\/12\/campagne-mediatique-pour-les-elections-generales-de-2026-les-partis-politiques-signent-la-charte-de-bonne-conduite\/"]}]},{"@type":"ImageObject","inLanguage":"fr-FR","@id":"https:\/\/lepatriotebenin.com\/index.php\/2025\/12\/12\/campagne-mediatique-pour-les-elections-generales-de-2026-les-partis-politiques-signent-la-charte-de-bonne-conduite\/#primaryimage","url":"https:\/\/lepatriotebenin.com\/wp-content\/uploads\/2025\/12\/haac-e.jpeg","contentUrl":"https:\/\/lepatriotebenin.com\/wp-content\/uploads\/2025\/12\/haac-e.jpeg","width":297,"height":169},{"@type":"BreadcrumbList","@id":"https:\/\/lepatriotebenin.com\/index.php\/2025\/12\/12\/campagne-mediatique-pour-les-elections-generales-de-2026-les-partis-politiques-signent-la-charte-de-bonne-conduite\/#breadcrumb","itemListElement":[{"@type":"ListItem","position":1,"name":"Accueil","item":"https:\/\/lepatriotebenin.com\/"},{"@type":"ListItem","position":2,"name":"Campagne m\u00e9diatique pour les \u00e9lections g\u00e9n\u00e9rales de 2026 : Les partis politiques signent la charte de bonne conduite"}]},{"@type":"WebSite","@id":"https:\/\/lepatriotebenin.com\/#website","url":"https:\/\/lepatriotebenin.com\/","name":"Le Patriote","description":"Le Patriote B\u00e9nin","potentialAction":[{"@type":"SearchAction","target":{"@type":"EntryPoint","urlTemplate":"https:\/\/lepatriotebenin.com\/?s={search_term_string}"},"query-input":{"@type":"PropertyValueSpecification","valueRequired":true,"valueName":"search_term_string"}}],"inLanguage":"fr-FR"},{"@type":"Person","@id":"https:\/\/lepatriotebenin.com\/#\/schema\/person\/2e7709b9c9cc313e452d1136af61690f","name":"Redaction","image":{"@type":"ImageObject","inLanguage":"fr-FR","@id":"https:\/\/secure.gravatar.com\/avatar\/c4c509357859ea2ca2cbb6d8812898a73e4ef1ef9934c2e591d7e32face734d1?s=96&d=mm&r=g","url":"https:\/\/secure.gravatar.com\/avatar\/c4c509357859ea2ca2cbb6d8812898a73e4ef1ef9934c2e591d7e32face734d1?s=96&d=mm&r=g","contentUrl":"https:\/\/secure.gravatar.com\/avatar\/c4c509357859ea2ca2cbb6d8812898a73e4ef1ef9934c2e591d7e32face734d1?s=96&d=mm&r=g","caption":"Redaction"},"url":"https:\/\/lepatriotebenin.com"}]}},"_links":{"self":[{"href":"https:\/\/lepatriotebenin.com\/index.php\/wp-json\/wp\/v2\/posts\/15861","targetHints":{"allow":["GET"]}}],"collection":[{"href":"https:\/\/lepatriotebenin.com\/index.php\/wp-json\/wp\/v2\/posts"}],"about":[{"href":"https:\/\/lepatriotebenin.com\/index.php\/wp-json\/wp\/v2\/types\/post"}],"author":[{"embeddable":true,"href":"https:\/\/lepatriotebenin.com\/index.php\/wp-json\/wp\/v2\/users\/5"}],"replies":[{"embeddable":true,"href":"https:\/\/lepatriotebenin.com\/index.php\/wp-json\/wp\/v2\/comments?post=15861"}],"version-history":[{"count":1,"href":"https:\/\/lepatriotebenin.com\/index.php\/wp-json\/wp\/v2\/posts\/15861\/revisions"}],"predecessor-version":[{"id":15863,"href":"https:\/\/lepatriotebenin.com\/index.php\/wp-json\/wp\/v2\/posts\/15861\/revisions\/15863"}],"wp:featuredmedia":[{"embeddable":true,"href":"https:\/\/lepatriotebenin.com\/index.php\/wp-json\/wp\/v2\/media\/15862"}],"wp:attachment":[{"href":"https:\/\/lepatriotebenin.com\/index.php\/wp-json\/wp\/v2\/media?parent=15861"}],"wp:term":[{"taxonomy":"category","embeddable":true,"href":"https:\/\/lepatriotebenin.com\/index.php\/wp-json\/wp\/v2\/categories?post=15861"},{"taxonomy":"post_tag","embeddable":true,"href":"https:\/\/lepatriotebenin.com\/index.php\/wp-json\/wp\/v2\/tags?post=15861"}],"curies":[{"name":"wp","href":"https:\/\/api.w.org\/{rel}","templated":true}]}}