{"id":15837,"date":"2025-12-12T02:20:51","date_gmt":"2025-12-12T01:20:51","guid":{"rendered":"https:\/\/lepatriotebenin.com\/?p=15837"},"modified":"2025-12-12T02:20:51","modified_gmt":"2025-12-12T01:20:51","slug":"afrique-de-louest-la-cedeao-annonce-la-suppression-des-taxes-aeriennes-des-2026","status":"publish","type":"post","link":"https:\/\/lepatriotebenin.com\/index.php\/2025\/12\/12\/afrique-de-louest-la-cedeao-annonce-la-suppression-des-taxes-aeriennes-des-2026\/","title":{"rendered":"Afrique de l\u2019Ouest : La CEDEAO annonce la suppression des taxes a\u00e9riennes d\u00e8s 2026"},"content":{"rendered":"<p><strong>La Communaut\u00e9 \u00e9conomique des \u00c9tats de l\u2019Afrique de l\u2019Ouest (C\u00e9d\u00e9ao) a d\u00e9cid\u00e9 de supprimer toutes les taxes sur le transport a\u00e9rien \u00e0 partir du 1\u1d49\u02b3 janvier 2026. Cette mesure vise \u00e0 rendre les vols intra-r\u00e9gionaux plus accessibles et \u00e0 dynamiser le secteur a\u00e9rien ouest-africain.<\/strong><\/p>\n<p>Dans une d\u00e9cision historique adopt\u00e9e par les \u00c9tats membres, la C\u00e9d\u00e9ao met fin \u00e0 l\u2019application des taxes sur le transport a\u00e9rien et r\u00e9duit de 25 % les redevances passagers et de s\u00e9curit\u00e9. L\u2019entr\u00e9e en vigueur est pr\u00e9vue pour le d\u00e9but de l\u2019ann\u00e9e prochaine, marquant une \u00e9tape majeure pour le secteur a\u00e9rien en Afrique de l\u2019Ouest.<\/p>\n<p>La suppression des taxes a\u00e9riennes, dont celles sur les billets, le tourisme et la solidarit\u00e9, s\u2019inscrit dans une strat\u00e9gie commune visant \u00e0 all\u00e9ger le co\u00fbt du transport a\u00e9rien dans l\u2019espace C\u00e9d\u00e9ao. \u00c0 partir du 1\u1d49\u02b3 janvier 2026, les taxes per\u00e7ues par les \u00c9tats sur le transport a\u00e9rien seront abolies, tandis que les redevances li\u00e9es aux passagers et \u00e0 la s\u00e9curit\u00e9 seront r\u00e9duites de 25 %. Cette r\u00e9forme s\u2019accompagne de la mise en place d\u2019un *M\u00e9canisme r\u00e9gional de surveillance \u00e9conomique du transport a\u00e9rien* pour accompagner son application.<\/p>\n<p>Selon la Commission de la C\u00e9d\u00e9ao, une baisse des taxes et des redevances devrait inciter les compagnies a\u00e9riennes \u00e0 r\u00e9duire leurs tarifs. Une telle \u00e9volution pourrait rendre les voyages en avion plus abordables pour les populations ouest-africaines et favoriser une augmentation du trafic a\u00e9rien r\u00e9gional. \u00c0 moyen terme, l\u2019objectif est de renforcer les transporteurs r\u00e9gionaux et de stimuler l\u2019\u00e9conomie via un secteur a\u00e9rien plus comp\u00e9titif. Les gouvernements membres sont \u00e9galement appel\u00e9s \u00e0 maintenir l\u2019absence de nouvelles taxes qui pourraient compromettre l\u2019efficacit\u00e9 de ces mesures.<\/p>\n<p><strong>Un impact attendu sur l\u2019int\u00e9gration r\u00e9gionale<\/strong><\/p>\n<p>La r\u00e9forme constitue aussi un levier pour renforcer l\u2019int\u00e9gration r\u00e9gionale, en facilitant la circulation des personnes et des biens. Les partisans de la r\u00e9forme estiment que des liaisons a\u00e9riennes plus nombreuses et moins co\u00fbteuses peuvent encourager les \u00e9changes \u00e9conomiques et le tourisme au sein de la sous-r\u00e9gion, tout en am\u00e9liorant l\u2019acc\u00e8s aux services essentiels et en consolidant l\u2019emploi dans le secteur. Toutefois si l\u2019acte additionnel adopt\u00e9 par la C\u00e9d\u00e9ao est juridiquement contraignant, sa mise en \u0153uvre uniforme d\u00e9pendra de l\u2019adoption de changements l\u00e9gislatifs nationaux par chacun des \u00c9tats membres. .<\/p>\n<p>\u00c0 l\u2019aube de 2026, la suppression des taxes a\u00e9riennes offre une lueur d\u2019espoir pour un ciel ouest-africain plus accessible. Si la mise en \u0153uvre se d\u00e9roule comme pr\u00e9vu, elle pourrait marquer un tournant pour la mobilit\u00e9 r\u00e9gionale et l\u2019int\u00e9gration \u00e9conomique.<\/p>\n<p><strong>Ez\u00e9chiel Dagb\u00e9gnon PADONOU<\/strong><\/p>\n<p>&nbsp;<\/p>\n<p>&nbsp;<\/p>\n<p>&nbsp;<\/p>\n","protected":false},"excerpt":{"rendered":"<p>La Communaut\u00e9 \u00e9conomique des \u00c9tats de l\u2019Afrique de l\u2019Ouest (C\u00e9d\u00e9ao) a d\u00e9cid\u00e9 de supprimer toutes les taxes sur le transport a\u00e9rien \u00e0 partir du 1\u1d49\u02b3 janvier 2026. Cette mesure vise&hellip;<\/p>\n","protected":false},"author":5,"featured_media":15838,"comment_status":"open","ping_status":"open","sticky":false,"template":"","format":"standard","meta":{"content-type":"","om_disable_all_campaigns":false,"_monsterinsights_skip_tracking":false,"_monsterinsights_sitenote_active":false,"_monsterinsights_sitenote_note":"","_monsterinsights_sitenote_category":0,"_uf_show_specific_survey":0,"_uf_disable_surveys":false,"footnotes":""},"categories":[4],"tags":[],"class_list":["post-15837","post","type-post","status-publish","format-standard","has-post-thumbnail","hentry","category-economie"],"aioseo_notices":[],"yoast_head":"<!-- This site is optimized with the Yoast SEO plugin v27.5 - https:\/\/yoast.com\/product\/yoast-seo-wordpress\/ -->\n<title>Afrique de l\u2019Ouest : La CEDEAO annonce la suppression des taxes a\u00e9riennes d\u00e8s 2026 - Le Patriote<\/title>\n<meta name=\"robots\" content=\"index, follow, max-snippet:-1, max-image-preview:large, max-video-preview:-1\" \/>\n<link rel=\"canonical\" href=\"https:\/\/lepatriotebenin.com\/index.php\/2025\/12\/12\/afrique-de-louest-la-cedeao-annonce-la-suppression-des-taxes-aeriennes-des-2026\/\" \/>\n<meta property=\"og:locale\" content=\"fr_FR\" \/>\n<meta property=\"og:type\" content=\"article\" \/>\n<meta property=\"og:title\" content=\"Afrique de l\u2019Ouest : La CEDEAO annonce la suppression des taxes a\u00e9riennes d\u00e8s 2026 - Le Patriote\" \/>\n<meta property=\"og:description\" content=\"La Communaut\u00e9 \u00e9conomique des \u00c9tats de l\u2019Afrique de l\u2019Ouest (C\u00e9d\u00e9ao) a d\u00e9cid\u00e9 de supprimer toutes les taxes sur le transport a\u00e9rien \u00e0 partir du 1\u1d49\u02b3 janvier 2026. Cette mesure vise&hellip;\" \/>\n<meta property=\"og:url\" content=\"https:\/\/lepatriotebenin.com\/index.php\/2025\/12\/12\/afrique-de-louest-la-cedeao-annonce-la-suppression-des-taxes-aeriennes-des-2026\/\" \/>\n<meta property=\"og:site_name\" content=\"Le Patriote\" \/>\n<meta property=\"article:published_time\" content=\"2025-12-12T01:20:51+00:00\" \/>\n<meta property=\"og:image\" content=\"https:\/\/lepatriotebenin.com\/wp-content\/uploads\/2025\/12\/afrique.jpg\" \/>\n\t<meta property=\"og:image:width\" content=\"1080\" \/>\n\t<meta property=\"og:image:height\" content=\"630\" \/>\n\t<meta property=\"og:image:type\" content=\"image\/jpeg\" \/>\n<meta name=\"author\" content=\"Redaction\" \/>\n<meta name=\"twitter:card\" content=\"summary_large_image\" \/>\n<meta name=\"twitter:label1\" content=\"\u00c9crit par\" \/>\n\t<meta name=\"twitter:data1\" content=\"Redaction\" \/>\n\t<meta name=\"twitter:label2\" content=\"Dur\u00e9e de lecture estim\u00e9e\" \/>\n\t<meta name=\"twitter:data2\" content=\"3 minutes\" \/>\n<script type=\"application\/ld+json\" class=\"yoast-schema-graph\">{\"@context\":\"https:\\\/\\\/schema.org\",\"@graph\":[{\"@type\":\"Article\",\"@id\":\"https:\\\/\\\/lepatriotebenin.com\\\/index.php\\\/2025\\\/12\\\/12\\\/afrique-de-louest-la-cedeao-annonce-la-suppression-des-taxes-aeriennes-des-2026\\\/#article\",\"isPartOf\":{\"@id\":\"https:\\\/\\\/lepatriotebenin.com\\\/index.php\\\/2025\\\/12\\\/12\\\/afrique-de-louest-la-cedeao-annonce-la-suppression-des-taxes-aeriennes-des-2026\\\/\"},\"author\":{\"name\":\"Redaction\",\"@id\":\"https:\\\/\\\/lepatriotebenin.com\\\/#\\\/schema\\\/person\\\/2e7709b9c9cc313e452d1136af61690f\"},\"headline\":\"Afrique de l\u2019Ouest : La CEDEAO annonce la suppression des taxes a\u00e9riennes d\u00e8s 2026\",\"datePublished\":\"2025-12-12T01:20:51+00:00\",\"mainEntityOfPage\":{\"@id\":\"https:\\\/\\\/lepatriotebenin.com\\\/index.php\\\/2025\\\/12\\\/12\\\/afrique-de-louest-la-cedeao-annonce-la-suppression-des-taxes-aeriennes-des-2026\\\/\"},\"wordCount\":494,\"commentCount\":0,\"image\":{\"@id\":\"https:\\\/\\\/lepatriotebenin.com\\\/index.php\\\/2025\\\/12\\\/12\\\/afrique-de-louest-la-cedeao-annonce-la-suppression-des-taxes-aeriennes-des-2026\\\/#primaryimage\"},\"thumbnailUrl\":\"https:\\\/\\\/lepatriotebenin.com\\\/wp-content\\\/uploads\\\/2025\\\/12\\\/afrique.jpg\",\"articleSection\":[\"Economie\"],\"inLanguage\":\"fr-FR\",\"potentialAction\":[{\"@type\":\"CommentAction\",\"name\":\"Comment\",\"target\":[\"https:\\\/\\\/lepatriotebenin.com\\\/index.php\\\/2025\\\/12\\\/12\\\/afrique-de-louest-la-cedeao-annonce-la-suppression-des-taxes-aeriennes-des-2026\\\/#respond\"]}]},{\"@type\":\"WebPage\",\"@id\":\"https:\\\/\\\/lepatriotebenin.com\\\/index.php\\\/2025\\\/12\\\/12\\\/afrique-de-louest-la-cedeao-annonce-la-suppression-des-taxes-aeriennes-des-2026\\\/\",\"url\":\"https:\\\/\\\/lepatriotebenin.com\\\/index.php\\\/2025\\\/12\\\/12\\\/afrique-de-louest-la-cedeao-annonce-la-suppression-des-taxes-aeriennes-des-2026\\\/\",\"name\":\"Afrique de l\u2019Ouest : La CEDEAO annonce la suppression des taxes a\u00e9riennes d\u00e8s 2026 - Le Patriote\",\"isPartOf\":{\"@id\":\"https:\\\/\\\/lepatriotebenin.com\\\/#website\"},\"primaryImageOfPage\":{\"@id\":\"https:\\\/\\\/lepatriotebenin.com\\\/index.php\\\/2025\\\/12\\\/12\\\/afrique-de-louest-la-cedeao-annonce-la-suppression-des-taxes-aeriennes-des-2026\\\/#primaryimage\"},\"image\":{\"@id\":\"https:\\\/\\\/lepatriotebenin.com\\\/index.php\\\/2025\\\/12\\\/12\\\/afrique-de-louest-la-cedeao-annonce-la-suppression-des-taxes-aeriennes-des-2026\\\/#primaryimage\"},\"thumbnailUrl\":\"https:\\\/\\\/lepatriotebenin.com\\\/wp-content\\\/uploads\\\/2025\\\/12\\\/afrique.jpg\",\"datePublished\":\"2025-12-12T01:20:51+00:00\",\"author\":{\"@id\":\"https:\\\/\\\/lepatriotebenin.com\\\/#\\\/schema\\\/person\\\/2e7709b9c9cc313e452d1136af61690f\"},\"breadcrumb\":{\"@id\":\"https:\\\/\\\/lepatriotebenin.com\\\/index.php\\\/2025\\\/12\\\/12\\\/afrique-de-louest-la-cedeao-annonce-la-suppression-des-taxes-aeriennes-des-2026\\\/#breadcrumb\"},\"inLanguage\":\"fr-FR\",\"potentialAction\":[{\"@type\":\"ReadAction\",\"target\":[\"https:\\\/\\\/lepatriotebenin.com\\\/index.php\\\/2025\\\/12\\\/12\\\/afrique-de-louest-la-cedeao-annonce-la-suppression-des-taxes-aeriennes-des-2026\\\/\"]}]},{\"@type\":\"ImageObject\",\"inLanguage\":\"fr-FR\",\"@id\":\"https:\\\/\\\/lepatriotebenin.com\\\/index.php\\\/2025\\\/12\\\/12\\\/afrique-de-louest-la-cedeao-annonce-la-suppression-des-taxes-aeriennes-des-2026\\\/#primaryimage\",\"url\":\"https:\\\/\\\/lepatriotebenin.com\\\/wp-content\\\/uploads\\\/2025\\\/12\\\/afrique.jpg\",\"contentUrl\":\"https:\\\/\\\/lepatriotebenin.com\\\/wp-content\\\/uploads\\\/2025\\\/12\\\/afrique.jpg\",\"width\":1080,\"height\":630},{\"@type\":\"BreadcrumbList\",\"@id\":\"https:\\\/\\\/lepatriotebenin.com\\\/index.php\\\/2025\\\/12\\\/12\\\/afrique-de-louest-la-cedeao-annonce-la-suppression-des-taxes-aeriennes-des-2026\\\/#breadcrumb\",\"itemListElement\":[{\"@type\":\"ListItem\",\"position\":1,\"name\":\"Accueil\",\"item\":\"https:\\\/\\\/lepatriotebenin.com\\\/\"},{\"@type\":\"ListItem\",\"position\":2,\"name\":\"Afrique de l\u2019Ouest : La CEDEAO annonce la suppression des taxes a\u00e9riennes d\u00e8s 2026\"}]},{\"@type\":\"WebSite\",\"@id\":\"https:\\\/\\\/lepatriotebenin.com\\\/#website\",\"url\":\"https:\\\/\\\/lepatriotebenin.com\\\/\",\"name\":\"Le Patriote\",\"description\":\"Le Patriote B\u00e9nin\",\"potentialAction\":[{\"@type\":\"SearchAction\",\"target\":{\"@type\":\"EntryPoint\",\"urlTemplate\":\"https:\\\/\\\/lepatriotebenin.com\\\/?s={search_term_string}\"},\"query-input\":{\"@type\":\"PropertyValueSpecification\",\"valueRequired\":true,\"valueName\":\"search_term_string\"}}],\"inLanguage\":\"fr-FR\"},{\"@type\":\"Person\",\"@id\":\"https:\\\/\\\/lepatriotebenin.com\\\/#\\\/schema\\\/person\\\/2e7709b9c9cc313e452d1136af61690f\",\"name\":\"Redaction\",\"image\":{\"@type\":\"ImageObject\",\"inLanguage\":\"fr-FR\",\"@id\":\"https:\\\/\\\/secure.gravatar.com\\\/avatar\\\/c4c509357859ea2ca2cbb6d8812898a73e4ef1ef9934c2e591d7e32face734d1?s=96&d=mm&r=g\",\"url\":\"https:\\\/\\\/secure.gravatar.com\\\/avatar\\\/c4c509357859ea2ca2cbb6d8812898a73e4ef1ef9934c2e591d7e32face734d1?s=96&d=mm&r=g\",\"contentUrl\":\"https:\\\/\\\/secure.gravatar.com\\\/avatar\\\/c4c509357859ea2ca2cbb6d8812898a73e4ef1ef9934c2e591d7e32face734d1?s=96&d=mm&r=g\",\"caption\":\"Redaction\"},\"url\":\"https:\\\/\\\/lepatriotebenin.com\"}]}<\/script>\n<!-- \/ Yoast SEO plugin. -->","yoast_head_json":{"title":"Afrique de l\u2019Ouest : La CEDEAO annonce la suppression des taxes a\u00e9riennes d\u00e8s 2026 - Le Patriote","robots":{"index":"index","follow":"follow","max-snippet":"max-snippet:-1","max-image-preview":"max-image-preview:large","max-video-preview":"max-video-preview:-1"},"canonical":"https:\/\/lepatriotebenin.com\/index.php\/2025\/12\/12\/afrique-de-louest-la-cedeao-annonce-la-suppression-des-taxes-aeriennes-des-2026\/","og_locale":"fr_FR","og_type":"article","og_title":"Afrique de l\u2019Ouest : La CEDEAO annonce la suppression des taxes a\u00e9riennes d\u00e8s 2026 - Le Patriote","og_description":"La Communaut\u00e9 \u00e9conomique des \u00c9tats de l\u2019Afrique de l\u2019Ouest (C\u00e9d\u00e9ao) a d\u00e9cid\u00e9 de supprimer toutes les taxes sur le transport a\u00e9rien \u00e0 partir du 1\u1d49\u02b3 janvier 2026. Cette mesure vise&hellip;","og_url":"https:\/\/lepatriotebenin.com\/index.php\/2025\/12\/12\/afrique-de-louest-la-cedeao-annonce-la-suppression-des-taxes-aeriennes-des-2026\/","og_site_name":"Le Patriote","article_published_time":"2025-12-12T01:20:51+00:00","og_image":[{"width":1080,"height":630,"url":"https:\/\/lepatriotebenin.com\/wp-content\/uploads\/2025\/12\/afrique.jpg","type":"image\/jpeg"}],"author":"Redaction","twitter_card":"summary_large_image","twitter_misc":{"\u00c9crit par":"Redaction","Dur\u00e9e de lecture estim\u00e9e":"3 minutes"},"schema":{"@context":"https:\/\/schema.org","@graph":[{"@type":"Article","@id":"https:\/\/lepatriotebenin.com\/index.php\/2025\/12\/12\/afrique-de-louest-la-cedeao-annonce-la-suppression-des-taxes-aeriennes-des-2026\/#article","isPartOf":{"@id":"https:\/\/lepatriotebenin.com\/index.php\/2025\/12\/12\/afrique-de-louest-la-cedeao-annonce-la-suppression-des-taxes-aeriennes-des-2026\/"},"author":{"name":"Redaction","@id":"https:\/\/lepatriotebenin.com\/#\/schema\/person\/2e7709b9c9cc313e452d1136af61690f"},"headline":"Afrique de l\u2019Ouest : La CEDEAO annonce la suppression des taxes a\u00e9riennes d\u00e8s 2026","datePublished":"2025-12-12T01:20:51+00:00","mainEntityOfPage":{"@id":"https:\/\/lepatriotebenin.com\/index.php\/2025\/12\/12\/afrique-de-louest-la-cedeao-annonce-la-suppression-des-taxes-aeriennes-des-2026\/"},"wordCount":494,"commentCount":0,"image":{"@id":"https:\/\/lepatriotebenin.com\/index.php\/2025\/12\/12\/afrique-de-louest-la-cedeao-annonce-la-suppression-des-taxes-aeriennes-des-2026\/#primaryimage"},"thumbnailUrl":"https:\/\/lepatriotebenin.com\/wp-content\/uploads\/2025\/12\/afrique.jpg","articleSection":["Economie"],"inLanguage":"fr-FR","potentialAction":[{"@type":"CommentAction","name":"Comment","target":["https:\/\/lepatriotebenin.com\/index.php\/2025\/12\/12\/afrique-de-louest-la-cedeao-annonce-la-suppression-des-taxes-aeriennes-des-2026\/#respond"]}]},{"@type":"WebPage","@id":"https:\/\/lepatriotebenin.com\/index.php\/2025\/12\/12\/afrique-de-louest-la-cedeao-annonce-la-suppression-des-taxes-aeriennes-des-2026\/","url":"https:\/\/lepatriotebenin.com\/index.php\/2025\/12\/12\/afrique-de-louest-la-cedeao-annonce-la-suppression-des-taxes-aeriennes-des-2026\/","name":"Afrique de l\u2019Ouest : La CEDEAO annonce la suppression des taxes a\u00e9riennes d\u00e8s 2026 - Le Patriote","isPartOf":{"@id":"https:\/\/lepatriotebenin.com\/#website"},"primaryImageOfPage":{"@id":"https:\/\/lepatriotebenin.com\/index.php\/2025\/12\/12\/afrique-de-louest-la-cedeao-annonce-la-suppression-des-taxes-aeriennes-des-2026\/#primaryimage"},"image":{"@id":"https:\/\/lepatriotebenin.com\/index.php\/2025\/12\/12\/afrique-de-louest-la-cedeao-annonce-la-suppression-des-taxes-aeriennes-des-2026\/#primaryimage"},"thumbnailUrl":"https:\/\/lepatriotebenin.com\/wp-content\/uploads\/2025\/12\/afrique.jpg","datePublished":"2025-12-12T01:20:51+00:00","author":{"@id":"https:\/\/lepatriotebenin.com\/#\/schema\/person\/2e7709b9c9cc313e452d1136af61690f"},"breadcrumb":{"@id":"https:\/\/lepatriotebenin.com\/index.php\/2025\/12\/12\/afrique-de-louest-la-cedeao-annonce-la-suppression-des-taxes-aeriennes-des-2026\/#breadcrumb"},"inLanguage":"fr-FR","potentialAction":[{"@type":"ReadAction","target":["https:\/\/lepatriotebenin.com\/index.php\/2025\/12\/12\/afrique-de-louest-la-cedeao-annonce-la-suppression-des-taxes-aeriennes-des-2026\/"]}]},{"@type":"ImageObject","inLanguage":"fr-FR","@id":"https:\/\/lepatriotebenin.com\/index.php\/2025\/12\/12\/afrique-de-louest-la-cedeao-annonce-la-suppression-des-taxes-aeriennes-des-2026\/#primaryimage","url":"https:\/\/lepatriotebenin.com\/wp-content\/uploads\/2025\/12\/afrique.jpg","contentUrl":"https:\/\/lepatriotebenin.com\/wp-content\/uploads\/2025\/12\/afrique.jpg","width":1080,"height":630},{"@type":"BreadcrumbList","@id":"https:\/\/lepatriotebenin.com\/index.php\/2025\/12\/12\/afrique-de-louest-la-cedeao-annonce-la-suppression-des-taxes-aeriennes-des-2026\/#breadcrumb","itemListElement":[{"@type":"ListItem","position":1,"name":"Accueil","item":"https:\/\/lepatriotebenin.com\/"},{"@type":"ListItem","position":2,"name":"Afrique de l\u2019Ouest : La CEDEAO annonce la suppression des taxes a\u00e9riennes d\u00e8s 2026"}]},{"@type":"WebSite","@id":"https:\/\/lepatriotebenin.com\/#website","url":"https:\/\/lepatriotebenin.com\/","name":"Le Patriote","description":"Le Patriote B\u00e9nin","potentialAction":[{"@type":"SearchAction","target":{"@type":"EntryPoint","urlTemplate":"https:\/\/lepatriotebenin.com\/?s={search_term_string}"},"query-input":{"@type":"PropertyValueSpecification","valueRequired":true,"valueName":"search_term_string"}}],"inLanguage":"fr-FR"},{"@type":"Person","@id":"https:\/\/lepatriotebenin.com\/#\/schema\/person\/2e7709b9c9cc313e452d1136af61690f","name":"Redaction","image":{"@type":"ImageObject","inLanguage":"fr-FR","@id":"https:\/\/secure.gravatar.com\/avatar\/c4c509357859ea2ca2cbb6d8812898a73e4ef1ef9934c2e591d7e32face734d1?s=96&d=mm&r=g","url":"https:\/\/secure.gravatar.com\/avatar\/c4c509357859ea2ca2cbb6d8812898a73e4ef1ef9934c2e591d7e32face734d1?s=96&d=mm&r=g","contentUrl":"https:\/\/secure.gravatar.com\/avatar\/c4c509357859ea2ca2cbb6d8812898a73e4ef1ef9934c2e591d7e32face734d1?s=96&d=mm&r=g","caption":"Redaction"},"url":"https:\/\/lepatriotebenin.com"}]}},"_links":{"self":[{"href":"https:\/\/lepatriotebenin.com\/index.php\/wp-json\/wp\/v2\/posts\/15837","targetHints":{"allow":["GET"]}}],"collection":[{"href":"https:\/\/lepatriotebenin.com\/index.php\/wp-json\/wp\/v2\/posts"}],"about":[{"href":"https:\/\/lepatriotebenin.com\/index.php\/wp-json\/wp\/v2\/types\/post"}],"author":[{"embeddable":true,"href":"https:\/\/lepatriotebenin.com\/index.php\/wp-json\/wp\/v2\/users\/5"}],"replies":[{"embeddable":true,"href":"https:\/\/lepatriotebenin.com\/index.php\/wp-json\/wp\/v2\/comments?post=15837"}],"version-history":[{"count":1,"href":"https:\/\/lepatriotebenin.com\/index.php\/wp-json\/wp\/v2\/posts\/15837\/revisions"}],"predecessor-version":[{"id":15839,"href":"https:\/\/lepatriotebenin.com\/index.php\/wp-json\/wp\/v2\/posts\/15837\/revisions\/15839"}],"wp:featuredmedia":[{"embeddable":true,"href":"https:\/\/lepatriotebenin.com\/index.php\/wp-json\/wp\/v2\/media\/15838"}],"wp:attachment":[{"href":"https:\/\/lepatriotebenin.com\/index.php\/wp-json\/wp\/v2\/media?parent=15837"}],"wp:term":[{"taxonomy":"category","embeddable":true,"href":"https:\/\/lepatriotebenin.com\/index.php\/wp-json\/wp\/v2\/categories?post=15837"},{"taxonomy":"post_tag","embeddable":true,"href":"https:\/\/lepatriotebenin.com\/index.php\/wp-json\/wp\/v2\/tags?post=15837"}],"curies":[{"name":"wp","href":"https:\/\/api.w.org\/{rel}","templated":true}]}}