{"id":15818,"date":"2025-12-11T16:50:21","date_gmt":"2025-12-11T15:50:21","guid":{"rendered":"https:\/\/lepatriotebenin.com\/?p=15818"},"modified":"2025-12-11T16:50:21","modified_gmt":"2025-12-11T15:50:21","slug":"tentative-de-coup-detat-au-benin-le-fonac-condamne-et-appelle-au-maintien-de-lordre-constitutionnel","status":"publish","type":"post","link":"https:\/\/lepatriotebenin.com\/index.php\/2025\/12\/11\/tentative-de-coup-detat-au-benin-le-fonac-condamne-et-appelle-au-maintien-de-lordre-constitutionnel\/","title":{"rendered":"Tentative de coup d\u2019Etat au B\u00e9nin : Le FONAC condamne et appelle au maintien de l\u2019ordre Constitutionnel"},"content":{"rendered":"<p>Dans un communiqu\u00e9 de presse\u00a0 rendu public\u00a0 le<strong> 10 d\u00e9cembre 2025\u00a0<\/strong> et sign\u00e9 de son pr\u00e9sident<strong> Jean-Baptiste Elias<\/strong>, le Front des Organisations Nationales\u00a0 contre la Corruption (FONAC)\u00a0 condamne \u00ab\u00a0toute prise de pouvoir en dehors du cadre Constitutionnel\u00a0\u00bb. Le FONAC appelle par ailleurs \u00ab\u00a0l\u2019ensemble des parties prenantes au respect des institutions, au dialogue constructif et au maintien de l\u2019ordre d\u00e9mocratique dans l\u2019int\u00e9r\u00eat sup\u00e9rieur de de la stabilit\u00e9 nationale\u00a0\u00bb .Il n\u2019a pas\u00a0 manqu\u00e9 d\u2019exhorter toutes les institutions et\u00a0 forces \u00ab\u00a0impliqu\u00e9es \u00e0 pr\u00e9server la paix, \u00e0 garantir la s\u00e9curit\u00e9 des populations et privil\u00e9gier les m\u00e9canismes l\u00e9gaux de r\u00e9solution des diff\u00e9rends\u00a0\u00bb. Lire \u00a0le communiqu\u00e9 de presse\u00a0 du FONAC<\/p>\n<p><img fetchpriority=\"high\" decoding=\"async\" class=\"alignnone size-medium wp-image-15819\" src=\"https:\/\/lepatriotebenin.com\/wp-content\/uploads\/2025\/12\/fonac-page-0001-212x300.jpg\" alt=\"\" width=\"212\" height=\"300\" srcset=\"https:\/\/lepatriotebenin.com\/wp-content\/uploads\/2025\/12\/fonac-page-0001-212x300.jpg 212w, https:\/\/lepatriotebenin.com\/wp-content\/uploads\/2025\/12\/fonac-page-0001-724x1024.jpg 724w, https:\/\/lepatriotebenin.com\/wp-content\/uploads\/2025\/12\/fonac-page-0001-768x1087.jpg 768w, https:\/\/lepatriotebenin.com\/wp-content\/uploads\/2025\/12\/fonac-page-0001-1085x1536.jpg 1085w, https:\/\/lepatriotebenin.com\/wp-content\/uploads\/2025\/12\/fonac-page-0001-1170x1656.jpg 1170w, https:\/\/lepatriotebenin.com\/wp-content\/uploads\/2025\/12\/fonac-page-0001-585x828.jpg 585w, https:\/\/lepatriotebenin.com\/wp-content\/uploads\/2025\/12\/fonac-page-0001.jpg 1240w\" sizes=\"(max-width: 212px) 100vw, 212px\" \/><\/p>\n","protected":false},"excerpt":{"rendered":"<p>Dans un communiqu\u00e9 de presse\u00a0 rendu public\u00a0 le 10 d\u00e9cembre 2025\u00a0 et sign\u00e9 de son pr\u00e9sident Jean-Baptiste Elias, le Front des Organisations Nationales\u00a0 contre la Corruption (FONAC)\u00a0 condamne \u00ab\u00a0toute prise&hellip;<\/p>\n","protected":false},"author":6,"featured_media":15782,"comment_status":"open","ping_status":"open","sticky":false,"template":"","format":"standard","meta":{"content-type":"","om_disable_all_campaigns":false,"_monsterinsights_skip_tracking":false,"_monsterinsights_sitenote_active":false,"_monsterinsights_sitenote_note":"","_monsterinsights_sitenote_category":0,"_uf_show_specific_survey":0,"_uf_disable_surveys":false,"footnotes":""},"categories":[26],"tags":[],"class_list":["post-15818","post","type-post","status-publish","format-standard","has-post-thumbnail","hentry","category-politique"],"aioseo_notices":[],"yoast_head":"<!-- This site is optimized with the Yoast SEO plugin v27.5 - https:\/\/yoast.com\/product\/yoast-seo-wordpress\/ -->\n<title>Tentative de coup d\u2019Etat au B\u00e9nin : Le FONAC condamne et appelle au maintien de l\u2019ordre Constitutionnel - Le Patriote<\/title>\n<meta name=\"robots\" content=\"index, follow, max-snippet:-1, max-image-preview:large, max-video-preview:-1\" \/>\n<link rel=\"canonical\" href=\"https:\/\/lepatriotebenin.com\/index.php\/2025\/12\/11\/tentative-de-coup-detat-au-benin-le-fonac-condamne-et-appelle-au-maintien-de-lordre-constitutionnel\/\" \/>\n<meta property=\"og:locale\" content=\"fr_FR\" \/>\n<meta property=\"og:type\" content=\"article\" \/>\n<meta property=\"og:title\" content=\"Tentative de coup d\u2019Etat au B\u00e9nin : Le FONAC condamne et appelle au maintien de l\u2019ordre Constitutionnel - Le Patriote\" \/>\n<meta property=\"og:description\" content=\"Dans un communiqu\u00e9 de presse\u00a0 rendu public\u00a0 le 10 d\u00e9cembre 2025\u00a0 et sign\u00e9 de son pr\u00e9sident Jean-Baptiste Elias, le Front des Organisations Nationales\u00a0 contre la Corruption (FONAC)\u00a0 condamne \u00ab\u00a0toute prise&hellip;\" \/>\n<meta property=\"og:url\" content=\"https:\/\/lepatriotebenin.com\/index.php\/2025\/12\/11\/tentative-de-coup-detat-au-benin-le-fonac-condamne-et-appelle-au-maintien-de-lordre-constitutionnel\/\" \/>\n<meta property=\"og:site_name\" content=\"Le Patriote\" \/>\n<meta property=\"article:published_time\" content=\"2025-12-11T15:50:21+00:00\" \/>\n<meta property=\"og:image\" content=\"https:\/\/lepatriotebenin.com\/wp-content\/uploads\/2025\/12\/jean-baptiste-elias-0fff4.jpg\" \/>\n\t<meta property=\"og:image:width\" content=\"650\" \/>\n\t<meta property=\"og:image:height\" content=\"521\" \/>\n\t<meta property=\"og:image:type\" content=\"image\/jpeg\" \/>\n<meta name=\"author\" content=\"Roland AFFANOU\" \/>\n<meta name=\"twitter:card\" content=\"summary_large_image\" \/>\n<meta name=\"twitter:label1\" content=\"\u00c9crit par\" \/>\n\t<meta name=\"twitter:data1\" content=\"Roland AFFANOU\" \/>\n\t<meta name=\"twitter:label2\" content=\"Dur\u00e9e de lecture estim\u00e9e\" \/>\n\t<meta name=\"twitter:data2\" content=\"1 minute\" \/>\n<script type=\"application\/ld+json\" class=\"yoast-schema-graph\">{\"@context\":\"https:\\\/\\\/schema.org\",\"@graph\":[{\"@type\":\"Article\",\"@id\":\"https:\\\/\\\/lepatriotebenin.com\\\/index.php\\\/2025\\\/12\\\/11\\\/tentative-de-coup-detat-au-benin-le-fonac-condamne-et-appelle-au-maintien-de-lordre-constitutionnel\\\/#article\",\"isPartOf\":{\"@id\":\"https:\\\/\\\/lepatriotebenin.com\\\/index.php\\\/2025\\\/12\\\/11\\\/tentative-de-coup-detat-au-benin-le-fonac-condamne-et-appelle-au-maintien-de-lordre-constitutionnel\\\/\"},\"author\":{\"name\":\"Roland AFFANOU\",\"@id\":\"https:\\\/\\\/lepatriotebenin.com\\\/#\\\/schema\\\/person\\\/4a9b67216c97d04045e01405c534c91f\"},\"headline\":\"Tentative de coup d\u2019Etat au B\u00e9nin : Le FONAC condamne et appelle au maintien de l\u2019ordre Constitutionnel\",\"datePublished\":\"2025-12-11T15:50:21+00:00\",\"mainEntityOfPage\":{\"@id\":\"https:\\\/\\\/lepatriotebenin.com\\\/index.php\\\/2025\\\/12\\\/11\\\/tentative-de-coup-detat-au-benin-le-fonac-condamne-et-appelle-au-maintien-de-lordre-constitutionnel\\\/\"},\"wordCount\":138,\"commentCount\":0,\"image\":{\"@id\":\"https:\\\/\\\/lepatriotebenin.com\\\/index.php\\\/2025\\\/12\\\/11\\\/tentative-de-coup-detat-au-benin-le-fonac-condamne-et-appelle-au-maintien-de-lordre-constitutionnel\\\/#primaryimage\"},\"thumbnailUrl\":\"https:\\\/\\\/lepatriotebenin.com\\\/wp-content\\\/uploads\\\/2025\\\/12\\\/jean-baptiste-elias-0fff4.jpg\",\"articleSection\":[\"Politique\"],\"inLanguage\":\"fr-FR\",\"potentialAction\":[{\"@type\":\"CommentAction\",\"name\":\"Comment\",\"target\":[\"https:\\\/\\\/lepatriotebenin.com\\\/index.php\\\/2025\\\/12\\\/11\\\/tentative-de-coup-detat-au-benin-le-fonac-condamne-et-appelle-au-maintien-de-lordre-constitutionnel\\\/#respond\"]}]},{\"@type\":\"WebPage\",\"@id\":\"https:\\\/\\\/lepatriotebenin.com\\\/index.php\\\/2025\\\/12\\\/11\\\/tentative-de-coup-detat-au-benin-le-fonac-condamne-et-appelle-au-maintien-de-lordre-constitutionnel\\\/\",\"url\":\"https:\\\/\\\/lepatriotebenin.com\\\/index.php\\\/2025\\\/12\\\/11\\\/tentative-de-coup-detat-au-benin-le-fonac-condamne-et-appelle-au-maintien-de-lordre-constitutionnel\\\/\",\"name\":\"Tentative de coup d\u2019Etat au B\u00e9nin : Le FONAC condamne et appelle au maintien de l\u2019ordre Constitutionnel - Le Patriote\",\"isPartOf\":{\"@id\":\"https:\\\/\\\/lepatriotebenin.com\\\/#website\"},\"primaryImageOfPage\":{\"@id\":\"https:\\\/\\\/lepatriotebenin.com\\\/index.php\\\/2025\\\/12\\\/11\\\/tentative-de-coup-detat-au-benin-le-fonac-condamne-et-appelle-au-maintien-de-lordre-constitutionnel\\\/#primaryimage\"},\"image\":{\"@id\":\"https:\\\/\\\/lepatriotebenin.com\\\/index.php\\\/2025\\\/12\\\/11\\\/tentative-de-coup-detat-au-benin-le-fonac-condamne-et-appelle-au-maintien-de-lordre-constitutionnel\\\/#primaryimage\"},\"thumbnailUrl\":\"https:\\\/\\\/lepatriotebenin.com\\\/wp-content\\\/uploads\\\/2025\\\/12\\\/jean-baptiste-elias-0fff4.jpg\",\"datePublished\":\"2025-12-11T15:50:21+00:00\",\"author\":{\"@id\":\"https:\\\/\\\/lepatriotebenin.com\\\/#\\\/schema\\\/person\\\/4a9b67216c97d04045e01405c534c91f\"},\"breadcrumb\":{\"@id\":\"https:\\\/\\\/lepatriotebenin.com\\\/index.php\\\/2025\\\/12\\\/11\\\/tentative-de-coup-detat-au-benin-le-fonac-condamne-et-appelle-au-maintien-de-lordre-constitutionnel\\\/#breadcrumb\"},\"inLanguage\":\"fr-FR\",\"potentialAction\":[{\"@type\":\"ReadAction\",\"target\":[\"https:\\\/\\\/lepatriotebenin.com\\\/index.php\\\/2025\\\/12\\\/11\\\/tentative-de-coup-detat-au-benin-le-fonac-condamne-et-appelle-au-maintien-de-lordre-constitutionnel\\\/\"]}]},{\"@type\":\"ImageObject\",\"inLanguage\":\"fr-FR\",\"@id\":\"https:\\\/\\\/lepatriotebenin.com\\\/index.php\\\/2025\\\/12\\\/11\\\/tentative-de-coup-detat-au-benin-le-fonac-condamne-et-appelle-au-maintien-de-lordre-constitutionnel\\\/#primaryimage\",\"url\":\"https:\\\/\\\/lepatriotebenin.com\\\/wp-content\\\/uploads\\\/2025\\\/12\\\/jean-baptiste-elias-0fff4.jpg\",\"contentUrl\":\"https:\\\/\\\/lepatriotebenin.com\\\/wp-content\\\/uploads\\\/2025\\\/12\\\/jean-baptiste-elias-0fff4.jpg\",\"width\":650,\"height\":521},{\"@type\":\"BreadcrumbList\",\"@id\":\"https:\\\/\\\/lepatriotebenin.com\\\/index.php\\\/2025\\\/12\\\/11\\\/tentative-de-coup-detat-au-benin-le-fonac-condamne-et-appelle-au-maintien-de-lordre-constitutionnel\\\/#breadcrumb\",\"itemListElement\":[{\"@type\":\"ListItem\",\"position\":1,\"name\":\"Accueil\",\"item\":\"https:\\\/\\\/lepatriotebenin.com\\\/\"},{\"@type\":\"ListItem\",\"position\":2,\"name\":\"Tentative de coup d\u2019Etat au B\u00e9nin : Le FONAC condamne et appelle au maintien de l\u2019ordre Constitutionnel\"}]},{\"@type\":\"WebSite\",\"@id\":\"https:\\\/\\\/lepatriotebenin.com\\\/#website\",\"url\":\"https:\\\/\\\/lepatriotebenin.com\\\/\",\"name\":\"Le Patriote\",\"description\":\"Le Patriote B\u00e9nin\",\"potentialAction\":[{\"@type\":\"SearchAction\",\"target\":{\"@type\":\"EntryPoint\",\"urlTemplate\":\"https:\\\/\\\/lepatriotebenin.com\\\/?s={search_term_string}\"},\"query-input\":{\"@type\":\"PropertyValueSpecification\",\"valueRequired\":true,\"valueName\":\"search_term_string\"}}],\"inLanguage\":\"fr-FR\"},{\"@type\":\"Person\",\"@id\":\"https:\\\/\\\/lepatriotebenin.com\\\/#\\\/schema\\\/person\\\/4a9b67216c97d04045e01405c534c91f\",\"name\":\"Roland AFFANOU\",\"image\":{\"@type\":\"ImageObject\",\"inLanguage\":\"fr-FR\",\"@id\":\"https:\\\/\\\/secure.gravatar.com\\\/avatar\\\/7209d3f6d2d47ea4d0c67e14d3effb61feb10ae540a4381280c66265de5bd643?s=96&d=mm&r=g\",\"url\":\"https:\\\/\\\/secure.gravatar.com\\\/avatar\\\/7209d3f6d2d47ea4d0c67e14d3effb61feb10ae540a4381280c66265de5bd643?s=96&d=mm&r=g\",\"contentUrl\":\"https:\\\/\\\/secure.gravatar.com\\\/avatar\\\/7209d3f6d2d47ea4d0c67e14d3effb61feb10ae540a4381280c66265de5bd643?s=96&d=mm&r=g\",\"caption\":\"Roland AFFANOU\"},\"url\":\"https:\\\/\\\/lepatriotebenin.com\"}]}<\/script>\n<!-- \/ Yoast SEO plugin. -->","yoast_head_json":{"title":"Tentative de coup d\u2019Etat au B\u00e9nin : Le FONAC condamne et appelle au maintien de l\u2019ordre Constitutionnel - Le Patriote","robots":{"index":"index","follow":"follow","max-snippet":"max-snippet:-1","max-image-preview":"max-image-preview:large","max-video-preview":"max-video-preview:-1"},"canonical":"https:\/\/lepatriotebenin.com\/index.php\/2025\/12\/11\/tentative-de-coup-detat-au-benin-le-fonac-condamne-et-appelle-au-maintien-de-lordre-constitutionnel\/","og_locale":"fr_FR","og_type":"article","og_title":"Tentative de coup d\u2019Etat au B\u00e9nin : Le FONAC condamne et appelle au maintien de l\u2019ordre Constitutionnel - Le Patriote","og_description":"Dans un communiqu\u00e9 de presse\u00a0 rendu public\u00a0 le 10 d\u00e9cembre 2025\u00a0 et sign\u00e9 de son pr\u00e9sident Jean-Baptiste Elias, le Front des Organisations Nationales\u00a0 contre la Corruption (FONAC)\u00a0 condamne \u00ab\u00a0toute prise&hellip;","og_url":"https:\/\/lepatriotebenin.com\/index.php\/2025\/12\/11\/tentative-de-coup-detat-au-benin-le-fonac-condamne-et-appelle-au-maintien-de-lordre-constitutionnel\/","og_site_name":"Le Patriote","article_published_time":"2025-12-11T15:50:21+00:00","og_image":[{"width":650,"height":521,"url":"https:\/\/lepatriotebenin.com\/wp-content\/uploads\/2025\/12\/jean-baptiste-elias-0fff4.jpg","type":"image\/jpeg"}],"author":"Roland AFFANOU","twitter_card":"summary_large_image","twitter_misc":{"\u00c9crit par":"Roland AFFANOU","Dur\u00e9e de lecture estim\u00e9e":"1 minute"},"schema":{"@context":"https:\/\/schema.org","@graph":[{"@type":"Article","@id":"https:\/\/lepatriotebenin.com\/index.php\/2025\/12\/11\/tentative-de-coup-detat-au-benin-le-fonac-condamne-et-appelle-au-maintien-de-lordre-constitutionnel\/#article","isPartOf":{"@id":"https:\/\/lepatriotebenin.com\/index.php\/2025\/12\/11\/tentative-de-coup-detat-au-benin-le-fonac-condamne-et-appelle-au-maintien-de-lordre-constitutionnel\/"},"author":{"name":"Roland AFFANOU","@id":"https:\/\/lepatriotebenin.com\/#\/schema\/person\/4a9b67216c97d04045e01405c534c91f"},"headline":"Tentative de coup d\u2019Etat au B\u00e9nin : Le FONAC condamne et appelle au maintien de l\u2019ordre Constitutionnel","datePublished":"2025-12-11T15:50:21+00:00","mainEntityOfPage":{"@id":"https:\/\/lepatriotebenin.com\/index.php\/2025\/12\/11\/tentative-de-coup-detat-au-benin-le-fonac-condamne-et-appelle-au-maintien-de-lordre-constitutionnel\/"},"wordCount":138,"commentCount":0,"image":{"@id":"https:\/\/lepatriotebenin.com\/index.php\/2025\/12\/11\/tentative-de-coup-detat-au-benin-le-fonac-condamne-et-appelle-au-maintien-de-lordre-constitutionnel\/#primaryimage"},"thumbnailUrl":"https:\/\/lepatriotebenin.com\/wp-content\/uploads\/2025\/12\/jean-baptiste-elias-0fff4.jpg","articleSection":["Politique"],"inLanguage":"fr-FR","potentialAction":[{"@type":"CommentAction","name":"Comment","target":["https:\/\/lepatriotebenin.com\/index.php\/2025\/12\/11\/tentative-de-coup-detat-au-benin-le-fonac-condamne-et-appelle-au-maintien-de-lordre-constitutionnel\/#respond"]}]},{"@type":"WebPage","@id":"https:\/\/lepatriotebenin.com\/index.php\/2025\/12\/11\/tentative-de-coup-detat-au-benin-le-fonac-condamne-et-appelle-au-maintien-de-lordre-constitutionnel\/","url":"https:\/\/lepatriotebenin.com\/index.php\/2025\/12\/11\/tentative-de-coup-detat-au-benin-le-fonac-condamne-et-appelle-au-maintien-de-lordre-constitutionnel\/","name":"Tentative de coup d\u2019Etat au B\u00e9nin : Le FONAC condamne et appelle au maintien de l\u2019ordre Constitutionnel - Le Patriote","isPartOf":{"@id":"https:\/\/lepatriotebenin.com\/#website"},"primaryImageOfPage":{"@id":"https:\/\/lepatriotebenin.com\/index.php\/2025\/12\/11\/tentative-de-coup-detat-au-benin-le-fonac-condamne-et-appelle-au-maintien-de-lordre-constitutionnel\/#primaryimage"},"image":{"@id":"https:\/\/lepatriotebenin.com\/index.php\/2025\/12\/11\/tentative-de-coup-detat-au-benin-le-fonac-condamne-et-appelle-au-maintien-de-lordre-constitutionnel\/#primaryimage"},"thumbnailUrl":"https:\/\/lepatriotebenin.com\/wp-content\/uploads\/2025\/12\/jean-baptiste-elias-0fff4.jpg","datePublished":"2025-12-11T15:50:21+00:00","author":{"@id":"https:\/\/lepatriotebenin.com\/#\/schema\/person\/4a9b67216c97d04045e01405c534c91f"},"breadcrumb":{"@id":"https:\/\/lepatriotebenin.com\/index.php\/2025\/12\/11\/tentative-de-coup-detat-au-benin-le-fonac-condamne-et-appelle-au-maintien-de-lordre-constitutionnel\/#breadcrumb"},"inLanguage":"fr-FR","potentialAction":[{"@type":"ReadAction","target":["https:\/\/lepatriotebenin.com\/index.php\/2025\/12\/11\/tentative-de-coup-detat-au-benin-le-fonac-condamne-et-appelle-au-maintien-de-lordre-constitutionnel\/"]}]},{"@type":"ImageObject","inLanguage":"fr-FR","@id":"https:\/\/lepatriotebenin.com\/index.php\/2025\/12\/11\/tentative-de-coup-detat-au-benin-le-fonac-condamne-et-appelle-au-maintien-de-lordre-constitutionnel\/#primaryimage","url":"https:\/\/lepatriotebenin.com\/wp-content\/uploads\/2025\/12\/jean-baptiste-elias-0fff4.jpg","contentUrl":"https:\/\/lepatriotebenin.com\/wp-content\/uploads\/2025\/12\/jean-baptiste-elias-0fff4.jpg","width":650,"height":521},{"@type":"BreadcrumbList","@id":"https:\/\/lepatriotebenin.com\/index.php\/2025\/12\/11\/tentative-de-coup-detat-au-benin-le-fonac-condamne-et-appelle-au-maintien-de-lordre-constitutionnel\/#breadcrumb","itemListElement":[{"@type":"ListItem","position":1,"name":"Accueil","item":"https:\/\/lepatriotebenin.com\/"},{"@type":"ListItem","position":2,"name":"Tentative de coup d\u2019Etat au B\u00e9nin : Le FONAC condamne et appelle au maintien de l\u2019ordre Constitutionnel"}]},{"@type":"WebSite","@id":"https:\/\/lepatriotebenin.com\/#website","url":"https:\/\/lepatriotebenin.com\/","name":"Le Patriote","description":"Le Patriote B\u00e9nin","potentialAction":[{"@type":"SearchAction","target":{"@type":"EntryPoint","urlTemplate":"https:\/\/lepatriotebenin.com\/?s={search_term_string}"},"query-input":{"@type":"PropertyValueSpecification","valueRequired":true,"valueName":"search_term_string"}}],"inLanguage":"fr-FR"},{"@type":"Person","@id":"https:\/\/lepatriotebenin.com\/#\/schema\/person\/4a9b67216c97d04045e01405c534c91f","name":"Roland AFFANOU","image":{"@type":"ImageObject","inLanguage":"fr-FR","@id":"https:\/\/secure.gravatar.com\/avatar\/7209d3f6d2d47ea4d0c67e14d3effb61feb10ae540a4381280c66265de5bd643?s=96&d=mm&r=g","url":"https:\/\/secure.gravatar.com\/avatar\/7209d3f6d2d47ea4d0c67e14d3effb61feb10ae540a4381280c66265de5bd643?s=96&d=mm&r=g","contentUrl":"https:\/\/secure.gravatar.com\/avatar\/7209d3f6d2d47ea4d0c67e14d3effb61feb10ae540a4381280c66265de5bd643?s=96&d=mm&r=g","caption":"Roland AFFANOU"},"url":"https:\/\/lepatriotebenin.com"}]}},"_links":{"self":[{"href":"https:\/\/lepatriotebenin.com\/index.php\/wp-json\/wp\/v2\/posts\/15818","targetHints":{"allow":["GET"]}}],"collection":[{"href":"https:\/\/lepatriotebenin.com\/index.php\/wp-json\/wp\/v2\/posts"}],"about":[{"href":"https:\/\/lepatriotebenin.com\/index.php\/wp-json\/wp\/v2\/types\/post"}],"author":[{"embeddable":true,"href":"https:\/\/lepatriotebenin.com\/index.php\/wp-json\/wp\/v2\/users\/6"}],"replies":[{"embeddable":true,"href":"https:\/\/lepatriotebenin.com\/index.php\/wp-json\/wp\/v2\/comments?post=15818"}],"version-history":[{"count":1,"href":"https:\/\/lepatriotebenin.com\/index.php\/wp-json\/wp\/v2\/posts\/15818\/revisions"}],"predecessor-version":[{"id":15820,"href":"https:\/\/lepatriotebenin.com\/index.php\/wp-json\/wp\/v2\/posts\/15818\/revisions\/15820"}],"wp:featuredmedia":[{"embeddable":true,"href":"https:\/\/lepatriotebenin.com\/index.php\/wp-json\/wp\/v2\/media\/15782"}],"wp:attachment":[{"href":"https:\/\/lepatriotebenin.com\/index.php\/wp-json\/wp\/v2\/media?parent=15818"}],"wp:term":[{"taxonomy":"category","embeddable":true,"href":"https:\/\/lepatriotebenin.com\/index.php\/wp-json\/wp\/v2\/categories?post=15818"},{"taxonomy":"post_tag","embeddable":true,"href":"https:\/\/lepatriotebenin.com\/index.php\/wp-json\/wp\/v2\/tags?post=15818"}],"curies":[{"name":"wp","href":"https:\/\/api.w.org\/{rel}","templated":true}]}}