{"id":15787,"date":"2025-12-10T03:35:17","date_gmt":"2025-12-10T02:35:17","guid":{"rendered":"https:\/\/lepatriotebenin.com\/?p=15787"},"modified":"2025-12-10T03:37:49","modified_gmt":"2025-12-10T02:37:49","slug":"elections-communales-et-legislatives-de-janvier-2026-les-maquettes-du-bulletin-unique-des-deux-scrutins-adoptees","status":"publish","type":"post","link":"https:\/\/lepatriotebenin.com\/index.php\/2025\/12\/10\/elections-communales-et-legislatives-de-janvier-2026-les-maquettes-du-bulletin-unique-des-deux-scrutins-adoptees\/","title":{"rendered":"\u00c9lections communales et l\u00e9gislatives de janvier 2026 : Les maquettes du bulletin unique des deux scrutins adopt\u00e9es"},"content":{"rendered":"<p><em><strong>Le si\u00e8ge de la Commission \u00e9lectorale nationale autonome (C\u00e9na) a servi de cadre lundi 08 d\u00e9cembre 2026, \u00e0 la concertation entre les responsables de l&rsquo;institution en charge de l&rsquo;organisation des \u00e9lections et les repr\u00e9sentants des partis politiques. Ce conclave a \u00e9t\u00e9 une occasion pour les diff\u00e9rentes parties d&rsquo;analyser et d&rsquo;adopter les maquettes du bulletin unique pour les deux scrutins.<\/strong><\/em><\/p>\n<p>La Commission \u00e9lectorale nationale autonome (C\u00e9na) continue progressivement la mise en \u0153uvre de son chronogramme dans le cadre de l&rsquo;organisation des \u00e9lections l\u00e9gislatives et communales du 11 janvier 2026. Apr\u00e8s le tirage au sort pour le positionnement des partis politiques sur le bulletin unique, les responsables de l&rsquo;institution et les repr\u00e9sentants des formations\u00a0 en lice pour les deux \u00e9lections ont proc\u00e9d\u00e9 \u00e0 une analyse minutieuse et une adoption des maquettes. Au cours de la s\u00e9ance, les mod\u00e8les de bulletins ont\u00a0 \u00e9t\u00e9 projet\u00e9s et \u00e9tudi\u00e9s l&rsquo;un apr\u00e8s l&rsquo;autre.<\/p>\n<p>Les partis politiques ont formul\u00e9 plusieurs observations, dont cinq points majeurs retenus par la Direction g\u00e9n\u00e9rale des \u00e9lections. Ces contributions ont permis d&rsquo;am\u00e9liorer les sp\u00e9cimens afin d&rsquo;assurer une meilleure lisibilit\u00e9, une \u00e9quit\u00e9 stricte entre les candidats et une conformit\u00e9 aux normes \u00e9lectorales en vigueur. Au terme des \u00e9changes, le pr\u00e9sident de la Commission \u00e9lectorale nationale autonome, Sacca Lafia a garanti que la version finalis\u00e9e des maquettes du bulletin unique serait transmise \u00e0 chaque parti dans un d\u00e9lai d&rsquo;une semaine.<\/p>\n<p>A travers cet acte, la C\u00e9na poursuit ainsi la pr\u00e9paration des \u00e9lections g\u00e9n\u00e9rales de 2026 en collaboration avec toutes les parties prenantes, dans le respect des principes de transparence, d&rsquo;inclusivit\u00e9 et de participation citoyenne. Il faut noter que la s\u00e9ance a d\u00e9but\u00e9 par une minute de silence en m\u00e9moire des citoyens ayant perdu la vie lors des \u00e9v\u00e9nements li\u00e9s \u00e0 la tentative de coup d&rsquo;\u00c9tat du 7 d\u00e9cembre 2025.<\/p>\n<p><strong>Mohamed Y\u00e8kini<\/strong><\/p>\n<p>&nbsp;<\/p>\n","protected":false},"excerpt":{"rendered":"<p>Le si\u00e8ge de la Commission \u00e9lectorale nationale autonome (C\u00e9na) a servi de cadre lundi 08 d\u00e9cembre 2026, \u00e0 la concertation entre les responsables de l&rsquo;institution en charge de l&rsquo;organisation des&hellip;<\/p>\n","protected":false},"author":5,"featured_media":15788,"comment_status":"open","ping_status":"open","sticky":false,"template":"","format":"standard","meta":{"content-type":"","om_disable_all_campaigns":false,"_monsterinsights_skip_tracking":false,"_monsterinsights_sitenote_active":false,"_monsterinsights_sitenote_note":"","_monsterinsights_sitenote_category":0,"_uf_show_specific_survey":0,"_uf_disable_surveys":false,"footnotes":""},"categories":[26],"tags":[],"class_list":["post-15787","post","type-post","status-publish","format-standard","has-post-thumbnail","hentry","category-politique"],"aioseo_notices":[],"yoast_head":"<!-- This site is optimized with the Yoast SEO plugin v27.5 - https:\/\/yoast.com\/product\/yoast-seo-wordpress\/ -->\n<title>\u00c9lections communales et l\u00e9gislatives de janvier 2026 : Les maquettes du bulletin unique des deux scrutins adopt\u00e9es - Le Patriote<\/title>\n<meta name=\"robots\" content=\"index, follow, max-snippet:-1, max-image-preview:large, max-video-preview:-1\" \/>\n<link rel=\"canonical\" href=\"https:\/\/lepatriotebenin.com\/index.php\/2025\/12\/10\/elections-communales-et-legislatives-de-janvier-2026-les-maquettes-du-bulletin-unique-des-deux-scrutins-adoptees\/\" \/>\n<meta property=\"og:locale\" content=\"fr_FR\" \/>\n<meta property=\"og:type\" content=\"article\" \/>\n<meta property=\"og:title\" content=\"\u00c9lections communales et l\u00e9gislatives de janvier 2026 : Les maquettes du bulletin unique des deux scrutins adopt\u00e9es - Le Patriote\" \/>\n<meta property=\"og:description\" content=\"Le si\u00e8ge de la Commission \u00e9lectorale nationale autonome (C\u00e9na) a servi de cadre lundi 08 d\u00e9cembre 2026, \u00e0 la concertation entre les responsables de l&rsquo;institution en charge de l&rsquo;organisation des&hellip;\" \/>\n<meta property=\"og:url\" content=\"https:\/\/lepatriotebenin.com\/index.php\/2025\/12\/10\/elections-communales-et-legislatives-de-janvier-2026-les-maquettes-du-bulletin-unique-des-deux-scrutins-adoptees\/\" \/>\n<meta property=\"og:site_name\" content=\"Le Patriote\" \/>\n<meta property=\"article:published_time\" content=\"2025-12-10T02:35:17+00:00\" \/>\n<meta property=\"article:modified_time\" content=\"2025-12-10T02:37:49+00:00\" \/>\n<meta property=\"og:image\" content=\"https:\/\/lepatriotebenin.com\/wp-content\/uploads\/2025\/12\/sacca-lafia-1-1.webp\" \/>\n\t<meta property=\"og:image:width\" content=\"1200\" \/>\n\t<meta property=\"og:image:height\" content=\"900\" \/>\n\t<meta property=\"og:image:type\" content=\"image\/webp\" \/>\n<meta name=\"author\" content=\"Redaction\" \/>\n<meta name=\"twitter:card\" content=\"summary_large_image\" \/>\n<meta name=\"twitter:label1\" content=\"\u00c9crit par\" \/>\n\t<meta name=\"twitter:data1\" content=\"Redaction\" \/>\n\t<meta name=\"twitter:label2\" content=\"Dur\u00e9e de lecture estim\u00e9e\" \/>\n\t<meta name=\"twitter:data2\" content=\"2 minutes\" \/>\n<script type=\"application\/ld+json\" class=\"yoast-schema-graph\">{\"@context\":\"https:\\\/\\\/schema.org\",\"@graph\":[{\"@type\":\"Article\",\"@id\":\"https:\\\/\\\/lepatriotebenin.com\\\/index.php\\\/2025\\\/12\\\/10\\\/elections-communales-et-legislatives-de-janvier-2026-les-maquettes-du-bulletin-unique-des-deux-scrutins-adoptees\\\/#article\",\"isPartOf\":{\"@id\":\"https:\\\/\\\/lepatriotebenin.com\\\/index.php\\\/2025\\\/12\\\/10\\\/elections-communales-et-legislatives-de-janvier-2026-les-maquettes-du-bulletin-unique-des-deux-scrutins-adoptees\\\/\"},\"author\":{\"name\":\"Redaction\",\"@id\":\"https:\\\/\\\/lepatriotebenin.com\\\/#\\\/schema\\\/person\\\/2e7709b9c9cc313e452d1136af61690f\"},\"headline\":\"\u00c9lections communales et l\u00e9gislatives de janvier 2026 : Les maquettes du bulletin unique des deux scrutins adopt\u00e9es\",\"datePublished\":\"2025-12-10T02:35:17+00:00\",\"dateModified\":\"2025-12-10T02:37:49+00:00\",\"mainEntityOfPage\":{\"@id\":\"https:\\\/\\\/lepatriotebenin.com\\\/index.php\\\/2025\\\/12\\\/10\\\/elections-communales-et-legislatives-de-janvier-2026-les-maquettes-du-bulletin-unique-des-deux-scrutins-adoptees\\\/\"},\"wordCount\":349,\"commentCount\":0,\"image\":{\"@id\":\"https:\\\/\\\/lepatriotebenin.com\\\/index.php\\\/2025\\\/12\\\/10\\\/elections-communales-et-legislatives-de-janvier-2026-les-maquettes-du-bulletin-unique-des-deux-scrutins-adoptees\\\/#primaryimage\"},\"thumbnailUrl\":\"https:\\\/\\\/lepatriotebenin.com\\\/wp-content\\\/uploads\\\/2025\\\/12\\\/sacca-lafia-1-1.webp\",\"articleSection\":[\"Politique\"],\"inLanguage\":\"fr-FR\",\"potentialAction\":[{\"@type\":\"CommentAction\",\"name\":\"Comment\",\"target\":[\"https:\\\/\\\/lepatriotebenin.com\\\/index.php\\\/2025\\\/12\\\/10\\\/elections-communales-et-legislatives-de-janvier-2026-les-maquettes-du-bulletin-unique-des-deux-scrutins-adoptees\\\/#respond\"]}]},{\"@type\":\"WebPage\",\"@id\":\"https:\\\/\\\/lepatriotebenin.com\\\/index.php\\\/2025\\\/12\\\/10\\\/elections-communales-et-legislatives-de-janvier-2026-les-maquettes-du-bulletin-unique-des-deux-scrutins-adoptees\\\/\",\"url\":\"https:\\\/\\\/lepatriotebenin.com\\\/index.php\\\/2025\\\/12\\\/10\\\/elections-communales-et-legislatives-de-janvier-2026-les-maquettes-du-bulletin-unique-des-deux-scrutins-adoptees\\\/\",\"name\":\"\u00c9lections communales et l\u00e9gislatives de janvier 2026 : Les maquettes du bulletin unique des deux scrutins adopt\u00e9es - Le Patriote\",\"isPartOf\":{\"@id\":\"https:\\\/\\\/lepatriotebenin.com\\\/#website\"},\"primaryImageOfPage\":{\"@id\":\"https:\\\/\\\/lepatriotebenin.com\\\/index.php\\\/2025\\\/12\\\/10\\\/elections-communales-et-legislatives-de-janvier-2026-les-maquettes-du-bulletin-unique-des-deux-scrutins-adoptees\\\/#primaryimage\"},\"image\":{\"@id\":\"https:\\\/\\\/lepatriotebenin.com\\\/index.php\\\/2025\\\/12\\\/10\\\/elections-communales-et-legislatives-de-janvier-2026-les-maquettes-du-bulletin-unique-des-deux-scrutins-adoptees\\\/#primaryimage\"},\"thumbnailUrl\":\"https:\\\/\\\/lepatriotebenin.com\\\/wp-content\\\/uploads\\\/2025\\\/12\\\/sacca-lafia-1-1.webp\",\"datePublished\":\"2025-12-10T02:35:17+00:00\",\"dateModified\":\"2025-12-10T02:37:49+00:00\",\"author\":{\"@id\":\"https:\\\/\\\/lepatriotebenin.com\\\/#\\\/schema\\\/person\\\/2e7709b9c9cc313e452d1136af61690f\"},\"breadcrumb\":{\"@id\":\"https:\\\/\\\/lepatriotebenin.com\\\/index.php\\\/2025\\\/12\\\/10\\\/elections-communales-et-legislatives-de-janvier-2026-les-maquettes-du-bulletin-unique-des-deux-scrutins-adoptees\\\/#breadcrumb\"},\"inLanguage\":\"fr-FR\",\"potentialAction\":[{\"@type\":\"ReadAction\",\"target\":[\"https:\\\/\\\/lepatriotebenin.com\\\/index.php\\\/2025\\\/12\\\/10\\\/elections-communales-et-legislatives-de-janvier-2026-les-maquettes-du-bulletin-unique-des-deux-scrutins-adoptees\\\/\"]}]},{\"@type\":\"ImageObject\",\"inLanguage\":\"fr-FR\",\"@id\":\"https:\\\/\\\/lepatriotebenin.com\\\/index.php\\\/2025\\\/12\\\/10\\\/elections-communales-et-legislatives-de-janvier-2026-les-maquettes-du-bulletin-unique-des-deux-scrutins-adoptees\\\/#primaryimage\",\"url\":\"https:\\\/\\\/lepatriotebenin.com\\\/wp-content\\\/uploads\\\/2025\\\/12\\\/sacca-lafia-1-1.webp\",\"contentUrl\":\"https:\\\/\\\/lepatriotebenin.com\\\/wp-content\\\/uploads\\\/2025\\\/12\\\/sacca-lafia-1-1.webp\",\"width\":1200,\"height\":900},{\"@type\":\"BreadcrumbList\",\"@id\":\"https:\\\/\\\/lepatriotebenin.com\\\/index.php\\\/2025\\\/12\\\/10\\\/elections-communales-et-legislatives-de-janvier-2026-les-maquettes-du-bulletin-unique-des-deux-scrutins-adoptees\\\/#breadcrumb\",\"itemListElement\":[{\"@type\":\"ListItem\",\"position\":1,\"name\":\"Accueil\",\"item\":\"https:\\\/\\\/lepatriotebenin.com\\\/\"},{\"@type\":\"ListItem\",\"position\":2,\"name\":\"\u00c9lections communales et l\u00e9gislatives de janvier 2026 : Les maquettes du bulletin unique des deux scrutins adopt\u00e9es\"}]},{\"@type\":\"WebSite\",\"@id\":\"https:\\\/\\\/lepatriotebenin.com\\\/#website\",\"url\":\"https:\\\/\\\/lepatriotebenin.com\\\/\",\"name\":\"Le Patriote\",\"description\":\"Le Patriote B\u00e9nin\",\"potentialAction\":[{\"@type\":\"SearchAction\",\"target\":{\"@type\":\"EntryPoint\",\"urlTemplate\":\"https:\\\/\\\/lepatriotebenin.com\\\/?s={search_term_string}\"},\"query-input\":{\"@type\":\"PropertyValueSpecification\",\"valueRequired\":true,\"valueName\":\"search_term_string\"}}],\"inLanguage\":\"fr-FR\"},{\"@type\":\"Person\",\"@id\":\"https:\\\/\\\/lepatriotebenin.com\\\/#\\\/schema\\\/person\\\/2e7709b9c9cc313e452d1136af61690f\",\"name\":\"Redaction\",\"image\":{\"@type\":\"ImageObject\",\"inLanguage\":\"fr-FR\",\"@id\":\"https:\\\/\\\/secure.gravatar.com\\\/avatar\\\/c4c509357859ea2ca2cbb6d8812898a73e4ef1ef9934c2e591d7e32face734d1?s=96&d=mm&r=g\",\"url\":\"https:\\\/\\\/secure.gravatar.com\\\/avatar\\\/c4c509357859ea2ca2cbb6d8812898a73e4ef1ef9934c2e591d7e32face734d1?s=96&d=mm&r=g\",\"contentUrl\":\"https:\\\/\\\/secure.gravatar.com\\\/avatar\\\/c4c509357859ea2ca2cbb6d8812898a73e4ef1ef9934c2e591d7e32face734d1?s=96&d=mm&r=g\",\"caption\":\"Redaction\"},\"url\":\"https:\\\/\\\/lepatriotebenin.com\"}]}<\/script>\n<!-- \/ Yoast SEO plugin. -->","yoast_head_json":{"title":"\u00c9lections communales et l\u00e9gislatives de janvier 2026 : Les maquettes du bulletin unique des deux scrutins adopt\u00e9es - Le Patriote","robots":{"index":"index","follow":"follow","max-snippet":"max-snippet:-1","max-image-preview":"max-image-preview:large","max-video-preview":"max-video-preview:-1"},"canonical":"https:\/\/lepatriotebenin.com\/index.php\/2025\/12\/10\/elections-communales-et-legislatives-de-janvier-2026-les-maquettes-du-bulletin-unique-des-deux-scrutins-adoptees\/","og_locale":"fr_FR","og_type":"article","og_title":"\u00c9lections communales et l\u00e9gislatives de janvier 2026 : Les maquettes du bulletin unique des deux scrutins adopt\u00e9es - Le Patriote","og_description":"Le si\u00e8ge de la Commission \u00e9lectorale nationale autonome (C\u00e9na) a servi de cadre lundi 08 d\u00e9cembre 2026, \u00e0 la concertation entre les responsables de l&rsquo;institution en charge de l&rsquo;organisation des&hellip;","og_url":"https:\/\/lepatriotebenin.com\/index.php\/2025\/12\/10\/elections-communales-et-legislatives-de-janvier-2026-les-maquettes-du-bulletin-unique-des-deux-scrutins-adoptees\/","og_site_name":"Le Patriote","article_published_time":"2025-12-10T02:35:17+00:00","article_modified_time":"2025-12-10T02:37:49+00:00","og_image":[{"width":1200,"height":900,"url":"https:\/\/lepatriotebenin.com\/wp-content\/uploads\/2025\/12\/sacca-lafia-1-1.webp","type":"image\/webp"}],"author":"Redaction","twitter_card":"summary_large_image","twitter_misc":{"\u00c9crit par":"Redaction","Dur\u00e9e de lecture estim\u00e9e":"2 minutes"},"schema":{"@context":"https:\/\/schema.org","@graph":[{"@type":"Article","@id":"https:\/\/lepatriotebenin.com\/index.php\/2025\/12\/10\/elections-communales-et-legislatives-de-janvier-2026-les-maquettes-du-bulletin-unique-des-deux-scrutins-adoptees\/#article","isPartOf":{"@id":"https:\/\/lepatriotebenin.com\/index.php\/2025\/12\/10\/elections-communales-et-legislatives-de-janvier-2026-les-maquettes-du-bulletin-unique-des-deux-scrutins-adoptees\/"},"author":{"name":"Redaction","@id":"https:\/\/lepatriotebenin.com\/#\/schema\/person\/2e7709b9c9cc313e452d1136af61690f"},"headline":"\u00c9lections communales et l\u00e9gislatives de janvier 2026 : Les maquettes du bulletin unique des deux scrutins adopt\u00e9es","datePublished":"2025-12-10T02:35:17+00:00","dateModified":"2025-12-10T02:37:49+00:00","mainEntityOfPage":{"@id":"https:\/\/lepatriotebenin.com\/index.php\/2025\/12\/10\/elections-communales-et-legislatives-de-janvier-2026-les-maquettes-du-bulletin-unique-des-deux-scrutins-adoptees\/"},"wordCount":349,"commentCount":0,"image":{"@id":"https:\/\/lepatriotebenin.com\/index.php\/2025\/12\/10\/elections-communales-et-legislatives-de-janvier-2026-les-maquettes-du-bulletin-unique-des-deux-scrutins-adoptees\/#primaryimage"},"thumbnailUrl":"https:\/\/lepatriotebenin.com\/wp-content\/uploads\/2025\/12\/sacca-lafia-1-1.webp","articleSection":["Politique"],"inLanguage":"fr-FR","potentialAction":[{"@type":"CommentAction","name":"Comment","target":["https:\/\/lepatriotebenin.com\/index.php\/2025\/12\/10\/elections-communales-et-legislatives-de-janvier-2026-les-maquettes-du-bulletin-unique-des-deux-scrutins-adoptees\/#respond"]}]},{"@type":"WebPage","@id":"https:\/\/lepatriotebenin.com\/index.php\/2025\/12\/10\/elections-communales-et-legislatives-de-janvier-2026-les-maquettes-du-bulletin-unique-des-deux-scrutins-adoptees\/","url":"https:\/\/lepatriotebenin.com\/index.php\/2025\/12\/10\/elections-communales-et-legislatives-de-janvier-2026-les-maquettes-du-bulletin-unique-des-deux-scrutins-adoptees\/","name":"\u00c9lections communales et l\u00e9gislatives de janvier 2026 : Les maquettes du bulletin unique des deux scrutins adopt\u00e9es - Le Patriote","isPartOf":{"@id":"https:\/\/lepatriotebenin.com\/#website"},"primaryImageOfPage":{"@id":"https:\/\/lepatriotebenin.com\/index.php\/2025\/12\/10\/elections-communales-et-legislatives-de-janvier-2026-les-maquettes-du-bulletin-unique-des-deux-scrutins-adoptees\/#primaryimage"},"image":{"@id":"https:\/\/lepatriotebenin.com\/index.php\/2025\/12\/10\/elections-communales-et-legislatives-de-janvier-2026-les-maquettes-du-bulletin-unique-des-deux-scrutins-adoptees\/#primaryimage"},"thumbnailUrl":"https:\/\/lepatriotebenin.com\/wp-content\/uploads\/2025\/12\/sacca-lafia-1-1.webp","datePublished":"2025-12-10T02:35:17+00:00","dateModified":"2025-12-10T02:37:49+00:00","author":{"@id":"https:\/\/lepatriotebenin.com\/#\/schema\/person\/2e7709b9c9cc313e452d1136af61690f"},"breadcrumb":{"@id":"https:\/\/lepatriotebenin.com\/index.php\/2025\/12\/10\/elections-communales-et-legislatives-de-janvier-2026-les-maquettes-du-bulletin-unique-des-deux-scrutins-adoptees\/#breadcrumb"},"inLanguage":"fr-FR","potentialAction":[{"@type":"ReadAction","target":["https:\/\/lepatriotebenin.com\/index.php\/2025\/12\/10\/elections-communales-et-legislatives-de-janvier-2026-les-maquettes-du-bulletin-unique-des-deux-scrutins-adoptees\/"]}]},{"@type":"ImageObject","inLanguage":"fr-FR","@id":"https:\/\/lepatriotebenin.com\/index.php\/2025\/12\/10\/elections-communales-et-legislatives-de-janvier-2026-les-maquettes-du-bulletin-unique-des-deux-scrutins-adoptees\/#primaryimage","url":"https:\/\/lepatriotebenin.com\/wp-content\/uploads\/2025\/12\/sacca-lafia-1-1.webp","contentUrl":"https:\/\/lepatriotebenin.com\/wp-content\/uploads\/2025\/12\/sacca-lafia-1-1.webp","width":1200,"height":900},{"@type":"BreadcrumbList","@id":"https:\/\/lepatriotebenin.com\/index.php\/2025\/12\/10\/elections-communales-et-legislatives-de-janvier-2026-les-maquettes-du-bulletin-unique-des-deux-scrutins-adoptees\/#breadcrumb","itemListElement":[{"@type":"ListItem","position":1,"name":"Accueil","item":"https:\/\/lepatriotebenin.com\/"},{"@type":"ListItem","position":2,"name":"\u00c9lections communales et l\u00e9gislatives de janvier 2026 : Les maquettes du bulletin unique des deux scrutins adopt\u00e9es"}]},{"@type":"WebSite","@id":"https:\/\/lepatriotebenin.com\/#website","url":"https:\/\/lepatriotebenin.com\/","name":"Le Patriote","description":"Le Patriote B\u00e9nin","potentialAction":[{"@type":"SearchAction","target":{"@type":"EntryPoint","urlTemplate":"https:\/\/lepatriotebenin.com\/?s={search_term_string}"},"query-input":{"@type":"PropertyValueSpecification","valueRequired":true,"valueName":"search_term_string"}}],"inLanguage":"fr-FR"},{"@type":"Person","@id":"https:\/\/lepatriotebenin.com\/#\/schema\/person\/2e7709b9c9cc313e452d1136af61690f","name":"Redaction","image":{"@type":"ImageObject","inLanguage":"fr-FR","@id":"https:\/\/secure.gravatar.com\/avatar\/c4c509357859ea2ca2cbb6d8812898a73e4ef1ef9934c2e591d7e32face734d1?s=96&d=mm&r=g","url":"https:\/\/secure.gravatar.com\/avatar\/c4c509357859ea2ca2cbb6d8812898a73e4ef1ef9934c2e591d7e32face734d1?s=96&d=mm&r=g","contentUrl":"https:\/\/secure.gravatar.com\/avatar\/c4c509357859ea2ca2cbb6d8812898a73e4ef1ef9934c2e591d7e32face734d1?s=96&d=mm&r=g","caption":"Redaction"},"url":"https:\/\/lepatriotebenin.com"}]}},"_links":{"self":[{"href":"https:\/\/lepatriotebenin.com\/index.php\/wp-json\/wp\/v2\/posts\/15787","targetHints":{"allow":["GET"]}}],"collection":[{"href":"https:\/\/lepatriotebenin.com\/index.php\/wp-json\/wp\/v2\/posts"}],"about":[{"href":"https:\/\/lepatriotebenin.com\/index.php\/wp-json\/wp\/v2\/types\/post"}],"author":[{"embeddable":true,"href":"https:\/\/lepatriotebenin.com\/index.php\/wp-json\/wp\/v2\/users\/5"}],"replies":[{"embeddable":true,"href":"https:\/\/lepatriotebenin.com\/index.php\/wp-json\/wp\/v2\/comments?post=15787"}],"version-history":[{"count":3,"href":"https:\/\/lepatriotebenin.com\/index.php\/wp-json\/wp\/v2\/posts\/15787\/revisions"}],"predecessor-version":[{"id":15791,"href":"https:\/\/lepatriotebenin.com\/index.php\/wp-json\/wp\/v2\/posts\/15787\/revisions\/15791"}],"wp:featuredmedia":[{"embeddable":true,"href":"https:\/\/lepatriotebenin.com\/index.php\/wp-json\/wp\/v2\/media\/15788"}],"wp:attachment":[{"href":"https:\/\/lepatriotebenin.com\/index.php\/wp-json\/wp\/v2\/media?parent=15787"}],"wp:term":[{"taxonomy":"category","embeddable":true,"href":"https:\/\/lepatriotebenin.com\/index.php\/wp-json\/wp\/v2\/categories?post=15787"},{"taxonomy":"post_tag","embeddable":true,"href":"https:\/\/lepatriotebenin.com\/index.php\/wp-json\/wp\/v2\/tags?post=15787"}],"curies":[{"name":"wp","href":"https:\/\/api.w.org\/{rel}","templated":true}]}}