{"id":15755,"date":"2025-12-09T06:24:32","date_gmt":"2025-12-09T05:24:32","guid":{"rendered":"https:\/\/lepatriotebenin.com\/?p=15755"},"modified":"2025-12-09T06:24:32","modified_gmt":"2025-12-09T05:24:32","slug":"tentative-de-coup-detat-au-benin-la-reaction-du-president-boni-yayi","status":"publish","type":"post","link":"https:\/\/lepatriotebenin.com\/index.php\/2025\/12\/09\/tentative-de-coup-detat-au-benin-la-reaction-du-president-boni-yayi\/","title":{"rendered":"Tentative de Coup d\u2019\u00c9tat au B\u00e9nin :   La r\u00e9action du  pr\u00e9sident Boni Yayi"},"content":{"rendered":"<p>B\u00e9ninoises, B\u00e9ninois,<\/p>\n<p>Chers compatriotes,<\/p>\n<p>Depuis ma retraite sanitaire \u00e9voqu\u00e9e il y a quelques semaines et par le biais de la presse internationale, j&rsquo;ai suivi avec tristesse et d\u00e9solation les \u00e9v\u00e9nements malheureux qui se sont abattus sur notre cher et beau pays le B\u00e9nin, ce dimanche 7 d\u00e9cembre 2025.<\/p>\n<p>Alors m\u00eame que la situation \u00e9tait encore confuse, le Parti Les D\u00e9mocrates a d\u00e9cid\u00e9 de rendre public un communiqu\u00e9 condamnant cette tentative de prise de pouvoir par les armes.<\/p>\n<p>J&rsquo;ai ensuite envoy\u00e9 un message personnel au Pr\u00e9sident Patrice TALON, lui t\u00e9moignant ma solidarit\u00e9 au c\u00f4t\u00e9 de la R\u00e9publique \u00e9prouv\u00e9e, lui-m\u00eame et sa famille.<\/p>\n<p>Dix (10) ans durant, le Seigneur m&rsquo;a fait la gr\u00e2ce de diriger ce pays dans la paix, la qui\u00e9tude et le renforcement de nos valeurs r\u00e9publicaines.<\/p>\n<p>Mon attachement aux valeurs d\u00e9mocratiques, plus qu&rsquo;une exp\u00e9rience, est une conviction ins\u00e9r\u00e9e dans mes g\u00e8nes.<\/p>\n<p>La d\u00e9volution du pouvoir d&rsquo;Etat, selon mes convictions, r\u00e9pond \u00e0 un seul principe cardinal et inconditionnel, celui des urnes, celui du peuple, celui d&rsquo;\u00e9lections libres, inclusives et transparentes.<\/p>\n<p>&nbsp;<\/p>\n<p>Je condamne, par cons\u00e9quent, avec la derni\u00e8re rigueur et avec fermet\u00e9 cette attaque sanglante et ignoble que notre pays a connue ce dimanche 7 d\u00e9cembre 2025.<\/p>\n<p>Je voudrais avec une reconnaissance patriotique, remercier nos forces de d\u00e9fense et de s\u00e9curit\u00e9 qui ont combattu le bon combat. Je voudrais saluer leur abn\u00e9gation et leur courage.<\/p>\n<p>A tous ceux et celles qui ont perdu des proches, je m&rsquo;incline devant la m\u00e9moire de ces martyrs et j&rsquo;adresse par la m\u00eame occasion mes sinc\u00e8res condol\u00e9ances \u00e0 toutes ces familles \u00e9plor\u00e9es.<\/p>\n<p>J&rsquo;appelle notre peuple au calme et \u00e0 la s\u00e9r\u00e9nit\u00e9.<\/p>\n<p>La paix, plus qu&rsquo;un mot, doit nous habiter en tout temps et en tout lieu.<\/p>\n<p>Je voudrais enfin b\u00e9nir le Seigneur pour l&rsquo;amour incommensurable qu&rsquo;il t\u00e9moigne une fois encore \u00e0 l&rsquo;endroit de notre peuple. Dieu est amour et paix. Puisse cette paix r\u00e9gner durablement sur notre pays.<\/p>\n<p><strong>Que Dieu b\u00e9nisse le B\u00e9nin.<\/strong><\/p>\n<p><strong>Je vous remercie.<\/strong><\/p>\n","protected":false},"excerpt":{"rendered":"<p>B\u00e9ninoises, B\u00e9ninois, Chers compatriotes, Depuis ma retraite sanitaire \u00e9voqu\u00e9e il y a quelques semaines et par le biais de la presse internationale, j&rsquo;ai suivi avec tristesse et d\u00e9solation les \u00e9v\u00e9nements&hellip;<\/p>\n","protected":false},"author":5,"featured_media":14770,"comment_status":"open","ping_status":"open","sticky":false,"template":"","format":"standard","meta":{"content-type":"","om_disable_all_campaigns":false,"_monsterinsights_skip_tracking":false,"_monsterinsights_sitenote_active":false,"_monsterinsights_sitenote_note":"","_monsterinsights_sitenote_category":0,"_uf_show_specific_survey":0,"_uf_disable_surveys":false,"footnotes":""},"categories":[26],"tags":[],"class_list":["post-15755","post","type-post","status-publish","format-standard","has-post-thumbnail","hentry","category-politique"],"aioseo_notices":[],"yoast_head":"<!-- This site is optimized with the Yoast SEO plugin v27.5 - https:\/\/yoast.com\/product\/yoast-seo-wordpress\/ -->\n<title>Tentative de Coup d\u2019\u00c9tat au B\u00e9nin :  La r\u00e9action du pr\u00e9sident Boni Yayi - Le Patriote<\/title>\n<meta name=\"robots\" content=\"index, follow, max-snippet:-1, max-image-preview:large, max-video-preview:-1\" \/>\n<link rel=\"canonical\" href=\"https:\/\/lepatriotebenin.com\/index.php\/2025\/12\/09\/tentative-de-coup-detat-au-benin-la-reaction-du-president-boni-yayi\/\" \/>\n<meta property=\"og:locale\" content=\"fr_FR\" \/>\n<meta property=\"og:type\" content=\"article\" \/>\n<meta property=\"og:title\" content=\"Tentative de Coup d\u2019\u00c9tat au B\u00e9nin :  La r\u00e9action du pr\u00e9sident Boni Yayi - Le Patriote\" \/>\n<meta property=\"og:description\" content=\"B\u00e9ninoises, B\u00e9ninois, Chers compatriotes, Depuis ma retraite sanitaire \u00e9voqu\u00e9e il y a quelques semaines et par le biais de la presse internationale, j&rsquo;ai suivi avec tristesse et d\u00e9solation les \u00e9v\u00e9nements&hellip;\" \/>\n<meta property=\"og:url\" content=\"https:\/\/lepatriotebenin.com\/index.php\/2025\/12\/09\/tentative-de-coup-detat-au-benin-la-reaction-du-president-boni-yayi\/\" \/>\n<meta property=\"og:site_name\" content=\"Le Patriote\" \/>\n<meta property=\"article:published_time\" content=\"2025-12-09T05:24:32+00:00\" \/>\n<meta property=\"og:image\" content=\"https:\/\/lepatriotebenin.com\/wp-content\/uploads\/2025\/10\/boni-yayi.webp\" \/>\n\t<meta property=\"og:image:width\" content=\"1200\" \/>\n\t<meta property=\"og:image:height\" content=\"675\" \/>\n\t<meta property=\"og:image:type\" content=\"image\/webp\" \/>\n<meta name=\"author\" content=\"Redaction\" \/>\n<meta name=\"twitter:card\" content=\"summary_large_image\" \/>\n<meta name=\"twitter:label1\" content=\"\u00c9crit par\" \/>\n\t<meta name=\"twitter:data1\" content=\"Redaction\" \/>\n\t<meta name=\"twitter:label2\" content=\"Dur\u00e9e de lecture estim\u00e9e\" \/>\n\t<meta name=\"twitter:data2\" content=\"2 minutes\" \/>\n<script type=\"application\/ld+json\" class=\"yoast-schema-graph\">{\"@context\":\"https:\\\/\\\/schema.org\",\"@graph\":[{\"@type\":\"Article\",\"@id\":\"https:\\\/\\\/lepatriotebenin.com\\\/index.php\\\/2025\\\/12\\\/09\\\/tentative-de-coup-detat-au-benin-la-reaction-du-president-boni-yayi\\\/#article\",\"isPartOf\":{\"@id\":\"https:\\\/\\\/lepatriotebenin.com\\\/index.php\\\/2025\\\/12\\\/09\\\/tentative-de-coup-detat-au-benin-la-reaction-du-president-boni-yayi\\\/\"},\"author\":{\"name\":\"Redaction\",\"@id\":\"https:\\\/\\\/lepatriotebenin.com\\\/#\\\/schema\\\/person\\\/2e7709b9c9cc313e452d1136af61690f\"},\"headline\":\"Tentative de Coup d\u2019\u00c9tat au B\u00e9nin : La r\u00e9action du pr\u00e9sident Boni Yayi\",\"datePublished\":\"2025-12-09T05:24:32+00:00\",\"mainEntityOfPage\":{\"@id\":\"https:\\\/\\\/lepatriotebenin.com\\\/index.php\\\/2025\\\/12\\\/09\\\/tentative-de-coup-detat-au-benin-la-reaction-du-president-boni-yayi\\\/\"},\"wordCount\":385,\"commentCount\":0,\"image\":{\"@id\":\"https:\\\/\\\/lepatriotebenin.com\\\/index.php\\\/2025\\\/12\\\/09\\\/tentative-de-coup-detat-au-benin-la-reaction-du-president-boni-yayi\\\/#primaryimage\"},\"thumbnailUrl\":\"https:\\\/\\\/lepatriotebenin.com\\\/wp-content\\\/uploads\\\/2025\\\/10\\\/boni-yayi.webp\",\"articleSection\":[\"Politique\"],\"inLanguage\":\"fr-FR\",\"potentialAction\":[{\"@type\":\"CommentAction\",\"name\":\"Comment\",\"target\":[\"https:\\\/\\\/lepatriotebenin.com\\\/index.php\\\/2025\\\/12\\\/09\\\/tentative-de-coup-detat-au-benin-la-reaction-du-president-boni-yayi\\\/#respond\"]}]},{\"@type\":\"WebPage\",\"@id\":\"https:\\\/\\\/lepatriotebenin.com\\\/index.php\\\/2025\\\/12\\\/09\\\/tentative-de-coup-detat-au-benin-la-reaction-du-president-boni-yayi\\\/\",\"url\":\"https:\\\/\\\/lepatriotebenin.com\\\/index.php\\\/2025\\\/12\\\/09\\\/tentative-de-coup-detat-au-benin-la-reaction-du-president-boni-yayi\\\/\",\"name\":\"Tentative de Coup d\u2019\u00c9tat au B\u00e9nin : La r\u00e9action du pr\u00e9sident Boni Yayi - Le Patriote\",\"isPartOf\":{\"@id\":\"https:\\\/\\\/lepatriotebenin.com\\\/#website\"},\"primaryImageOfPage\":{\"@id\":\"https:\\\/\\\/lepatriotebenin.com\\\/index.php\\\/2025\\\/12\\\/09\\\/tentative-de-coup-detat-au-benin-la-reaction-du-president-boni-yayi\\\/#primaryimage\"},\"image\":{\"@id\":\"https:\\\/\\\/lepatriotebenin.com\\\/index.php\\\/2025\\\/12\\\/09\\\/tentative-de-coup-detat-au-benin-la-reaction-du-president-boni-yayi\\\/#primaryimage\"},\"thumbnailUrl\":\"https:\\\/\\\/lepatriotebenin.com\\\/wp-content\\\/uploads\\\/2025\\\/10\\\/boni-yayi.webp\",\"datePublished\":\"2025-12-09T05:24:32+00:00\",\"author\":{\"@id\":\"https:\\\/\\\/lepatriotebenin.com\\\/#\\\/schema\\\/person\\\/2e7709b9c9cc313e452d1136af61690f\"},\"breadcrumb\":{\"@id\":\"https:\\\/\\\/lepatriotebenin.com\\\/index.php\\\/2025\\\/12\\\/09\\\/tentative-de-coup-detat-au-benin-la-reaction-du-president-boni-yayi\\\/#breadcrumb\"},\"inLanguage\":\"fr-FR\",\"potentialAction\":[{\"@type\":\"ReadAction\",\"target\":[\"https:\\\/\\\/lepatriotebenin.com\\\/index.php\\\/2025\\\/12\\\/09\\\/tentative-de-coup-detat-au-benin-la-reaction-du-president-boni-yayi\\\/\"]}]},{\"@type\":\"ImageObject\",\"inLanguage\":\"fr-FR\",\"@id\":\"https:\\\/\\\/lepatriotebenin.com\\\/index.php\\\/2025\\\/12\\\/09\\\/tentative-de-coup-detat-au-benin-la-reaction-du-president-boni-yayi\\\/#primaryimage\",\"url\":\"https:\\\/\\\/lepatriotebenin.com\\\/wp-content\\\/uploads\\\/2025\\\/10\\\/boni-yayi.webp\",\"contentUrl\":\"https:\\\/\\\/lepatriotebenin.com\\\/wp-content\\\/uploads\\\/2025\\\/10\\\/boni-yayi.webp\",\"width\":1200,\"height\":675},{\"@type\":\"BreadcrumbList\",\"@id\":\"https:\\\/\\\/lepatriotebenin.com\\\/index.php\\\/2025\\\/12\\\/09\\\/tentative-de-coup-detat-au-benin-la-reaction-du-president-boni-yayi\\\/#breadcrumb\",\"itemListElement\":[{\"@type\":\"ListItem\",\"position\":1,\"name\":\"Accueil\",\"item\":\"https:\\\/\\\/lepatriotebenin.com\\\/\"},{\"@type\":\"ListItem\",\"position\":2,\"name\":\"Tentative de Coup d\u2019\u00c9tat au B\u00e9nin : La r\u00e9action du pr\u00e9sident Boni Yayi\"}]},{\"@type\":\"WebSite\",\"@id\":\"https:\\\/\\\/lepatriotebenin.com\\\/#website\",\"url\":\"https:\\\/\\\/lepatriotebenin.com\\\/\",\"name\":\"Le Patriote\",\"description\":\"Le Patriote B\u00e9nin\",\"potentialAction\":[{\"@type\":\"SearchAction\",\"target\":{\"@type\":\"EntryPoint\",\"urlTemplate\":\"https:\\\/\\\/lepatriotebenin.com\\\/?s={search_term_string}\"},\"query-input\":{\"@type\":\"PropertyValueSpecification\",\"valueRequired\":true,\"valueName\":\"search_term_string\"}}],\"inLanguage\":\"fr-FR\"},{\"@type\":\"Person\",\"@id\":\"https:\\\/\\\/lepatriotebenin.com\\\/#\\\/schema\\\/person\\\/2e7709b9c9cc313e452d1136af61690f\",\"name\":\"Redaction\",\"image\":{\"@type\":\"ImageObject\",\"inLanguage\":\"fr-FR\",\"@id\":\"https:\\\/\\\/secure.gravatar.com\\\/avatar\\\/c4c509357859ea2ca2cbb6d8812898a73e4ef1ef9934c2e591d7e32face734d1?s=96&d=mm&r=g\",\"url\":\"https:\\\/\\\/secure.gravatar.com\\\/avatar\\\/c4c509357859ea2ca2cbb6d8812898a73e4ef1ef9934c2e591d7e32face734d1?s=96&d=mm&r=g\",\"contentUrl\":\"https:\\\/\\\/secure.gravatar.com\\\/avatar\\\/c4c509357859ea2ca2cbb6d8812898a73e4ef1ef9934c2e591d7e32face734d1?s=96&d=mm&r=g\",\"caption\":\"Redaction\"},\"url\":\"https:\\\/\\\/lepatriotebenin.com\"}]}<\/script>\n<!-- \/ Yoast SEO plugin. -->","yoast_head_json":{"title":"Tentative de Coup d\u2019\u00c9tat au B\u00e9nin :  La r\u00e9action du pr\u00e9sident Boni Yayi - Le Patriote","robots":{"index":"index","follow":"follow","max-snippet":"max-snippet:-1","max-image-preview":"max-image-preview:large","max-video-preview":"max-video-preview:-1"},"canonical":"https:\/\/lepatriotebenin.com\/index.php\/2025\/12\/09\/tentative-de-coup-detat-au-benin-la-reaction-du-president-boni-yayi\/","og_locale":"fr_FR","og_type":"article","og_title":"Tentative de Coup d\u2019\u00c9tat au B\u00e9nin :  La r\u00e9action du pr\u00e9sident Boni Yayi - Le Patriote","og_description":"B\u00e9ninoises, B\u00e9ninois, Chers compatriotes, Depuis ma retraite sanitaire \u00e9voqu\u00e9e il y a quelques semaines et par le biais de la presse internationale, j&rsquo;ai suivi avec tristesse et d\u00e9solation les \u00e9v\u00e9nements&hellip;","og_url":"https:\/\/lepatriotebenin.com\/index.php\/2025\/12\/09\/tentative-de-coup-detat-au-benin-la-reaction-du-president-boni-yayi\/","og_site_name":"Le Patriote","article_published_time":"2025-12-09T05:24:32+00:00","og_image":[{"width":1200,"height":675,"url":"https:\/\/lepatriotebenin.com\/wp-content\/uploads\/2025\/10\/boni-yayi.webp","type":"image\/webp"}],"author":"Redaction","twitter_card":"summary_large_image","twitter_misc":{"\u00c9crit par":"Redaction","Dur\u00e9e de lecture estim\u00e9e":"2 minutes"},"schema":{"@context":"https:\/\/schema.org","@graph":[{"@type":"Article","@id":"https:\/\/lepatriotebenin.com\/index.php\/2025\/12\/09\/tentative-de-coup-detat-au-benin-la-reaction-du-president-boni-yayi\/#article","isPartOf":{"@id":"https:\/\/lepatriotebenin.com\/index.php\/2025\/12\/09\/tentative-de-coup-detat-au-benin-la-reaction-du-president-boni-yayi\/"},"author":{"name":"Redaction","@id":"https:\/\/lepatriotebenin.com\/#\/schema\/person\/2e7709b9c9cc313e452d1136af61690f"},"headline":"Tentative de Coup d\u2019\u00c9tat au B\u00e9nin : La r\u00e9action du pr\u00e9sident Boni Yayi","datePublished":"2025-12-09T05:24:32+00:00","mainEntityOfPage":{"@id":"https:\/\/lepatriotebenin.com\/index.php\/2025\/12\/09\/tentative-de-coup-detat-au-benin-la-reaction-du-president-boni-yayi\/"},"wordCount":385,"commentCount":0,"image":{"@id":"https:\/\/lepatriotebenin.com\/index.php\/2025\/12\/09\/tentative-de-coup-detat-au-benin-la-reaction-du-president-boni-yayi\/#primaryimage"},"thumbnailUrl":"https:\/\/lepatriotebenin.com\/wp-content\/uploads\/2025\/10\/boni-yayi.webp","articleSection":["Politique"],"inLanguage":"fr-FR","potentialAction":[{"@type":"CommentAction","name":"Comment","target":["https:\/\/lepatriotebenin.com\/index.php\/2025\/12\/09\/tentative-de-coup-detat-au-benin-la-reaction-du-president-boni-yayi\/#respond"]}]},{"@type":"WebPage","@id":"https:\/\/lepatriotebenin.com\/index.php\/2025\/12\/09\/tentative-de-coup-detat-au-benin-la-reaction-du-president-boni-yayi\/","url":"https:\/\/lepatriotebenin.com\/index.php\/2025\/12\/09\/tentative-de-coup-detat-au-benin-la-reaction-du-president-boni-yayi\/","name":"Tentative de Coup d\u2019\u00c9tat au B\u00e9nin : La r\u00e9action du pr\u00e9sident Boni Yayi - Le Patriote","isPartOf":{"@id":"https:\/\/lepatriotebenin.com\/#website"},"primaryImageOfPage":{"@id":"https:\/\/lepatriotebenin.com\/index.php\/2025\/12\/09\/tentative-de-coup-detat-au-benin-la-reaction-du-president-boni-yayi\/#primaryimage"},"image":{"@id":"https:\/\/lepatriotebenin.com\/index.php\/2025\/12\/09\/tentative-de-coup-detat-au-benin-la-reaction-du-president-boni-yayi\/#primaryimage"},"thumbnailUrl":"https:\/\/lepatriotebenin.com\/wp-content\/uploads\/2025\/10\/boni-yayi.webp","datePublished":"2025-12-09T05:24:32+00:00","author":{"@id":"https:\/\/lepatriotebenin.com\/#\/schema\/person\/2e7709b9c9cc313e452d1136af61690f"},"breadcrumb":{"@id":"https:\/\/lepatriotebenin.com\/index.php\/2025\/12\/09\/tentative-de-coup-detat-au-benin-la-reaction-du-president-boni-yayi\/#breadcrumb"},"inLanguage":"fr-FR","potentialAction":[{"@type":"ReadAction","target":["https:\/\/lepatriotebenin.com\/index.php\/2025\/12\/09\/tentative-de-coup-detat-au-benin-la-reaction-du-president-boni-yayi\/"]}]},{"@type":"ImageObject","inLanguage":"fr-FR","@id":"https:\/\/lepatriotebenin.com\/index.php\/2025\/12\/09\/tentative-de-coup-detat-au-benin-la-reaction-du-president-boni-yayi\/#primaryimage","url":"https:\/\/lepatriotebenin.com\/wp-content\/uploads\/2025\/10\/boni-yayi.webp","contentUrl":"https:\/\/lepatriotebenin.com\/wp-content\/uploads\/2025\/10\/boni-yayi.webp","width":1200,"height":675},{"@type":"BreadcrumbList","@id":"https:\/\/lepatriotebenin.com\/index.php\/2025\/12\/09\/tentative-de-coup-detat-au-benin-la-reaction-du-president-boni-yayi\/#breadcrumb","itemListElement":[{"@type":"ListItem","position":1,"name":"Accueil","item":"https:\/\/lepatriotebenin.com\/"},{"@type":"ListItem","position":2,"name":"Tentative de Coup d\u2019\u00c9tat au B\u00e9nin : La r\u00e9action du pr\u00e9sident Boni Yayi"}]},{"@type":"WebSite","@id":"https:\/\/lepatriotebenin.com\/#website","url":"https:\/\/lepatriotebenin.com\/","name":"Le Patriote","description":"Le Patriote B\u00e9nin","potentialAction":[{"@type":"SearchAction","target":{"@type":"EntryPoint","urlTemplate":"https:\/\/lepatriotebenin.com\/?s={search_term_string}"},"query-input":{"@type":"PropertyValueSpecification","valueRequired":true,"valueName":"search_term_string"}}],"inLanguage":"fr-FR"},{"@type":"Person","@id":"https:\/\/lepatriotebenin.com\/#\/schema\/person\/2e7709b9c9cc313e452d1136af61690f","name":"Redaction","image":{"@type":"ImageObject","inLanguage":"fr-FR","@id":"https:\/\/secure.gravatar.com\/avatar\/c4c509357859ea2ca2cbb6d8812898a73e4ef1ef9934c2e591d7e32face734d1?s=96&d=mm&r=g","url":"https:\/\/secure.gravatar.com\/avatar\/c4c509357859ea2ca2cbb6d8812898a73e4ef1ef9934c2e591d7e32face734d1?s=96&d=mm&r=g","contentUrl":"https:\/\/secure.gravatar.com\/avatar\/c4c509357859ea2ca2cbb6d8812898a73e4ef1ef9934c2e591d7e32face734d1?s=96&d=mm&r=g","caption":"Redaction"},"url":"https:\/\/lepatriotebenin.com"}]}},"_links":{"self":[{"href":"https:\/\/lepatriotebenin.com\/index.php\/wp-json\/wp\/v2\/posts\/15755","targetHints":{"allow":["GET"]}}],"collection":[{"href":"https:\/\/lepatriotebenin.com\/index.php\/wp-json\/wp\/v2\/posts"}],"about":[{"href":"https:\/\/lepatriotebenin.com\/index.php\/wp-json\/wp\/v2\/types\/post"}],"author":[{"embeddable":true,"href":"https:\/\/lepatriotebenin.com\/index.php\/wp-json\/wp\/v2\/users\/5"}],"replies":[{"embeddable":true,"href":"https:\/\/lepatriotebenin.com\/index.php\/wp-json\/wp\/v2\/comments?post=15755"}],"version-history":[{"count":1,"href":"https:\/\/lepatriotebenin.com\/index.php\/wp-json\/wp\/v2\/posts\/15755\/revisions"}],"predecessor-version":[{"id":15756,"href":"https:\/\/lepatriotebenin.com\/index.php\/wp-json\/wp\/v2\/posts\/15755\/revisions\/15756"}],"wp:featuredmedia":[{"embeddable":true,"href":"https:\/\/lepatriotebenin.com\/index.php\/wp-json\/wp\/v2\/media\/14770"}],"wp:attachment":[{"href":"https:\/\/lepatriotebenin.com\/index.php\/wp-json\/wp\/v2\/media?parent=15755"}],"wp:term":[{"taxonomy":"category","embeddable":true,"href":"https:\/\/lepatriotebenin.com\/index.php\/wp-json\/wp\/v2\/categories?post=15755"},{"taxonomy":"post_tag","embeddable":true,"href":"https:\/\/lepatriotebenin.com\/index.php\/wp-json\/wp\/v2\/tags?post=15755"}],"curies":[{"name":"wp","href":"https:\/\/api.w.org\/{rel}","templated":true}]}}