{"id":15751,"date":"2025-12-08T21:58:06","date_gmt":"2025-12-08T20:58:06","guid":{"rendered":"https:\/\/lepatriotebenin.com\/?p=15751"},"modified":"2025-12-08T21:58:06","modified_gmt":"2025-12-08T20:58:06","slug":"benin-la-plateforme-electorale-des-osc-condamne-avec-fermete-la-tentative-de-prise-de-pouvoir-par-la-force","status":"publish","type":"post","link":"https:\/\/lepatriotebenin.com\/index.php\/2025\/12\/08\/benin-la-plateforme-electorale-des-osc-condamne-avec-fermete-la-tentative-de-prise-de-pouvoir-par-la-force\/","title":{"rendered":"B\u00e9nin : La plateforme Electorale des OSC  condamne avec fermet\u00e9 la tentative de prise de pouvoir par la force"},"content":{"rendered":"<p>&nbsp;<\/p>\n<p>Dans\u00a0 une d\u00e9claration rendue publique\u00a0 ce <strong>lundi 8 d\u00e9cembre 2025,<\/strong>\u00a0 la Plateforme Electorale des OSC\u00a0 du B\u00e9nin (PEOSC)\u00a0 d\u00e9nonce \u00a0la tentative de d\u00e9stabilisation\u00a0 du B\u00e9nin par un <em>\u00ab\u00a0groupe de militaires\u00a0\u00bb<\/em> qui a tent\u00e9 de <em>\u00ab\u00a0s\u2019emparer du pouvoir par la force\u00a0\u00bb<\/em> le dimanche 07 d\u00e9cembre 2025. \u00a0\u00a0Selon elle, la prise de pouvoir par la force <em>\u00ab\u00a0est contraire\u00a0 aux valeurs d\u00e9mocratiques auxquelles \u00a0notre pays\u00a0 a souscrit depuis\u00a0 la conf\u00e9rence des forces vives de la Nation de F\u00e9vrier 1990\u00a0<\/em>\u00bb. \u00a0Elle n\u2019a pas manqu\u00e9 d\u2019appeler \u00a0<em>\u00ab la population au calme, \u00e0 la vigilance, au\u00a0 patriotisme rejetant\u00a0 toute forme de violence\u00a0 et de division\u00a0\u00bb<\/em> . Lire la\u00a0 d\u00e9claration de la Plateforme Electorale des OSC\u00a0 du B\u00e9nin<\/p>\n<p><a href=\"https:\/\/lepatriotebenin.com\/wp-content\/uploads\/2025\/12\/declaration-de-la-peosc-sur-la-tentative-de-destabilisation-de-notre-pays-finale.pdf\">D\u00e9claration de la PEOSC sur la tentative de d\u00e9stabilisation de notre pays finale<\/a><\/p>\n","protected":false},"excerpt":{"rendered":"<p>&nbsp; Dans\u00a0 une d\u00e9claration rendue publique\u00a0 ce lundi 8 d\u00e9cembre 2025,\u00a0 la Plateforme Electorale des OSC\u00a0 du B\u00e9nin (PEOSC)\u00a0 d\u00e9nonce \u00a0la tentative de d\u00e9stabilisation\u00a0 du B\u00e9nin par un \u00ab\u00a0groupe de&hellip;<\/p>\n","protected":false},"author":6,"featured_media":15753,"comment_status":"open","ping_status":"open","sticky":false,"template":"","format":"standard","meta":{"content-type":"","om_disable_all_campaigns":false,"_monsterinsights_skip_tracking":false,"_monsterinsights_sitenote_active":false,"_monsterinsights_sitenote_note":"","_monsterinsights_sitenote_category":0,"_uf_show_specific_survey":0,"_uf_disable_surveys":false,"footnotes":""},"categories":[26],"tags":[],"class_list":["post-15751","post","type-post","status-publish","format-standard","has-post-thumbnail","hentry","category-politique"],"aioseo_notices":[],"yoast_head":"<!-- This site is optimized with the Yoast SEO plugin v27.5 - https:\/\/yoast.com\/product\/yoast-seo-wordpress\/ -->\n<title>B\u00e9nin : La plateforme Electorale des OSC condamne avec fermet\u00e9 la tentative de prise de pouvoir par la force - Le Patriote<\/title>\n<meta name=\"robots\" content=\"index, follow, max-snippet:-1, max-image-preview:large, max-video-preview:-1\" \/>\n<link rel=\"canonical\" href=\"https:\/\/lepatriotebenin.com\/index.php\/2025\/12\/08\/benin-la-plateforme-electorale-des-osc-condamne-avec-fermete-la-tentative-de-prise-de-pouvoir-par-la-force\/\" \/>\n<meta property=\"og:locale\" content=\"fr_FR\" \/>\n<meta property=\"og:type\" content=\"article\" \/>\n<meta property=\"og:title\" content=\"B\u00e9nin : La plateforme Electorale des OSC condamne avec fermet\u00e9 la tentative de prise de pouvoir par la force - Le Patriote\" \/>\n<meta property=\"og:description\" content=\"&nbsp; Dans\u00a0 une d\u00e9claration rendue publique\u00a0 ce lundi 8 d\u00e9cembre 2025,\u00a0 la Plateforme Electorale des OSC\u00a0 du B\u00e9nin (PEOSC)\u00a0 d\u00e9nonce \u00a0la tentative de d\u00e9stabilisation\u00a0 du B\u00e9nin par un \u00ab\u00a0groupe de&hellip;\" \/>\n<meta property=\"og:url\" content=\"https:\/\/lepatriotebenin.com\/index.php\/2025\/12\/08\/benin-la-plateforme-electorale-des-osc-condamne-avec-fermete-la-tentative-de-prise-de-pouvoir-par-la-force\/\" \/>\n<meta property=\"og:site_name\" content=\"Le Patriote\" \/>\n<meta property=\"article:published_time\" content=\"2025-12-08T20:58:06+00:00\" \/>\n<meta property=\"og:image\" content=\"https:\/\/lepatriotebenin.com\/wp-content\/uploads\/2025\/12\/madame-fatoumatou-batoko-zossou.jpg\" \/>\n\t<meta property=\"og:image:width\" content=\"1200\" \/>\n\t<meta property=\"og:image:height\" content=\"675\" \/>\n\t<meta property=\"og:image:type\" content=\"image\/jpeg\" \/>\n<meta name=\"author\" content=\"Roland AFFANOU\" \/>\n<meta name=\"twitter:card\" content=\"summary_large_image\" \/>\n<meta name=\"twitter:label1\" content=\"\u00c9crit par\" \/>\n\t<meta name=\"twitter:data1\" content=\"Roland AFFANOU\" \/>\n\t<meta name=\"twitter:label2\" content=\"Dur\u00e9e de lecture estim\u00e9e\" \/>\n\t<meta name=\"twitter:data2\" content=\"1 minute\" \/>\n<script type=\"application\/ld+json\" class=\"yoast-schema-graph\">{\"@context\":\"https:\\\/\\\/schema.org\",\"@graph\":[{\"@type\":\"Article\",\"@id\":\"https:\\\/\\\/lepatriotebenin.com\\\/index.php\\\/2025\\\/12\\\/08\\\/benin-la-plateforme-electorale-des-osc-condamne-avec-fermete-la-tentative-de-prise-de-pouvoir-par-la-force\\\/#article\",\"isPartOf\":{\"@id\":\"https:\\\/\\\/lepatriotebenin.com\\\/index.php\\\/2025\\\/12\\\/08\\\/benin-la-plateforme-electorale-des-osc-condamne-avec-fermete-la-tentative-de-prise-de-pouvoir-par-la-force\\\/\"},\"author\":{\"name\":\"Roland AFFANOU\",\"@id\":\"https:\\\/\\\/lepatriotebenin.com\\\/#\\\/schema\\\/person\\\/4a9b67216c97d04045e01405c534c91f\"},\"headline\":\"B\u00e9nin : La plateforme Electorale des OSC condamne avec fermet\u00e9 la tentative de prise de pouvoir par la force\",\"datePublished\":\"2025-12-08T20:58:06+00:00\",\"mainEntityOfPage\":{\"@id\":\"https:\\\/\\\/lepatriotebenin.com\\\/index.php\\\/2025\\\/12\\\/08\\\/benin-la-plateforme-electorale-des-osc-condamne-avec-fermete-la-tentative-de-prise-de-pouvoir-par-la-force\\\/\"},\"wordCount\":153,\"commentCount\":0,\"image\":{\"@id\":\"https:\\\/\\\/lepatriotebenin.com\\\/index.php\\\/2025\\\/12\\\/08\\\/benin-la-plateforme-electorale-des-osc-condamne-avec-fermete-la-tentative-de-prise-de-pouvoir-par-la-force\\\/#primaryimage\"},\"thumbnailUrl\":\"https:\\\/\\\/lepatriotebenin.com\\\/wp-content\\\/uploads\\\/2025\\\/12\\\/madame-fatoumatou-batoko-zossou.jpg\",\"articleSection\":[\"Politique\"],\"inLanguage\":\"fr-FR\",\"potentialAction\":[{\"@type\":\"CommentAction\",\"name\":\"Comment\",\"target\":[\"https:\\\/\\\/lepatriotebenin.com\\\/index.php\\\/2025\\\/12\\\/08\\\/benin-la-plateforme-electorale-des-osc-condamne-avec-fermete-la-tentative-de-prise-de-pouvoir-par-la-force\\\/#respond\"]}]},{\"@type\":\"WebPage\",\"@id\":\"https:\\\/\\\/lepatriotebenin.com\\\/index.php\\\/2025\\\/12\\\/08\\\/benin-la-plateforme-electorale-des-osc-condamne-avec-fermete-la-tentative-de-prise-de-pouvoir-par-la-force\\\/\",\"url\":\"https:\\\/\\\/lepatriotebenin.com\\\/index.php\\\/2025\\\/12\\\/08\\\/benin-la-plateforme-electorale-des-osc-condamne-avec-fermete-la-tentative-de-prise-de-pouvoir-par-la-force\\\/\",\"name\":\"B\u00e9nin : La plateforme Electorale des OSC condamne avec fermet\u00e9 la tentative de prise de pouvoir par la force - Le Patriote\",\"isPartOf\":{\"@id\":\"https:\\\/\\\/lepatriotebenin.com\\\/#website\"},\"primaryImageOfPage\":{\"@id\":\"https:\\\/\\\/lepatriotebenin.com\\\/index.php\\\/2025\\\/12\\\/08\\\/benin-la-plateforme-electorale-des-osc-condamne-avec-fermete-la-tentative-de-prise-de-pouvoir-par-la-force\\\/#primaryimage\"},\"image\":{\"@id\":\"https:\\\/\\\/lepatriotebenin.com\\\/index.php\\\/2025\\\/12\\\/08\\\/benin-la-plateforme-electorale-des-osc-condamne-avec-fermete-la-tentative-de-prise-de-pouvoir-par-la-force\\\/#primaryimage\"},\"thumbnailUrl\":\"https:\\\/\\\/lepatriotebenin.com\\\/wp-content\\\/uploads\\\/2025\\\/12\\\/madame-fatoumatou-batoko-zossou.jpg\",\"datePublished\":\"2025-12-08T20:58:06+00:00\",\"author\":{\"@id\":\"https:\\\/\\\/lepatriotebenin.com\\\/#\\\/schema\\\/person\\\/4a9b67216c97d04045e01405c534c91f\"},\"breadcrumb\":{\"@id\":\"https:\\\/\\\/lepatriotebenin.com\\\/index.php\\\/2025\\\/12\\\/08\\\/benin-la-plateforme-electorale-des-osc-condamne-avec-fermete-la-tentative-de-prise-de-pouvoir-par-la-force\\\/#breadcrumb\"},\"inLanguage\":\"fr-FR\",\"potentialAction\":[{\"@type\":\"ReadAction\",\"target\":[\"https:\\\/\\\/lepatriotebenin.com\\\/index.php\\\/2025\\\/12\\\/08\\\/benin-la-plateforme-electorale-des-osc-condamne-avec-fermete-la-tentative-de-prise-de-pouvoir-par-la-force\\\/\"]}]},{\"@type\":\"ImageObject\",\"inLanguage\":\"fr-FR\",\"@id\":\"https:\\\/\\\/lepatriotebenin.com\\\/index.php\\\/2025\\\/12\\\/08\\\/benin-la-plateforme-electorale-des-osc-condamne-avec-fermete-la-tentative-de-prise-de-pouvoir-par-la-force\\\/#primaryimage\",\"url\":\"https:\\\/\\\/lepatriotebenin.com\\\/wp-content\\\/uploads\\\/2025\\\/12\\\/madame-fatoumatou-batoko-zossou.jpg\",\"contentUrl\":\"https:\\\/\\\/lepatriotebenin.com\\\/wp-content\\\/uploads\\\/2025\\\/12\\\/madame-fatoumatou-batoko-zossou.jpg\",\"width\":1200,\"height\":675},{\"@type\":\"BreadcrumbList\",\"@id\":\"https:\\\/\\\/lepatriotebenin.com\\\/index.php\\\/2025\\\/12\\\/08\\\/benin-la-plateforme-electorale-des-osc-condamne-avec-fermete-la-tentative-de-prise-de-pouvoir-par-la-force\\\/#breadcrumb\",\"itemListElement\":[{\"@type\":\"ListItem\",\"position\":1,\"name\":\"Accueil\",\"item\":\"https:\\\/\\\/lepatriotebenin.com\\\/\"},{\"@type\":\"ListItem\",\"position\":2,\"name\":\"B\u00e9nin : La plateforme Electorale des OSC condamne avec fermet\u00e9 la tentative de prise de pouvoir par la force\"}]},{\"@type\":\"WebSite\",\"@id\":\"https:\\\/\\\/lepatriotebenin.com\\\/#website\",\"url\":\"https:\\\/\\\/lepatriotebenin.com\\\/\",\"name\":\"Le Patriote\",\"description\":\"Le Patriote B\u00e9nin\",\"potentialAction\":[{\"@type\":\"SearchAction\",\"target\":{\"@type\":\"EntryPoint\",\"urlTemplate\":\"https:\\\/\\\/lepatriotebenin.com\\\/?s={search_term_string}\"},\"query-input\":{\"@type\":\"PropertyValueSpecification\",\"valueRequired\":true,\"valueName\":\"search_term_string\"}}],\"inLanguage\":\"fr-FR\"},{\"@type\":\"Person\",\"@id\":\"https:\\\/\\\/lepatriotebenin.com\\\/#\\\/schema\\\/person\\\/4a9b67216c97d04045e01405c534c91f\",\"name\":\"Roland AFFANOU\",\"image\":{\"@type\":\"ImageObject\",\"inLanguage\":\"fr-FR\",\"@id\":\"https:\\\/\\\/secure.gravatar.com\\\/avatar\\\/7209d3f6d2d47ea4d0c67e14d3effb61feb10ae540a4381280c66265de5bd643?s=96&d=mm&r=g\",\"url\":\"https:\\\/\\\/secure.gravatar.com\\\/avatar\\\/7209d3f6d2d47ea4d0c67e14d3effb61feb10ae540a4381280c66265de5bd643?s=96&d=mm&r=g\",\"contentUrl\":\"https:\\\/\\\/secure.gravatar.com\\\/avatar\\\/7209d3f6d2d47ea4d0c67e14d3effb61feb10ae540a4381280c66265de5bd643?s=96&d=mm&r=g\",\"caption\":\"Roland AFFANOU\"},\"url\":\"https:\\\/\\\/lepatriotebenin.com\"}]}<\/script>\n<!-- \/ Yoast SEO plugin. -->","yoast_head_json":{"title":"B\u00e9nin : La plateforme Electorale des OSC condamne avec fermet\u00e9 la tentative de prise de pouvoir par la force - Le Patriote","robots":{"index":"index","follow":"follow","max-snippet":"max-snippet:-1","max-image-preview":"max-image-preview:large","max-video-preview":"max-video-preview:-1"},"canonical":"https:\/\/lepatriotebenin.com\/index.php\/2025\/12\/08\/benin-la-plateforme-electorale-des-osc-condamne-avec-fermete-la-tentative-de-prise-de-pouvoir-par-la-force\/","og_locale":"fr_FR","og_type":"article","og_title":"B\u00e9nin : La plateforme Electorale des OSC condamne avec fermet\u00e9 la tentative de prise de pouvoir par la force - Le Patriote","og_description":"&nbsp; Dans\u00a0 une d\u00e9claration rendue publique\u00a0 ce lundi 8 d\u00e9cembre 2025,\u00a0 la Plateforme Electorale des OSC\u00a0 du B\u00e9nin (PEOSC)\u00a0 d\u00e9nonce \u00a0la tentative de d\u00e9stabilisation\u00a0 du B\u00e9nin par un \u00ab\u00a0groupe de&hellip;","og_url":"https:\/\/lepatriotebenin.com\/index.php\/2025\/12\/08\/benin-la-plateforme-electorale-des-osc-condamne-avec-fermete-la-tentative-de-prise-de-pouvoir-par-la-force\/","og_site_name":"Le Patriote","article_published_time":"2025-12-08T20:58:06+00:00","og_image":[{"width":1200,"height":675,"url":"https:\/\/lepatriotebenin.com\/wp-content\/uploads\/2025\/12\/madame-fatoumatou-batoko-zossou.jpg","type":"image\/jpeg"}],"author":"Roland AFFANOU","twitter_card":"summary_large_image","twitter_misc":{"\u00c9crit par":"Roland AFFANOU","Dur\u00e9e de lecture estim\u00e9e":"1 minute"},"schema":{"@context":"https:\/\/schema.org","@graph":[{"@type":"Article","@id":"https:\/\/lepatriotebenin.com\/index.php\/2025\/12\/08\/benin-la-plateforme-electorale-des-osc-condamne-avec-fermete-la-tentative-de-prise-de-pouvoir-par-la-force\/#article","isPartOf":{"@id":"https:\/\/lepatriotebenin.com\/index.php\/2025\/12\/08\/benin-la-plateforme-electorale-des-osc-condamne-avec-fermete-la-tentative-de-prise-de-pouvoir-par-la-force\/"},"author":{"name":"Roland AFFANOU","@id":"https:\/\/lepatriotebenin.com\/#\/schema\/person\/4a9b67216c97d04045e01405c534c91f"},"headline":"B\u00e9nin : La plateforme Electorale des OSC condamne avec fermet\u00e9 la tentative de prise de pouvoir par la force","datePublished":"2025-12-08T20:58:06+00:00","mainEntityOfPage":{"@id":"https:\/\/lepatriotebenin.com\/index.php\/2025\/12\/08\/benin-la-plateforme-electorale-des-osc-condamne-avec-fermete-la-tentative-de-prise-de-pouvoir-par-la-force\/"},"wordCount":153,"commentCount":0,"image":{"@id":"https:\/\/lepatriotebenin.com\/index.php\/2025\/12\/08\/benin-la-plateforme-electorale-des-osc-condamne-avec-fermete-la-tentative-de-prise-de-pouvoir-par-la-force\/#primaryimage"},"thumbnailUrl":"https:\/\/lepatriotebenin.com\/wp-content\/uploads\/2025\/12\/madame-fatoumatou-batoko-zossou.jpg","articleSection":["Politique"],"inLanguage":"fr-FR","potentialAction":[{"@type":"CommentAction","name":"Comment","target":["https:\/\/lepatriotebenin.com\/index.php\/2025\/12\/08\/benin-la-plateforme-electorale-des-osc-condamne-avec-fermete-la-tentative-de-prise-de-pouvoir-par-la-force\/#respond"]}]},{"@type":"WebPage","@id":"https:\/\/lepatriotebenin.com\/index.php\/2025\/12\/08\/benin-la-plateforme-electorale-des-osc-condamne-avec-fermete-la-tentative-de-prise-de-pouvoir-par-la-force\/","url":"https:\/\/lepatriotebenin.com\/index.php\/2025\/12\/08\/benin-la-plateforme-electorale-des-osc-condamne-avec-fermete-la-tentative-de-prise-de-pouvoir-par-la-force\/","name":"B\u00e9nin : La plateforme Electorale des OSC condamne avec fermet\u00e9 la tentative de prise de pouvoir par la force - Le Patriote","isPartOf":{"@id":"https:\/\/lepatriotebenin.com\/#website"},"primaryImageOfPage":{"@id":"https:\/\/lepatriotebenin.com\/index.php\/2025\/12\/08\/benin-la-plateforme-electorale-des-osc-condamne-avec-fermete-la-tentative-de-prise-de-pouvoir-par-la-force\/#primaryimage"},"image":{"@id":"https:\/\/lepatriotebenin.com\/index.php\/2025\/12\/08\/benin-la-plateforme-electorale-des-osc-condamne-avec-fermete-la-tentative-de-prise-de-pouvoir-par-la-force\/#primaryimage"},"thumbnailUrl":"https:\/\/lepatriotebenin.com\/wp-content\/uploads\/2025\/12\/madame-fatoumatou-batoko-zossou.jpg","datePublished":"2025-12-08T20:58:06+00:00","author":{"@id":"https:\/\/lepatriotebenin.com\/#\/schema\/person\/4a9b67216c97d04045e01405c534c91f"},"breadcrumb":{"@id":"https:\/\/lepatriotebenin.com\/index.php\/2025\/12\/08\/benin-la-plateforme-electorale-des-osc-condamne-avec-fermete-la-tentative-de-prise-de-pouvoir-par-la-force\/#breadcrumb"},"inLanguage":"fr-FR","potentialAction":[{"@type":"ReadAction","target":["https:\/\/lepatriotebenin.com\/index.php\/2025\/12\/08\/benin-la-plateforme-electorale-des-osc-condamne-avec-fermete-la-tentative-de-prise-de-pouvoir-par-la-force\/"]}]},{"@type":"ImageObject","inLanguage":"fr-FR","@id":"https:\/\/lepatriotebenin.com\/index.php\/2025\/12\/08\/benin-la-plateforme-electorale-des-osc-condamne-avec-fermete-la-tentative-de-prise-de-pouvoir-par-la-force\/#primaryimage","url":"https:\/\/lepatriotebenin.com\/wp-content\/uploads\/2025\/12\/madame-fatoumatou-batoko-zossou.jpg","contentUrl":"https:\/\/lepatriotebenin.com\/wp-content\/uploads\/2025\/12\/madame-fatoumatou-batoko-zossou.jpg","width":1200,"height":675},{"@type":"BreadcrumbList","@id":"https:\/\/lepatriotebenin.com\/index.php\/2025\/12\/08\/benin-la-plateforme-electorale-des-osc-condamne-avec-fermete-la-tentative-de-prise-de-pouvoir-par-la-force\/#breadcrumb","itemListElement":[{"@type":"ListItem","position":1,"name":"Accueil","item":"https:\/\/lepatriotebenin.com\/"},{"@type":"ListItem","position":2,"name":"B\u00e9nin : La plateforme Electorale des OSC condamne avec fermet\u00e9 la tentative de prise de pouvoir par la force"}]},{"@type":"WebSite","@id":"https:\/\/lepatriotebenin.com\/#website","url":"https:\/\/lepatriotebenin.com\/","name":"Le Patriote","description":"Le Patriote B\u00e9nin","potentialAction":[{"@type":"SearchAction","target":{"@type":"EntryPoint","urlTemplate":"https:\/\/lepatriotebenin.com\/?s={search_term_string}"},"query-input":{"@type":"PropertyValueSpecification","valueRequired":true,"valueName":"search_term_string"}}],"inLanguage":"fr-FR"},{"@type":"Person","@id":"https:\/\/lepatriotebenin.com\/#\/schema\/person\/4a9b67216c97d04045e01405c534c91f","name":"Roland AFFANOU","image":{"@type":"ImageObject","inLanguage":"fr-FR","@id":"https:\/\/secure.gravatar.com\/avatar\/7209d3f6d2d47ea4d0c67e14d3effb61feb10ae540a4381280c66265de5bd643?s=96&d=mm&r=g","url":"https:\/\/secure.gravatar.com\/avatar\/7209d3f6d2d47ea4d0c67e14d3effb61feb10ae540a4381280c66265de5bd643?s=96&d=mm&r=g","contentUrl":"https:\/\/secure.gravatar.com\/avatar\/7209d3f6d2d47ea4d0c67e14d3effb61feb10ae540a4381280c66265de5bd643?s=96&d=mm&r=g","caption":"Roland AFFANOU"},"url":"https:\/\/lepatriotebenin.com"}]}},"_links":{"self":[{"href":"https:\/\/lepatriotebenin.com\/index.php\/wp-json\/wp\/v2\/posts\/15751","targetHints":{"allow":["GET"]}}],"collection":[{"href":"https:\/\/lepatriotebenin.com\/index.php\/wp-json\/wp\/v2\/posts"}],"about":[{"href":"https:\/\/lepatriotebenin.com\/index.php\/wp-json\/wp\/v2\/types\/post"}],"author":[{"embeddable":true,"href":"https:\/\/lepatriotebenin.com\/index.php\/wp-json\/wp\/v2\/users\/6"}],"replies":[{"embeddable":true,"href":"https:\/\/lepatriotebenin.com\/index.php\/wp-json\/wp\/v2\/comments?post=15751"}],"version-history":[{"count":1,"href":"https:\/\/lepatriotebenin.com\/index.php\/wp-json\/wp\/v2\/posts\/15751\/revisions"}],"predecessor-version":[{"id":15754,"href":"https:\/\/lepatriotebenin.com\/index.php\/wp-json\/wp\/v2\/posts\/15751\/revisions\/15754"}],"wp:featuredmedia":[{"embeddable":true,"href":"https:\/\/lepatriotebenin.com\/index.php\/wp-json\/wp\/v2\/media\/15753"}],"wp:attachment":[{"href":"https:\/\/lepatriotebenin.com\/index.php\/wp-json\/wp\/v2\/media?parent=15751"}],"wp:term":[{"taxonomy":"category","embeddable":true,"href":"https:\/\/lepatriotebenin.com\/index.php\/wp-json\/wp\/v2\/categories?post=15751"},{"taxonomy":"post_tag","embeddable":true,"href":"https:\/\/lepatriotebenin.com\/index.php\/wp-json\/wp\/v2\/tags?post=15751"}],"curies":[{"name":"wp","href":"https:\/\/api.w.org\/{rel}","templated":true}]}}