{"id":15742,"date":"2025-12-08T18:22:42","date_gmt":"2025-12-08T17:22:42","guid":{"rendered":"https:\/\/lepatriotebenin.com\/?p=15742"},"modified":"2025-12-08T18:25:20","modified_gmt":"2025-12-08T17:25:20","slug":"le-dr-komi-koutche-au-sujet-de-la-tentative-de-coup-detat-nul-ne-doit-plus-jamais-connaitre-de-tels-drames","status":"publish","type":"post","link":"https:\/\/lepatriotebenin.com\/index.php\/2025\/12\/08\/le-dr-komi-koutche-au-sujet-de-la-tentative-de-coup-detat-nul-ne-doit-plus-jamais-connaitre-de-tels-drames\/","title":{"rendered":"Le Dr. Komi KOUTCH\u00c9 au sujet de la tentative de coup d\u2019\u00c9tat :  \u00ab\u2026Nul ne doit plus jamais conna\u00eetre de tels drames \u00bb"},"content":{"rendered":"<p><strong><em>Le dimanche 7 D\u00e9cembre 2025, le B\u00e9nin a v\u00e9cu des plus d\u00e9plorables \u00e9v\u00e8nements de son histoire par une tentative de coup d\u2019\u00c9tat. Des pertes en vue humaine ont \u00e9t\u00e9\u00a0 enregistr\u00e9es et il a fallu l\u2019intervention d\u2019une arm\u00e9e\u00a0 \u00e9trang\u00e8re pour \u00e9teindre un feu que le dialogue aurait pu \u00e9viter. Indign\u00e9, l\u2019ancien ministre d\u2019\u00c9tat charg\u00e9 de l\u2019\u00e9conomie et des Finances le docteur Komi KOUTCHE a, dans une publication faite sur sa page Facebook\u00a0 ce 08 D\u00e9cembre 2025,\u00a0 condamn\u00e9 cet acte qui selon lui d\u00e9shonore le B\u00e9nin et souille\u00a0 sa d\u00e9mocratie. Il a d\u00e9plor\u00e9 la mise \u00e0\u00a0 mal du vivre ensemble \u00e0\u00a0 travers des \u00e9v\u00e9nements que le dialogue pouvait \u00e9viter. Aussi s\u2019est-il inclin\u00e9 devant la m\u00e9moire de celles et ceux qui ont perdu la vie dans ce tragique \u00e9v\u00e9nement. Il a pr\u00e9sent\u00e9 par la m\u00eame \u00a0occasion ses condol\u00e9ances aux familles \u00e9plor\u00e9es et sp\u00e9cialement au \u00ab G\u00e9n\u00e9ral de Corps d\u2019Arm\u00e9e Bertin Bada, qui a pay\u00e9, avec sa famille, l\u2019un des prix les plus lourds de cette crise\u00bb.<\/em><\/strong><\/p>\n<p><strong>Lire ici l\u2019int\u00e9gralit\u00e9 de son message publi\u00e9 sur sa page Facebook<\/strong><\/p>\n<p><strong>Chers Compatriotes,<\/strong><\/p>\n<p>Depuis quelques heures, notre pays est le th\u00e9\u00e2tre d\u2019\u00e9v\u00e9nements d\u2019une gravit\u00e9 inhabituelle.<\/p>\n<p>Le d\u00e9mocrate que je suis ne peut que condamner fermement toute tentative de prise de pouvoir par la force.<\/p>\n<p>Pour nous, jeunes de ma g\u00e9n\u00e9ration et de celle qui suit, ce qui se d\u00e9roule sous nos yeux d\u00e9passe l\u2019entendement. Certes, notre histoire a connu plusieurs affaires de tentatives de coups d\u2019\u00c9tat, mais depuis environ un demi-si\u00e8cle, le B\u00e9nin n\u2019avait plus jamais connu le cr\u00e9pitement des armes tel que v\u00e9cu ce dimanche 7 d\u00e9cembre 2025.<\/p>\n<p>L\u2019intervention d\u2019une aviation militaire \u00e9trang\u00e8re et le d\u00e9ploiement, en cours, de forces \u00e9trang\u00e8res sur notre sol constituent une premi\u00e8re qui affecte profond\u00e9ment \u2014 et durablement \u2014 la fiert\u00e9 b\u00e9ninoise \u00e0 laquelle nous sommes tant attach\u00e9s.<\/p>\n<p>Ces \u00e9v\u00e9nements ne sauraient \u00eatre consid\u00e9r\u00e9s comme de simples \u00e9piph\u00e9nom\u00e8nes, mais bien comme la cons\u00e9quence d\u2019une rupture profonde de l\u2019\u00e9quilibre qui fonde notre vivre-ensemble. Cet \u00e9quilibre, il nous faut d\u00e9sormais le reconstruire imp\u00e9rativement.<\/p>\n<p>Le fait que les B\u00e9ninois, jadis reconnus pour leur capacit\u00e9 \u00e0 transcender leurs \u00e9gos et leurs divergences pour r\u00e9soudre leurs probl\u00e8mes sans ing\u00e9rence ext\u00e9rieure, se retrouvent aujourd\u2019hui contraints de c\u00f4toyer des troupes \u00e9trang\u00e8res et de voir planer au-dessus d\u2019eux une aviation \u00e9trang\u00e8re, nous interpelle tous.<\/p>\n<p>Il nous impose la n\u00e9cessit\u00e9 d\u2019admettre l\u2019\u00e9vidence, afin que chacun apporte son bout de doigt pour boucher les trous de la jarre trou\u00e9e, afin qu\u2019elle puisse \u00e0 nouveau contenir l\u2019eau de nos valeurs communes et nous ramener \u00e0 ce que nous \u00e9tions : un peuple de dialogue, de mesure et de dignit\u00e9.<\/p>\n<p>Voir les choses sous cet angle n\u2019est ni une capitulation ni un aveu de faiblesse. C\u2019est, au contraire, choisir de placer le B\u00e9nin \u2014 notre pr\u00e9cieux patrimoine commun \u2014 au-dessus de nos divergences et de nos frustrations individuelles. C\u2019est aussi contribuer \u00e0 inverser la dynamique de radicalisation qui, peu \u00e0 peu, s\u2019installe dans nos communaut\u00e9s autrefois paisibles et solidaires.<\/p>\n<p>Proc\u00e9der autrement reviendrait \u00e0 repousser \u00e0 demain la maturit\u00e9 des probl\u00e8mes d\u2019aujourd\u2019hui, tout en laissant s\u2019accumuler ceux qui naissent ou na\u00eetront des incompr\u00e9hensions et frustrations que seul un retour sinc\u00e8re \u00e0 nos valeurs fondamentales peut apaiser.<\/p>\n<p>Pour ma part, j\u2019ai per\u00e7u cette \u00e9vidence, et je m\u2019efforce, autant que possible, d\u2019y r\u00e9pondre avec responsabilit\u00e9.<\/p>\n<p>En ce moment de questionnements et d\u2019\u00e9preuves, je m\u2019incline devant la m\u00e9moire de toutes celles et de tous ceux qui ont pay\u00e9 de leur vie ces \u00e9v\u00e9nements malheureux du dimanche 7 d\u00e9cembre 2025.<\/p>\n<p>J\u2019ai une pens\u00e9e particuli\u00e8re pour le G\u00e9n\u00e9ral de Corps d\u2019Arm\u00e9e Bertin Bada, qui a pay\u00e9, avec sa famille, l\u2019un des prix les plus lourds de cette crise. Une relation d\u2019amiti\u00e9 et de fraternit\u00e9 vieille d\u2019environ un quart de si\u00e8cle nous lie, relation que ni les charges officielles ni les contingences de la vie publique n\u2019ont pu alt\u00e9rer.<\/p>\n<p>Connaissant ses valeurs personnelles au-del\u00e0 de ce que les charges officielles peuvent laisser imaginer, je ne peux qu\u2019\u00e9prouver une profonde tristesse face \u00e0 l\u2019\u00e9preuve que lui et les siens se voient d\u00e9sormais condamn\u00e9s \u00e0 porter tout le reste de leur vie. J\u2019adresse \u00e9galement ma compassion \u00e0 toutes les familles qui se sont vue cruellement s\u00e9par\u00e9es de leurs proches du fait de ces \u00e9v\u00e8nements. Dieu saura trouver le moyen juste pour les r\u00e9conforter.<\/p>\n<p>Tout comme Dame Prudence Amoussou et tant d\u2019autres innocents, auparavant, Madame Berthe Bada vient de payer, elle aussi, le prix de la rupture de quelque chose de fondamental dans les valeurs qui cimentaient notre soci\u00e9t\u00e9. \u00c0 qui le prochain tour ?<\/p>\n<p>Il nous appartient de reconstruire notre vivre ensemble, car nul ne doit plus jamais conna\u00eetre de tels drames. Nous ne saurions laisser perdurer cette polarisation de notre soci\u00e9t\u00e9 qui s\u2019installe et qui se creuse davantage.<\/p>\n<p>Je ne saurais conclure sans apporter une clarification concernant une courte vid\u00e9o ayant circul\u00e9 le 7 d\u00e9cembre 2025, pr\u00e9sent\u00e9e \u00e0 tort comme un message r\u00e9cent \u00e0 l\u2019endroit de nos forces arm\u00e9es.<\/p>\n<p>M\u00eame si mes collaborateurs ont d\u00e9j\u00e0 apport\u00e9 les \u00e9claircissements n\u00e9cessaires sur la manipulation qui semble entourer cette diffusion, je souhaite r\u00e9affirmer ici que je n\u2019ai effectu\u00e9 aucune sortie publique r\u00e9cente.<\/p>\n<p>La vid\u00e9o en question, extraite on ne sait par qui, provient d\u2019une intervention du 6 avril 2021, r\u00e9alis\u00e9e dans un contexte radicalement diff\u00e9rent de celui du dimanche 7 d\u00e9cembre 2025.<\/p>\n<p><strong>Que Dieu b\u00e9nisse le B\u00e9nin.<\/strong><\/p>\n<p><strong>Dr. Komi KOUTCH\u00c9<\/strong><\/p>\n<p><strong>Washington, le 08 d\u00e9cembre 2025<\/strong><\/p>\n","protected":false},"excerpt":{"rendered":"<p>Le dimanche 7 D\u00e9cembre 2025, le B\u00e9nin a v\u00e9cu des plus d\u00e9plorables \u00e9v\u00e8nements de son histoire par une tentative de coup d\u2019\u00c9tat. Des pertes en vue humaine ont \u00e9t\u00e9\u00a0 enregistr\u00e9es&hellip;<\/p>\n","protected":false},"author":5,"featured_media":15743,"comment_status":"open","ping_status":"open","sticky":false,"template":"","format":"standard","meta":{"content-type":"","om_disable_all_campaigns":false,"_monsterinsights_skip_tracking":false,"_monsterinsights_sitenote_active":false,"_monsterinsights_sitenote_note":"","_monsterinsights_sitenote_category":0,"_uf_show_specific_survey":0,"_uf_disable_surveys":false,"footnotes":""},"categories":[26],"tags":[],"class_list":["post-15742","post","type-post","status-publish","format-standard","has-post-thumbnail","hentry","category-politique"],"aioseo_notices":[],"yoast_head":"<!-- This site is optimized with the Yoast SEO plugin v27.5 - https:\/\/yoast.com\/product\/yoast-seo-wordpress\/ -->\n<title>Le Dr. Komi KOUTCH\u00c9 au sujet de la tentative de coup d\u2019\u00c9tat : \u00ab\u2026Nul ne doit plus jamais conna\u00eetre de tels drames \u00bb - Le Patriote<\/title>\n<meta name=\"robots\" content=\"index, follow, max-snippet:-1, max-image-preview:large, max-video-preview:-1\" \/>\n<link rel=\"canonical\" href=\"https:\/\/lepatriotebenin.com\/index.php\/2025\/12\/08\/le-dr-komi-koutche-au-sujet-de-la-tentative-de-coup-detat-nul-ne-doit-plus-jamais-connaitre-de-tels-drames\/\" \/>\n<meta property=\"og:locale\" content=\"fr_FR\" \/>\n<meta property=\"og:type\" content=\"article\" \/>\n<meta property=\"og:title\" content=\"Le Dr. Komi KOUTCH\u00c9 au sujet de la tentative de coup d\u2019\u00c9tat : \u00ab\u2026Nul ne doit plus jamais conna\u00eetre de tels drames \u00bb - Le Patriote\" \/>\n<meta property=\"og:description\" content=\"Le dimanche 7 D\u00e9cembre 2025, le B\u00e9nin a v\u00e9cu des plus d\u00e9plorables \u00e9v\u00e8nements de son histoire par une tentative de coup d\u2019\u00c9tat. Des pertes en vue humaine ont \u00e9t\u00e9\u00a0 enregistr\u00e9es&hellip;\" \/>\n<meta property=\"og:url\" content=\"https:\/\/lepatriotebenin.com\/index.php\/2025\/12\/08\/le-dr-komi-koutche-au-sujet-de-la-tentative-de-coup-detat-nul-ne-doit-plus-jamais-connaitre-de-tels-drames\/\" \/>\n<meta property=\"og:site_name\" content=\"Le Patriote\" \/>\n<meta property=\"article:published_time\" content=\"2025-12-08T17:22:42+00:00\" \/>\n<meta property=\"article:modified_time\" content=\"2025-12-08T17:25:20+00:00\" \/>\n<meta property=\"og:image\" content=\"https:\/\/lepatriotebenin.com\/wp-content\/uploads\/2025\/12\/komi.jpg\" \/>\n\t<meta property=\"og:image:width\" content=\"1280\" \/>\n\t<meta property=\"og:image:height\" content=\"857\" \/>\n\t<meta property=\"og:image:type\" content=\"image\/jpeg\" \/>\n<meta name=\"author\" content=\"Redaction\" \/>\n<meta name=\"twitter:card\" content=\"summary_large_image\" \/>\n<meta name=\"twitter:label1\" content=\"\u00c9crit par\" \/>\n\t<meta name=\"twitter:data1\" content=\"Redaction\" \/>\n\t<meta name=\"twitter:label2\" content=\"Dur\u00e9e de lecture estim\u00e9e\" \/>\n\t<meta name=\"twitter:data2\" content=\"5 minutes\" \/>\n<script type=\"application\/ld+json\" class=\"yoast-schema-graph\">{\"@context\":\"https:\\\/\\\/schema.org\",\"@graph\":[{\"@type\":\"Article\",\"@id\":\"https:\\\/\\\/lepatriotebenin.com\\\/index.php\\\/2025\\\/12\\\/08\\\/le-dr-komi-koutche-au-sujet-de-la-tentative-de-coup-detat-nul-ne-doit-plus-jamais-connaitre-de-tels-drames\\\/#article\",\"isPartOf\":{\"@id\":\"https:\\\/\\\/lepatriotebenin.com\\\/index.php\\\/2025\\\/12\\\/08\\\/le-dr-komi-koutche-au-sujet-de-la-tentative-de-coup-detat-nul-ne-doit-plus-jamais-connaitre-de-tels-drames\\\/\"},\"author\":{\"name\":\"Redaction\",\"@id\":\"https:\\\/\\\/lepatriotebenin.com\\\/#\\\/schema\\\/person\\\/2e7709b9c9cc313e452d1136af61690f\"},\"headline\":\"Le Dr. Komi KOUTCH\u00c9 au sujet de la tentative de coup d\u2019\u00c9tat : \u00ab\u2026Nul ne doit plus jamais conna\u00eetre de tels drames \u00bb\",\"datePublished\":\"2025-12-08T17:22:42+00:00\",\"dateModified\":\"2025-12-08T17:25:20+00:00\",\"mainEntityOfPage\":{\"@id\":\"https:\\\/\\\/lepatriotebenin.com\\\/index.php\\\/2025\\\/12\\\/08\\\/le-dr-komi-koutche-au-sujet-de-la-tentative-de-coup-detat-nul-ne-doit-plus-jamais-connaitre-de-tels-drames\\\/\"},\"wordCount\":1025,\"commentCount\":0,\"image\":{\"@id\":\"https:\\\/\\\/lepatriotebenin.com\\\/index.php\\\/2025\\\/12\\\/08\\\/le-dr-komi-koutche-au-sujet-de-la-tentative-de-coup-detat-nul-ne-doit-plus-jamais-connaitre-de-tels-drames\\\/#primaryimage\"},\"thumbnailUrl\":\"https:\\\/\\\/lepatriotebenin.com\\\/wp-content\\\/uploads\\\/2025\\\/12\\\/komi.jpg\",\"articleSection\":[\"Politique\"],\"inLanguage\":\"fr-FR\",\"potentialAction\":[{\"@type\":\"CommentAction\",\"name\":\"Comment\",\"target\":[\"https:\\\/\\\/lepatriotebenin.com\\\/index.php\\\/2025\\\/12\\\/08\\\/le-dr-komi-koutche-au-sujet-de-la-tentative-de-coup-detat-nul-ne-doit-plus-jamais-connaitre-de-tels-drames\\\/#respond\"]}]},{\"@type\":\"WebPage\",\"@id\":\"https:\\\/\\\/lepatriotebenin.com\\\/index.php\\\/2025\\\/12\\\/08\\\/le-dr-komi-koutche-au-sujet-de-la-tentative-de-coup-detat-nul-ne-doit-plus-jamais-connaitre-de-tels-drames\\\/\",\"url\":\"https:\\\/\\\/lepatriotebenin.com\\\/index.php\\\/2025\\\/12\\\/08\\\/le-dr-komi-koutche-au-sujet-de-la-tentative-de-coup-detat-nul-ne-doit-plus-jamais-connaitre-de-tels-drames\\\/\",\"name\":\"Le Dr. Komi KOUTCH\u00c9 au sujet de la tentative de coup d\u2019\u00c9tat : \u00ab\u2026Nul ne doit plus jamais conna\u00eetre de tels drames \u00bb - Le Patriote\",\"isPartOf\":{\"@id\":\"https:\\\/\\\/lepatriotebenin.com\\\/#website\"},\"primaryImageOfPage\":{\"@id\":\"https:\\\/\\\/lepatriotebenin.com\\\/index.php\\\/2025\\\/12\\\/08\\\/le-dr-komi-koutche-au-sujet-de-la-tentative-de-coup-detat-nul-ne-doit-plus-jamais-connaitre-de-tels-drames\\\/#primaryimage\"},\"image\":{\"@id\":\"https:\\\/\\\/lepatriotebenin.com\\\/index.php\\\/2025\\\/12\\\/08\\\/le-dr-komi-koutche-au-sujet-de-la-tentative-de-coup-detat-nul-ne-doit-plus-jamais-connaitre-de-tels-drames\\\/#primaryimage\"},\"thumbnailUrl\":\"https:\\\/\\\/lepatriotebenin.com\\\/wp-content\\\/uploads\\\/2025\\\/12\\\/komi.jpg\",\"datePublished\":\"2025-12-08T17:22:42+00:00\",\"dateModified\":\"2025-12-08T17:25:20+00:00\",\"author\":{\"@id\":\"https:\\\/\\\/lepatriotebenin.com\\\/#\\\/schema\\\/person\\\/2e7709b9c9cc313e452d1136af61690f\"},\"breadcrumb\":{\"@id\":\"https:\\\/\\\/lepatriotebenin.com\\\/index.php\\\/2025\\\/12\\\/08\\\/le-dr-komi-koutche-au-sujet-de-la-tentative-de-coup-detat-nul-ne-doit-plus-jamais-connaitre-de-tels-drames\\\/#breadcrumb\"},\"inLanguage\":\"fr-FR\",\"potentialAction\":[{\"@type\":\"ReadAction\",\"target\":[\"https:\\\/\\\/lepatriotebenin.com\\\/index.php\\\/2025\\\/12\\\/08\\\/le-dr-komi-koutche-au-sujet-de-la-tentative-de-coup-detat-nul-ne-doit-plus-jamais-connaitre-de-tels-drames\\\/\"]}]},{\"@type\":\"ImageObject\",\"inLanguage\":\"fr-FR\",\"@id\":\"https:\\\/\\\/lepatriotebenin.com\\\/index.php\\\/2025\\\/12\\\/08\\\/le-dr-komi-koutche-au-sujet-de-la-tentative-de-coup-detat-nul-ne-doit-plus-jamais-connaitre-de-tels-drames\\\/#primaryimage\",\"url\":\"https:\\\/\\\/lepatriotebenin.com\\\/wp-content\\\/uploads\\\/2025\\\/12\\\/komi.jpg\",\"contentUrl\":\"https:\\\/\\\/lepatriotebenin.com\\\/wp-content\\\/uploads\\\/2025\\\/12\\\/komi.jpg\",\"width\":1280,\"height\":857},{\"@type\":\"BreadcrumbList\",\"@id\":\"https:\\\/\\\/lepatriotebenin.com\\\/index.php\\\/2025\\\/12\\\/08\\\/le-dr-komi-koutche-au-sujet-de-la-tentative-de-coup-detat-nul-ne-doit-plus-jamais-connaitre-de-tels-drames\\\/#breadcrumb\",\"itemListElement\":[{\"@type\":\"ListItem\",\"position\":1,\"name\":\"Accueil\",\"item\":\"https:\\\/\\\/lepatriotebenin.com\\\/\"},{\"@type\":\"ListItem\",\"position\":2,\"name\":\"Le Dr. Komi KOUTCH\u00c9 au sujet de la tentative de coup d\u2019\u00c9tat : \u00ab\u2026Nul ne doit plus jamais conna\u00eetre de tels drames \u00bb\"}]},{\"@type\":\"WebSite\",\"@id\":\"https:\\\/\\\/lepatriotebenin.com\\\/#website\",\"url\":\"https:\\\/\\\/lepatriotebenin.com\\\/\",\"name\":\"Le Patriote\",\"description\":\"Le Patriote B\u00e9nin\",\"potentialAction\":[{\"@type\":\"SearchAction\",\"target\":{\"@type\":\"EntryPoint\",\"urlTemplate\":\"https:\\\/\\\/lepatriotebenin.com\\\/?s={search_term_string}\"},\"query-input\":{\"@type\":\"PropertyValueSpecification\",\"valueRequired\":true,\"valueName\":\"search_term_string\"}}],\"inLanguage\":\"fr-FR\"},{\"@type\":\"Person\",\"@id\":\"https:\\\/\\\/lepatriotebenin.com\\\/#\\\/schema\\\/person\\\/2e7709b9c9cc313e452d1136af61690f\",\"name\":\"Redaction\",\"image\":{\"@type\":\"ImageObject\",\"inLanguage\":\"fr-FR\",\"@id\":\"https:\\\/\\\/secure.gravatar.com\\\/avatar\\\/c4c509357859ea2ca2cbb6d8812898a73e4ef1ef9934c2e591d7e32face734d1?s=96&d=mm&r=g\",\"url\":\"https:\\\/\\\/secure.gravatar.com\\\/avatar\\\/c4c509357859ea2ca2cbb6d8812898a73e4ef1ef9934c2e591d7e32face734d1?s=96&d=mm&r=g\",\"contentUrl\":\"https:\\\/\\\/secure.gravatar.com\\\/avatar\\\/c4c509357859ea2ca2cbb6d8812898a73e4ef1ef9934c2e591d7e32face734d1?s=96&d=mm&r=g\",\"caption\":\"Redaction\"},\"url\":\"https:\\\/\\\/lepatriotebenin.com\"}]}<\/script>\n<!-- \/ Yoast SEO plugin. -->","yoast_head_json":{"title":"Le Dr. Komi KOUTCH\u00c9 au sujet de la tentative de coup d\u2019\u00c9tat : \u00ab\u2026Nul ne doit plus jamais conna\u00eetre de tels drames \u00bb - Le Patriote","robots":{"index":"index","follow":"follow","max-snippet":"max-snippet:-1","max-image-preview":"max-image-preview:large","max-video-preview":"max-video-preview:-1"},"canonical":"https:\/\/lepatriotebenin.com\/index.php\/2025\/12\/08\/le-dr-komi-koutche-au-sujet-de-la-tentative-de-coup-detat-nul-ne-doit-plus-jamais-connaitre-de-tels-drames\/","og_locale":"fr_FR","og_type":"article","og_title":"Le Dr. Komi KOUTCH\u00c9 au sujet de la tentative de coup d\u2019\u00c9tat : \u00ab\u2026Nul ne doit plus jamais conna\u00eetre de tels drames \u00bb - Le Patriote","og_description":"Le dimanche 7 D\u00e9cembre 2025, le B\u00e9nin a v\u00e9cu des plus d\u00e9plorables \u00e9v\u00e8nements de son histoire par une tentative de coup d\u2019\u00c9tat. Des pertes en vue humaine ont \u00e9t\u00e9\u00a0 enregistr\u00e9es&hellip;","og_url":"https:\/\/lepatriotebenin.com\/index.php\/2025\/12\/08\/le-dr-komi-koutche-au-sujet-de-la-tentative-de-coup-detat-nul-ne-doit-plus-jamais-connaitre-de-tels-drames\/","og_site_name":"Le Patriote","article_published_time":"2025-12-08T17:22:42+00:00","article_modified_time":"2025-12-08T17:25:20+00:00","og_image":[{"width":1280,"height":857,"url":"https:\/\/lepatriotebenin.com\/wp-content\/uploads\/2025\/12\/komi.jpg","type":"image\/jpeg"}],"author":"Redaction","twitter_card":"summary_large_image","twitter_misc":{"\u00c9crit par":"Redaction","Dur\u00e9e de lecture estim\u00e9e":"5 minutes"},"schema":{"@context":"https:\/\/schema.org","@graph":[{"@type":"Article","@id":"https:\/\/lepatriotebenin.com\/index.php\/2025\/12\/08\/le-dr-komi-koutche-au-sujet-de-la-tentative-de-coup-detat-nul-ne-doit-plus-jamais-connaitre-de-tels-drames\/#article","isPartOf":{"@id":"https:\/\/lepatriotebenin.com\/index.php\/2025\/12\/08\/le-dr-komi-koutche-au-sujet-de-la-tentative-de-coup-detat-nul-ne-doit-plus-jamais-connaitre-de-tels-drames\/"},"author":{"name":"Redaction","@id":"https:\/\/lepatriotebenin.com\/#\/schema\/person\/2e7709b9c9cc313e452d1136af61690f"},"headline":"Le Dr. Komi KOUTCH\u00c9 au sujet de la tentative de coup d\u2019\u00c9tat : \u00ab\u2026Nul ne doit plus jamais conna\u00eetre de tels drames \u00bb","datePublished":"2025-12-08T17:22:42+00:00","dateModified":"2025-12-08T17:25:20+00:00","mainEntityOfPage":{"@id":"https:\/\/lepatriotebenin.com\/index.php\/2025\/12\/08\/le-dr-komi-koutche-au-sujet-de-la-tentative-de-coup-detat-nul-ne-doit-plus-jamais-connaitre-de-tels-drames\/"},"wordCount":1025,"commentCount":0,"image":{"@id":"https:\/\/lepatriotebenin.com\/index.php\/2025\/12\/08\/le-dr-komi-koutche-au-sujet-de-la-tentative-de-coup-detat-nul-ne-doit-plus-jamais-connaitre-de-tels-drames\/#primaryimage"},"thumbnailUrl":"https:\/\/lepatriotebenin.com\/wp-content\/uploads\/2025\/12\/komi.jpg","articleSection":["Politique"],"inLanguage":"fr-FR","potentialAction":[{"@type":"CommentAction","name":"Comment","target":["https:\/\/lepatriotebenin.com\/index.php\/2025\/12\/08\/le-dr-komi-koutche-au-sujet-de-la-tentative-de-coup-detat-nul-ne-doit-plus-jamais-connaitre-de-tels-drames\/#respond"]}]},{"@type":"WebPage","@id":"https:\/\/lepatriotebenin.com\/index.php\/2025\/12\/08\/le-dr-komi-koutche-au-sujet-de-la-tentative-de-coup-detat-nul-ne-doit-plus-jamais-connaitre-de-tels-drames\/","url":"https:\/\/lepatriotebenin.com\/index.php\/2025\/12\/08\/le-dr-komi-koutche-au-sujet-de-la-tentative-de-coup-detat-nul-ne-doit-plus-jamais-connaitre-de-tels-drames\/","name":"Le Dr. Komi KOUTCH\u00c9 au sujet de la tentative de coup d\u2019\u00c9tat : \u00ab\u2026Nul ne doit plus jamais conna\u00eetre de tels drames \u00bb - Le Patriote","isPartOf":{"@id":"https:\/\/lepatriotebenin.com\/#website"},"primaryImageOfPage":{"@id":"https:\/\/lepatriotebenin.com\/index.php\/2025\/12\/08\/le-dr-komi-koutche-au-sujet-de-la-tentative-de-coup-detat-nul-ne-doit-plus-jamais-connaitre-de-tels-drames\/#primaryimage"},"image":{"@id":"https:\/\/lepatriotebenin.com\/index.php\/2025\/12\/08\/le-dr-komi-koutche-au-sujet-de-la-tentative-de-coup-detat-nul-ne-doit-plus-jamais-connaitre-de-tels-drames\/#primaryimage"},"thumbnailUrl":"https:\/\/lepatriotebenin.com\/wp-content\/uploads\/2025\/12\/komi.jpg","datePublished":"2025-12-08T17:22:42+00:00","dateModified":"2025-12-08T17:25:20+00:00","author":{"@id":"https:\/\/lepatriotebenin.com\/#\/schema\/person\/2e7709b9c9cc313e452d1136af61690f"},"breadcrumb":{"@id":"https:\/\/lepatriotebenin.com\/index.php\/2025\/12\/08\/le-dr-komi-koutche-au-sujet-de-la-tentative-de-coup-detat-nul-ne-doit-plus-jamais-connaitre-de-tels-drames\/#breadcrumb"},"inLanguage":"fr-FR","potentialAction":[{"@type":"ReadAction","target":["https:\/\/lepatriotebenin.com\/index.php\/2025\/12\/08\/le-dr-komi-koutche-au-sujet-de-la-tentative-de-coup-detat-nul-ne-doit-plus-jamais-connaitre-de-tels-drames\/"]}]},{"@type":"ImageObject","inLanguage":"fr-FR","@id":"https:\/\/lepatriotebenin.com\/index.php\/2025\/12\/08\/le-dr-komi-koutche-au-sujet-de-la-tentative-de-coup-detat-nul-ne-doit-plus-jamais-connaitre-de-tels-drames\/#primaryimage","url":"https:\/\/lepatriotebenin.com\/wp-content\/uploads\/2025\/12\/komi.jpg","contentUrl":"https:\/\/lepatriotebenin.com\/wp-content\/uploads\/2025\/12\/komi.jpg","width":1280,"height":857},{"@type":"BreadcrumbList","@id":"https:\/\/lepatriotebenin.com\/index.php\/2025\/12\/08\/le-dr-komi-koutche-au-sujet-de-la-tentative-de-coup-detat-nul-ne-doit-plus-jamais-connaitre-de-tels-drames\/#breadcrumb","itemListElement":[{"@type":"ListItem","position":1,"name":"Accueil","item":"https:\/\/lepatriotebenin.com\/"},{"@type":"ListItem","position":2,"name":"Le Dr. Komi KOUTCH\u00c9 au sujet de la tentative de coup d\u2019\u00c9tat : \u00ab\u2026Nul ne doit plus jamais conna\u00eetre de tels drames \u00bb"}]},{"@type":"WebSite","@id":"https:\/\/lepatriotebenin.com\/#website","url":"https:\/\/lepatriotebenin.com\/","name":"Le Patriote","description":"Le Patriote B\u00e9nin","potentialAction":[{"@type":"SearchAction","target":{"@type":"EntryPoint","urlTemplate":"https:\/\/lepatriotebenin.com\/?s={search_term_string}"},"query-input":{"@type":"PropertyValueSpecification","valueRequired":true,"valueName":"search_term_string"}}],"inLanguage":"fr-FR"},{"@type":"Person","@id":"https:\/\/lepatriotebenin.com\/#\/schema\/person\/2e7709b9c9cc313e452d1136af61690f","name":"Redaction","image":{"@type":"ImageObject","inLanguage":"fr-FR","@id":"https:\/\/secure.gravatar.com\/avatar\/c4c509357859ea2ca2cbb6d8812898a73e4ef1ef9934c2e591d7e32face734d1?s=96&d=mm&r=g","url":"https:\/\/secure.gravatar.com\/avatar\/c4c509357859ea2ca2cbb6d8812898a73e4ef1ef9934c2e591d7e32face734d1?s=96&d=mm&r=g","contentUrl":"https:\/\/secure.gravatar.com\/avatar\/c4c509357859ea2ca2cbb6d8812898a73e4ef1ef9934c2e591d7e32face734d1?s=96&d=mm&r=g","caption":"Redaction"},"url":"https:\/\/lepatriotebenin.com"}]}},"_links":{"self":[{"href":"https:\/\/lepatriotebenin.com\/index.php\/wp-json\/wp\/v2\/posts\/15742","targetHints":{"allow":["GET"]}}],"collection":[{"href":"https:\/\/lepatriotebenin.com\/index.php\/wp-json\/wp\/v2\/posts"}],"about":[{"href":"https:\/\/lepatriotebenin.com\/index.php\/wp-json\/wp\/v2\/types\/post"}],"author":[{"embeddable":true,"href":"https:\/\/lepatriotebenin.com\/index.php\/wp-json\/wp\/v2\/users\/5"}],"replies":[{"embeddable":true,"href":"https:\/\/lepatriotebenin.com\/index.php\/wp-json\/wp\/v2\/comments?post=15742"}],"version-history":[{"count":2,"href":"https:\/\/lepatriotebenin.com\/index.php\/wp-json\/wp\/v2\/posts\/15742\/revisions"}],"predecessor-version":[{"id":15746,"href":"https:\/\/lepatriotebenin.com\/index.php\/wp-json\/wp\/v2\/posts\/15742\/revisions\/15746"}],"wp:featuredmedia":[{"embeddable":true,"href":"https:\/\/lepatriotebenin.com\/index.php\/wp-json\/wp\/v2\/media\/15743"}],"wp:attachment":[{"href":"https:\/\/lepatriotebenin.com\/index.php\/wp-json\/wp\/v2\/media?parent=15742"}],"wp:term":[{"taxonomy":"category","embeddable":true,"href":"https:\/\/lepatriotebenin.com\/index.php\/wp-json\/wp\/v2\/categories?post=15742"},{"taxonomy":"post_tag","embeddable":true,"href":"https:\/\/lepatriotebenin.com\/index.php\/wp-json\/wp\/v2\/tags?post=15742"}],"curies":[{"name":"wp","href":"https:\/\/api.w.org\/{rel}","templated":true}]}}