{"id":15737,"date":"2025-12-08T14:31:25","date_gmt":"2025-12-08T13:31:25","guid":{"rendered":"https:\/\/lepatriotebenin.com\/?p=15737"},"modified":"2025-12-08T14:31:25","modified_gmt":"2025-12-08T13:31:25","slug":"tentative-de-coup-detat-dejoue-au-benin-cette-forfaiture-ne-restera-pas-impunie-declare-patrice-talon","status":"publish","type":"post","link":"https:\/\/lepatriotebenin.com\/index.php\/2025\/12\/08\/tentative-de-coup-detat-dejoue-au-benin-cette-forfaiture-ne-restera-pas-impunie-declare-patrice-talon\/","title":{"rendered":"Tentative de coup d\u2019Etat d\u00e9jou\u00e9  au B\u00e9nin : \u00ab Cette forfaiture ne restera pas impunie \u00bb,  d\u00e9clare Patrice Talon"},"content":{"rendered":"<p><em><strong>Dans une d\u00e9claration solennelle faite en directe au journal t\u00e9l\u00e9vis\u00e9 \u00a0de 20h de la t\u00e9l\u00e9vision nationale, ce dimanche b07 d\u00e9cembre 2025, le pr\u00e9sident de la R\u00e9publique, Patrice Talon s\u2019est\u00a0 adress\u00e9 au peuple b\u00e9ninois \u00a0apr\u00e8s la tentative de coup d\u2019Etat d\u00e9jou\u00e9 \u00a0plus t\u00f4t dans la journ\u00e9e. Le Chef de l\u2019Etat a d\u00e9crit des \u00e9v\u00e9nements \u00ab\u00a0d\u2019une gravit\u00e9\u00a0 extr\u00eame\u00a0\u00bb ayant pour objectif de\u00a0 \u00e0 \u00e9branler les institutions et l\u2019ordre d\u00e9mocratique du pays. Il n\u2019a pas manqu\u00e9\u00a0 de saluer \u00ab\u00a0le sens du devoir\u00a0\u00bb des Forces arm\u00e9es, rest\u00e9es \u00ab\u00a0 <\/strong><strong>r\u00e9publicaines et loyales \u00e0 la patrie\u00a0\u00bb<\/strong>. <strong>\u00a0Il a \u00e9galement \u00a0assur\u00e9 que \u00a0\u00ab\u00a0cette forfaiture ne restera pas impunie\u00a0\u00bb.<\/strong><\/em><\/p>\n<p><em><strong>Le\u00a0 chef de l\u2019Etat a exprim\u00e9 sa compassion \u00e0 l\u2019 endroit des victimes.\u00a0 Face aux citoyens b\u00e9ninois, tant de l\u2019int\u00e9rieur que de la diaspora, Patrice Talon a exprim\u00e9 sa gratitude pour leur\u00a0 soutien \u00ab\u00a0actif\u00a0\u00bb et leurs \u00ab\u00a0nombreux\u00a0 messages d\u2019encouragement\u00a0\u00bb.Il les a rassur\u00e9s\u00a0 quant au retour \u00e0 la normale. \u00ab\u00a0La situation\u00a0 est totalement sous contr\u00f4le (\u2026\u2026..) .La s\u00e9curit\u00e9 \u00a0et l\u2019ordre public\u00a0 seront maintenus partout sur le territoire national\u00a0\u00bb, a-t-il\u00a0 laiss\u00e9 entendre. Lire l\u2019\u2019 int\u00e9gralit\u00e9 de son message \u00e0 la Nation \u00a0<\/strong><\/em><\/p>\n<p><em><strong>Message \u00e0 la nation, du Pr\u00e9sident de la R\u00e9publique, monsieur Patrice Talon<\/strong><\/em><\/p>\n<p><strong>Cotonou, le 7 d\u00e9cembre 2025<\/strong><\/p>\n<p><strong>B\u00e9ninoises, B\u00e9ninois, mes chers compatriotes<\/strong><\/p>\n<p>Je m\u2019adresse \u00e0 vous ce soir parce que notre pays, a v\u00e9cu aujourd\u2019hui des \u00e9v\u00e9nements d\u2019une gravit\u00e9 extr\u00eame.<\/p>\n<p>En effet, un groupuscule de soldats, sous pr\u00e9textes de revendications fallacieuses, a entrepris une mutinerie \u00e0 l\u2019effet de s\u2019attaquer aux institutions de la R\u00e9publique et de d\u00e9stabiliser notre nation, en remettant ainsi en cause l\u2019ordre d\u00e9mocratique.<\/p>\n<p>Une telle entreprise aurait eu pour cons\u00e9quence de plonger notre pays dans une aventure sans lendemains, aux cons\u00e9quences d\u00e9sastreuses. Elle aurait mis un coup d\u2019arr\u00eat au processus de d\u00e9veloppement amorc\u00e9 par notre pays, gr\u00e2ce aux efforts entrepris par toutes ses filles et tous ses fils.<\/p>\n<p>En pareille circonstance, le devoir r\u00e9publicain m\u2019impose, en ma qualit\u00e9 de Pr\u00e9sident de la R\u00e9publique, Chef supr\u00eame des Arm\u00e9es et garant de la stabilit\u00e9 du pays, de prendre les mesures appropri\u00e9es pour faire \u00e9chec \u00e0 l\u2019\u0153uvre des aventuriers d\u00e9sireux de nous faire retourner dans un pass\u00e9 de triste m\u00e9moire.<\/p>\n<p>J\u2019ai donc, en coordination avec le commandement des Forces de D\u00e9fense et de S\u00e9curit\u00e9, engag\u00e9 les actions n\u00e9cessaires au maintien de la paix en vue de garantir la s\u00e9curit\u00e9 et la qui\u00e9tude de tous, sur toute l\u2019\u00e9tendue du territoire national.<\/p>\n<p>Je voudrais ici saluer le sens du devoir de notre Arm\u00e9e et de ses responsables, qui sont rest\u00e9s r\u00e9publicains et loyaux \u00e0 la Patrie. Avec eux, nous avons fait front, repris les positions jusqu\u2019\u00e0 nettoyer les derni\u00e8res poches de r\u00e9sistance des mutins.<\/p>\n<p>Cet engagement et cette mobilisation nous ont permis de faire \u00e9chec \u00e0 ces aventuriers et d\u2019\u00e9viter le pire \u00e0 notre pays. Cette forfaiture ne restera pas impunie.<\/p>\n<p>C\u2019est le lieu pour moi de f\u00e9liciter nos Forces de D\u00e9fense et de S\u00e9curit\u00e9 dans leur ensemble, pour leur sens du devoir.<\/p>\n<p>Je voudrais, par la m\u00eame occasion, avoir une pens\u00e9e pour les victimes de cette aventure insens\u00e9e, de m\u00eame que pour les personnes encore retenues par des mutins en fuite.<\/p>\n<p>Je leur donne l\u2019assurance que nous ferons tout pour les retrouver sains et saufs.<\/p>\n<p><strong>Mes chers compatriotes<\/strong>,<\/p>\n<p>Je voudrais, par la m\u00eame occasion, vous remercier particuli\u00e8rement, vous de l\u2019int\u00e9rieur comme de l\u2019ext\u00e9rieur, pour votre soutien actif et vos nombreux messages d\u2019encouragement durant cette journ\u00e9e. Ils nous ont rassur\u00e9s et donn\u00e9 l\u2019\u00e9nergie n\u00e9cessaire pour faire front au nom du B\u00e9nin qui, nous pouvons le dire, a bien une \u00e2me.<\/p>\n<p>Enfin, je voudrais vous rassurer que la situation est totalement sous contr\u00f4le et vous inviter, par cons\u00e9quent, \u00e0 vaquer sereinement \u00e0 vos occupations d\u00e8s ce soir m\u00eame. La s\u00e9curit\u00e9 et l\u2019ordre public seront maintenus partout sur le territoire national, pour garantir la libert\u00e9 d\u2019aller et de venir \u00e0 toutes et \u00e0 tous.<\/p>\n<p><strong>Vive la R\u00e9publique<\/strong><\/p>\n<p><strong>Vive le B\u00e9nin<\/strong><\/p>\n<p><strong>Je vous remercie.<\/strong><\/p>\n","protected":false},"excerpt":{"rendered":"<p>Dans une d\u00e9claration solennelle faite en directe au journal t\u00e9l\u00e9vis\u00e9 \u00a0de 20h de la t\u00e9l\u00e9vision nationale, ce dimanche b07 d\u00e9cembre 2025, le pr\u00e9sident de la R\u00e9publique, Patrice Talon s\u2019est\u00a0 adress\u00e9&hellip;<\/p>\n","protected":false},"author":6,"featured_media":15739,"comment_status":"open","ping_status":"open","sticky":false,"template":"","format":"standard","meta":{"content-type":"","om_disable_all_campaigns":false,"_monsterinsights_skip_tracking":false,"_monsterinsights_sitenote_active":false,"_monsterinsights_sitenote_note":"","_monsterinsights_sitenote_category":0,"_uf_show_specific_survey":0,"_uf_disable_surveys":false,"footnotes":""},"categories":[26],"tags":[],"class_list":["post-15737","post","type-post","status-publish","format-standard","has-post-thumbnail","hentry","category-politique"],"aioseo_notices":[],"yoast_head":"<!-- This site is optimized with the Yoast SEO plugin v27.5 - https:\/\/yoast.com\/product\/yoast-seo-wordpress\/ -->\n<title>Tentative de coup d\u2019Etat d\u00e9jou\u00e9 au B\u00e9nin : \u00ab Cette forfaiture ne restera pas impunie \u00bb, d\u00e9clare Patrice Talon - Le Patriote<\/title>\n<meta name=\"robots\" content=\"index, follow, max-snippet:-1, max-image-preview:large, max-video-preview:-1\" \/>\n<link rel=\"canonical\" href=\"https:\/\/lepatriotebenin.com\/index.php\/2025\/12\/08\/tentative-de-coup-detat-dejoue-au-benin-cette-forfaiture-ne-restera-pas-impunie-declare-patrice-talon\/\" \/>\n<meta property=\"og:locale\" content=\"fr_FR\" \/>\n<meta property=\"og:type\" content=\"article\" \/>\n<meta property=\"og:title\" content=\"Tentative de coup d\u2019Etat d\u00e9jou\u00e9 au B\u00e9nin : \u00ab Cette forfaiture ne restera pas impunie \u00bb, d\u00e9clare Patrice Talon - Le Patriote\" \/>\n<meta property=\"og:description\" content=\"Dans une d\u00e9claration solennelle faite en directe au journal t\u00e9l\u00e9vis\u00e9 \u00a0de 20h de la t\u00e9l\u00e9vision nationale, ce dimanche b07 d\u00e9cembre 2025, le pr\u00e9sident de la R\u00e9publique, Patrice Talon s\u2019est\u00a0 adress\u00e9&hellip;\" \/>\n<meta property=\"og:url\" content=\"https:\/\/lepatriotebenin.com\/index.php\/2025\/12\/08\/tentative-de-coup-detat-dejoue-au-benin-cette-forfaiture-ne-restera-pas-impunie-declare-patrice-talon\/\" \/>\n<meta property=\"og:site_name\" content=\"Le Patriote\" \/>\n<meta property=\"article:published_time\" content=\"2025-12-08T13:31:25+00:00\" \/>\n<meta property=\"og:image\" content=\"https:\/\/lepatriotebenin.com\/wp-content\/uploads\/2025\/12\/talon-cpoup.jpg\" \/>\n\t<meta property=\"og:image:width\" content=\"659\" \/>\n\t<meta property=\"og:image:height\" content=\"387\" \/>\n\t<meta property=\"og:image:type\" content=\"image\/jpeg\" \/>\n<meta name=\"author\" content=\"Roland AFFANOU\" \/>\n<meta name=\"twitter:card\" content=\"summary_large_image\" \/>\n<meta name=\"twitter:label1\" content=\"\u00c9crit par\" \/>\n\t<meta name=\"twitter:data1\" content=\"Roland AFFANOU\" \/>\n\t<meta name=\"twitter:label2\" content=\"Dur\u00e9e de lecture estim\u00e9e\" \/>\n\t<meta name=\"twitter:data2\" content=\"4 minutes\" \/>\n<script type=\"application\/ld+json\" class=\"yoast-schema-graph\">{\"@context\":\"https:\\\/\\\/schema.org\",\"@graph\":[{\"@type\":\"Article\",\"@id\":\"https:\\\/\\\/lepatriotebenin.com\\\/index.php\\\/2025\\\/12\\\/08\\\/tentative-de-coup-detat-dejoue-au-benin-cette-forfaiture-ne-restera-pas-impunie-declare-patrice-talon\\\/#article\",\"isPartOf\":{\"@id\":\"https:\\\/\\\/lepatriotebenin.com\\\/index.php\\\/2025\\\/12\\\/08\\\/tentative-de-coup-detat-dejoue-au-benin-cette-forfaiture-ne-restera-pas-impunie-declare-patrice-talon\\\/\"},\"author\":{\"name\":\"Roland AFFANOU\",\"@id\":\"https:\\\/\\\/lepatriotebenin.com\\\/#\\\/schema\\\/person\\\/4a9b67216c97d04045e01405c534c91f\"},\"headline\":\"Tentative de coup d\u2019Etat d\u00e9jou\u00e9 au B\u00e9nin : \u00ab Cette forfaiture ne restera pas impunie \u00bb, d\u00e9clare Patrice Talon\",\"datePublished\":\"2025-12-08T13:31:25+00:00\",\"mainEntityOfPage\":{\"@id\":\"https:\\\/\\\/lepatriotebenin.com\\\/index.php\\\/2025\\\/12\\\/08\\\/tentative-de-coup-detat-dejoue-au-benin-cette-forfaiture-ne-restera-pas-impunie-declare-patrice-talon\\\/\"},\"wordCount\":753,\"commentCount\":0,\"image\":{\"@id\":\"https:\\\/\\\/lepatriotebenin.com\\\/index.php\\\/2025\\\/12\\\/08\\\/tentative-de-coup-detat-dejoue-au-benin-cette-forfaiture-ne-restera-pas-impunie-declare-patrice-talon\\\/#primaryimage\"},\"thumbnailUrl\":\"https:\\\/\\\/lepatriotebenin.com\\\/wp-content\\\/uploads\\\/2025\\\/12\\\/talon-cpoup.jpg\",\"articleSection\":[\"Politique\"],\"inLanguage\":\"fr-FR\",\"potentialAction\":[{\"@type\":\"CommentAction\",\"name\":\"Comment\",\"target\":[\"https:\\\/\\\/lepatriotebenin.com\\\/index.php\\\/2025\\\/12\\\/08\\\/tentative-de-coup-detat-dejoue-au-benin-cette-forfaiture-ne-restera-pas-impunie-declare-patrice-talon\\\/#respond\"]}]},{\"@type\":\"WebPage\",\"@id\":\"https:\\\/\\\/lepatriotebenin.com\\\/index.php\\\/2025\\\/12\\\/08\\\/tentative-de-coup-detat-dejoue-au-benin-cette-forfaiture-ne-restera-pas-impunie-declare-patrice-talon\\\/\",\"url\":\"https:\\\/\\\/lepatriotebenin.com\\\/index.php\\\/2025\\\/12\\\/08\\\/tentative-de-coup-detat-dejoue-au-benin-cette-forfaiture-ne-restera-pas-impunie-declare-patrice-talon\\\/\",\"name\":\"Tentative de coup d\u2019Etat d\u00e9jou\u00e9 au B\u00e9nin : \u00ab Cette forfaiture ne restera pas impunie \u00bb, d\u00e9clare Patrice Talon - Le Patriote\",\"isPartOf\":{\"@id\":\"https:\\\/\\\/lepatriotebenin.com\\\/#website\"},\"primaryImageOfPage\":{\"@id\":\"https:\\\/\\\/lepatriotebenin.com\\\/index.php\\\/2025\\\/12\\\/08\\\/tentative-de-coup-detat-dejoue-au-benin-cette-forfaiture-ne-restera-pas-impunie-declare-patrice-talon\\\/#primaryimage\"},\"image\":{\"@id\":\"https:\\\/\\\/lepatriotebenin.com\\\/index.php\\\/2025\\\/12\\\/08\\\/tentative-de-coup-detat-dejoue-au-benin-cette-forfaiture-ne-restera-pas-impunie-declare-patrice-talon\\\/#primaryimage\"},\"thumbnailUrl\":\"https:\\\/\\\/lepatriotebenin.com\\\/wp-content\\\/uploads\\\/2025\\\/12\\\/talon-cpoup.jpg\",\"datePublished\":\"2025-12-08T13:31:25+00:00\",\"author\":{\"@id\":\"https:\\\/\\\/lepatriotebenin.com\\\/#\\\/schema\\\/person\\\/4a9b67216c97d04045e01405c534c91f\"},\"breadcrumb\":{\"@id\":\"https:\\\/\\\/lepatriotebenin.com\\\/index.php\\\/2025\\\/12\\\/08\\\/tentative-de-coup-detat-dejoue-au-benin-cette-forfaiture-ne-restera-pas-impunie-declare-patrice-talon\\\/#breadcrumb\"},\"inLanguage\":\"fr-FR\",\"potentialAction\":[{\"@type\":\"ReadAction\",\"target\":[\"https:\\\/\\\/lepatriotebenin.com\\\/index.php\\\/2025\\\/12\\\/08\\\/tentative-de-coup-detat-dejoue-au-benin-cette-forfaiture-ne-restera-pas-impunie-declare-patrice-talon\\\/\"]}]},{\"@type\":\"ImageObject\",\"inLanguage\":\"fr-FR\",\"@id\":\"https:\\\/\\\/lepatriotebenin.com\\\/index.php\\\/2025\\\/12\\\/08\\\/tentative-de-coup-detat-dejoue-au-benin-cette-forfaiture-ne-restera-pas-impunie-declare-patrice-talon\\\/#primaryimage\",\"url\":\"https:\\\/\\\/lepatriotebenin.com\\\/wp-content\\\/uploads\\\/2025\\\/12\\\/talon-cpoup.jpg\",\"contentUrl\":\"https:\\\/\\\/lepatriotebenin.com\\\/wp-content\\\/uploads\\\/2025\\\/12\\\/talon-cpoup.jpg\",\"width\":659,\"height\":387},{\"@type\":\"BreadcrumbList\",\"@id\":\"https:\\\/\\\/lepatriotebenin.com\\\/index.php\\\/2025\\\/12\\\/08\\\/tentative-de-coup-detat-dejoue-au-benin-cette-forfaiture-ne-restera-pas-impunie-declare-patrice-talon\\\/#breadcrumb\",\"itemListElement\":[{\"@type\":\"ListItem\",\"position\":1,\"name\":\"Accueil\",\"item\":\"https:\\\/\\\/lepatriotebenin.com\\\/\"},{\"@type\":\"ListItem\",\"position\":2,\"name\":\"Tentative de coup d\u2019Etat d\u00e9jou\u00e9 au B\u00e9nin : \u00ab Cette forfaiture ne restera pas impunie \u00bb, d\u00e9clare Patrice Talon\"}]},{\"@type\":\"WebSite\",\"@id\":\"https:\\\/\\\/lepatriotebenin.com\\\/#website\",\"url\":\"https:\\\/\\\/lepatriotebenin.com\\\/\",\"name\":\"Le Patriote\",\"description\":\"Le Patriote B\u00e9nin\",\"potentialAction\":[{\"@type\":\"SearchAction\",\"target\":{\"@type\":\"EntryPoint\",\"urlTemplate\":\"https:\\\/\\\/lepatriotebenin.com\\\/?s={search_term_string}\"},\"query-input\":{\"@type\":\"PropertyValueSpecification\",\"valueRequired\":true,\"valueName\":\"search_term_string\"}}],\"inLanguage\":\"fr-FR\"},{\"@type\":\"Person\",\"@id\":\"https:\\\/\\\/lepatriotebenin.com\\\/#\\\/schema\\\/person\\\/4a9b67216c97d04045e01405c534c91f\",\"name\":\"Roland AFFANOU\",\"image\":{\"@type\":\"ImageObject\",\"inLanguage\":\"fr-FR\",\"@id\":\"https:\\\/\\\/secure.gravatar.com\\\/avatar\\\/7209d3f6d2d47ea4d0c67e14d3effb61feb10ae540a4381280c66265de5bd643?s=96&d=mm&r=g\",\"url\":\"https:\\\/\\\/secure.gravatar.com\\\/avatar\\\/7209d3f6d2d47ea4d0c67e14d3effb61feb10ae540a4381280c66265de5bd643?s=96&d=mm&r=g\",\"contentUrl\":\"https:\\\/\\\/secure.gravatar.com\\\/avatar\\\/7209d3f6d2d47ea4d0c67e14d3effb61feb10ae540a4381280c66265de5bd643?s=96&d=mm&r=g\",\"caption\":\"Roland AFFANOU\"},\"url\":\"https:\\\/\\\/lepatriotebenin.com\"}]}<\/script>\n<!-- \/ Yoast SEO plugin. -->","yoast_head_json":{"title":"Tentative de coup d\u2019Etat d\u00e9jou\u00e9 au B\u00e9nin : \u00ab Cette forfaiture ne restera pas impunie \u00bb, d\u00e9clare Patrice Talon - Le Patriote","robots":{"index":"index","follow":"follow","max-snippet":"max-snippet:-1","max-image-preview":"max-image-preview:large","max-video-preview":"max-video-preview:-1"},"canonical":"https:\/\/lepatriotebenin.com\/index.php\/2025\/12\/08\/tentative-de-coup-detat-dejoue-au-benin-cette-forfaiture-ne-restera-pas-impunie-declare-patrice-talon\/","og_locale":"fr_FR","og_type":"article","og_title":"Tentative de coup d\u2019Etat d\u00e9jou\u00e9 au B\u00e9nin : \u00ab Cette forfaiture ne restera pas impunie \u00bb, d\u00e9clare Patrice Talon - Le Patriote","og_description":"Dans une d\u00e9claration solennelle faite en directe au journal t\u00e9l\u00e9vis\u00e9 \u00a0de 20h de la t\u00e9l\u00e9vision nationale, ce dimanche b07 d\u00e9cembre 2025, le pr\u00e9sident de la R\u00e9publique, Patrice Talon s\u2019est\u00a0 adress\u00e9&hellip;","og_url":"https:\/\/lepatriotebenin.com\/index.php\/2025\/12\/08\/tentative-de-coup-detat-dejoue-au-benin-cette-forfaiture-ne-restera-pas-impunie-declare-patrice-talon\/","og_site_name":"Le Patriote","article_published_time":"2025-12-08T13:31:25+00:00","og_image":[{"width":659,"height":387,"url":"https:\/\/lepatriotebenin.com\/wp-content\/uploads\/2025\/12\/talon-cpoup.jpg","type":"image\/jpeg"}],"author":"Roland AFFANOU","twitter_card":"summary_large_image","twitter_misc":{"\u00c9crit par":"Roland AFFANOU","Dur\u00e9e de lecture estim\u00e9e":"4 minutes"},"schema":{"@context":"https:\/\/schema.org","@graph":[{"@type":"Article","@id":"https:\/\/lepatriotebenin.com\/index.php\/2025\/12\/08\/tentative-de-coup-detat-dejoue-au-benin-cette-forfaiture-ne-restera-pas-impunie-declare-patrice-talon\/#article","isPartOf":{"@id":"https:\/\/lepatriotebenin.com\/index.php\/2025\/12\/08\/tentative-de-coup-detat-dejoue-au-benin-cette-forfaiture-ne-restera-pas-impunie-declare-patrice-talon\/"},"author":{"name":"Roland AFFANOU","@id":"https:\/\/lepatriotebenin.com\/#\/schema\/person\/4a9b67216c97d04045e01405c534c91f"},"headline":"Tentative de coup d\u2019Etat d\u00e9jou\u00e9 au B\u00e9nin : \u00ab Cette forfaiture ne restera pas impunie \u00bb, d\u00e9clare Patrice Talon","datePublished":"2025-12-08T13:31:25+00:00","mainEntityOfPage":{"@id":"https:\/\/lepatriotebenin.com\/index.php\/2025\/12\/08\/tentative-de-coup-detat-dejoue-au-benin-cette-forfaiture-ne-restera-pas-impunie-declare-patrice-talon\/"},"wordCount":753,"commentCount":0,"image":{"@id":"https:\/\/lepatriotebenin.com\/index.php\/2025\/12\/08\/tentative-de-coup-detat-dejoue-au-benin-cette-forfaiture-ne-restera-pas-impunie-declare-patrice-talon\/#primaryimage"},"thumbnailUrl":"https:\/\/lepatriotebenin.com\/wp-content\/uploads\/2025\/12\/talon-cpoup.jpg","articleSection":["Politique"],"inLanguage":"fr-FR","potentialAction":[{"@type":"CommentAction","name":"Comment","target":["https:\/\/lepatriotebenin.com\/index.php\/2025\/12\/08\/tentative-de-coup-detat-dejoue-au-benin-cette-forfaiture-ne-restera-pas-impunie-declare-patrice-talon\/#respond"]}]},{"@type":"WebPage","@id":"https:\/\/lepatriotebenin.com\/index.php\/2025\/12\/08\/tentative-de-coup-detat-dejoue-au-benin-cette-forfaiture-ne-restera-pas-impunie-declare-patrice-talon\/","url":"https:\/\/lepatriotebenin.com\/index.php\/2025\/12\/08\/tentative-de-coup-detat-dejoue-au-benin-cette-forfaiture-ne-restera-pas-impunie-declare-patrice-talon\/","name":"Tentative de coup d\u2019Etat d\u00e9jou\u00e9 au B\u00e9nin : \u00ab Cette forfaiture ne restera pas impunie \u00bb, d\u00e9clare Patrice Talon - Le Patriote","isPartOf":{"@id":"https:\/\/lepatriotebenin.com\/#website"},"primaryImageOfPage":{"@id":"https:\/\/lepatriotebenin.com\/index.php\/2025\/12\/08\/tentative-de-coup-detat-dejoue-au-benin-cette-forfaiture-ne-restera-pas-impunie-declare-patrice-talon\/#primaryimage"},"image":{"@id":"https:\/\/lepatriotebenin.com\/index.php\/2025\/12\/08\/tentative-de-coup-detat-dejoue-au-benin-cette-forfaiture-ne-restera-pas-impunie-declare-patrice-talon\/#primaryimage"},"thumbnailUrl":"https:\/\/lepatriotebenin.com\/wp-content\/uploads\/2025\/12\/talon-cpoup.jpg","datePublished":"2025-12-08T13:31:25+00:00","author":{"@id":"https:\/\/lepatriotebenin.com\/#\/schema\/person\/4a9b67216c97d04045e01405c534c91f"},"breadcrumb":{"@id":"https:\/\/lepatriotebenin.com\/index.php\/2025\/12\/08\/tentative-de-coup-detat-dejoue-au-benin-cette-forfaiture-ne-restera-pas-impunie-declare-patrice-talon\/#breadcrumb"},"inLanguage":"fr-FR","potentialAction":[{"@type":"ReadAction","target":["https:\/\/lepatriotebenin.com\/index.php\/2025\/12\/08\/tentative-de-coup-detat-dejoue-au-benin-cette-forfaiture-ne-restera-pas-impunie-declare-patrice-talon\/"]}]},{"@type":"ImageObject","inLanguage":"fr-FR","@id":"https:\/\/lepatriotebenin.com\/index.php\/2025\/12\/08\/tentative-de-coup-detat-dejoue-au-benin-cette-forfaiture-ne-restera-pas-impunie-declare-patrice-talon\/#primaryimage","url":"https:\/\/lepatriotebenin.com\/wp-content\/uploads\/2025\/12\/talon-cpoup.jpg","contentUrl":"https:\/\/lepatriotebenin.com\/wp-content\/uploads\/2025\/12\/talon-cpoup.jpg","width":659,"height":387},{"@type":"BreadcrumbList","@id":"https:\/\/lepatriotebenin.com\/index.php\/2025\/12\/08\/tentative-de-coup-detat-dejoue-au-benin-cette-forfaiture-ne-restera-pas-impunie-declare-patrice-talon\/#breadcrumb","itemListElement":[{"@type":"ListItem","position":1,"name":"Accueil","item":"https:\/\/lepatriotebenin.com\/"},{"@type":"ListItem","position":2,"name":"Tentative de coup d\u2019Etat d\u00e9jou\u00e9 au B\u00e9nin : \u00ab Cette forfaiture ne restera pas impunie \u00bb, d\u00e9clare Patrice Talon"}]},{"@type":"WebSite","@id":"https:\/\/lepatriotebenin.com\/#website","url":"https:\/\/lepatriotebenin.com\/","name":"Le Patriote","description":"Le Patriote B\u00e9nin","potentialAction":[{"@type":"SearchAction","target":{"@type":"EntryPoint","urlTemplate":"https:\/\/lepatriotebenin.com\/?s={search_term_string}"},"query-input":{"@type":"PropertyValueSpecification","valueRequired":true,"valueName":"search_term_string"}}],"inLanguage":"fr-FR"},{"@type":"Person","@id":"https:\/\/lepatriotebenin.com\/#\/schema\/person\/4a9b67216c97d04045e01405c534c91f","name":"Roland AFFANOU","image":{"@type":"ImageObject","inLanguage":"fr-FR","@id":"https:\/\/secure.gravatar.com\/avatar\/7209d3f6d2d47ea4d0c67e14d3effb61feb10ae540a4381280c66265de5bd643?s=96&d=mm&r=g","url":"https:\/\/secure.gravatar.com\/avatar\/7209d3f6d2d47ea4d0c67e14d3effb61feb10ae540a4381280c66265de5bd643?s=96&d=mm&r=g","contentUrl":"https:\/\/secure.gravatar.com\/avatar\/7209d3f6d2d47ea4d0c67e14d3effb61feb10ae540a4381280c66265de5bd643?s=96&d=mm&r=g","caption":"Roland AFFANOU"},"url":"https:\/\/lepatriotebenin.com"}]}},"_links":{"self":[{"href":"https:\/\/lepatriotebenin.com\/index.php\/wp-json\/wp\/v2\/posts\/15737","targetHints":{"allow":["GET"]}}],"collection":[{"href":"https:\/\/lepatriotebenin.com\/index.php\/wp-json\/wp\/v2\/posts"}],"about":[{"href":"https:\/\/lepatriotebenin.com\/index.php\/wp-json\/wp\/v2\/types\/post"}],"author":[{"embeddable":true,"href":"https:\/\/lepatriotebenin.com\/index.php\/wp-json\/wp\/v2\/users\/6"}],"replies":[{"embeddable":true,"href":"https:\/\/lepatriotebenin.com\/index.php\/wp-json\/wp\/v2\/comments?post=15737"}],"version-history":[{"count":1,"href":"https:\/\/lepatriotebenin.com\/index.php\/wp-json\/wp\/v2\/posts\/15737\/revisions"}],"predecessor-version":[{"id":15740,"href":"https:\/\/lepatriotebenin.com\/index.php\/wp-json\/wp\/v2\/posts\/15737\/revisions\/15740"}],"wp:featuredmedia":[{"embeddable":true,"href":"https:\/\/lepatriotebenin.com\/index.php\/wp-json\/wp\/v2\/media\/15739"}],"wp:attachment":[{"href":"https:\/\/lepatriotebenin.com\/index.php\/wp-json\/wp\/v2\/media?parent=15737"}],"wp:term":[{"taxonomy":"category","embeddable":true,"href":"https:\/\/lepatriotebenin.com\/index.php\/wp-json\/wp\/v2\/categories?post=15737"},{"taxonomy":"post_tag","embeddable":true,"href":"https:\/\/lepatriotebenin.com\/index.php\/wp-json\/wp\/v2\/tags?post=15737"}],"curies":[{"name":"wp","href":"https:\/\/api.w.org\/{rel}","templated":true}]}}