{"id":15734,"date":"2025-12-08T13:45:50","date_gmt":"2025-12-08T12:45:50","guid":{"rendered":"https:\/\/lepatriotebenin.com\/?p=15734"},"modified":"2025-12-08T13:45:50","modified_gmt":"2025-12-08T12:45:50","slug":"benin-le-parti-les-democrates-rejette-toute-forme-de-prise-de-pouvoir-par-les-armes","status":"publish","type":"post","link":"https:\/\/lepatriotebenin.com\/index.php\/2025\/12\/08\/benin-le-parti-les-democrates-rejette-toute-forme-de-prise-de-pouvoir-par-les-armes\/","title":{"rendered":"B\u00e9nin : Le parti Les D\u00e9mocrates rejette toute forme de prise de pouvoir par les armes"},"content":{"rendered":"<p>La r\u00e9action du plus parti de l\u2019opposition \u00e9tait tr\u00e8s attendue.\u00a0\u00a0 Dans un communiqu\u00e9 publi\u00e9\u00a0 le\u00a0 <strong>dimanche 7 d\u00e9cembre 2025,<\/strong>\u00a0 le parti Les D\u00e9mocrates a condamn\u00e9 la tentative de coup d\u2019Etat et exprim\u00e9 sa totale opposition \u00e0 toute prise de pouvoir par les armes. Il salue le r\u00e9tablissement de l\u2019ordre institutionnel par les Forces de d\u00e9fense et de s\u00e9curit\u00e9 et compatit \u00e0 la douleur des familles des victimes.<\/p>\n<p>Fid\u00e8le, dit-il, \u00e0<em> \u00ab\u00a0des valeurs d\u00e9mocratiques pures\u00a0\u00bb,<\/em> le parti estime que ces actes <em>\u00ab\u00a0n\u2019honorent pas\u00a0\u00bb<\/em> le B\u00e9nin et vont \u00e0 l\u2019encontre des principes r\u00e9publicains. Il a salu\u00e9 les Forces de d\u00e9fense et de s\u00e9curit\u00e9 pour le r\u00e9tablissement de l\u2019ordre par les qui, selon eux, ont permis le retour du calme dans une p\u00e9riode jug\u00e9e sensible pour la Nation. Les D\u00e9mocrates \u00a0ont\u00a0 par ailleurs appel\u00e9 \u00a0\u00e0 <em>\u00ab\u00a0une normalisation imm\u00e9diate et durable de la situation\u00a0\u00bb<\/em>, estimant que la stabilit\u00e9 du pays doit rester une priorit\u00e9 collective, au-del\u00e0 des divergences politiques. Lire\u00a0 l\u2019int\u00e9gralit\u00e9 de leur communiqu\u00e9<\/p>\n<p><img fetchpriority=\"high\" decoding=\"async\" class=\"alignnone size-medium wp-image-15735\" src=\"https:\/\/lepatriotebenin.com\/wp-content\/uploads\/2025\/12\/whatsapp-image-2025-12-08-a-12-10-40-dcab96c9-183x300.jpg\" alt=\"\" width=\"183\" height=\"300\" srcset=\"https:\/\/lepatriotebenin.com\/wp-content\/uploads\/2025\/12\/whatsapp-image-2025-12-08-a-12-10-40-dcab96c9-183x300.jpg 183w, https:\/\/lepatriotebenin.com\/wp-content\/uploads\/2025\/12\/whatsapp-image-2025-12-08-a-12-10-40-dcab96c9-626x1024.jpg 626w, https:\/\/lepatriotebenin.com\/wp-content\/uploads\/2025\/12\/whatsapp-image-2025-12-08-a-12-10-40-dcab96c9-585x957.jpg 585w, https:\/\/lepatriotebenin.com\/wp-content\/uploads\/2025\/12\/whatsapp-image-2025-12-08-a-12-10-40-dcab96c9.jpg 660w\" sizes=\"(max-width: 183px) 100vw, 183px\" \/><\/p>\n","protected":false},"excerpt":{"rendered":"<p>La r\u00e9action du plus parti de l\u2019opposition \u00e9tait tr\u00e8s attendue.\u00a0\u00a0 Dans un communiqu\u00e9 publi\u00e9\u00a0 le\u00a0 dimanche 7 d\u00e9cembre 2025,\u00a0 le parti Les D\u00e9mocrates a condamn\u00e9 la tentative de coup d\u2019Etat&hellip;<\/p>\n","protected":false},"author":6,"featured_media":15588,"comment_status":"open","ping_status":"open","sticky":false,"template":"","format":"standard","meta":{"content-type":"","om_disable_all_campaigns":false,"_monsterinsights_skip_tracking":false,"_monsterinsights_sitenote_active":false,"_monsterinsights_sitenote_note":"","_monsterinsights_sitenote_category":0,"_uf_show_specific_survey":0,"_uf_disable_surveys":false,"footnotes":""},"categories":[26],"tags":[],"class_list":["post-15734","post","type-post","status-publish","format-standard","has-post-thumbnail","hentry","category-politique"],"aioseo_notices":[],"yoast_head":"<!-- This site is optimized with the Yoast SEO plugin v27.5 - https:\/\/yoast.com\/product\/yoast-seo-wordpress\/ -->\n<title>B\u00e9nin : Le parti Les D\u00e9mocrates rejette toute forme de prise de pouvoir par les armes - Le Patriote<\/title>\n<meta name=\"robots\" content=\"index, follow, max-snippet:-1, max-image-preview:large, max-video-preview:-1\" \/>\n<link rel=\"canonical\" href=\"https:\/\/lepatriotebenin.com\/index.php\/2025\/12\/08\/benin-le-parti-les-democrates-rejette-toute-forme-de-prise-de-pouvoir-par-les-armes\/\" \/>\n<meta property=\"og:locale\" content=\"fr_FR\" \/>\n<meta property=\"og:type\" content=\"article\" \/>\n<meta property=\"og:title\" content=\"B\u00e9nin : Le parti Les D\u00e9mocrates rejette toute forme de prise de pouvoir par les armes - Le Patriote\" \/>\n<meta property=\"og:description\" content=\"La r\u00e9action du plus parti de l\u2019opposition \u00e9tait tr\u00e8s attendue.\u00a0\u00a0 Dans un communiqu\u00e9 publi\u00e9\u00a0 le\u00a0 dimanche 7 d\u00e9cembre 2025,\u00a0 le parti Les D\u00e9mocrates a condamn\u00e9 la tentative de coup d\u2019Etat&hellip;\" \/>\n<meta property=\"og:url\" content=\"https:\/\/lepatriotebenin.com\/index.php\/2025\/12\/08\/benin-le-parti-les-democrates-rejette-toute-forme-de-prise-de-pouvoir-par-les-armes\/\" \/>\n<meta property=\"og:site_name\" content=\"Le Patriote\" \/>\n<meta property=\"article:published_time\" content=\"2025-12-08T12:45:50+00:00\" \/>\n<meta property=\"og:image\" content=\"https:\/\/lepatriotebenin.com\/wp-content\/uploads\/2025\/12\/logo-democrates.jpg\" \/>\n\t<meta property=\"og:image:width\" content=\"600\" \/>\n\t<meta property=\"og:image:height\" content=\"646\" \/>\n\t<meta property=\"og:image:type\" content=\"image\/jpeg\" \/>\n<meta name=\"author\" content=\"Roland AFFANOU\" \/>\n<meta name=\"twitter:card\" content=\"summary_large_image\" \/>\n<meta name=\"twitter:label1\" content=\"\u00c9crit par\" \/>\n\t<meta name=\"twitter:data1\" content=\"Roland AFFANOU\" \/>\n\t<meta name=\"twitter:label2\" content=\"Dur\u00e9e de lecture estim\u00e9e\" \/>\n\t<meta name=\"twitter:data2\" content=\"2 minutes\" \/>\n<script type=\"application\/ld+json\" class=\"yoast-schema-graph\">{\"@context\":\"https:\\\/\\\/schema.org\",\"@graph\":[{\"@type\":\"Article\",\"@id\":\"https:\\\/\\\/lepatriotebenin.com\\\/index.php\\\/2025\\\/12\\\/08\\\/benin-le-parti-les-democrates-rejette-toute-forme-de-prise-de-pouvoir-par-les-armes\\\/#article\",\"isPartOf\":{\"@id\":\"https:\\\/\\\/lepatriotebenin.com\\\/index.php\\\/2025\\\/12\\\/08\\\/benin-le-parti-les-democrates-rejette-toute-forme-de-prise-de-pouvoir-par-les-armes\\\/\"},\"author\":{\"name\":\"Roland AFFANOU\",\"@id\":\"https:\\\/\\\/lepatriotebenin.com\\\/#\\\/schema\\\/person\\\/4a9b67216c97d04045e01405c534c91f\"},\"headline\":\"B\u00e9nin : Le parti Les D\u00e9mocrates rejette toute forme de prise de pouvoir par les armes\",\"datePublished\":\"2025-12-08T12:45:50+00:00\",\"mainEntityOfPage\":{\"@id\":\"https:\\\/\\\/lepatriotebenin.com\\\/index.php\\\/2025\\\/12\\\/08\\\/benin-le-parti-les-democrates-rejette-toute-forme-de-prise-de-pouvoir-par-les-armes\\\/\"},\"wordCount\":196,\"commentCount\":0,\"image\":{\"@id\":\"https:\\\/\\\/lepatriotebenin.com\\\/index.php\\\/2025\\\/12\\\/08\\\/benin-le-parti-les-democrates-rejette-toute-forme-de-prise-de-pouvoir-par-les-armes\\\/#primaryimage\"},\"thumbnailUrl\":\"https:\\\/\\\/lepatriotebenin.com\\\/wp-content\\\/uploads\\\/2025\\\/12\\\/logo-democrates.jpg\",\"articleSection\":[\"Politique\"],\"inLanguage\":\"fr-FR\",\"potentialAction\":[{\"@type\":\"CommentAction\",\"name\":\"Comment\",\"target\":[\"https:\\\/\\\/lepatriotebenin.com\\\/index.php\\\/2025\\\/12\\\/08\\\/benin-le-parti-les-democrates-rejette-toute-forme-de-prise-de-pouvoir-par-les-armes\\\/#respond\"]}]},{\"@type\":\"WebPage\",\"@id\":\"https:\\\/\\\/lepatriotebenin.com\\\/index.php\\\/2025\\\/12\\\/08\\\/benin-le-parti-les-democrates-rejette-toute-forme-de-prise-de-pouvoir-par-les-armes\\\/\",\"url\":\"https:\\\/\\\/lepatriotebenin.com\\\/index.php\\\/2025\\\/12\\\/08\\\/benin-le-parti-les-democrates-rejette-toute-forme-de-prise-de-pouvoir-par-les-armes\\\/\",\"name\":\"B\u00e9nin : Le parti Les D\u00e9mocrates rejette toute forme de prise de pouvoir par les armes - Le Patriote\",\"isPartOf\":{\"@id\":\"https:\\\/\\\/lepatriotebenin.com\\\/#website\"},\"primaryImageOfPage\":{\"@id\":\"https:\\\/\\\/lepatriotebenin.com\\\/index.php\\\/2025\\\/12\\\/08\\\/benin-le-parti-les-democrates-rejette-toute-forme-de-prise-de-pouvoir-par-les-armes\\\/#primaryimage\"},\"image\":{\"@id\":\"https:\\\/\\\/lepatriotebenin.com\\\/index.php\\\/2025\\\/12\\\/08\\\/benin-le-parti-les-democrates-rejette-toute-forme-de-prise-de-pouvoir-par-les-armes\\\/#primaryimage\"},\"thumbnailUrl\":\"https:\\\/\\\/lepatriotebenin.com\\\/wp-content\\\/uploads\\\/2025\\\/12\\\/logo-democrates.jpg\",\"datePublished\":\"2025-12-08T12:45:50+00:00\",\"author\":{\"@id\":\"https:\\\/\\\/lepatriotebenin.com\\\/#\\\/schema\\\/person\\\/4a9b67216c97d04045e01405c534c91f\"},\"breadcrumb\":{\"@id\":\"https:\\\/\\\/lepatriotebenin.com\\\/index.php\\\/2025\\\/12\\\/08\\\/benin-le-parti-les-democrates-rejette-toute-forme-de-prise-de-pouvoir-par-les-armes\\\/#breadcrumb\"},\"inLanguage\":\"fr-FR\",\"potentialAction\":[{\"@type\":\"ReadAction\",\"target\":[\"https:\\\/\\\/lepatriotebenin.com\\\/index.php\\\/2025\\\/12\\\/08\\\/benin-le-parti-les-democrates-rejette-toute-forme-de-prise-de-pouvoir-par-les-armes\\\/\"]}]},{\"@type\":\"ImageObject\",\"inLanguage\":\"fr-FR\",\"@id\":\"https:\\\/\\\/lepatriotebenin.com\\\/index.php\\\/2025\\\/12\\\/08\\\/benin-le-parti-les-democrates-rejette-toute-forme-de-prise-de-pouvoir-par-les-armes\\\/#primaryimage\",\"url\":\"https:\\\/\\\/lepatriotebenin.com\\\/wp-content\\\/uploads\\\/2025\\\/12\\\/logo-democrates.jpg\",\"contentUrl\":\"https:\\\/\\\/lepatriotebenin.com\\\/wp-content\\\/uploads\\\/2025\\\/12\\\/logo-democrates.jpg\",\"width\":600,\"height\":646},{\"@type\":\"BreadcrumbList\",\"@id\":\"https:\\\/\\\/lepatriotebenin.com\\\/index.php\\\/2025\\\/12\\\/08\\\/benin-le-parti-les-democrates-rejette-toute-forme-de-prise-de-pouvoir-par-les-armes\\\/#breadcrumb\",\"itemListElement\":[{\"@type\":\"ListItem\",\"position\":1,\"name\":\"Accueil\",\"item\":\"https:\\\/\\\/lepatriotebenin.com\\\/\"},{\"@type\":\"ListItem\",\"position\":2,\"name\":\"B\u00e9nin : Le parti Les D\u00e9mocrates rejette toute forme de prise de pouvoir par les armes\"}]},{\"@type\":\"WebSite\",\"@id\":\"https:\\\/\\\/lepatriotebenin.com\\\/#website\",\"url\":\"https:\\\/\\\/lepatriotebenin.com\\\/\",\"name\":\"Le Patriote\",\"description\":\"Le Patriote B\u00e9nin\",\"potentialAction\":[{\"@type\":\"SearchAction\",\"target\":{\"@type\":\"EntryPoint\",\"urlTemplate\":\"https:\\\/\\\/lepatriotebenin.com\\\/?s={search_term_string}\"},\"query-input\":{\"@type\":\"PropertyValueSpecification\",\"valueRequired\":true,\"valueName\":\"search_term_string\"}}],\"inLanguage\":\"fr-FR\"},{\"@type\":\"Person\",\"@id\":\"https:\\\/\\\/lepatriotebenin.com\\\/#\\\/schema\\\/person\\\/4a9b67216c97d04045e01405c534c91f\",\"name\":\"Roland AFFANOU\",\"image\":{\"@type\":\"ImageObject\",\"inLanguage\":\"fr-FR\",\"@id\":\"https:\\\/\\\/secure.gravatar.com\\\/avatar\\\/7209d3f6d2d47ea4d0c67e14d3effb61feb10ae540a4381280c66265de5bd643?s=96&d=mm&r=g\",\"url\":\"https:\\\/\\\/secure.gravatar.com\\\/avatar\\\/7209d3f6d2d47ea4d0c67e14d3effb61feb10ae540a4381280c66265de5bd643?s=96&d=mm&r=g\",\"contentUrl\":\"https:\\\/\\\/secure.gravatar.com\\\/avatar\\\/7209d3f6d2d47ea4d0c67e14d3effb61feb10ae540a4381280c66265de5bd643?s=96&d=mm&r=g\",\"caption\":\"Roland AFFANOU\"},\"url\":\"https:\\\/\\\/lepatriotebenin.com\"}]}<\/script>\n<!-- \/ Yoast SEO plugin. -->","yoast_head_json":{"title":"B\u00e9nin : Le parti Les D\u00e9mocrates rejette toute forme de prise de pouvoir par les armes - Le Patriote","robots":{"index":"index","follow":"follow","max-snippet":"max-snippet:-1","max-image-preview":"max-image-preview:large","max-video-preview":"max-video-preview:-1"},"canonical":"https:\/\/lepatriotebenin.com\/index.php\/2025\/12\/08\/benin-le-parti-les-democrates-rejette-toute-forme-de-prise-de-pouvoir-par-les-armes\/","og_locale":"fr_FR","og_type":"article","og_title":"B\u00e9nin : Le parti Les D\u00e9mocrates rejette toute forme de prise de pouvoir par les armes - Le Patriote","og_description":"La r\u00e9action du plus parti de l\u2019opposition \u00e9tait tr\u00e8s attendue.\u00a0\u00a0 Dans un communiqu\u00e9 publi\u00e9\u00a0 le\u00a0 dimanche 7 d\u00e9cembre 2025,\u00a0 le parti Les D\u00e9mocrates a condamn\u00e9 la tentative de coup d\u2019Etat&hellip;","og_url":"https:\/\/lepatriotebenin.com\/index.php\/2025\/12\/08\/benin-le-parti-les-democrates-rejette-toute-forme-de-prise-de-pouvoir-par-les-armes\/","og_site_name":"Le Patriote","article_published_time":"2025-12-08T12:45:50+00:00","og_image":[{"width":600,"height":646,"url":"https:\/\/lepatriotebenin.com\/wp-content\/uploads\/2025\/12\/logo-democrates.jpg","type":"image\/jpeg"}],"author":"Roland AFFANOU","twitter_card":"summary_large_image","twitter_misc":{"\u00c9crit par":"Roland AFFANOU","Dur\u00e9e de lecture estim\u00e9e":"2 minutes"},"schema":{"@context":"https:\/\/schema.org","@graph":[{"@type":"Article","@id":"https:\/\/lepatriotebenin.com\/index.php\/2025\/12\/08\/benin-le-parti-les-democrates-rejette-toute-forme-de-prise-de-pouvoir-par-les-armes\/#article","isPartOf":{"@id":"https:\/\/lepatriotebenin.com\/index.php\/2025\/12\/08\/benin-le-parti-les-democrates-rejette-toute-forme-de-prise-de-pouvoir-par-les-armes\/"},"author":{"name":"Roland AFFANOU","@id":"https:\/\/lepatriotebenin.com\/#\/schema\/person\/4a9b67216c97d04045e01405c534c91f"},"headline":"B\u00e9nin : Le parti Les D\u00e9mocrates rejette toute forme de prise de pouvoir par les armes","datePublished":"2025-12-08T12:45:50+00:00","mainEntityOfPage":{"@id":"https:\/\/lepatriotebenin.com\/index.php\/2025\/12\/08\/benin-le-parti-les-democrates-rejette-toute-forme-de-prise-de-pouvoir-par-les-armes\/"},"wordCount":196,"commentCount":0,"image":{"@id":"https:\/\/lepatriotebenin.com\/index.php\/2025\/12\/08\/benin-le-parti-les-democrates-rejette-toute-forme-de-prise-de-pouvoir-par-les-armes\/#primaryimage"},"thumbnailUrl":"https:\/\/lepatriotebenin.com\/wp-content\/uploads\/2025\/12\/logo-democrates.jpg","articleSection":["Politique"],"inLanguage":"fr-FR","potentialAction":[{"@type":"CommentAction","name":"Comment","target":["https:\/\/lepatriotebenin.com\/index.php\/2025\/12\/08\/benin-le-parti-les-democrates-rejette-toute-forme-de-prise-de-pouvoir-par-les-armes\/#respond"]}]},{"@type":"WebPage","@id":"https:\/\/lepatriotebenin.com\/index.php\/2025\/12\/08\/benin-le-parti-les-democrates-rejette-toute-forme-de-prise-de-pouvoir-par-les-armes\/","url":"https:\/\/lepatriotebenin.com\/index.php\/2025\/12\/08\/benin-le-parti-les-democrates-rejette-toute-forme-de-prise-de-pouvoir-par-les-armes\/","name":"B\u00e9nin : Le parti Les D\u00e9mocrates rejette toute forme de prise de pouvoir par les armes - Le Patriote","isPartOf":{"@id":"https:\/\/lepatriotebenin.com\/#website"},"primaryImageOfPage":{"@id":"https:\/\/lepatriotebenin.com\/index.php\/2025\/12\/08\/benin-le-parti-les-democrates-rejette-toute-forme-de-prise-de-pouvoir-par-les-armes\/#primaryimage"},"image":{"@id":"https:\/\/lepatriotebenin.com\/index.php\/2025\/12\/08\/benin-le-parti-les-democrates-rejette-toute-forme-de-prise-de-pouvoir-par-les-armes\/#primaryimage"},"thumbnailUrl":"https:\/\/lepatriotebenin.com\/wp-content\/uploads\/2025\/12\/logo-democrates.jpg","datePublished":"2025-12-08T12:45:50+00:00","author":{"@id":"https:\/\/lepatriotebenin.com\/#\/schema\/person\/4a9b67216c97d04045e01405c534c91f"},"breadcrumb":{"@id":"https:\/\/lepatriotebenin.com\/index.php\/2025\/12\/08\/benin-le-parti-les-democrates-rejette-toute-forme-de-prise-de-pouvoir-par-les-armes\/#breadcrumb"},"inLanguage":"fr-FR","potentialAction":[{"@type":"ReadAction","target":["https:\/\/lepatriotebenin.com\/index.php\/2025\/12\/08\/benin-le-parti-les-democrates-rejette-toute-forme-de-prise-de-pouvoir-par-les-armes\/"]}]},{"@type":"ImageObject","inLanguage":"fr-FR","@id":"https:\/\/lepatriotebenin.com\/index.php\/2025\/12\/08\/benin-le-parti-les-democrates-rejette-toute-forme-de-prise-de-pouvoir-par-les-armes\/#primaryimage","url":"https:\/\/lepatriotebenin.com\/wp-content\/uploads\/2025\/12\/logo-democrates.jpg","contentUrl":"https:\/\/lepatriotebenin.com\/wp-content\/uploads\/2025\/12\/logo-democrates.jpg","width":600,"height":646},{"@type":"BreadcrumbList","@id":"https:\/\/lepatriotebenin.com\/index.php\/2025\/12\/08\/benin-le-parti-les-democrates-rejette-toute-forme-de-prise-de-pouvoir-par-les-armes\/#breadcrumb","itemListElement":[{"@type":"ListItem","position":1,"name":"Accueil","item":"https:\/\/lepatriotebenin.com\/"},{"@type":"ListItem","position":2,"name":"B\u00e9nin : Le parti Les D\u00e9mocrates rejette toute forme de prise de pouvoir par les armes"}]},{"@type":"WebSite","@id":"https:\/\/lepatriotebenin.com\/#website","url":"https:\/\/lepatriotebenin.com\/","name":"Le Patriote","description":"Le Patriote B\u00e9nin","potentialAction":[{"@type":"SearchAction","target":{"@type":"EntryPoint","urlTemplate":"https:\/\/lepatriotebenin.com\/?s={search_term_string}"},"query-input":{"@type":"PropertyValueSpecification","valueRequired":true,"valueName":"search_term_string"}}],"inLanguage":"fr-FR"},{"@type":"Person","@id":"https:\/\/lepatriotebenin.com\/#\/schema\/person\/4a9b67216c97d04045e01405c534c91f","name":"Roland AFFANOU","image":{"@type":"ImageObject","inLanguage":"fr-FR","@id":"https:\/\/secure.gravatar.com\/avatar\/7209d3f6d2d47ea4d0c67e14d3effb61feb10ae540a4381280c66265de5bd643?s=96&d=mm&r=g","url":"https:\/\/secure.gravatar.com\/avatar\/7209d3f6d2d47ea4d0c67e14d3effb61feb10ae540a4381280c66265de5bd643?s=96&d=mm&r=g","contentUrl":"https:\/\/secure.gravatar.com\/avatar\/7209d3f6d2d47ea4d0c67e14d3effb61feb10ae540a4381280c66265de5bd643?s=96&d=mm&r=g","caption":"Roland AFFANOU"},"url":"https:\/\/lepatriotebenin.com"}]}},"_links":{"self":[{"href":"https:\/\/lepatriotebenin.com\/index.php\/wp-json\/wp\/v2\/posts\/15734","targetHints":{"allow":["GET"]}}],"collection":[{"href":"https:\/\/lepatriotebenin.com\/index.php\/wp-json\/wp\/v2\/posts"}],"about":[{"href":"https:\/\/lepatriotebenin.com\/index.php\/wp-json\/wp\/v2\/types\/post"}],"author":[{"embeddable":true,"href":"https:\/\/lepatriotebenin.com\/index.php\/wp-json\/wp\/v2\/users\/6"}],"replies":[{"embeddable":true,"href":"https:\/\/lepatriotebenin.com\/index.php\/wp-json\/wp\/v2\/comments?post=15734"}],"version-history":[{"count":1,"href":"https:\/\/lepatriotebenin.com\/index.php\/wp-json\/wp\/v2\/posts\/15734\/revisions"}],"predecessor-version":[{"id":15736,"href":"https:\/\/lepatriotebenin.com\/index.php\/wp-json\/wp\/v2\/posts\/15734\/revisions\/15736"}],"wp:featuredmedia":[{"embeddable":true,"href":"https:\/\/lepatriotebenin.com\/index.php\/wp-json\/wp\/v2\/media\/15588"}],"wp:attachment":[{"href":"https:\/\/lepatriotebenin.com\/index.php\/wp-json\/wp\/v2\/media?parent=15734"}],"wp:term":[{"taxonomy":"category","embeddable":true,"href":"https:\/\/lepatriotebenin.com\/index.php\/wp-json\/wp\/v2\/categories?post=15734"},{"taxonomy":"post_tag","embeddable":true,"href":"https:\/\/lepatriotebenin.com\/index.php\/wp-json\/wp\/v2\/tags?post=15734"}],"curies":[{"name":"wp","href":"https:\/\/api.w.org\/{rel}","templated":true}]}}