{"id":15731,"date":"2025-12-08T13:19:27","date_gmt":"2025-12-08T12:19:27","guid":{"rendered":"https:\/\/lepatriotebenin.com\/?p=15731"},"modified":"2025-12-08T13:19:27","modified_gmt":"2025-12-08T12:19:27","slug":"tentative-de-coup-detat-au-benin-les-eveques-catholiques-condamnent-et-appellent-a-preserver-la-paix","status":"publish","type":"post","link":"https:\/\/lepatriotebenin.com\/index.php\/2025\/12\/08\/tentative-de-coup-detat-au-benin-les-eveques-catholiques-condamnent-et-appellent-a-preserver-la-paix\/","title":{"rendered":"Tentative de coup d\u2019Etat au B\u00e9nin : Les  Ev\u00eaques catholiques condamnent et appellent \u00e0 pr\u00e9server la paix"},"content":{"rendered":"<p>Dans un\u00a0 communiqu\u00e9 publi\u00e9 le<strong> 7 d\u00e9cembre 2025, l<\/strong>es membres de la Conf\u00e9rence\u00a0 Episcopale du B\u00e9nin (CEB) ont condamn\u00e9 la tentative de coup d&rsquo;\u00c9tat militaire qui aurait eu lieu dimanche 7 d\u00e9cembre. Les\u00a0 Ev\u00eaques \u00a0ont qualifi\u00e9 \u00a0cet incident de grave menace pour la paix, l&rsquo;unit\u00e9 et la stabilit\u00e9 nationales. Ils affirment avoir \u00ab<em> suivi avec une profonde inqui\u00e9tude les \u00e9v\u00e9nements qui se sont d\u00e9roul\u00e9s dimanche, marqu\u00e9s par une tentative de prise de pouvoir par la force<\/em> \u00bb.<\/p>\n<p>Dans leur communiqu\u00e9, les \u00e9v\u00eaques ont exprim\u00e9 \u00ab leur proximit\u00e9 spirituelle et morale au Chef de l&rsquo;\u00c9tat et \u00e0 son entourage, \u00e0 toutes les personnes affect\u00e9es par ces \u00e9v\u00e9nements ainsi qu&rsquo;aux familles \u00e9prouv\u00e9es \u00bb.\u00a0La conf\u00e9rence \u00e9piscopale invite <em>\u00ab tous les fid\u00e8les chr\u00e9tiens, ainsi que toutes les personnes de bonne volont\u00e9, \u00e0 redoubler d&rsquo;ardeur dans la pri\u00e8re pour notre pays, afin que Dieu continue de le pr\u00e9server de tout mal, de tout danger et de toute division \u00bb.\u00a0<\/em> Elle a\u00a0 confi\u00e9 \u00e9galement \u00a0<em>\u00ab les victimes de cette trag\u00e9die \u00e0 la mis\u00e9ricorde de Dieu. Que le Dieu de la paix r\u00e9pande sa gr\u00e2ce et sa b\u00e9n\u00e9diction sur toute notre nation. Qu&rsquo;il garde son peuple dans la paix, l&rsquo;unit\u00e9 et l&rsquo;harmonie fraternelle<\/em> \u00bb.<\/p>\n<p>Ils ont par ailleurs\u00a0 soulign\u00e9\u00a0 que <em>\u00ab la coh\u00e9sion nationale est un bien pr\u00e9cieux qui doit \u00eatre pr\u00e9serv\u00e9 \u00e0 tout prix par des moyens pacifiques et l\u00e9gaux \u00bb. \u00a0\u00ab Que la Vierge Marie, Notre-Dame de l&rsquo;Immacul\u00e9e Conception et Reine de la Paix, interc\u00e8de pour nous !<\/em> \u00bb, implorent les \u00e9v\u00eaques catholiques.<\/p>\n","protected":false},"excerpt":{"rendered":"<p>Dans un\u00a0 communiqu\u00e9 publi\u00e9 le 7 d\u00e9cembre 2025, les membres de la Conf\u00e9rence\u00a0 Episcopale du B\u00e9nin (CEB) ont condamn\u00e9 la tentative de coup d&rsquo;\u00c9tat militaire qui aurait eu lieu dimanche&hellip;<\/p>\n","protected":false},"author":6,"featured_media":15732,"comment_status":"open","ping_status":"open","sticky":false,"template":"","format":"standard","meta":{"content-type":"","om_disable_all_campaigns":false,"_monsterinsights_skip_tracking":false,"_monsterinsights_sitenote_active":false,"_monsterinsights_sitenote_note":"","_monsterinsights_sitenote_category":0,"_uf_show_specific_survey":0,"_uf_disable_surveys":false,"footnotes":""},"categories":[20],"tags":[],"class_list":["post-15731","post","type-post","status-publish","format-standard","has-post-thumbnail","hentry","category-societe"],"aioseo_notices":[],"yoast_head":"<!-- This site is optimized with the Yoast SEO plugin v27.5 - https:\/\/yoast.com\/product\/yoast-seo-wordpress\/ -->\n<title>Tentative de coup d\u2019Etat au B\u00e9nin : Les Ev\u00eaques catholiques condamnent et appellent \u00e0 pr\u00e9server la paix - Le Patriote<\/title>\n<meta name=\"robots\" content=\"index, follow, max-snippet:-1, max-image-preview:large, max-video-preview:-1\" \/>\n<link rel=\"canonical\" href=\"https:\/\/lepatriotebenin.com\/index.php\/2025\/12\/08\/tentative-de-coup-detat-au-benin-les-eveques-catholiques-condamnent-et-appellent-a-preserver-la-paix\/\" \/>\n<meta property=\"og:locale\" content=\"fr_FR\" \/>\n<meta property=\"og:type\" content=\"article\" \/>\n<meta property=\"og:title\" content=\"Tentative de coup d\u2019Etat au B\u00e9nin : Les Ev\u00eaques catholiques condamnent et appellent \u00e0 pr\u00e9server la paix - Le Patriote\" \/>\n<meta property=\"og:description\" content=\"Dans un\u00a0 communiqu\u00e9 publi\u00e9 le 7 d\u00e9cembre 2025, les membres de la Conf\u00e9rence\u00a0 Episcopale du B\u00e9nin (CEB) ont condamn\u00e9 la tentative de coup d&rsquo;\u00c9tat militaire qui aurait eu lieu dimanche&hellip;\" \/>\n<meta property=\"og:url\" content=\"https:\/\/lepatriotebenin.com\/index.php\/2025\/12\/08\/tentative-de-coup-detat-au-benin-les-eveques-catholiques-condamnent-et-appellent-a-preserver-la-paix\/\" \/>\n<meta property=\"og:site_name\" content=\"Le Patriote\" \/>\n<meta property=\"article:published_time\" content=\"2025-12-08T12:19:27+00:00\" \/>\n<meta property=\"og:image\" content=\"https:\/\/lepatriotebenin.com\/wp-content\/uploads\/2025\/12\/eveques-talon.jpg\" \/>\n\t<meta property=\"og:image:width\" content=\"780\" \/>\n\t<meta property=\"og:image:height\" content=\"560\" \/>\n\t<meta property=\"og:image:type\" content=\"image\/jpeg\" \/>\n<meta name=\"author\" content=\"Roland AFFANOU\" \/>\n<meta name=\"twitter:card\" content=\"summary_large_image\" \/>\n<meta name=\"twitter:label1\" content=\"\u00c9crit par\" \/>\n\t<meta name=\"twitter:data1\" content=\"Roland AFFANOU\" \/>\n\t<meta name=\"twitter:label2\" content=\"Dur\u00e9e de lecture estim\u00e9e\" \/>\n\t<meta name=\"twitter:data2\" content=\"2 minutes\" \/>\n<script type=\"application\/ld+json\" class=\"yoast-schema-graph\">{\"@context\":\"https:\\\/\\\/schema.org\",\"@graph\":[{\"@type\":\"Article\",\"@id\":\"https:\\\/\\\/lepatriotebenin.com\\\/index.php\\\/2025\\\/12\\\/08\\\/tentative-de-coup-detat-au-benin-les-eveques-catholiques-condamnent-et-appellent-a-preserver-la-paix\\\/#article\",\"isPartOf\":{\"@id\":\"https:\\\/\\\/lepatriotebenin.com\\\/index.php\\\/2025\\\/12\\\/08\\\/tentative-de-coup-detat-au-benin-les-eveques-catholiques-condamnent-et-appellent-a-preserver-la-paix\\\/\"},\"author\":{\"name\":\"Roland AFFANOU\",\"@id\":\"https:\\\/\\\/lepatriotebenin.com\\\/#\\\/schema\\\/person\\\/4a9b67216c97d04045e01405c534c91f\"},\"headline\":\"Tentative de coup d\u2019Etat au B\u00e9nin : Les Ev\u00eaques catholiques condamnent et appellent \u00e0 pr\u00e9server la paix\",\"datePublished\":\"2025-12-08T12:19:27+00:00\",\"mainEntityOfPage\":{\"@id\":\"https:\\\/\\\/lepatriotebenin.com\\\/index.php\\\/2025\\\/12\\\/08\\\/tentative-de-coup-detat-au-benin-les-eveques-catholiques-condamnent-et-appellent-a-preserver-la-paix\\\/\"},\"wordCount\":288,\"commentCount\":0,\"image\":{\"@id\":\"https:\\\/\\\/lepatriotebenin.com\\\/index.php\\\/2025\\\/12\\\/08\\\/tentative-de-coup-detat-au-benin-les-eveques-catholiques-condamnent-et-appellent-a-preserver-la-paix\\\/#primaryimage\"},\"thumbnailUrl\":\"https:\\\/\\\/lepatriotebenin.com\\\/wp-content\\\/uploads\\\/2025\\\/12\\\/eveques-talon.jpg\",\"articleSection\":[\"Soci\u00e9t\u00e9\"],\"inLanguage\":\"fr-FR\",\"potentialAction\":[{\"@type\":\"CommentAction\",\"name\":\"Comment\",\"target\":[\"https:\\\/\\\/lepatriotebenin.com\\\/index.php\\\/2025\\\/12\\\/08\\\/tentative-de-coup-detat-au-benin-les-eveques-catholiques-condamnent-et-appellent-a-preserver-la-paix\\\/#respond\"]}]},{\"@type\":\"WebPage\",\"@id\":\"https:\\\/\\\/lepatriotebenin.com\\\/index.php\\\/2025\\\/12\\\/08\\\/tentative-de-coup-detat-au-benin-les-eveques-catholiques-condamnent-et-appellent-a-preserver-la-paix\\\/\",\"url\":\"https:\\\/\\\/lepatriotebenin.com\\\/index.php\\\/2025\\\/12\\\/08\\\/tentative-de-coup-detat-au-benin-les-eveques-catholiques-condamnent-et-appellent-a-preserver-la-paix\\\/\",\"name\":\"Tentative de coup d\u2019Etat au B\u00e9nin : Les Ev\u00eaques catholiques condamnent et appellent \u00e0 pr\u00e9server la paix - Le Patriote\",\"isPartOf\":{\"@id\":\"https:\\\/\\\/lepatriotebenin.com\\\/#website\"},\"primaryImageOfPage\":{\"@id\":\"https:\\\/\\\/lepatriotebenin.com\\\/index.php\\\/2025\\\/12\\\/08\\\/tentative-de-coup-detat-au-benin-les-eveques-catholiques-condamnent-et-appellent-a-preserver-la-paix\\\/#primaryimage\"},\"image\":{\"@id\":\"https:\\\/\\\/lepatriotebenin.com\\\/index.php\\\/2025\\\/12\\\/08\\\/tentative-de-coup-detat-au-benin-les-eveques-catholiques-condamnent-et-appellent-a-preserver-la-paix\\\/#primaryimage\"},\"thumbnailUrl\":\"https:\\\/\\\/lepatriotebenin.com\\\/wp-content\\\/uploads\\\/2025\\\/12\\\/eveques-talon.jpg\",\"datePublished\":\"2025-12-08T12:19:27+00:00\",\"author\":{\"@id\":\"https:\\\/\\\/lepatriotebenin.com\\\/#\\\/schema\\\/person\\\/4a9b67216c97d04045e01405c534c91f\"},\"breadcrumb\":{\"@id\":\"https:\\\/\\\/lepatriotebenin.com\\\/index.php\\\/2025\\\/12\\\/08\\\/tentative-de-coup-detat-au-benin-les-eveques-catholiques-condamnent-et-appellent-a-preserver-la-paix\\\/#breadcrumb\"},\"inLanguage\":\"fr-FR\",\"potentialAction\":[{\"@type\":\"ReadAction\",\"target\":[\"https:\\\/\\\/lepatriotebenin.com\\\/index.php\\\/2025\\\/12\\\/08\\\/tentative-de-coup-detat-au-benin-les-eveques-catholiques-condamnent-et-appellent-a-preserver-la-paix\\\/\"]}]},{\"@type\":\"ImageObject\",\"inLanguage\":\"fr-FR\",\"@id\":\"https:\\\/\\\/lepatriotebenin.com\\\/index.php\\\/2025\\\/12\\\/08\\\/tentative-de-coup-detat-au-benin-les-eveques-catholiques-condamnent-et-appellent-a-preserver-la-paix\\\/#primaryimage\",\"url\":\"https:\\\/\\\/lepatriotebenin.com\\\/wp-content\\\/uploads\\\/2025\\\/12\\\/eveques-talon.jpg\",\"contentUrl\":\"https:\\\/\\\/lepatriotebenin.com\\\/wp-content\\\/uploads\\\/2025\\\/12\\\/eveques-talon.jpg\",\"width\":780,\"height\":560},{\"@type\":\"BreadcrumbList\",\"@id\":\"https:\\\/\\\/lepatriotebenin.com\\\/index.php\\\/2025\\\/12\\\/08\\\/tentative-de-coup-detat-au-benin-les-eveques-catholiques-condamnent-et-appellent-a-preserver-la-paix\\\/#breadcrumb\",\"itemListElement\":[{\"@type\":\"ListItem\",\"position\":1,\"name\":\"Accueil\",\"item\":\"https:\\\/\\\/lepatriotebenin.com\\\/\"},{\"@type\":\"ListItem\",\"position\":2,\"name\":\"Tentative de coup d\u2019Etat au B\u00e9nin : Les Ev\u00eaques catholiques condamnent et appellent \u00e0 pr\u00e9server la paix\"}]},{\"@type\":\"WebSite\",\"@id\":\"https:\\\/\\\/lepatriotebenin.com\\\/#website\",\"url\":\"https:\\\/\\\/lepatriotebenin.com\\\/\",\"name\":\"Le Patriote\",\"description\":\"Le Patriote B\u00e9nin\",\"potentialAction\":[{\"@type\":\"SearchAction\",\"target\":{\"@type\":\"EntryPoint\",\"urlTemplate\":\"https:\\\/\\\/lepatriotebenin.com\\\/?s={search_term_string}\"},\"query-input\":{\"@type\":\"PropertyValueSpecification\",\"valueRequired\":true,\"valueName\":\"search_term_string\"}}],\"inLanguage\":\"fr-FR\"},{\"@type\":\"Person\",\"@id\":\"https:\\\/\\\/lepatriotebenin.com\\\/#\\\/schema\\\/person\\\/4a9b67216c97d04045e01405c534c91f\",\"name\":\"Roland AFFANOU\",\"image\":{\"@type\":\"ImageObject\",\"inLanguage\":\"fr-FR\",\"@id\":\"https:\\\/\\\/secure.gravatar.com\\\/avatar\\\/7209d3f6d2d47ea4d0c67e14d3effb61feb10ae540a4381280c66265de5bd643?s=96&d=mm&r=g\",\"url\":\"https:\\\/\\\/secure.gravatar.com\\\/avatar\\\/7209d3f6d2d47ea4d0c67e14d3effb61feb10ae540a4381280c66265de5bd643?s=96&d=mm&r=g\",\"contentUrl\":\"https:\\\/\\\/secure.gravatar.com\\\/avatar\\\/7209d3f6d2d47ea4d0c67e14d3effb61feb10ae540a4381280c66265de5bd643?s=96&d=mm&r=g\",\"caption\":\"Roland AFFANOU\"},\"url\":\"https:\\\/\\\/lepatriotebenin.com\"}]}<\/script>\n<!-- \/ Yoast SEO plugin. -->","yoast_head_json":{"title":"Tentative de coup d\u2019Etat au B\u00e9nin : Les Ev\u00eaques catholiques condamnent et appellent \u00e0 pr\u00e9server la paix - Le Patriote","robots":{"index":"index","follow":"follow","max-snippet":"max-snippet:-1","max-image-preview":"max-image-preview:large","max-video-preview":"max-video-preview:-1"},"canonical":"https:\/\/lepatriotebenin.com\/index.php\/2025\/12\/08\/tentative-de-coup-detat-au-benin-les-eveques-catholiques-condamnent-et-appellent-a-preserver-la-paix\/","og_locale":"fr_FR","og_type":"article","og_title":"Tentative de coup d\u2019Etat au B\u00e9nin : Les Ev\u00eaques catholiques condamnent et appellent \u00e0 pr\u00e9server la paix - Le Patriote","og_description":"Dans un\u00a0 communiqu\u00e9 publi\u00e9 le 7 d\u00e9cembre 2025, les membres de la Conf\u00e9rence\u00a0 Episcopale du B\u00e9nin (CEB) ont condamn\u00e9 la tentative de coup d&rsquo;\u00c9tat militaire qui aurait eu lieu dimanche&hellip;","og_url":"https:\/\/lepatriotebenin.com\/index.php\/2025\/12\/08\/tentative-de-coup-detat-au-benin-les-eveques-catholiques-condamnent-et-appellent-a-preserver-la-paix\/","og_site_name":"Le Patriote","article_published_time":"2025-12-08T12:19:27+00:00","og_image":[{"width":780,"height":560,"url":"https:\/\/lepatriotebenin.com\/wp-content\/uploads\/2025\/12\/eveques-talon.jpg","type":"image\/jpeg"}],"author":"Roland AFFANOU","twitter_card":"summary_large_image","twitter_misc":{"\u00c9crit par":"Roland AFFANOU","Dur\u00e9e de lecture estim\u00e9e":"2 minutes"},"schema":{"@context":"https:\/\/schema.org","@graph":[{"@type":"Article","@id":"https:\/\/lepatriotebenin.com\/index.php\/2025\/12\/08\/tentative-de-coup-detat-au-benin-les-eveques-catholiques-condamnent-et-appellent-a-preserver-la-paix\/#article","isPartOf":{"@id":"https:\/\/lepatriotebenin.com\/index.php\/2025\/12\/08\/tentative-de-coup-detat-au-benin-les-eveques-catholiques-condamnent-et-appellent-a-preserver-la-paix\/"},"author":{"name":"Roland AFFANOU","@id":"https:\/\/lepatriotebenin.com\/#\/schema\/person\/4a9b67216c97d04045e01405c534c91f"},"headline":"Tentative de coup d\u2019Etat au B\u00e9nin : Les Ev\u00eaques catholiques condamnent et appellent \u00e0 pr\u00e9server la paix","datePublished":"2025-12-08T12:19:27+00:00","mainEntityOfPage":{"@id":"https:\/\/lepatriotebenin.com\/index.php\/2025\/12\/08\/tentative-de-coup-detat-au-benin-les-eveques-catholiques-condamnent-et-appellent-a-preserver-la-paix\/"},"wordCount":288,"commentCount":0,"image":{"@id":"https:\/\/lepatriotebenin.com\/index.php\/2025\/12\/08\/tentative-de-coup-detat-au-benin-les-eveques-catholiques-condamnent-et-appellent-a-preserver-la-paix\/#primaryimage"},"thumbnailUrl":"https:\/\/lepatriotebenin.com\/wp-content\/uploads\/2025\/12\/eveques-talon.jpg","articleSection":["Soci\u00e9t\u00e9"],"inLanguage":"fr-FR","potentialAction":[{"@type":"CommentAction","name":"Comment","target":["https:\/\/lepatriotebenin.com\/index.php\/2025\/12\/08\/tentative-de-coup-detat-au-benin-les-eveques-catholiques-condamnent-et-appellent-a-preserver-la-paix\/#respond"]}]},{"@type":"WebPage","@id":"https:\/\/lepatriotebenin.com\/index.php\/2025\/12\/08\/tentative-de-coup-detat-au-benin-les-eveques-catholiques-condamnent-et-appellent-a-preserver-la-paix\/","url":"https:\/\/lepatriotebenin.com\/index.php\/2025\/12\/08\/tentative-de-coup-detat-au-benin-les-eveques-catholiques-condamnent-et-appellent-a-preserver-la-paix\/","name":"Tentative de coup d\u2019Etat au B\u00e9nin : Les Ev\u00eaques catholiques condamnent et appellent \u00e0 pr\u00e9server la paix - Le Patriote","isPartOf":{"@id":"https:\/\/lepatriotebenin.com\/#website"},"primaryImageOfPage":{"@id":"https:\/\/lepatriotebenin.com\/index.php\/2025\/12\/08\/tentative-de-coup-detat-au-benin-les-eveques-catholiques-condamnent-et-appellent-a-preserver-la-paix\/#primaryimage"},"image":{"@id":"https:\/\/lepatriotebenin.com\/index.php\/2025\/12\/08\/tentative-de-coup-detat-au-benin-les-eveques-catholiques-condamnent-et-appellent-a-preserver-la-paix\/#primaryimage"},"thumbnailUrl":"https:\/\/lepatriotebenin.com\/wp-content\/uploads\/2025\/12\/eveques-talon.jpg","datePublished":"2025-12-08T12:19:27+00:00","author":{"@id":"https:\/\/lepatriotebenin.com\/#\/schema\/person\/4a9b67216c97d04045e01405c534c91f"},"breadcrumb":{"@id":"https:\/\/lepatriotebenin.com\/index.php\/2025\/12\/08\/tentative-de-coup-detat-au-benin-les-eveques-catholiques-condamnent-et-appellent-a-preserver-la-paix\/#breadcrumb"},"inLanguage":"fr-FR","potentialAction":[{"@type":"ReadAction","target":["https:\/\/lepatriotebenin.com\/index.php\/2025\/12\/08\/tentative-de-coup-detat-au-benin-les-eveques-catholiques-condamnent-et-appellent-a-preserver-la-paix\/"]}]},{"@type":"ImageObject","inLanguage":"fr-FR","@id":"https:\/\/lepatriotebenin.com\/index.php\/2025\/12\/08\/tentative-de-coup-detat-au-benin-les-eveques-catholiques-condamnent-et-appellent-a-preserver-la-paix\/#primaryimage","url":"https:\/\/lepatriotebenin.com\/wp-content\/uploads\/2025\/12\/eveques-talon.jpg","contentUrl":"https:\/\/lepatriotebenin.com\/wp-content\/uploads\/2025\/12\/eveques-talon.jpg","width":780,"height":560},{"@type":"BreadcrumbList","@id":"https:\/\/lepatriotebenin.com\/index.php\/2025\/12\/08\/tentative-de-coup-detat-au-benin-les-eveques-catholiques-condamnent-et-appellent-a-preserver-la-paix\/#breadcrumb","itemListElement":[{"@type":"ListItem","position":1,"name":"Accueil","item":"https:\/\/lepatriotebenin.com\/"},{"@type":"ListItem","position":2,"name":"Tentative de coup d\u2019Etat au B\u00e9nin : Les Ev\u00eaques catholiques condamnent et appellent \u00e0 pr\u00e9server la paix"}]},{"@type":"WebSite","@id":"https:\/\/lepatriotebenin.com\/#website","url":"https:\/\/lepatriotebenin.com\/","name":"Le Patriote","description":"Le Patriote B\u00e9nin","potentialAction":[{"@type":"SearchAction","target":{"@type":"EntryPoint","urlTemplate":"https:\/\/lepatriotebenin.com\/?s={search_term_string}"},"query-input":{"@type":"PropertyValueSpecification","valueRequired":true,"valueName":"search_term_string"}}],"inLanguage":"fr-FR"},{"@type":"Person","@id":"https:\/\/lepatriotebenin.com\/#\/schema\/person\/4a9b67216c97d04045e01405c534c91f","name":"Roland AFFANOU","image":{"@type":"ImageObject","inLanguage":"fr-FR","@id":"https:\/\/secure.gravatar.com\/avatar\/7209d3f6d2d47ea4d0c67e14d3effb61feb10ae540a4381280c66265de5bd643?s=96&d=mm&r=g","url":"https:\/\/secure.gravatar.com\/avatar\/7209d3f6d2d47ea4d0c67e14d3effb61feb10ae540a4381280c66265de5bd643?s=96&d=mm&r=g","contentUrl":"https:\/\/secure.gravatar.com\/avatar\/7209d3f6d2d47ea4d0c67e14d3effb61feb10ae540a4381280c66265de5bd643?s=96&d=mm&r=g","caption":"Roland AFFANOU"},"url":"https:\/\/lepatriotebenin.com"}]}},"_links":{"self":[{"href":"https:\/\/lepatriotebenin.com\/index.php\/wp-json\/wp\/v2\/posts\/15731","targetHints":{"allow":["GET"]}}],"collection":[{"href":"https:\/\/lepatriotebenin.com\/index.php\/wp-json\/wp\/v2\/posts"}],"about":[{"href":"https:\/\/lepatriotebenin.com\/index.php\/wp-json\/wp\/v2\/types\/post"}],"author":[{"embeddable":true,"href":"https:\/\/lepatriotebenin.com\/index.php\/wp-json\/wp\/v2\/users\/6"}],"replies":[{"embeddable":true,"href":"https:\/\/lepatriotebenin.com\/index.php\/wp-json\/wp\/v2\/comments?post=15731"}],"version-history":[{"count":1,"href":"https:\/\/lepatriotebenin.com\/index.php\/wp-json\/wp\/v2\/posts\/15731\/revisions"}],"predecessor-version":[{"id":15733,"href":"https:\/\/lepatriotebenin.com\/index.php\/wp-json\/wp\/v2\/posts\/15731\/revisions\/15733"}],"wp:featuredmedia":[{"embeddable":true,"href":"https:\/\/lepatriotebenin.com\/index.php\/wp-json\/wp\/v2\/media\/15732"}],"wp:attachment":[{"href":"https:\/\/lepatriotebenin.com\/index.php\/wp-json\/wp\/v2\/media?parent=15731"}],"wp:term":[{"taxonomy":"category","embeddable":true,"href":"https:\/\/lepatriotebenin.com\/index.php\/wp-json\/wp\/v2\/categories?post=15731"},{"taxonomy":"post_tag","embeddable":true,"href":"https:\/\/lepatriotebenin.com\/index.php\/wp-json\/wp\/v2\/tags?post=15731"}],"curies":[{"name":"wp","href":"https:\/\/api.w.org\/{rel}","templated":true}]}}