{"id":15728,"date":"2025-12-08T02:04:31","date_gmt":"2025-12-08T01:04:31","guid":{"rendered":"https:\/\/lepatriotebenin.com\/?p=15728"},"modified":"2025-12-08T02:04:31","modified_gmt":"2025-12-08T01:04:31","slug":"designation-des-maires-au-terme-des-elections-communales-ce-que-prevoit-la-loi","status":"publish","type":"post","link":"https:\/\/lepatriotebenin.com\/index.php\/2025\/12\/08\/designation-des-maires-au-terme-des-elections-communales-ce-que-prevoit-la-loi\/","title":{"rendered":"D\u00e9signation des maires au terme des  \u00e9lections communales : Ce que pr\u00e9voit la loi&#8230;"},"content":{"rendered":"<p><em><strong>\u00c0 quelques semaines des scrutins coupl\u00e9s pr\u00e9vus le 11 janvier 2026, le mode de d\u00e9signation des maires au B\u00e9nin profond\u00e9ment remani\u00e9 par la loi n\u00b02024-13 du 15 mars 2024 est moins connu par les populations et m\u00e9rite donc une\u00a0 lecture attentive. Les dispositions pr\u00e9voient et fixent des d\u00e9lais stricts pour la d\u00e9signation et l\u2019installation des maires.<\/strong><\/em><\/p>\n<p>Au B\u00e9nin, la d\u00e9signation des maires et de ses adjoints se fait par trois possibilit\u00e9s. Ils sont choisis par le parti politique ayant obtenu la majorit\u00e9 absolue des conseillers.\u00a0 En\u00a0 cas d&rsquo;accord de gouvernance communale si aucune liste n\u2019a la majorit\u00e9 absolue, l\u2019ensemble des partis constituant une majorit\u00e9 absolue peut d\u00e9signer le\u00a0 maire et adjoints par la signature d\u2019un accord de gouvernance communale. Toutefois, cet accord doit \u00eatre notifi\u00e9 \u00e0 l\u2019autorit\u00e9 de tutelle. A d\u00e9faut de majorit\u00e9 absolue ou d\u2019accord, le maire et ses adjoints sont \u00e9lus par le conseil communal ou municipal au scrutin uninominal secret, \u00e0 la majorit\u00e9 absolue; si la majorit\u00e9 absolue n\u2019est pas obtenue au premier tour, on proc\u00e8de \u00e0 autant de tours que n\u00e9cessaire pour d\u00e9signer le candidat arriv\u00e9 en t\u00eate.<\/p>\n<p>La d\u00e9signation ou l\u2019\u00e9lection a lieu lors de la s\u00e9ance d\u2019installation du conseil dans les quinze (15) jours qui suivent l\u2019annonce des r\u00e9sultats de l\u2019\u00e9lection communale, nonobstant recours \u00e9ventuels. Si le conseil n\u2019est pas install\u00e9 dans ce d\u00e9lai, la Cour supr\u00eame peut \u00eatre saisie et proc\u00e9der \u00e0 l\u2019installation dans les quinze jours suivant sa saisine. Le r\u00e9sultat est rendu public sous 24 heures par affichage \u00e0 la mairie et transmis sans d\u00e9lai \u00e0 l\u2019autorit\u00e9 de tutelle qui le constate par arr\u00eat\u00e9 pr\u00e9fectoral publi\u00e9 au Journal Officiel. La d\u00e9signation ou l\u2019\u00e9lection peut \u00eatre contest\u00e9e dans un d\u00e9lai de quinze (15) jours. Dans le cas \u00e9ch\u00e9ant la Cour supr\u00eame statue sur ces recours.\u00a0 La priorit\u00e9 donn\u00e9e \u00e0 la \u00ab d\u00e9signation \u00bb par le parti majoritaire ou renforce la centralit\u00e9 des partis politiques dans la d\u00e9termination des ex\u00e9cutifs locaux moins d\u2019incertitude sur la d\u00e9signation si un parti obtient la majorit\u00e9 absolue. La possibilit\u00e9 d\u2019un accord de gouvernance formalis\u00e9 pousse les acteurs locaux \u00e0 n\u00e9gocier des coalitions avant l\u2019installation du conseil, avec obligation de notifier l\u2019autorit\u00e9 de tutelle.<\/p>\n<p>&nbsp;<\/p>\n<p><strong>Alassane Tour\u00e9<\/strong><\/p>\n","protected":false},"excerpt":{"rendered":"<p>\u00c0 quelques semaines des scrutins coupl\u00e9s pr\u00e9vus le 11 janvier 2026, le mode de d\u00e9signation des maires au B\u00e9nin profond\u00e9ment remani\u00e9 par la loi n\u00b02024-13 du 15 mars 2024 est&hellip;<\/p>\n","protected":false},"author":5,"featured_media":15729,"comment_status":"open","ping_status":"open","sticky":false,"template":"","format":"standard","meta":{"content-type":"","om_disable_all_campaigns":false,"_monsterinsights_skip_tracking":false,"_monsterinsights_sitenote_active":false,"_monsterinsights_sitenote_note":"","_monsterinsights_sitenote_category":0,"_uf_show_specific_survey":0,"_uf_disable_surveys":false,"footnotes":""},"categories":[26],"tags":[],"class_list":["post-15728","post","type-post","status-publish","format-standard","has-post-thumbnail","hentry","category-politique"],"aioseo_notices":[],"yoast_head":"<!-- This site is optimized with the Yoast SEO plugin v27.5 - https:\/\/yoast.com\/product\/yoast-seo-wordpress\/ -->\n<title>D\u00e9signation des maires au terme des \u00e9lections communales : Ce que pr\u00e9voit la loi... - Le Patriote<\/title>\n<meta name=\"robots\" content=\"index, follow, max-snippet:-1, max-image-preview:large, max-video-preview:-1\" \/>\n<link rel=\"canonical\" href=\"https:\/\/lepatriotebenin.com\/index.php\/2025\/12\/08\/designation-des-maires-au-terme-des-elections-communales-ce-que-prevoit-la-loi\/\" \/>\n<meta property=\"og:locale\" content=\"fr_FR\" \/>\n<meta property=\"og:type\" content=\"article\" \/>\n<meta property=\"og:title\" content=\"D\u00e9signation des maires au terme des \u00e9lections communales : Ce que pr\u00e9voit la loi... - Le Patriote\" \/>\n<meta property=\"og:description\" content=\"\u00c0 quelques semaines des scrutins coupl\u00e9s pr\u00e9vus le 11 janvier 2026, le mode de d\u00e9signation des maires au B\u00e9nin profond\u00e9ment remani\u00e9 par la loi n\u00b02024-13 du 15 mars 2024 est&hellip;\" \/>\n<meta property=\"og:url\" content=\"https:\/\/lepatriotebenin.com\/index.php\/2025\/12\/08\/designation-des-maires-au-terme-des-elections-communales-ce-que-prevoit-la-loi\/\" \/>\n<meta property=\"og:site_name\" content=\"Le Patriote\" \/>\n<meta property=\"article:published_time\" content=\"2025-12-08T01:04:31+00:00\" \/>\n<meta property=\"og:image\" content=\"https:\/\/lepatriotebenin.com\/wp-content\/uploads\/2025\/12\/code-electoral.jpeg\" \/>\n\t<meta property=\"og:image:width\" content=\"550\" \/>\n\t<meta property=\"og:image:height\" content=\"360\" \/>\n\t<meta property=\"og:image:type\" content=\"image\/jpeg\" \/>\n<meta name=\"author\" content=\"Redaction\" \/>\n<meta name=\"twitter:card\" content=\"summary_large_image\" \/>\n<meta name=\"twitter:label1\" content=\"\u00c9crit par\" \/>\n\t<meta name=\"twitter:data1\" content=\"Redaction\" \/>\n\t<meta name=\"twitter:label2\" content=\"Dur\u00e9e de lecture estim\u00e9e\" \/>\n\t<meta name=\"twitter:data2\" content=\"3 minutes\" \/>\n<script type=\"application\/ld+json\" class=\"yoast-schema-graph\">{\"@context\":\"https:\\\/\\\/schema.org\",\"@graph\":[{\"@type\":\"Article\",\"@id\":\"https:\\\/\\\/lepatriotebenin.com\\\/index.php\\\/2025\\\/12\\\/08\\\/designation-des-maires-au-terme-des-elections-communales-ce-que-prevoit-la-loi\\\/#article\",\"isPartOf\":{\"@id\":\"https:\\\/\\\/lepatriotebenin.com\\\/index.php\\\/2025\\\/12\\\/08\\\/designation-des-maires-au-terme-des-elections-communales-ce-que-prevoit-la-loi\\\/\"},\"author\":{\"name\":\"Redaction\",\"@id\":\"https:\\\/\\\/lepatriotebenin.com\\\/#\\\/schema\\\/person\\\/2e7709b9c9cc313e452d1136af61690f\"},\"headline\":\"D\u00e9signation des maires au terme des \u00e9lections communales : Ce que pr\u00e9voit la loi&#8230;\",\"datePublished\":\"2025-12-08T01:04:31+00:00\",\"mainEntityOfPage\":{\"@id\":\"https:\\\/\\\/lepatriotebenin.com\\\/index.php\\\/2025\\\/12\\\/08\\\/designation-des-maires-au-terme-des-elections-communales-ce-que-prevoit-la-loi\\\/\"},\"wordCount\":416,\"commentCount\":0,\"image\":{\"@id\":\"https:\\\/\\\/lepatriotebenin.com\\\/index.php\\\/2025\\\/12\\\/08\\\/designation-des-maires-au-terme-des-elections-communales-ce-que-prevoit-la-loi\\\/#primaryimage\"},\"thumbnailUrl\":\"https:\\\/\\\/lepatriotebenin.com\\\/wp-content\\\/uploads\\\/2025\\\/12\\\/code-electoral.jpeg\",\"articleSection\":[\"Politique\"],\"inLanguage\":\"fr-FR\",\"potentialAction\":[{\"@type\":\"CommentAction\",\"name\":\"Comment\",\"target\":[\"https:\\\/\\\/lepatriotebenin.com\\\/index.php\\\/2025\\\/12\\\/08\\\/designation-des-maires-au-terme-des-elections-communales-ce-que-prevoit-la-loi\\\/#respond\"]}]},{\"@type\":\"WebPage\",\"@id\":\"https:\\\/\\\/lepatriotebenin.com\\\/index.php\\\/2025\\\/12\\\/08\\\/designation-des-maires-au-terme-des-elections-communales-ce-que-prevoit-la-loi\\\/\",\"url\":\"https:\\\/\\\/lepatriotebenin.com\\\/index.php\\\/2025\\\/12\\\/08\\\/designation-des-maires-au-terme-des-elections-communales-ce-que-prevoit-la-loi\\\/\",\"name\":\"D\u00e9signation des maires au terme des \u00e9lections communales : Ce que pr\u00e9voit la loi... - Le Patriote\",\"isPartOf\":{\"@id\":\"https:\\\/\\\/lepatriotebenin.com\\\/#website\"},\"primaryImageOfPage\":{\"@id\":\"https:\\\/\\\/lepatriotebenin.com\\\/index.php\\\/2025\\\/12\\\/08\\\/designation-des-maires-au-terme-des-elections-communales-ce-que-prevoit-la-loi\\\/#primaryimage\"},\"image\":{\"@id\":\"https:\\\/\\\/lepatriotebenin.com\\\/index.php\\\/2025\\\/12\\\/08\\\/designation-des-maires-au-terme-des-elections-communales-ce-que-prevoit-la-loi\\\/#primaryimage\"},\"thumbnailUrl\":\"https:\\\/\\\/lepatriotebenin.com\\\/wp-content\\\/uploads\\\/2025\\\/12\\\/code-electoral.jpeg\",\"datePublished\":\"2025-12-08T01:04:31+00:00\",\"author\":{\"@id\":\"https:\\\/\\\/lepatriotebenin.com\\\/#\\\/schema\\\/person\\\/2e7709b9c9cc313e452d1136af61690f\"},\"breadcrumb\":{\"@id\":\"https:\\\/\\\/lepatriotebenin.com\\\/index.php\\\/2025\\\/12\\\/08\\\/designation-des-maires-au-terme-des-elections-communales-ce-que-prevoit-la-loi\\\/#breadcrumb\"},\"inLanguage\":\"fr-FR\",\"potentialAction\":[{\"@type\":\"ReadAction\",\"target\":[\"https:\\\/\\\/lepatriotebenin.com\\\/index.php\\\/2025\\\/12\\\/08\\\/designation-des-maires-au-terme-des-elections-communales-ce-que-prevoit-la-loi\\\/\"]}]},{\"@type\":\"ImageObject\",\"inLanguage\":\"fr-FR\",\"@id\":\"https:\\\/\\\/lepatriotebenin.com\\\/index.php\\\/2025\\\/12\\\/08\\\/designation-des-maires-au-terme-des-elections-communales-ce-que-prevoit-la-loi\\\/#primaryimage\",\"url\":\"https:\\\/\\\/lepatriotebenin.com\\\/wp-content\\\/uploads\\\/2025\\\/12\\\/code-electoral.jpeg\",\"contentUrl\":\"https:\\\/\\\/lepatriotebenin.com\\\/wp-content\\\/uploads\\\/2025\\\/12\\\/code-electoral.jpeg\",\"width\":550,\"height\":360},{\"@type\":\"BreadcrumbList\",\"@id\":\"https:\\\/\\\/lepatriotebenin.com\\\/index.php\\\/2025\\\/12\\\/08\\\/designation-des-maires-au-terme-des-elections-communales-ce-que-prevoit-la-loi\\\/#breadcrumb\",\"itemListElement\":[{\"@type\":\"ListItem\",\"position\":1,\"name\":\"Accueil\",\"item\":\"https:\\\/\\\/lepatriotebenin.com\\\/\"},{\"@type\":\"ListItem\",\"position\":2,\"name\":\"D\u00e9signation des maires au terme des \u00e9lections communales : Ce que pr\u00e9voit la loi&#8230;\"}]},{\"@type\":\"WebSite\",\"@id\":\"https:\\\/\\\/lepatriotebenin.com\\\/#website\",\"url\":\"https:\\\/\\\/lepatriotebenin.com\\\/\",\"name\":\"Le Patriote\",\"description\":\"Le Patriote B\u00e9nin\",\"potentialAction\":[{\"@type\":\"SearchAction\",\"target\":{\"@type\":\"EntryPoint\",\"urlTemplate\":\"https:\\\/\\\/lepatriotebenin.com\\\/?s={search_term_string}\"},\"query-input\":{\"@type\":\"PropertyValueSpecification\",\"valueRequired\":true,\"valueName\":\"search_term_string\"}}],\"inLanguage\":\"fr-FR\"},{\"@type\":\"Person\",\"@id\":\"https:\\\/\\\/lepatriotebenin.com\\\/#\\\/schema\\\/person\\\/2e7709b9c9cc313e452d1136af61690f\",\"name\":\"Redaction\",\"image\":{\"@type\":\"ImageObject\",\"inLanguage\":\"fr-FR\",\"@id\":\"https:\\\/\\\/secure.gravatar.com\\\/avatar\\\/c4c509357859ea2ca2cbb6d8812898a73e4ef1ef9934c2e591d7e32face734d1?s=96&d=mm&r=g\",\"url\":\"https:\\\/\\\/secure.gravatar.com\\\/avatar\\\/c4c509357859ea2ca2cbb6d8812898a73e4ef1ef9934c2e591d7e32face734d1?s=96&d=mm&r=g\",\"contentUrl\":\"https:\\\/\\\/secure.gravatar.com\\\/avatar\\\/c4c509357859ea2ca2cbb6d8812898a73e4ef1ef9934c2e591d7e32face734d1?s=96&d=mm&r=g\",\"caption\":\"Redaction\"},\"url\":\"https:\\\/\\\/lepatriotebenin.com\"}]}<\/script>\n<!-- \/ Yoast SEO plugin. -->","yoast_head_json":{"title":"D\u00e9signation des maires au terme des \u00e9lections communales : Ce que pr\u00e9voit la loi... - Le Patriote","robots":{"index":"index","follow":"follow","max-snippet":"max-snippet:-1","max-image-preview":"max-image-preview:large","max-video-preview":"max-video-preview:-1"},"canonical":"https:\/\/lepatriotebenin.com\/index.php\/2025\/12\/08\/designation-des-maires-au-terme-des-elections-communales-ce-que-prevoit-la-loi\/","og_locale":"fr_FR","og_type":"article","og_title":"D\u00e9signation des maires au terme des \u00e9lections communales : Ce que pr\u00e9voit la loi... - Le Patriote","og_description":"\u00c0 quelques semaines des scrutins coupl\u00e9s pr\u00e9vus le 11 janvier 2026, le mode de d\u00e9signation des maires au B\u00e9nin profond\u00e9ment remani\u00e9 par la loi n\u00b02024-13 du 15 mars 2024 est&hellip;","og_url":"https:\/\/lepatriotebenin.com\/index.php\/2025\/12\/08\/designation-des-maires-au-terme-des-elections-communales-ce-que-prevoit-la-loi\/","og_site_name":"Le Patriote","article_published_time":"2025-12-08T01:04:31+00:00","og_image":[{"width":550,"height":360,"url":"https:\/\/lepatriotebenin.com\/wp-content\/uploads\/2025\/12\/code-electoral.jpeg","type":"image\/jpeg"}],"author":"Redaction","twitter_card":"summary_large_image","twitter_misc":{"\u00c9crit par":"Redaction","Dur\u00e9e de lecture estim\u00e9e":"3 minutes"},"schema":{"@context":"https:\/\/schema.org","@graph":[{"@type":"Article","@id":"https:\/\/lepatriotebenin.com\/index.php\/2025\/12\/08\/designation-des-maires-au-terme-des-elections-communales-ce-que-prevoit-la-loi\/#article","isPartOf":{"@id":"https:\/\/lepatriotebenin.com\/index.php\/2025\/12\/08\/designation-des-maires-au-terme-des-elections-communales-ce-que-prevoit-la-loi\/"},"author":{"name":"Redaction","@id":"https:\/\/lepatriotebenin.com\/#\/schema\/person\/2e7709b9c9cc313e452d1136af61690f"},"headline":"D\u00e9signation des maires au terme des \u00e9lections communales : Ce que pr\u00e9voit la loi&#8230;","datePublished":"2025-12-08T01:04:31+00:00","mainEntityOfPage":{"@id":"https:\/\/lepatriotebenin.com\/index.php\/2025\/12\/08\/designation-des-maires-au-terme-des-elections-communales-ce-que-prevoit-la-loi\/"},"wordCount":416,"commentCount":0,"image":{"@id":"https:\/\/lepatriotebenin.com\/index.php\/2025\/12\/08\/designation-des-maires-au-terme-des-elections-communales-ce-que-prevoit-la-loi\/#primaryimage"},"thumbnailUrl":"https:\/\/lepatriotebenin.com\/wp-content\/uploads\/2025\/12\/code-electoral.jpeg","articleSection":["Politique"],"inLanguage":"fr-FR","potentialAction":[{"@type":"CommentAction","name":"Comment","target":["https:\/\/lepatriotebenin.com\/index.php\/2025\/12\/08\/designation-des-maires-au-terme-des-elections-communales-ce-que-prevoit-la-loi\/#respond"]}]},{"@type":"WebPage","@id":"https:\/\/lepatriotebenin.com\/index.php\/2025\/12\/08\/designation-des-maires-au-terme-des-elections-communales-ce-que-prevoit-la-loi\/","url":"https:\/\/lepatriotebenin.com\/index.php\/2025\/12\/08\/designation-des-maires-au-terme-des-elections-communales-ce-que-prevoit-la-loi\/","name":"D\u00e9signation des maires au terme des \u00e9lections communales : Ce que pr\u00e9voit la loi... - Le Patriote","isPartOf":{"@id":"https:\/\/lepatriotebenin.com\/#website"},"primaryImageOfPage":{"@id":"https:\/\/lepatriotebenin.com\/index.php\/2025\/12\/08\/designation-des-maires-au-terme-des-elections-communales-ce-que-prevoit-la-loi\/#primaryimage"},"image":{"@id":"https:\/\/lepatriotebenin.com\/index.php\/2025\/12\/08\/designation-des-maires-au-terme-des-elections-communales-ce-que-prevoit-la-loi\/#primaryimage"},"thumbnailUrl":"https:\/\/lepatriotebenin.com\/wp-content\/uploads\/2025\/12\/code-electoral.jpeg","datePublished":"2025-12-08T01:04:31+00:00","author":{"@id":"https:\/\/lepatriotebenin.com\/#\/schema\/person\/2e7709b9c9cc313e452d1136af61690f"},"breadcrumb":{"@id":"https:\/\/lepatriotebenin.com\/index.php\/2025\/12\/08\/designation-des-maires-au-terme-des-elections-communales-ce-que-prevoit-la-loi\/#breadcrumb"},"inLanguage":"fr-FR","potentialAction":[{"@type":"ReadAction","target":["https:\/\/lepatriotebenin.com\/index.php\/2025\/12\/08\/designation-des-maires-au-terme-des-elections-communales-ce-que-prevoit-la-loi\/"]}]},{"@type":"ImageObject","inLanguage":"fr-FR","@id":"https:\/\/lepatriotebenin.com\/index.php\/2025\/12\/08\/designation-des-maires-au-terme-des-elections-communales-ce-que-prevoit-la-loi\/#primaryimage","url":"https:\/\/lepatriotebenin.com\/wp-content\/uploads\/2025\/12\/code-electoral.jpeg","contentUrl":"https:\/\/lepatriotebenin.com\/wp-content\/uploads\/2025\/12\/code-electoral.jpeg","width":550,"height":360},{"@type":"BreadcrumbList","@id":"https:\/\/lepatriotebenin.com\/index.php\/2025\/12\/08\/designation-des-maires-au-terme-des-elections-communales-ce-que-prevoit-la-loi\/#breadcrumb","itemListElement":[{"@type":"ListItem","position":1,"name":"Accueil","item":"https:\/\/lepatriotebenin.com\/"},{"@type":"ListItem","position":2,"name":"D\u00e9signation des maires au terme des \u00e9lections communales : Ce que pr\u00e9voit la loi&#8230;"}]},{"@type":"WebSite","@id":"https:\/\/lepatriotebenin.com\/#website","url":"https:\/\/lepatriotebenin.com\/","name":"Le Patriote","description":"Le Patriote B\u00e9nin","potentialAction":[{"@type":"SearchAction","target":{"@type":"EntryPoint","urlTemplate":"https:\/\/lepatriotebenin.com\/?s={search_term_string}"},"query-input":{"@type":"PropertyValueSpecification","valueRequired":true,"valueName":"search_term_string"}}],"inLanguage":"fr-FR"},{"@type":"Person","@id":"https:\/\/lepatriotebenin.com\/#\/schema\/person\/2e7709b9c9cc313e452d1136af61690f","name":"Redaction","image":{"@type":"ImageObject","inLanguage":"fr-FR","@id":"https:\/\/secure.gravatar.com\/avatar\/c4c509357859ea2ca2cbb6d8812898a73e4ef1ef9934c2e591d7e32face734d1?s=96&d=mm&r=g","url":"https:\/\/secure.gravatar.com\/avatar\/c4c509357859ea2ca2cbb6d8812898a73e4ef1ef9934c2e591d7e32face734d1?s=96&d=mm&r=g","contentUrl":"https:\/\/secure.gravatar.com\/avatar\/c4c509357859ea2ca2cbb6d8812898a73e4ef1ef9934c2e591d7e32face734d1?s=96&d=mm&r=g","caption":"Redaction"},"url":"https:\/\/lepatriotebenin.com"}]}},"_links":{"self":[{"href":"https:\/\/lepatriotebenin.com\/index.php\/wp-json\/wp\/v2\/posts\/15728","targetHints":{"allow":["GET"]}}],"collection":[{"href":"https:\/\/lepatriotebenin.com\/index.php\/wp-json\/wp\/v2\/posts"}],"about":[{"href":"https:\/\/lepatriotebenin.com\/index.php\/wp-json\/wp\/v2\/types\/post"}],"author":[{"embeddable":true,"href":"https:\/\/lepatriotebenin.com\/index.php\/wp-json\/wp\/v2\/users\/5"}],"replies":[{"embeddable":true,"href":"https:\/\/lepatriotebenin.com\/index.php\/wp-json\/wp\/v2\/comments?post=15728"}],"version-history":[{"count":1,"href":"https:\/\/lepatriotebenin.com\/index.php\/wp-json\/wp\/v2\/posts\/15728\/revisions"}],"predecessor-version":[{"id":15730,"href":"https:\/\/lepatriotebenin.com\/index.php\/wp-json\/wp\/v2\/posts\/15728\/revisions\/15730"}],"wp:featuredmedia":[{"embeddable":true,"href":"https:\/\/lepatriotebenin.com\/index.php\/wp-json\/wp\/v2\/media\/15729"}],"wp:attachment":[{"href":"https:\/\/lepatriotebenin.com\/index.php\/wp-json\/wp\/v2\/media?parent=15728"}],"wp:term":[{"taxonomy":"category","embeddable":true,"href":"https:\/\/lepatriotebenin.com\/index.php\/wp-json\/wp\/v2\/categories?post=15728"},{"taxonomy":"post_tag","embeddable":true,"href":"https:\/\/lepatriotebenin.com\/index.php\/wp-json\/wp\/v2\/tags?post=15728"}],"curies":[{"name":"wp","href":"https:\/\/api.w.org\/{rel}","templated":true}]}}