{"id":15693,"date":"2025-12-05T04:19:23","date_gmt":"2025-12-05T03:19:23","guid":{"rendered":"https:\/\/lepatriotebenin.com\/?p=15693"},"modified":"2025-12-05T04:20:40","modified_gmt":"2025-12-05T03:20:40","slug":"medias-et-regulation-au-benin-crystal-news-et-madame-actu-renaissent","status":"publish","type":"post","link":"https:\/\/lepatriotebenin.com\/index.php\/2025\/12\/05\/medias-et-regulation-au-benin-crystal-news-et-madame-actu-renaissent\/","title":{"rendered":"M\u00e9dias et r\u00e9gulation au B\u00e9nin: Crystal News et Madame Actu renaissent"},"content":{"rendered":"<p><strong><em>Apr\u00e8s pr\u00e8s d\u2019une ann\u00e9e d\u2019\u00e9preuve, deux m\u00e9dias b\u00e9ninois marquent leur retour \u00e0 l\u2019antenne. Autoris\u00e9s \u00e0 reprendre leurs activit\u00e9s \u00e0 l\u2019issue d\u2019une suspension, ils incarnent une presse r\u00e9siliente, ind\u00e9pendante et indispensable \u00e0 la vitalit\u00e9 du d\u00e9bat public.<\/em><\/strong><\/p>\n<p>Apr\u00e8s le silence impos\u00e9 en janvier dernier, Crystal News et Madame Actu retrouvent progressivement la lumi\u00e8re. La d\u00e9cision de reprise, encadr\u00e9e par une p\u00e9riode d\u2019essai de 21 jours, est intervenue \u00e0 l\u2019issue d\u2019un processus d\u2019autorisation conduit par la Haute Autorit\u00e9 de l\u2019Audiovisuel et de la Communication. Une \u00e9tape d\u00e9cisive qui ouvre la voie \u00e0 la signature prochaine d\u2019une convention formelle et \u00e0 un retour durable dans le paysage m\u00e9diatique.<\/p>\n<p>En effet, cette renaissance n\u2019est pas qu\u2019administrative mais d\u2019abord humaine. Elle consacre la t\u00e9nacit\u00e9 des \u00e9quipes et l\u2019engagement professionnel de Virgile Ahouans\u00e8 et de Nad\u00e8ge Djihouan, qui ont su maintenir le cap malgr\u00e9 l\u2019\u00e9preuve. Leur d\u00e9marche s\u2019inscrit dans une vision claire : informer sans complaisance, avec rigueur et responsabilit\u00e9, au service de l\u2019int\u00e9r\u00eat g\u00e9n\u00e9ral.<\/p>\n<p>\u00c0 l\u2019occasion de cette reprise, le m\u00e9dia Crystal News annonce aussi une \u00e9volution strat\u00e9gique majeure. Il s&rsquo;agit de la structuration en groupe de presse, articul\u00e9 autour d\u2019une radio en ligne, d\u2019une web-TV et d\u2019un site d\u2019informations. Une diversification \u00e9ditoriale pens\u00e9e pour mieux d\u00e9crypter l\u2019actualit\u00e9, toucher des publics pluriels et renforcer la qualit\u00e9 du traitement journalistique.<\/p>\n<p>Dans un contexte o\u00f9 la cr\u00e9dibilit\u00e9 de l\u2019information est mise \u00e0 l\u2019\u00e9preuve, le retour de ces m\u00e9dias ind\u00e9pendants est un signal fort. Il rappelle que la d\u00e9mocratie b\u00e9ninoise se nourrit d\u2019une presse libre, plurielle et professionnelle. Annonc\u00e9e depuis Porto-Novo, cette reprise sonne comme une promesse ; celle d\u2019un journalisme debout, au service des citoyens et de la v\u00e9rit\u00e9.<\/p>\n<p><strong>Gildas AHOGNI <\/strong><\/p>\n<p><strong>Communiqu\u00e9 de Crystal News : <\/strong><\/p>\n<p>Crystal News a le plaisir de vous annoncer la reprise de ses programmes. Ceci fait suite \u00e0 la proc\u00e9dure d&rsquo;autorisation de la Haute Autorit\u00e9 de l&rsquo;Audiovisuel et de la Communication (HAAC) entam\u00e9e apr\u00e8s notre suspension le 21 janvier 2025. Cette reprise de nos activit\u00e9s correspond \u00e0 la p\u00e9riode d&rsquo;essai conform\u00e9ment \u00e0 la proc\u00e9dure de la HAAC. Elle durera 21 jours. C&rsquo;est \u00e0 l&rsquo;issue de cette p\u00e9riode qu&rsquo;une convention sera sign\u00e9e avec l&rsquo;institution de r\u00e9gulation.<\/p>\n<p>Nous exprimons nos sinc\u00e8res reconnaissances \u00e0 la Providence , \u00e0 la Haute Autorit\u00e9 de l&rsquo;Audiovisuel et de la Communication (HAAC) et \u00e0 tous ceux qui nous ont manifest\u00e9 leur solidarit\u00e9, leur proximit\u00e9 de quelque mani\u00e8re que ce soit durant cette p\u00e9riode de silence. Dieu vous le revaudra!<\/p>\n<p>Par ailleurs, nous vous annon\u00e7ons que Crystal News est en passe d&rsquo;\u00eatre un groupe de presse avec d\u00e9sormais trois m\u00e9dias en ligne :<\/p>\n<p>&#8211; Radio Crystal News (RCN)<\/p>\n<p>&#8211; Crystal News TV (CN TV)<\/p>\n<p>&#8211; B\u00e9nin Aujourd&rsquo;hui (Notre site d&rsquo;informations ou journal en ligne).<\/p>\n<p>\u00c0 travers ces diff\u00e9rents organes, notre vocation reste la m\u00eame, fournir \u00e0 l&rsquo;opinion les cl\u00e9s dont elle a besoin pour mieux comprendre l&rsquo;actualit\u00e9 et mieux la d\u00e9crypter.<\/p>\n<p><strong>\u00a0\u00a0\u00a0\u00a0\u00a0 Fait \u00e0 Porto-Novo le 04 d\u00e9cembre 2025. <\/strong><\/p>\n<p><strong>Le personnel de Crystal News.<\/strong><\/p>\n","protected":false},"excerpt":{"rendered":"<p>Apr\u00e8s pr\u00e8s d\u2019une ann\u00e9e d\u2019\u00e9preuve, deux m\u00e9dias b\u00e9ninois marquent leur retour \u00e0 l\u2019antenne. Autoris\u00e9s \u00e0 reprendre leurs activit\u00e9s \u00e0 l\u2019issue d\u2019une suspension, ils incarnent une presse r\u00e9siliente, ind\u00e9pendante et indispensable&hellip;<\/p>\n","protected":false},"author":5,"featured_media":15694,"comment_status":"open","ping_status":"open","sticky":false,"template":"","format":"standard","meta":{"content-type":"","om_disable_all_campaigns":false,"_monsterinsights_skip_tracking":false,"_monsterinsights_sitenote_active":false,"_monsterinsights_sitenote_note":"","_monsterinsights_sitenote_category":0,"_uf_show_specific_survey":0,"_uf_disable_surveys":false,"footnotes":""},"categories":[20],"tags":[],"class_list":["post-15693","post","type-post","status-publish","format-standard","has-post-thumbnail","hentry","category-societe"],"aioseo_notices":[],"yoast_head":"<!-- This site is optimized with the Yoast SEO plugin v27.5 - https:\/\/yoast.com\/product\/yoast-seo-wordpress\/ -->\n<title>M\u00e9dias et r\u00e9gulation au B\u00e9nin: Crystal News et Madame Actu renaissent - Le Patriote<\/title>\n<meta name=\"robots\" content=\"index, follow, max-snippet:-1, max-image-preview:large, max-video-preview:-1\" \/>\n<link rel=\"canonical\" href=\"https:\/\/lepatriotebenin.com\/index.php\/2025\/12\/05\/medias-et-regulation-au-benin-crystal-news-et-madame-actu-renaissent\/\" \/>\n<meta property=\"og:locale\" content=\"fr_FR\" \/>\n<meta property=\"og:type\" content=\"article\" \/>\n<meta property=\"og:title\" content=\"M\u00e9dias et r\u00e9gulation au B\u00e9nin: Crystal News et Madame Actu renaissent - Le Patriote\" \/>\n<meta property=\"og:description\" content=\"Apr\u00e8s pr\u00e8s d\u2019une ann\u00e9e d\u2019\u00e9preuve, deux m\u00e9dias b\u00e9ninois marquent leur retour \u00e0 l\u2019antenne. Autoris\u00e9s \u00e0 reprendre leurs activit\u00e9s \u00e0 l\u2019issue d\u2019une suspension, ils incarnent une presse r\u00e9siliente, ind\u00e9pendante et indispensable&hellip;\" \/>\n<meta property=\"og:url\" content=\"https:\/\/lepatriotebenin.com\/index.php\/2025\/12\/05\/medias-et-regulation-au-benin-crystal-news-et-madame-actu-renaissent\/\" \/>\n<meta property=\"og:site_name\" content=\"Le Patriote\" \/>\n<meta property=\"article:published_time\" content=\"2025-12-05T03:19:23+00:00\" \/>\n<meta property=\"article:modified_time\" content=\"2025-12-05T03:20:40+00:00\" \/>\n<meta property=\"og:image\" content=\"https:\/\/lepatriotebenin.com\/wp-content\/uploads\/2025\/12\/whatsapp-image-2025-12-05-a-04-12-49-91ff41d8.jpg\" \/>\n\t<meta property=\"og:image:width\" content=\"421\" \/>\n\t<meta property=\"og:image:height\" content=\"364\" \/>\n\t<meta property=\"og:image:type\" content=\"image\/jpeg\" \/>\n<meta name=\"author\" content=\"Redaction\" \/>\n<meta name=\"twitter:card\" content=\"summary_large_image\" \/>\n<meta name=\"twitter:label1\" content=\"\u00c9crit par\" \/>\n\t<meta name=\"twitter:data1\" content=\"Redaction\" \/>\n\t<meta name=\"twitter:label2\" content=\"Dur\u00e9e de lecture estim\u00e9e\" \/>\n\t<meta name=\"twitter:data2\" content=\"3 minutes\" \/>\n<script type=\"application\/ld+json\" class=\"yoast-schema-graph\">{\"@context\":\"https:\\\/\\\/schema.org\",\"@graph\":[{\"@type\":\"Article\",\"@id\":\"https:\\\/\\\/lepatriotebenin.com\\\/index.php\\\/2025\\\/12\\\/05\\\/medias-et-regulation-au-benin-crystal-news-et-madame-actu-renaissent\\\/#article\",\"isPartOf\":{\"@id\":\"https:\\\/\\\/lepatriotebenin.com\\\/index.php\\\/2025\\\/12\\\/05\\\/medias-et-regulation-au-benin-crystal-news-et-madame-actu-renaissent\\\/\"},\"author\":{\"name\":\"Redaction\",\"@id\":\"https:\\\/\\\/lepatriotebenin.com\\\/#\\\/schema\\\/person\\\/2e7709b9c9cc313e452d1136af61690f\"},\"headline\":\"M\u00e9dias et r\u00e9gulation au B\u00e9nin: Crystal News et Madame Actu renaissent\",\"datePublished\":\"2025-12-05T03:19:23+00:00\",\"dateModified\":\"2025-12-05T03:20:40+00:00\",\"mainEntityOfPage\":{\"@id\":\"https:\\\/\\\/lepatriotebenin.com\\\/index.php\\\/2025\\\/12\\\/05\\\/medias-et-regulation-au-benin-crystal-news-et-madame-actu-renaissent\\\/\"},\"wordCount\":566,\"commentCount\":0,\"image\":{\"@id\":\"https:\\\/\\\/lepatriotebenin.com\\\/index.php\\\/2025\\\/12\\\/05\\\/medias-et-regulation-au-benin-crystal-news-et-madame-actu-renaissent\\\/#primaryimage\"},\"thumbnailUrl\":\"https:\\\/\\\/lepatriotebenin.com\\\/wp-content\\\/uploads\\\/2025\\\/12\\\/whatsapp-image-2025-12-05-a-04-12-49-91ff41d8.jpg\",\"articleSection\":[\"Soci\u00e9t\u00e9\"],\"inLanguage\":\"fr-FR\",\"potentialAction\":[{\"@type\":\"CommentAction\",\"name\":\"Comment\",\"target\":[\"https:\\\/\\\/lepatriotebenin.com\\\/index.php\\\/2025\\\/12\\\/05\\\/medias-et-regulation-au-benin-crystal-news-et-madame-actu-renaissent\\\/#respond\"]}]},{\"@type\":\"WebPage\",\"@id\":\"https:\\\/\\\/lepatriotebenin.com\\\/index.php\\\/2025\\\/12\\\/05\\\/medias-et-regulation-au-benin-crystal-news-et-madame-actu-renaissent\\\/\",\"url\":\"https:\\\/\\\/lepatriotebenin.com\\\/index.php\\\/2025\\\/12\\\/05\\\/medias-et-regulation-au-benin-crystal-news-et-madame-actu-renaissent\\\/\",\"name\":\"M\u00e9dias et r\u00e9gulation au B\u00e9nin: Crystal News et Madame Actu renaissent - Le Patriote\",\"isPartOf\":{\"@id\":\"https:\\\/\\\/lepatriotebenin.com\\\/#website\"},\"primaryImageOfPage\":{\"@id\":\"https:\\\/\\\/lepatriotebenin.com\\\/index.php\\\/2025\\\/12\\\/05\\\/medias-et-regulation-au-benin-crystal-news-et-madame-actu-renaissent\\\/#primaryimage\"},\"image\":{\"@id\":\"https:\\\/\\\/lepatriotebenin.com\\\/index.php\\\/2025\\\/12\\\/05\\\/medias-et-regulation-au-benin-crystal-news-et-madame-actu-renaissent\\\/#primaryimage\"},\"thumbnailUrl\":\"https:\\\/\\\/lepatriotebenin.com\\\/wp-content\\\/uploads\\\/2025\\\/12\\\/whatsapp-image-2025-12-05-a-04-12-49-91ff41d8.jpg\",\"datePublished\":\"2025-12-05T03:19:23+00:00\",\"dateModified\":\"2025-12-05T03:20:40+00:00\",\"author\":{\"@id\":\"https:\\\/\\\/lepatriotebenin.com\\\/#\\\/schema\\\/person\\\/2e7709b9c9cc313e452d1136af61690f\"},\"breadcrumb\":{\"@id\":\"https:\\\/\\\/lepatriotebenin.com\\\/index.php\\\/2025\\\/12\\\/05\\\/medias-et-regulation-au-benin-crystal-news-et-madame-actu-renaissent\\\/#breadcrumb\"},\"inLanguage\":\"fr-FR\",\"potentialAction\":[{\"@type\":\"ReadAction\",\"target\":[\"https:\\\/\\\/lepatriotebenin.com\\\/index.php\\\/2025\\\/12\\\/05\\\/medias-et-regulation-au-benin-crystal-news-et-madame-actu-renaissent\\\/\"]}]},{\"@type\":\"ImageObject\",\"inLanguage\":\"fr-FR\",\"@id\":\"https:\\\/\\\/lepatriotebenin.com\\\/index.php\\\/2025\\\/12\\\/05\\\/medias-et-regulation-au-benin-crystal-news-et-madame-actu-renaissent\\\/#primaryimage\",\"url\":\"https:\\\/\\\/lepatriotebenin.com\\\/wp-content\\\/uploads\\\/2025\\\/12\\\/whatsapp-image-2025-12-05-a-04-12-49-91ff41d8.jpg\",\"contentUrl\":\"https:\\\/\\\/lepatriotebenin.com\\\/wp-content\\\/uploads\\\/2025\\\/12\\\/whatsapp-image-2025-12-05-a-04-12-49-91ff41d8.jpg\",\"width\":421,\"height\":364},{\"@type\":\"BreadcrumbList\",\"@id\":\"https:\\\/\\\/lepatriotebenin.com\\\/index.php\\\/2025\\\/12\\\/05\\\/medias-et-regulation-au-benin-crystal-news-et-madame-actu-renaissent\\\/#breadcrumb\",\"itemListElement\":[{\"@type\":\"ListItem\",\"position\":1,\"name\":\"Accueil\",\"item\":\"https:\\\/\\\/lepatriotebenin.com\\\/\"},{\"@type\":\"ListItem\",\"position\":2,\"name\":\"M\u00e9dias et r\u00e9gulation au B\u00e9nin: Crystal News et Madame Actu renaissent\"}]},{\"@type\":\"WebSite\",\"@id\":\"https:\\\/\\\/lepatriotebenin.com\\\/#website\",\"url\":\"https:\\\/\\\/lepatriotebenin.com\\\/\",\"name\":\"Le Patriote\",\"description\":\"Le Patriote B\u00e9nin\",\"potentialAction\":[{\"@type\":\"SearchAction\",\"target\":{\"@type\":\"EntryPoint\",\"urlTemplate\":\"https:\\\/\\\/lepatriotebenin.com\\\/?s={search_term_string}\"},\"query-input\":{\"@type\":\"PropertyValueSpecification\",\"valueRequired\":true,\"valueName\":\"search_term_string\"}}],\"inLanguage\":\"fr-FR\"},{\"@type\":\"Person\",\"@id\":\"https:\\\/\\\/lepatriotebenin.com\\\/#\\\/schema\\\/person\\\/2e7709b9c9cc313e452d1136af61690f\",\"name\":\"Redaction\",\"image\":{\"@type\":\"ImageObject\",\"inLanguage\":\"fr-FR\",\"@id\":\"https:\\\/\\\/secure.gravatar.com\\\/avatar\\\/c4c509357859ea2ca2cbb6d8812898a73e4ef1ef9934c2e591d7e32face734d1?s=96&d=mm&r=g\",\"url\":\"https:\\\/\\\/secure.gravatar.com\\\/avatar\\\/c4c509357859ea2ca2cbb6d8812898a73e4ef1ef9934c2e591d7e32face734d1?s=96&d=mm&r=g\",\"contentUrl\":\"https:\\\/\\\/secure.gravatar.com\\\/avatar\\\/c4c509357859ea2ca2cbb6d8812898a73e4ef1ef9934c2e591d7e32face734d1?s=96&d=mm&r=g\",\"caption\":\"Redaction\"},\"url\":\"https:\\\/\\\/lepatriotebenin.com\"}]}<\/script>\n<!-- \/ Yoast SEO plugin. -->","yoast_head_json":{"title":"M\u00e9dias et r\u00e9gulation au B\u00e9nin: Crystal News et Madame Actu renaissent - Le Patriote","robots":{"index":"index","follow":"follow","max-snippet":"max-snippet:-1","max-image-preview":"max-image-preview:large","max-video-preview":"max-video-preview:-1"},"canonical":"https:\/\/lepatriotebenin.com\/index.php\/2025\/12\/05\/medias-et-regulation-au-benin-crystal-news-et-madame-actu-renaissent\/","og_locale":"fr_FR","og_type":"article","og_title":"M\u00e9dias et r\u00e9gulation au B\u00e9nin: Crystal News et Madame Actu renaissent - Le Patriote","og_description":"Apr\u00e8s pr\u00e8s d\u2019une ann\u00e9e d\u2019\u00e9preuve, deux m\u00e9dias b\u00e9ninois marquent leur retour \u00e0 l\u2019antenne. Autoris\u00e9s \u00e0 reprendre leurs activit\u00e9s \u00e0 l\u2019issue d\u2019une suspension, ils incarnent une presse r\u00e9siliente, ind\u00e9pendante et indispensable&hellip;","og_url":"https:\/\/lepatriotebenin.com\/index.php\/2025\/12\/05\/medias-et-regulation-au-benin-crystal-news-et-madame-actu-renaissent\/","og_site_name":"Le Patriote","article_published_time":"2025-12-05T03:19:23+00:00","article_modified_time":"2025-12-05T03:20:40+00:00","og_image":[{"width":421,"height":364,"url":"https:\/\/lepatriotebenin.com\/wp-content\/uploads\/2025\/12\/whatsapp-image-2025-12-05-a-04-12-49-91ff41d8.jpg","type":"image\/jpeg"}],"author":"Redaction","twitter_card":"summary_large_image","twitter_misc":{"\u00c9crit par":"Redaction","Dur\u00e9e de lecture estim\u00e9e":"3 minutes"},"schema":{"@context":"https:\/\/schema.org","@graph":[{"@type":"Article","@id":"https:\/\/lepatriotebenin.com\/index.php\/2025\/12\/05\/medias-et-regulation-au-benin-crystal-news-et-madame-actu-renaissent\/#article","isPartOf":{"@id":"https:\/\/lepatriotebenin.com\/index.php\/2025\/12\/05\/medias-et-regulation-au-benin-crystal-news-et-madame-actu-renaissent\/"},"author":{"name":"Redaction","@id":"https:\/\/lepatriotebenin.com\/#\/schema\/person\/2e7709b9c9cc313e452d1136af61690f"},"headline":"M\u00e9dias et r\u00e9gulation au B\u00e9nin: Crystal News et Madame Actu renaissent","datePublished":"2025-12-05T03:19:23+00:00","dateModified":"2025-12-05T03:20:40+00:00","mainEntityOfPage":{"@id":"https:\/\/lepatriotebenin.com\/index.php\/2025\/12\/05\/medias-et-regulation-au-benin-crystal-news-et-madame-actu-renaissent\/"},"wordCount":566,"commentCount":0,"image":{"@id":"https:\/\/lepatriotebenin.com\/index.php\/2025\/12\/05\/medias-et-regulation-au-benin-crystal-news-et-madame-actu-renaissent\/#primaryimage"},"thumbnailUrl":"https:\/\/lepatriotebenin.com\/wp-content\/uploads\/2025\/12\/whatsapp-image-2025-12-05-a-04-12-49-91ff41d8.jpg","articleSection":["Soci\u00e9t\u00e9"],"inLanguage":"fr-FR","potentialAction":[{"@type":"CommentAction","name":"Comment","target":["https:\/\/lepatriotebenin.com\/index.php\/2025\/12\/05\/medias-et-regulation-au-benin-crystal-news-et-madame-actu-renaissent\/#respond"]}]},{"@type":"WebPage","@id":"https:\/\/lepatriotebenin.com\/index.php\/2025\/12\/05\/medias-et-regulation-au-benin-crystal-news-et-madame-actu-renaissent\/","url":"https:\/\/lepatriotebenin.com\/index.php\/2025\/12\/05\/medias-et-regulation-au-benin-crystal-news-et-madame-actu-renaissent\/","name":"M\u00e9dias et r\u00e9gulation au B\u00e9nin: Crystal News et Madame Actu renaissent - Le Patriote","isPartOf":{"@id":"https:\/\/lepatriotebenin.com\/#website"},"primaryImageOfPage":{"@id":"https:\/\/lepatriotebenin.com\/index.php\/2025\/12\/05\/medias-et-regulation-au-benin-crystal-news-et-madame-actu-renaissent\/#primaryimage"},"image":{"@id":"https:\/\/lepatriotebenin.com\/index.php\/2025\/12\/05\/medias-et-regulation-au-benin-crystal-news-et-madame-actu-renaissent\/#primaryimage"},"thumbnailUrl":"https:\/\/lepatriotebenin.com\/wp-content\/uploads\/2025\/12\/whatsapp-image-2025-12-05-a-04-12-49-91ff41d8.jpg","datePublished":"2025-12-05T03:19:23+00:00","dateModified":"2025-12-05T03:20:40+00:00","author":{"@id":"https:\/\/lepatriotebenin.com\/#\/schema\/person\/2e7709b9c9cc313e452d1136af61690f"},"breadcrumb":{"@id":"https:\/\/lepatriotebenin.com\/index.php\/2025\/12\/05\/medias-et-regulation-au-benin-crystal-news-et-madame-actu-renaissent\/#breadcrumb"},"inLanguage":"fr-FR","potentialAction":[{"@type":"ReadAction","target":["https:\/\/lepatriotebenin.com\/index.php\/2025\/12\/05\/medias-et-regulation-au-benin-crystal-news-et-madame-actu-renaissent\/"]}]},{"@type":"ImageObject","inLanguage":"fr-FR","@id":"https:\/\/lepatriotebenin.com\/index.php\/2025\/12\/05\/medias-et-regulation-au-benin-crystal-news-et-madame-actu-renaissent\/#primaryimage","url":"https:\/\/lepatriotebenin.com\/wp-content\/uploads\/2025\/12\/whatsapp-image-2025-12-05-a-04-12-49-91ff41d8.jpg","contentUrl":"https:\/\/lepatriotebenin.com\/wp-content\/uploads\/2025\/12\/whatsapp-image-2025-12-05-a-04-12-49-91ff41d8.jpg","width":421,"height":364},{"@type":"BreadcrumbList","@id":"https:\/\/lepatriotebenin.com\/index.php\/2025\/12\/05\/medias-et-regulation-au-benin-crystal-news-et-madame-actu-renaissent\/#breadcrumb","itemListElement":[{"@type":"ListItem","position":1,"name":"Accueil","item":"https:\/\/lepatriotebenin.com\/"},{"@type":"ListItem","position":2,"name":"M\u00e9dias et r\u00e9gulation au B\u00e9nin: Crystal News et Madame Actu renaissent"}]},{"@type":"WebSite","@id":"https:\/\/lepatriotebenin.com\/#website","url":"https:\/\/lepatriotebenin.com\/","name":"Le Patriote","description":"Le Patriote B\u00e9nin","potentialAction":[{"@type":"SearchAction","target":{"@type":"EntryPoint","urlTemplate":"https:\/\/lepatriotebenin.com\/?s={search_term_string}"},"query-input":{"@type":"PropertyValueSpecification","valueRequired":true,"valueName":"search_term_string"}}],"inLanguage":"fr-FR"},{"@type":"Person","@id":"https:\/\/lepatriotebenin.com\/#\/schema\/person\/2e7709b9c9cc313e452d1136af61690f","name":"Redaction","image":{"@type":"ImageObject","inLanguage":"fr-FR","@id":"https:\/\/secure.gravatar.com\/avatar\/c4c509357859ea2ca2cbb6d8812898a73e4ef1ef9934c2e591d7e32face734d1?s=96&d=mm&r=g","url":"https:\/\/secure.gravatar.com\/avatar\/c4c509357859ea2ca2cbb6d8812898a73e4ef1ef9934c2e591d7e32face734d1?s=96&d=mm&r=g","contentUrl":"https:\/\/secure.gravatar.com\/avatar\/c4c509357859ea2ca2cbb6d8812898a73e4ef1ef9934c2e591d7e32face734d1?s=96&d=mm&r=g","caption":"Redaction"},"url":"https:\/\/lepatriotebenin.com"}]}},"_links":{"self":[{"href":"https:\/\/lepatriotebenin.com\/index.php\/wp-json\/wp\/v2\/posts\/15693","targetHints":{"allow":["GET"]}}],"collection":[{"href":"https:\/\/lepatriotebenin.com\/index.php\/wp-json\/wp\/v2\/posts"}],"about":[{"href":"https:\/\/lepatriotebenin.com\/index.php\/wp-json\/wp\/v2\/types\/post"}],"author":[{"embeddable":true,"href":"https:\/\/lepatriotebenin.com\/index.php\/wp-json\/wp\/v2\/users\/5"}],"replies":[{"embeddable":true,"href":"https:\/\/lepatriotebenin.com\/index.php\/wp-json\/wp\/v2\/comments?post=15693"}],"version-history":[{"count":2,"href":"https:\/\/lepatriotebenin.com\/index.php\/wp-json\/wp\/v2\/posts\/15693\/revisions"}],"predecessor-version":[{"id":15696,"href":"https:\/\/lepatriotebenin.com\/index.php\/wp-json\/wp\/v2\/posts\/15693\/revisions\/15696"}],"wp:featuredmedia":[{"embeddable":true,"href":"https:\/\/lepatriotebenin.com\/index.php\/wp-json\/wp\/v2\/media\/15694"}],"wp:attachment":[{"href":"https:\/\/lepatriotebenin.com\/index.php\/wp-json\/wp\/v2\/media?parent=15693"}],"wp:term":[{"taxonomy":"category","embeddable":true,"href":"https:\/\/lepatriotebenin.com\/index.php\/wp-json\/wp\/v2\/categories?post=15693"},{"taxonomy":"post_tag","embeddable":true,"href":"https:\/\/lepatriotebenin.com\/index.php\/wp-json\/wp\/v2\/tags?post=15693"}],"curies":[{"name":"wp","href":"https:\/\/api.w.org\/{rel}","templated":true}]}}