{"id":15688,"date":"2025-12-05T02:52:00","date_gmt":"2025-12-05T01:52:00","guid":{"rendered":"https:\/\/lepatriotebenin.com\/?p=15688"},"modified":"2025-12-05T02:52:00","modified_gmt":"2025-12-05T01:52:00","slug":"eligibilite-a-lattribution-de-sieges-aux-legislatives-2026-la-mouvance-en-sursis-malgre-les-accords","status":"publish","type":"post","link":"https:\/\/lepatriotebenin.com\/index.php\/2025\/12\/05\/eligibilite-a-lattribution-de-sieges-aux-legislatives-2026-la-mouvance-en-sursis-malgre-les-accords\/","title":{"rendered":"\u00c9ligibilit\u00e9 \u00e0 l\u2019attribution de si\u00e8ges aux l\u00e9gislatives 2026 : La mouvance en sursis malgr\u00e9 les accords"},"content":{"rendered":"<p><em><strong>\u00c0 l\u2019approche des \u00e9lections l\u00e9gislatives de 2026 au B\u00e9nin, la nouvelle configuration introduite par la loi n\u00b02024-13 du 15 mars 2024 modifiant et compl\u00e9tant la loi n\u00b02019-43 portant Code \u00e9lectoral donne de l\u2019insomnie aux acteurs politiques. Longtemps per\u00e7ue comme un dispositif essentiellement d\u00e9favorable \u00e0 l\u2019opposition en particulier au parti Les D\u00e9mocrates, cette r\u00e9forme pourrait finalement avoir des cons\u00e9quences plus complexes, et potentiellement lourdes, pour les partis de la mouvance pr\u00e9sidentielle en course pour les l\u00e9gislatives de 2026.<\/strong><\/em><\/p>\n<p>Une \u00e9quation difficile continue de ronger le acteurs politiques de toutes tendances confondues \u00e0 la veille des \u00e9lections l\u00e9gislatives du 11 janvier 2026. Il s\u2019agit de l\u2019article 146 nouveau de la loi n\u00b02024-13 du 15 mars 2024 modifiant et compl\u00e9tant la loi n\u00b02019-43 portant Code \u00e9lectoral qui stipule que \u00ab seules sont \u00e9ligibles \u00e0 l&rsquo;attribution des si\u00e8ges, les listes ayant recueilli au moins vingt pour cent (20%) des suffrages valablement exprim\u00e9s dans chacune des circonscriptions \u00e9lectorales l\u00e9gislatives. Toutefois, pour les partis politiques ayant conclu et d\u00e9pos\u00e9 \u00e0 la Commission \u00e9lectorale nationale autonome pr\u00e9alablement \u00e0 la tenue du scrutin un accord de coalition parlementaire, il sera proc\u00e9d\u00e9, pour le calcul du seuil pr\u00e9vu \u00e0 l&rsquo;alin\u00e9a pr\u00e9c\u00e9dent, \u00e0 la somme des suffrages de ceux ayant recueilli au moins dix pour cent (10%) des suffrages exprim\u00e9s au plan national \u00bb. La nouvelle disposition introduit d\u00e9sormais deux conditions fondamentales pour qu\u2019un parti politique puisse pr\u00e9tendre \u00e0 l\u2019attribution des si\u00e8ges \u00e0 l\u2019Assembl\u00e9e nationale. Il faut avoir obtenu au moins 20 % des suffrages valablement exprim\u00e9s dans chaque circonscription \u00e9lectorale ou avoir conclu un accord de coalition parlementaire, auquel cas seuls les partis ayant recueilli au moins 10 % des suffrages exprim\u00e9s au plan national peuvent voir leurs voix agr\u00e9g\u00e9es \u00e0 celles des partenaires de la coalition. Cela implique un seuil de repr\u00e9sentativit\u00e9 beaucoup plus exigeant et constitue des verrous politiques dont les implications sont profondes. De facto, les coalitions ne garantissent plus l\u2019\u00e9ligibilit\u00e9 automatique. Contrairement \u00e0 ce que certains responsables politiques avaient laiss\u00e9 entendre dans les premiers jours suivant la publication de la loi, la signature d\u2019un accord de coalition parlementaire ne constitue pas une assurance-vie \u00e9lectorale. Pour en b\u00e9n\u00e9ficier, il faut atteindre individuellement 10 % au plan national. Dans le cas contraire, m\u00eame un accord sign\u00e9 avec un grand parti de la mouvance ne permettra pas \u00e0 une formation politique de b\u00e9n\u00e9ficier d\u2019un quelconque si\u00e8ge. Des partis alli\u00e9s de la majorit\u00e9 pourraient donc se retrouver sans d\u00e9put\u00e9, ce qui cr\u00e9erait un pr\u00e9c\u00e9dent in\u00e9dit depuis la r\u00e9forme du syst\u00e8me partisan.<\/p>\n<p><strong>La mouvance pr\u00e9sidentielle face \u00e0 une comp\u00e9tition interne accrue<\/strong><\/p>\n<p>A voir de pr\u00e8s et avec un regard d\u2019analyste, la nouvelle configuration juridique fait monter une pression consid\u00e9rable sur les partis de la mouvance. L\u00e0 o\u00f9 les accords politiques permettaient autrefois de s\u00e9curiser une repr\u00e9sentation parlementaire minimale, la nouvelle loi impose une v\u00e9ritable d\u00e9monstration de force individuelle. R\u00e9sultat, une grande bataille \u00e9lectorale s\u2019annonce entre les partis du m\u00eame camp, chacun cherchant \u00e0 atteindre le seuil salvateur des 10 % au niveau national ou celui des 20 % dans chaque circonscription \u00e9lectorale. Loin de s\u2019unir face \u00e0 l\u2019opposition, les partis de la mouvance devront d\u2019abord se livrer une concurrence interne rude pour garantir leur survie parlementaire. De fa\u00e7on paradoxale, le dispositif pourrait avantager le parti Les D\u00e9mocrates. Unique formation de l\u2019opposition repr\u00e9sent\u00e9e nationalement, le parti de Boni Yayi b\u00e9n\u00e9ficie d\u2019un positionnement clair avec aucune concurrence directe dans son camp. Cette absence de rival interne pourrait permettre au parti de concentrer les voix de l\u2019\u00e9lectorat d\u2019opposition, d\u2019\u00e9viter la dispersion des votes et potentiellement d\u2019atteindre plus facilement les seuils fix\u00e9s par la loi. Ainsi, contrairement \u00e0 l\u2019id\u00e9e largement r\u00e9pandue selon laquelle la loi serait mise en place contre Les D\u00e9mocrates, elle pourrait aussi affecter plusieurs partis de la mouvance, parfois m\u00eame de mani\u00e8re plus drastique si ceux-ci n\u2019atteignent pas les seuils impos\u00e9s. In fine, la loi \u00e9lectorale r\u00e9vis\u00e9e n\u2019impacte pas seulement l\u2019opposition ou les grands partis. Les semaines qui pr\u00e9c\u00e8dent les l\u00e9gislatives de 2026 s\u2019annoncent donc tendus avec une concurrence accrue dans la mouvance, une n\u00e9cessit\u00e9 d\u2019un ancrage local tr\u00e8s fort, une lutte pour d\u00e9passer les seuils d\u00e9cisifs et un repositionnement strat\u00e9gique des petites et moyennes formations. Les prochaines campagnes pourraient donc s\u2019annoncer plus corser et r\u00e9server de grandes surprises.<\/p>\n<p><strong>Alassane Tour\u00e9<\/strong><\/p>\n","protected":false},"excerpt":{"rendered":"<p>\u00c0 l\u2019approche des \u00e9lections l\u00e9gislatives de 2026 au B\u00e9nin, la nouvelle configuration introduite par la loi n\u00b02024-13 du 15 mars 2024 modifiant et compl\u00e9tant la loi n\u00b02019-43 portant Code \u00e9lectoral&hellip;<\/p>\n","protected":false},"author":5,"featured_media":15689,"comment_status":"open","ping_status":"open","sticky":false,"template":"","format":"standard","meta":{"content-type":"","om_disable_all_campaigns":false,"_monsterinsights_skip_tracking":false,"_monsterinsights_sitenote_active":false,"_monsterinsights_sitenote_note":"","_monsterinsights_sitenote_category":0,"_uf_show_specific_survey":0,"_uf_disable_surveys":false,"footnotes":""},"categories":[26],"tags":[],"class_list":["post-15688","post","type-post","status-publish","format-standard","has-post-thumbnail","hentry","category-politique"],"aioseo_notices":[],"yoast_head":"<!-- This site is optimized with the Yoast SEO plugin v27.5 - https:\/\/yoast.com\/product\/yoast-seo-wordpress\/ -->\n<title>\u00c9ligibilit\u00e9 \u00e0 l\u2019attribution de si\u00e8ges aux l\u00e9gislatives 2026 : La mouvance en sursis malgr\u00e9 les accords - Le Patriote<\/title>\n<meta name=\"robots\" content=\"index, follow, max-snippet:-1, max-image-preview:large, max-video-preview:-1\" \/>\n<link rel=\"canonical\" href=\"https:\/\/lepatriotebenin.com\/index.php\/2025\/12\/05\/eligibilite-a-lattribution-de-sieges-aux-legislatives-2026-la-mouvance-en-sursis-malgre-les-accords\/\" \/>\n<meta property=\"og:locale\" content=\"fr_FR\" \/>\n<meta property=\"og:type\" content=\"article\" \/>\n<meta property=\"og:title\" content=\"\u00c9ligibilit\u00e9 \u00e0 l\u2019attribution de si\u00e8ges aux l\u00e9gislatives 2026 : La mouvance en sursis malgr\u00e9 les accords - Le Patriote\" \/>\n<meta property=\"og:description\" content=\"\u00c0 l\u2019approche des \u00e9lections l\u00e9gislatives de 2026 au B\u00e9nin, la nouvelle configuration introduite par la loi n\u00b02024-13 du 15 mars 2024 modifiant et compl\u00e9tant la loi n\u00b02019-43 portant Code \u00e9lectoral&hellip;\" \/>\n<meta property=\"og:url\" content=\"https:\/\/lepatriotebenin.com\/index.php\/2025\/12\/05\/eligibilite-a-lattribution-de-sieges-aux-legislatives-2026-la-mouvance-en-sursis-malgre-les-accords\/\" \/>\n<meta property=\"og:site_name\" content=\"Le Patriote\" \/>\n<meta property=\"article:published_time\" content=\"2025-12-05T01:52:00+00:00\" \/>\n<meta property=\"og:image\" content=\"https:\/\/lepatriotebenin.com\/wp-content\/uploads\/2025\/12\/mouvance.jpg\" \/>\n\t<meta property=\"og:image:width\" content=\"1080\" \/>\n\t<meta property=\"og:image:height\" content=\"628\" \/>\n\t<meta property=\"og:image:type\" content=\"image\/jpeg\" \/>\n<meta name=\"author\" content=\"Redaction\" \/>\n<meta name=\"twitter:card\" content=\"summary_large_image\" \/>\n<meta name=\"twitter:label1\" content=\"\u00c9crit par\" \/>\n\t<meta name=\"twitter:data1\" content=\"Redaction\" \/>\n\t<meta name=\"twitter:label2\" content=\"Dur\u00e9e de lecture estim\u00e9e\" \/>\n\t<meta name=\"twitter:data2\" content=\"4 minutes\" \/>\n<script type=\"application\/ld+json\" class=\"yoast-schema-graph\">{\"@context\":\"https:\\\/\\\/schema.org\",\"@graph\":[{\"@type\":\"Article\",\"@id\":\"https:\\\/\\\/lepatriotebenin.com\\\/index.php\\\/2025\\\/12\\\/05\\\/eligibilite-a-lattribution-de-sieges-aux-legislatives-2026-la-mouvance-en-sursis-malgre-les-accords\\\/#article\",\"isPartOf\":{\"@id\":\"https:\\\/\\\/lepatriotebenin.com\\\/index.php\\\/2025\\\/12\\\/05\\\/eligibilite-a-lattribution-de-sieges-aux-legislatives-2026-la-mouvance-en-sursis-malgre-les-accords\\\/\"},\"author\":{\"name\":\"Redaction\",\"@id\":\"https:\\\/\\\/lepatriotebenin.com\\\/#\\\/schema\\\/person\\\/2e7709b9c9cc313e452d1136af61690f\"},\"headline\":\"\u00c9ligibilit\u00e9 \u00e0 l\u2019attribution de si\u00e8ges aux l\u00e9gislatives 2026 : La mouvance en sursis malgr\u00e9 les accords\",\"datePublished\":\"2025-12-05T01:52:00+00:00\",\"mainEntityOfPage\":{\"@id\":\"https:\\\/\\\/lepatriotebenin.com\\\/index.php\\\/2025\\\/12\\\/05\\\/eligibilite-a-lattribution-de-sieges-aux-legislatives-2026-la-mouvance-en-sursis-malgre-les-accords\\\/\"},\"wordCount\":790,\"commentCount\":0,\"image\":{\"@id\":\"https:\\\/\\\/lepatriotebenin.com\\\/index.php\\\/2025\\\/12\\\/05\\\/eligibilite-a-lattribution-de-sieges-aux-legislatives-2026-la-mouvance-en-sursis-malgre-les-accords\\\/#primaryimage\"},\"thumbnailUrl\":\"https:\\\/\\\/lepatriotebenin.com\\\/wp-content\\\/uploads\\\/2025\\\/12\\\/mouvance.jpg\",\"articleSection\":[\"Politique\"],\"inLanguage\":\"fr-FR\",\"potentialAction\":[{\"@type\":\"CommentAction\",\"name\":\"Comment\",\"target\":[\"https:\\\/\\\/lepatriotebenin.com\\\/index.php\\\/2025\\\/12\\\/05\\\/eligibilite-a-lattribution-de-sieges-aux-legislatives-2026-la-mouvance-en-sursis-malgre-les-accords\\\/#respond\"]}]},{\"@type\":\"WebPage\",\"@id\":\"https:\\\/\\\/lepatriotebenin.com\\\/index.php\\\/2025\\\/12\\\/05\\\/eligibilite-a-lattribution-de-sieges-aux-legislatives-2026-la-mouvance-en-sursis-malgre-les-accords\\\/\",\"url\":\"https:\\\/\\\/lepatriotebenin.com\\\/index.php\\\/2025\\\/12\\\/05\\\/eligibilite-a-lattribution-de-sieges-aux-legislatives-2026-la-mouvance-en-sursis-malgre-les-accords\\\/\",\"name\":\"\u00c9ligibilit\u00e9 \u00e0 l\u2019attribution de si\u00e8ges aux l\u00e9gislatives 2026 : La mouvance en sursis malgr\u00e9 les accords - Le Patriote\",\"isPartOf\":{\"@id\":\"https:\\\/\\\/lepatriotebenin.com\\\/#website\"},\"primaryImageOfPage\":{\"@id\":\"https:\\\/\\\/lepatriotebenin.com\\\/index.php\\\/2025\\\/12\\\/05\\\/eligibilite-a-lattribution-de-sieges-aux-legislatives-2026-la-mouvance-en-sursis-malgre-les-accords\\\/#primaryimage\"},\"image\":{\"@id\":\"https:\\\/\\\/lepatriotebenin.com\\\/index.php\\\/2025\\\/12\\\/05\\\/eligibilite-a-lattribution-de-sieges-aux-legislatives-2026-la-mouvance-en-sursis-malgre-les-accords\\\/#primaryimage\"},\"thumbnailUrl\":\"https:\\\/\\\/lepatriotebenin.com\\\/wp-content\\\/uploads\\\/2025\\\/12\\\/mouvance.jpg\",\"datePublished\":\"2025-12-05T01:52:00+00:00\",\"author\":{\"@id\":\"https:\\\/\\\/lepatriotebenin.com\\\/#\\\/schema\\\/person\\\/2e7709b9c9cc313e452d1136af61690f\"},\"breadcrumb\":{\"@id\":\"https:\\\/\\\/lepatriotebenin.com\\\/index.php\\\/2025\\\/12\\\/05\\\/eligibilite-a-lattribution-de-sieges-aux-legislatives-2026-la-mouvance-en-sursis-malgre-les-accords\\\/#breadcrumb\"},\"inLanguage\":\"fr-FR\",\"potentialAction\":[{\"@type\":\"ReadAction\",\"target\":[\"https:\\\/\\\/lepatriotebenin.com\\\/index.php\\\/2025\\\/12\\\/05\\\/eligibilite-a-lattribution-de-sieges-aux-legislatives-2026-la-mouvance-en-sursis-malgre-les-accords\\\/\"]}]},{\"@type\":\"ImageObject\",\"inLanguage\":\"fr-FR\",\"@id\":\"https:\\\/\\\/lepatriotebenin.com\\\/index.php\\\/2025\\\/12\\\/05\\\/eligibilite-a-lattribution-de-sieges-aux-legislatives-2026-la-mouvance-en-sursis-malgre-les-accords\\\/#primaryimage\",\"url\":\"https:\\\/\\\/lepatriotebenin.com\\\/wp-content\\\/uploads\\\/2025\\\/12\\\/mouvance.jpg\",\"contentUrl\":\"https:\\\/\\\/lepatriotebenin.com\\\/wp-content\\\/uploads\\\/2025\\\/12\\\/mouvance.jpg\",\"width\":1080,\"height\":628},{\"@type\":\"BreadcrumbList\",\"@id\":\"https:\\\/\\\/lepatriotebenin.com\\\/index.php\\\/2025\\\/12\\\/05\\\/eligibilite-a-lattribution-de-sieges-aux-legislatives-2026-la-mouvance-en-sursis-malgre-les-accords\\\/#breadcrumb\",\"itemListElement\":[{\"@type\":\"ListItem\",\"position\":1,\"name\":\"Accueil\",\"item\":\"https:\\\/\\\/lepatriotebenin.com\\\/\"},{\"@type\":\"ListItem\",\"position\":2,\"name\":\"\u00c9ligibilit\u00e9 \u00e0 l\u2019attribution de si\u00e8ges aux l\u00e9gislatives 2026 : La mouvance en sursis malgr\u00e9 les accords\"}]},{\"@type\":\"WebSite\",\"@id\":\"https:\\\/\\\/lepatriotebenin.com\\\/#website\",\"url\":\"https:\\\/\\\/lepatriotebenin.com\\\/\",\"name\":\"Le Patriote\",\"description\":\"Le Patriote B\u00e9nin\",\"potentialAction\":[{\"@type\":\"SearchAction\",\"target\":{\"@type\":\"EntryPoint\",\"urlTemplate\":\"https:\\\/\\\/lepatriotebenin.com\\\/?s={search_term_string}\"},\"query-input\":{\"@type\":\"PropertyValueSpecification\",\"valueRequired\":true,\"valueName\":\"search_term_string\"}}],\"inLanguage\":\"fr-FR\"},{\"@type\":\"Person\",\"@id\":\"https:\\\/\\\/lepatriotebenin.com\\\/#\\\/schema\\\/person\\\/2e7709b9c9cc313e452d1136af61690f\",\"name\":\"Redaction\",\"image\":{\"@type\":\"ImageObject\",\"inLanguage\":\"fr-FR\",\"@id\":\"https:\\\/\\\/secure.gravatar.com\\\/avatar\\\/c4c509357859ea2ca2cbb6d8812898a73e4ef1ef9934c2e591d7e32face734d1?s=96&d=mm&r=g\",\"url\":\"https:\\\/\\\/secure.gravatar.com\\\/avatar\\\/c4c509357859ea2ca2cbb6d8812898a73e4ef1ef9934c2e591d7e32face734d1?s=96&d=mm&r=g\",\"contentUrl\":\"https:\\\/\\\/secure.gravatar.com\\\/avatar\\\/c4c509357859ea2ca2cbb6d8812898a73e4ef1ef9934c2e591d7e32face734d1?s=96&d=mm&r=g\",\"caption\":\"Redaction\"},\"url\":\"https:\\\/\\\/lepatriotebenin.com\"}]}<\/script>\n<!-- \/ Yoast SEO plugin. -->","yoast_head_json":{"title":"\u00c9ligibilit\u00e9 \u00e0 l\u2019attribution de si\u00e8ges aux l\u00e9gislatives 2026 : La mouvance en sursis malgr\u00e9 les accords - Le Patriote","robots":{"index":"index","follow":"follow","max-snippet":"max-snippet:-1","max-image-preview":"max-image-preview:large","max-video-preview":"max-video-preview:-1"},"canonical":"https:\/\/lepatriotebenin.com\/index.php\/2025\/12\/05\/eligibilite-a-lattribution-de-sieges-aux-legislatives-2026-la-mouvance-en-sursis-malgre-les-accords\/","og_locale":"fr_FR","og_type":"article","og_title":"\u00c9ligibilit\u00e9 \u00e0 l\u2019attribution de si\u00e8ges aux l\u00e9gislatives 2026 : La mouvance en sursis malgr\u00e9 les accords - Le Patriote","og_description":"\u00c0 l\u2019approche des \u00e9lections l\u00e9gislatives de 2026 au B\u00e9nin, la nouvelle configuration introduite par la loi n\u00b02024-13 du 15 mars 2024 modifiant et compl\u00e9tant la loi n\u00b02019-43 portant Code \u00e9lectoral&hellip;","og_url":"https:\/\/lepatriotebenin.com\/index.php\/2025\/12\/05\/eligibilite-a-lattribution-de-sieges-aux-legislatives-2026-la-mouvance-en-sursis-malgre-les-accords\/","og_site_name":"Le Patriote","article_published_time":"2025-12-05T01:52:00+00:00","og_image":[{"width":1080,"height":628,"url":"https:\/\/lepatriotebenin.com\/wp-content\/uploads\/2025\/12\/mouvance.jpg","type":"image\/jpeg"}],"author":"Redaction","twitter_card":"summary_large_image","twitter_misc":{"\u00c9crit par":"Redaction","Dur\u00e9e de lecture estim\u00e9e":"4 minutes"},"schema":{"@context":"https:\/\/schema.org","@graph":[{"@type":"Article","@id":"https:\/\/lepatriotebenin.com\/index.php\/2025\/12\/05\/eligibilite-a-lattribution-de-sieges-aux-legislatives-2026-la-mouvance-en-sursis-malgre-les-accords\/#article","isPartOf":{"@id":"https:\/\/lepatriotebenin.com\/index.php\/2025\/12\/05\/eligibilite-a-lattribution-de-sieges-aux-legislatives-2026-la-mouvance-en-sursis-malgre-les-accords\/"},"author":{"name":"Redaction","@id":"https:\/\/lepatriotebenin.com\/#\/schema\/person\/2e7709b9c9cc313e452d1136af61690f"},"headline":"\u00c9ligibilit\u00e9 \u00e0 l\u2019attribution de si\u00e8ges aux l\u00e9gislatives 2026 : La mouvance en sursis malgr\u00e9 les accords","datePublished":"2025-12-05T01:52:00+00:00","mainEntityOfPage":{"@id":"https:\/\/lepatriotebenin.com\/index.php\/2025\/12\/05\/eligibilite-a-lattribution-de-sieges-aux-legislatives-2026-la-mouvance-en-sursis-malgre-les-accords\/"},"wordCount":790,"commentCount":0,"image":{"@id":"https:\/\/lepatriotebenin.com\/index.php\/2025\/12\/05\/eligibilite-a-lattribution-de-sieges-aux-legislatives-2026-la-mouvance-en-sursis-malgre-les-accords\/#primaryimage"},"thumbnailUrl":"https:\/\/lepatriotebenin.com\/wp-content\/uploads\/2025\/12\/mouvance.jpg","articleSection":["Politique"],"inLanguage":"fr-FR","potentialAction":[{"@type":"CommentAction","name":"Comment","target":["https:\/\/lepatriotebenin.com\/index.php\/2025\/12\/05\/eligibilite-a-lattribution-de-sieges-aux-legislatives-2026-la-mouvance-en-sursis-malgre-les-accords\/#respond"]}]},{"@type":"WebPage","@id":"https:\/\/lepatriotebenin.com\/index.php\/2025\/12\/05\/eligibilite-a-lattribution-de-sieges-aux-legislatives-2026-la-mouvance-en-sursis-malgre-les-accords\/","url":"https:\/\/lepatriotebenin.com\/index.php\/2025\/12\/05\/eligibilite-a-lattribution-de-sieges-aux-legislatives-2026-la-mouvance-en-sursis-malgre-les-accords\/","name":"\u00c9ligibilit\u00e9 \u00e0 l\u2019attribution de si\u00e8ges aux l\u00e9gislatives 2026 : La mouvance en sursis malgr\u00e9 les accords - Le Patriote","isPartOf":{"@id":"https:\/\/lepatriotebenin.com\/#website"},"primaryImageOfPage":{"@id":"https:\/\/lepatriotebenin.com\/index.php\/2025\/12\/05\/eligibilite-a-lattribution-de-sieges-aux-legislatives-2026-la-mouvance-en-sursis-malgre-les-accords\/#primaryimage"},"image":{"@id":"https:\/\/lepatriotebenin.com\/index.php\/2025\/12\/05\/eligibilite-a-lattribution-de-sieges-aux-legislatives-2026-la-mouvance-en-sursis-malgre-les-accords\/#primaryimage"},"thumbnailUrl":"https:\/\/lepatriotebenin.com\/wp-content\/uploads\/2025\/12\/mouvance.jpg","datePublished":"2025-12-05T01:52:00+00:00","author":{"@id":"https:\/\/lepatriotebenin.com\/#\/schema\/person\/2e7709b9c9cc313e452d1136af61690f"},"breadcrumb":{"@id":"https:\/\/lepatriotebenin.com\/index.php\/2025\/12\/05\/eligibilite-a-lattribution-de-sieges-aux-legislatives-2026-la-mouvance-en-sursis-malgre-les-accords\/#breadcrumb"},"inLanguage":"fr-FR","potentialAction":[{"@type":"ReadAction","target":["https:\/\/lepatriotebenin.com\/index.php\/2025\/12\/05\/eligibilite-a-lattribution-de-sieges-aux-legislatives-2026-la-mouvance-en-sursis-malgre-les-accords\/"]}]},{"@type":"ImageObject","inLanguage":"fr-FR","@id":"https:\/\/lepatriotebenin.com\/index.php\/2025\/12\/05\/eligibilite-a-lattribution-de-sieges-aux-legislatives-2026-la-mouvance-en-sursis-malgre-les-accords\/#primaryimage","url":"https:\/\/lepatriotebenin.com\/wp-content\/uploads\/2025\/12\/mouvance.jpg","contentUrl":"https:\/\/lepatriotebenin.com\/wp-content\/uploads\/2025\/12\/mouvance.jpg","width":1080,"height":628},{"@type":"BreadcrumbList","@id":"https:\/\/lepatriotebenin.com\/index.php\/2025\/12\/05\/eligibilite-a-lattribution-de-sieges-aux-legislatives-2026-la-mouvance-en-sursis-malgre-les-accords\/#breadcrumb","itemListElement":[{"@type":"ListItem","position":1,"name":"Accueil","item":"https:\/\/lepatriotebenin.com\/"},{"@type":"ListItem","position":2,"name":"\u00c9ligibilit\u00e9 \u00e0 l\u2019attribution de si\u00e8ges aux l\u00e9gislatives 2026 : La mouvance en sursis malgr\u00e9 les accords"}]},{"@type":"WebSite","@id":"https:\/\/lepatriotebenin.com\/#website","url":"https:\/\/lepatriotebenin.com\/","name":"Le Patriote","description":"Le Patriote B\u00e9nin","potentialAction":[{"@type":"SearchAction","target":{"@type":"EntryPoint","urlTemplate":"https:\/\/lepatriotebenin.com\/?s={search_term_string}"},"query-input":{"@type":"PropertyValueSpecification","valueRequired":true,"valueName":"search_term_string"}}],"inLanguage":"fr-FR"},{"@type":"Person","@id":"https:\/\/lepatriotebenin.com\/#\/schema\/person\/2e7709b9c9cc313e452d1136af61690f","name":"Redaction","image":{"@type":"ImageObject","inLanguage":"fr-FR","@id":"https:\/\/secure.gravatar.com\/avatar\/c4c509357859ea2ca2cbb6d8812898a73e4ef1ef9934c2e591d7e32face734d1?s=96&d=mm&r=g","url":"https:\/\/secure.gravatar.com\/avatar\/c4c509357859ea2ca2cbb6d8812898a73e4ef1ef9934c2e591d7e32face734d1?s=96&d=mm&r=g","contentUrl":"https:\/\/secure.gravatar.com\/avatar\/c4c509357859ea2ca2cbb6d8812898a73e4ef1ef9934c2e591d7e32face734d1?s=96&d=mm&r=g","caption":"Redaction"},"url":"https:\/\/lepatriotebenin.com"}]}},"_links":{"self":[{"href":"https:\/\/lepatriotebenin.com\/index.php\/wp-json\/wp\/v2\/posts\/15688","targetHints":{"allow":["GET"]}}],"collection":[{"href":"https:\/\/lepatriotebenin.com\/index.php\/wp-json\/wp\/v2\/posts"}],"about":[{"href":"https:\/\/lepatriotebenin.com\/index.php\/wp-json\/wp\/v2\/types\/post"}],"author":[{"embeddable":true,"href":"https:\/\/lepatriotebenin.com\/index.php\/wp-json\/wp\/v2\/users\/5"}],"replies":[{"embeddable":true,"href":"https:\/\/lepatriotebenin.com\/index.php\/wp-json\/wp\/v2\/comments?post=15688"}],"version-history":[{"count":1,"href":"https:\/\/lepatriotebenin.com\/index.php\/wp-json\/wp\/v2\/posts\/15688\/revisions"}],"predecessor-version":[{"id":15690,"href":"https:\/\/lepatriotebenin.com\/index.php\/wp-json\/wp\/v2\/posts\/15688\/revisions\/15690"}],"wp:featuredmedia":[{"embeddable":true,"href":"https:\/\/lepatriotebenin.com\/index.php\/wp-json\/wp\/v2\/media\/15689"}],"wp:attachment":[{"href":"https:\/\/lepatriotebenin.com\/index.php\/wp-json\/wp\/v2\/media?parent=15688"}],"wp:term":[{"taxonomy":"category","embeddable":true,"href":"https:\/\/lepatriotebenin.com\/index.php\/wp-json\/wp\/v2\/categories?post=15688"},{"taxonomy":"post_tag","embeddable":true,"href":"https:\/\/lepatriotebenin.com\/index.php\/wp-json\/wp\/v2\/tags?post=15688"}],"curies":[{"name":"wp","href":"https:\/\/api.w.org\/{rel}","templated":true}]}}