{"id":15684,"date":"2025-12-05T02:47:05","date_gmt":"2025-12-05T01:47:05","guid":{"rendered":"https:\/\/lepatriotebenin.com\/?p=15684"},"modified":"2025-12-05T02:47:05","modified_gmt":"2025-12-05T01:47:05","slug":"rdc-et-rwanda-un-accord-de-paix-signe-a-washington-entre-espoirs-et-doutes","status":"publish","type":"post","link":"https:\/\/lepatriotebenin.com\/index.php\/2025\/12\/05\/rdc-et-rwanda-un-accord-de-paix-signe-a-washington-entre-espoirs-et-doutes\/","title":{"rendered":"RDC et Rwanda : un accord de paix sign\u00e9 \u00e0 Washington, entre espoirs et doutes"},"content":{"rendered":"<p><strong>Ce jeudi 4 d\u00e9cembre 2025, les pr\u00e9sidents de la RDC et du Rwanda ont sign\u00e9 \u00e0 Washington un accord global de paix et de coop\u00e9ration sous la m\u00e9diation des \u00c9tats-Unis. Malgr\u00e9 les propos optimistes de Donald Trump, la situation s\u00e9curitaire \u00e0 l\u2019Est de la RDC reste pr\u00e9occupante.<\/strong><\/p>\n<p>\u00c0 la Maison\u2011Blanche, Donald Trump a accueilli F\u00e9lix Tshisekedi et Paul Kagame pour la signature d\u2019un accord qualifi\u00e9 de \u00ab global \u00bb, visant \u00e0 instaurer la paix, relancer l\u2019\u00e9conomie r\u00e9gionale et renforcer la coop\u00e9ration bilat\u00e9rale. Le pr\u00e9sident am\u00e9ricain a salu\u00e9 l\u2019\u00e9v\u00e9nement comme un \u00ab grand miracle \u00bb, tandis que les deux dirigeants africains ont adopt\u00e9 un ton plus mesur\u00e9, rappelant les d\u00e9fis qui restent \u00e0 surmonter.<\/p>\n<p>La c\u00e9r\u00e9monie a officialis\u00e9 un accord portant sur plusieurs axes majeurs. Sur le plan de la s\u00e9curit\u00e9 et de la paix, il pr\u00e9voit l\u2019instauration d\u2019un cessez-le-feu imm\u00e9diat, un programme de d\u00e9sarmement des groupes arm\u00e9s et le retour progressif des personnes d\u00e9plac\u00e9es.<\/p>\n<p>L\u2019accord contient \u00e9galement un volet \u00e9conomique, destin\u00e9 \u00e0 relancer les infrastructures, favoriser les investissements conjoints et soutenir le d\u00e9veloppement durable dans les r\u00e9gions affect\u00e9es par les conflits. Enfin, la coop\u00e9ration bilat\u00e9rale est renforc\u00e9e, avec un accent particulier sur la diplomatie et l\u2019exploitation responsable des ressources naturelles, notamment les minerais strat\u00e9giques de la RDC, essentiels aux industries de pointe.<\/p>\n<p>Au cours de la c\u00e9r\u00e9monie Donald Trump a d\u00e9clar\u00e9 : \u00ab Tout le monde va gagner beaucoup d\u2019argent \u00bb, soulignant l\u2019aspect \u00e9conomique de l\u2019initiative. Paul Kagame a salu\u00e9 la m\u00e9diation \u00ab pragmatique \u00bb, tout en avertissant qu\u2019il y aurait \u00ab des hauts et des bas \u00bb dans la mise en \u0153uvre. F\u00e9lix Tshisekedi a quant \u00e0 lui parl\u00e9 d\u2019un \u00ab chemin exigeant \u00bb mais n\u00e9cessaire vers la stabilit\u00e9.<\/p>\n<p><strong>Des d\u00e9fis persistants sur le terrain<\/strong><\/p>\n<p>Malgr\u00e9 la port\u00e9e symbolique de l\u2019accord, la situation s\u00e9curitaire reste critique. Les combats entre le M23, soutenu par Kigali, et l\u2019arm\u00e9e congolaise se poursuivent dans la province du Sud-Kivu. Des tirs d\u2019armes lourdes et des frappes a\u00e9riennes ont \u00e9t\u00e9 rapport\u00e9s \u00e0 Kamanyola et Kaziba, tandis que des milliers de civils demeurent d\u00e9plac\u00e9s. Analystes et observateurs mettent en garde : l\u2019accord risque de rester symbolique tant que les causes profondes du conflit \u2014 rivalit\u00e9s ethniques, contr\u00f4le des ressources, groupes arm\u00e9s non signataires \u2014 ne seront pas abord\u00e9es de mani\u00e8re concr\u00e8te.<\/p>\n<p>La c\u00e9r\u00e9monie de Washington marque un tournant diplomatique et un signal fort pour la r\u00e9gion des Grands Lacs. Toutefois, la r\u00e9ussite de l\u2019accord d\u00e9pendra de l\u2019engagement r\u00e9el des gouvernements, de l\u2019inclusion des acteurs locaux et du suivi effectif des engagements. Sans cela, le texte pourrait rester un espoir sur le papier plut\u00f4t qu\u2019une paix tangible sur le terrain.<\/p>\n<p><strong>Ez\u00e9chiel Dagb\u00e9gnon PADONOU<\/strong><\/p>\n","protected":false},"excerpt":{"rendered":"<p>Ce jeudi 4 d\u00e9cembre 2025, les pr\u00e9sidents de la RDC et du Rwanda ont sign\u00e9 \u00e0 Washington un accord global de paix et de coop\u00e9ration sous la m\u00e9diation des \u00c9tats-Unis.&hellip;<\/p>\n","protected":false},"author":5,"featured_media":15685,"comment_status":"open","ping_status":"open","sticky":false,"template":"","format":"standard","meta":{"content-type":"","om_disable_all_campaigns":false,"_monsterinsights_skip_tracking":false,"_monsterinsights_sitenote_active":false,"_monsterinsights_sitenote_note":"","_monsterinsights_sitenote_category":0,"_uf_show_specific_survey":0,"_uf_disable_surveys":false,"footnotes":""},"categories":[26],"tags":[],"class_list":["post-15684","post","type-post","status-publish","format-standard","has-post-thumbnail","hentry","category-politique"],"aioseo_notices":[],"yoast_head":"<!-- This site is optimized with the Yoast SEO plugin v27.5 - https:\/\/yoast.com\/product\/yoast-seo-wordpress\/ -->\n<title>RDC et Rwanda : un accord de paix sign\u00e9 \u00e0 Washington, entre espoirs et doutes - Le Patriote<\/title>\n<meta name=\"robots\" content=\"index, follow, max-snippet:-1, max-image-preview:large, max-video-preview:-1\" \/>\n<link rel=\"canonical\" href=\"https:\/\/lepatriotebenin.com\/index.php\/2025\/12\/05\/rdc-et-rwanda-un-accord-de-paix-signe-a-washington-entre-espoirs-et-doutes\/\" \/>\n<meta property=\"og:locale\" content=\"fr_FR\" \/>\n<meta property=\"og:type\" content=\"article\" \/>\n<meta property=\"og:title\" content=\"RDC et Rwanda : un accord de paix sign\u00e9 \u00e0 Washington, entre espoirs et doutes - Le Patriote\" \/>\n<meta property=\"og:description\" content=\"Ce jeudi 4 d\u00e9cembre 2025, les pr\u00e9sidents de la RDC et du Rwanda ont sign\u00e9 \u00e0 Washington un accord global de paix et de coop\u00e9ration sous la m\u00e9diation des \u00c9tats-Unis.&hellip;\" \/>\n<meta property=\"og:url\" content=\"https:\/\/lepatriotebenin.com\/index.php\/2025\/12\/05\/rdc-et-rwanda-un-accord-de-paix-signe-a-washington-entre-espoirs-et-doutes\/\" \/>\n<meta property=\"og:site_name\" content=\"Le Patriote\" \/>\n<meta property=\"article:published_time\" content=\"2025-12-05T01:47:05+00:00\" \/>\n<meta property=\"og:image\" content=\"https:\/\/lepatriotebenin.com\/wp-content\/uploads\/2025\/12\/rdc-rwanda.jpg\" \/>\n\t<meta property=\"og:image:width\" content=\"708\" \/>\n\t<meta property=\"og:image:height\" content=\"372\" \/>\n\t<meta property=\"og:image:type\" content=\"image\/jpeg\" \/>\n<meta name=\"author\" content=\"Redaction\" \/>\n<meta name=\"twitter:card\" content=\"summary_large_image\" \/>\n<meta name=\"twitter:label1\" content=\"\u00c9crit par\" \/>\n\t<meta name=\"twitter:data1\" content=\"Redaction\" \/>\n\t<meta name=\"twitter:label2\" content=\"Dur\u00e9e de lecture estim\u00e9e\" \/>\n\t<meta name=\"twitter:data2\" content=\"3 minutes\" \/>\n<script type=\"application\/ld+json\" class=\"yoast-schema-graph\">{\"@context\":\"https:\\\/\\\/schema.org\",\"@graph\":[{\"@type\":\"Article\",\"@id\":\"https:\\\/\\\/lepatriotebenin.com\\\/index.php\\\/2025\\\/12\\\/05\\\/rdc-et-rwanda-un-accord-de-paix-signe-a-washington-entre-espoirs-et-doutes\\\/#article\",\"isPartOf\":{\"@id\":\"https:\\\/\\\/lepatriotebenin.com\\\/index.php\\\/2025\\\/12\\\/05\\\/rdc-et-rwanda-un-accord-de-paix-signe-a-washington-entre-espoirs-et-doutes\\\/\"},\"author\":{\"name\":\"Redaction\",\"@id\":\"https:\\\/\\\/lepatriotebenin.com\\\/#\\\/schema\\\/person\\\/2e7709b9c9cc313e452d1136af61690f\"},\"headline\":\"RDC et Rwanda : un accord de paix sign\u00e9 \u00e0 Washington, entre espoirs et doutes\",\"datePublished\":\"2025-12-05T01:47:05+00:00\",\"mainEntityOfPage\":{\"@id\":\"https:\\\/\\\/lepatriotebenin.com\\\/index.php\\\/2025\\\/12\\\/05\\\/rdc-et-rwanda-un-accord-de-paix-signe-a-washington-entre-espoirs-et-doutes\\\/\"},\"wordCount\":504,\"commentCount\":0,\"image\":{\"@id\":\"https:\\\/\\\/lepatriotebenin.com\\\/index.php\\\/2025\\\/12\\\/05\\\/rdc-et-rwanda-un-accord-de-paix-signe-a-washington-entre-espoirs-et-doutes\\\/#primaryimage\"},\"thumbnailUrl\":\"https:\\\/\\\/lepatriotebenin.com\\\/wp-content\\\/uploads\\\/2025\\\/12\\\/rdc-rwanda.jpg\",\"articleSection\":[\"Politique\"],\"inLanguage\":\"fr-FR\",\"potentialAction\":[{\"@type\":\"CommentAction\",\"name\":\"Comment\",\"target\":[\"https:\\\/\\\/lepatriotebenin.com\\\/index.php\\\/2025\\\/12\\\/05\\\/rdc-et-rwanda-un-accord-de-paix-signe-a-washington-entre-espoirs-et-doutes\\\/#respond\"]}]},{\"@type\":\"WebPage\",\"@id\":\"https:\\\/\\\/lepatriotebenin.com\\\/index.php\\\/2025\\\/12\\\/05\\\/rdc-et-rwanda-un-accord-de-paix-signe-a-washington-entre-espoirs-et-doutes\\\/\",\"url\":\"https:\\\/\\\/lepatriotebenin.com\\\/index.php\\\/2025\\\/12\\\/05\\\/rdc-et-rwanda-un-accord-de-paix-signe-a-washington-entre-espoirs-et-doutes\\\/\",\"name\":\"RDC et Rwanda : un accord de paix sign\u00e9 \u00e0 Washington, entre espoirs et doutes - Le Patriote\",\"isPartOf\":{\"@id\":\"https:\\\/\\\/lepatriotebenin.com\\\/#website\"},\"primaryImageOfPage\":{\"@id\":\"https:\\\/\\\/lepatriotebenin.com\\\/index.php\\\/2025\\\/12\\\/05\\\/rdc-et-rwanda-un-accord-de-paix-signe-a-washington-entre-espoirs-et-doutes\\\/#primaryimage\"},\"image\":{\"@id\":\"https:\\\/\\\/lepatriotebenin.com\\\/index.php\\\/2025\\\/12\\\/05\\\/rdc-et-rwanda-un-accord-de-paix-signe-a-washington-entre-espoirs-et-doutes\\\/#primaryimage\"},\"thumbnailUrl\":\"https:\\\/\\\/lepatriotebenin.com\\\/wp-content\\\/uploads\\\/2025\\\/12\\\/rdc-rwanda.jpg\",\"datePublished\":\"2025-12-05T01:47:05+00:00\",\"author\":{\"@id\":\"https:\\\/\\\/lepatriotebenin.com\\\/#\\\/schema\\\/person\\\/2e7709b9c9cc313e452d1136af61690f\"},\"breadcrumb\":{\"@id\":\"https:\\\/\\\/lepatriotebenin.com\\\/index.php\\\/2025\\\/12\\\/05\\\/rdc-et-rwanda-un-accord-de-paix-signe-a-washington-entre-espoirs-et-doutes\\\/#breadcrumb\"},\"inLanguage\":\"fr-FR\",\"potentialAction\":[{\"@type\":\"ReadAction\",\"target\":[\"https:\\\/\\\/lepatriotebenin.com\\\/index.php\\\/2025\\\/12\\\/05\\\/rdc-et-rwanda-un-accord-de-paix-signe-a-washington-entre-espoirs-et-doutes\\\/\"]}]},{\"@type\":\"ImageObject\",\"inLanguage\":\"fr-FR\",\"@id\":\"https:\\\/\\\/lepatriotebenin.com\\\/index.php\\\/2025\\\/12\\\/05\\\/rdc-et-rwanda-un-accord-de-paix-signe-a-washington-entre-espoirs-et-doutes\\\/#primaryimage\",\"url\":\"https:\\\/\\\/lepatriotebenin.com\\\/wp-content\\\/uploads\\\/2025\\\/12\\\/rdc-rwanda.jpg\",\"contentUrl\":\"https:\\\/\\\/lepatriotebenin.com\\\/wp-content\\\/uploads\\\/2025\\\/12\\\/rdc-rwanda.jpg\",\"width\":708,\"height\":372},{\"@type\":\"BreadcrumbList\",\"@id\":\"https:\\\/\\\/lepatriotebenin.com\\\/index.php\\\/2025\\\/12\\\/05\\\/rdc-et-rwanda-un-accord-de-paix-signe-a-washington-entre-espoirs-et-doutes\\\/#breadcrumb\",\"itemListElement\":[{\"@type\":\"ListItem\",\"position\":1,\"name\":\"Accueil\",\"item\":\"https:\\\/\\\/lepatriotebenin.com\\\/\"},{\"@type\":\"ListItem\",\"position\":2,\"name\":\"RDC et Rwanda : un accord de paix sign\u00e9 \u00e0 Washington, entre espoirs et doutes\"}]},{\"@type\":\"WebSite\",\"@id\":\"https:\\\/\\\/lepatriotebenin.com\\\/#website\",\"url\":\"https:\\\/\\\/lepatriotebenin.com\\\/\",\"name\":\"Le Patriote\",\"description\":\"Le Patriote B\u00e9nin\",\"potentialAction\":[{\"@type\":\"SearchAction\",\"target\":{\"@type\":\"EntryPoint\",\"urlTemplate\":\"https:\\\/\\\/lepatriotebenin.com\\\/?s={search_term_string}\"},\"query-input\":{\"@type\":\"PropertyValueSpecification\",\"valueRequired\":true,\"valueName\":\"search_term_string\"}}],\"inLanguage\":\"fr-FR\"},{\"@type\":\"Person\",\"@id\":\"https:\\\/\\\/lepatriotebenin.com\\\/#\\\/schema\\\/person\\\/2e7709b9c9cc313e452d1136af61690f\",\"name\":\"Redaction\",\"image\":{\"@type\":\"ImageObject\",\"inLanguage\":\"fr-FR\",\"@id\":\"https:\\\/\\\/secure.gravatar.com\\\/avatar\\\/c4c509357859ea2ca2cbb6d8812898a73e4ef1ef9934c2e591d7e32face734d1?s=96&d=mm&r=g\",\"url\":\"https:\\\/\\\/secure.gravatar.com\\\/avatar\\\/c4c509357859ea2ca2cbb6d8812898a73e4ef1ef9934c2e591d7e32face734d1?s=96&d=mm&r=g\",\"contentUrl\":\"https:\\\/\\\/secure.gravatar.com\\\/avatar\\\/c4c509357859ea2ca2cbb6d8812898a73e4ef1ef9934c2e591d7e32face734d1?s=96&d=mm&r=g\",\"caption\":\"Redaction\"},\"url\":\"https:\\\/\\\/lepatriotebenin.com\"}]}<\/script>\n<!-- \/ Yoast SEO plugin. -->","yoast_head_json":{"title":"RDC et Rwanda : un accord de paix sign\u00e9 \u00e0 Washington, entre espoirs et doutes - Le Patriote","robots":{"index":"index","follow":"follow","max-snippet":"max-snippet:-1","max-image-preview":"max-image-preview:large","max-video-preview":"max-video-preview:-1"},"canonical":"https:\/\/lepatriotebenin.com\/index.php\/2025\/12\/05\/rdc-et-rwanda-un-accord-de-paix-signe-a-washington-entre-espoirs-et-doutes\/","og_locale":"fr_FR","og_type":"article","og_title":"RDC et Rwanda : un accord de paix sign\u00e9 \u00e0 Washington, entre espoirs et doutes - Le Patriote","og_description":"Ce jeudi 4 d\u00e9cembre 2025, les pr\u00e9sidents de la RDC et du Rwanda ont sign\u00e9 \u00e0 Washington un accord global de paix et de coop\u00e9ration sous la m\u00e9diation des \u00c9tats-Unis.&hellip;","og_url":"https:\/\/lepatriotebenin.com\/index.php\/2025\/12\/05\/rdc-et-rwanda-un-accord-de-paix-signe-a-washington-entre-espoirs-et-doutes\/","og_site_name":"Le Patriote","article_published_time":"2025-12-05T01:47:05+00:00","og_image":[{"width":708,"height":372,"url":"https:\/\/lepatriotebenin.com\/wp-content\/uploads\/2025\/12\/rdc-rwanda.jpg","type":"image\/jpeg"}],"author":"Redaction","twitter_card":"summary_large_image","twitter_misc":{"\u00c9crit par":"Redaction","Dur\u00e9e de lecture estim\u00e9e":"3 minutes"},"schema":{"@context":"https:\/\/schema.org","@graph":[{"@type":"Article","@id":"https:\/\/lepatriotebenin.com\/index.php\/2025\/12\/05\/rdc-et-rwanda-un-accord-de-paix-signe-a-washington-entre-espoirs-et-doutes\/#article","isPartOf":{"@id":"https:\/\/lepatriotebenin.com\/index.php\/2025\/12\/05\/rdc-et-rwanda-un-accord-de-paix-signe-a-washington-entre-espoirs-et-doutes\/"},"author":{"name":"Redaction","@id":"https:\/\/lepatriotebenin.com\/#\/schema\/person\/2e7709b9c9cc313e452d1136af61690f"},"headline":"RDC et Rwanda : un accord de paix sign\u00e9 \u00e0 Washington, entre espoirs et doutes","datePublished":"2025-12-05T01:47:05+00:00","mainEntityOfPage":{"@id":"https:\/\/lepatriotebenin.com\/index.php\/2025\/12\/05\/rdc-et-rwanda-un-accord-de-paix-signe-a-washington-entre-espoirs-et-doutes\/"},"wordCount":504,"commentCount":0,"image":{"@id":"https:\/\/lepatriotebenin.com\/index.php\/2025\/12\/05\/rdc-et-rwanda-un-accord-de-paix-signe-a-washington-entre-espoirs-et-doutes\/#primaryimage"},"thumbnailUrl":"https:\/\/lepatriotebenin.com\/wp-content\/uploads\/2025\/12\/rdc-rwanda.jpg","articleSection":["Politique"],"inLanguage":"fr-FR","potentialAction":[{"@type":"CommentAction","name":"Comment","target":["https:\/\/lepatriotebenin.com\/index.php\/2025\/12\/05\/rdc-et-rwanda-un-accord-de-paix-signe-a-washington-entre-espoirs-et-doutes\/#respond"]}]},{"@type":"WebPage","@id":"https:\/\/lepatriotebenin.com\/index.php\/2025\/12\/05\/rdc-et-rwanda-un-accord-de-paix-signe-a-washington-entre-espoirs-et-doutes\/","url":"https:\/\/lepatriotebenin.com\/index.php\/2025\/12\/05\/rdc-et-rwanda-un-accord-de-paix-signe-a-washington-entre-espoirs-et-doutes\/","name":"RDC et Rwanda : un accord de paix sign\u00e9 \u00e0 Washington, entre espoirs et doutes - Le Patriote","isPartOf":{"@id":"https:\/\/lepatriotebenin.com\/#website"},"primaryImageOfPage":{"@id":"https:\/\/lepatriotebenin.com\/index.php\/2025\/12\/05\/rdc-et-rwanda-un-accord-de-paix-signe-a-washington-entre-espoirs-et-doutes\/#primaryimage"},"image":{"@id":"https:\/\/lepatriotebenin.com\/index.php\/2025\/12\/05\/rdc-et-rwanda-un-accord-de-paix-signe-a-washington-entre-espoirs-et-doutes\/#primaryimage"},"thumbnailUrl":"https:\/\/lepatriotebenin.com\/wp-content\/uploads\/2025\/12\/rdc-rwanda.jpg","datePublished":"2025-12-05T01:47:05+00:00","author":{"@id":"https:\/\/lepatriotebenin.com\/#\/schema\/person\/2e7709b9c9cc313e452d1136af61690f"},"breadcrumb":{"@id":"https:\/\/lepatriotebenin.com\/index.php\/2025\/12\/05\/rdc-et-rwanda-un-accord-de-paix-signe-a-washington-entre-espoirs-et-doutes\/#breadcrumb"},"inLanguage":"fr-FR","potentialAction":[{"@type":"ReadAction","target":["https:\/\/lepatriotebenin.com\/index.php\/2025\/12\/05\/rdc-et-rwanda-un-accord-de-paix-signe-a-washington-entre-espoirs-et-doutes\/"]}]},{"@type":"ImageObject","inLanguage":"fr-FR","@id":"https:\/\/lepatriotebenin.com\/index.php\/2025\/12\/05\/rdc-et-rwanda-un-accord-de-paix-signe-a-washington-entre-espoirs-et-doutes\/#primaryimage","url":"https:\/\/lepatriotebenin.com\/wp-content\/uploads\/2025\/12\/rdc-rwanda.jpg","contentUrl":"https:\/\/lepatriotebenin.com\/wp-content\/uploads\/2025\/12\/rdc-rwanda.jpg","width":708,"height":372},{"@type":"BreadcrumbList","@id":"https:\/\/lepatriotebenin.com\/index.php\/2025\/12\/05\/rdc-et-rwanda-un-accord-de-paix-signe-a-washington-entre-espoirs-et-doutes\/#breadcrumb","itemListElement":[{"@type":"ListItem","position":1,"name":"Accueil","item":"https:\/\/lepatriotebenin.com\/"},{"@type":"ListItem","position":2,"name":"RDC et Rwanda : un accord de paix sign\u00e9 \u00e0 Washington, entre espoirs et doutes"}]},{"@type":"WebSite","@id":"https:\/\/lepatriotebenin.com\/#website","url":"https:\/\/lepatriotebenin.com\/","name":"Le Patriote","description":"Le Patriote B\u00e9nin","potentialAction":[{"@type":"SearchAction","target":{"@type":"EntryPoint","urlTemplate":"https:\/\/lepatriotebenin.com\/?s={search_term_string}"},"query-input":{"@type":"PropertyValueSpecification","valueRequired":true,"valueName":"search_term_string"}}],"inLanguage":"fr-FR"},{"@type":"Person","@id":"https:\/\/lepatriotebenin.com\/#\/schema\/person\/2e7709b9c9cc313e452d1136af61690f","name":"Redaction","image":{"@type":"ImageObject","inLanguage":"fr-FR","@id":"https:\/\/secure.gravatar.com\/avatar\/c4c509357859ea2ca2cbb6d8812898a73e4ef1ef9934c2e591d7e32face734d1?s=96&d=mm&r=g","url":"https:\/\/secure.gravatar.com\/avatar\/c4c509357859ea2ca2cbb6d8812898a73e4ef1ef9934c2e591d7e32face734d1?s=96&d=mm&r=g","contentUrl":"https:\/\/secure.gravatar.com\/avatar\/c4c509357859ea2ca2cbb6d8812898a73e4ef1ef9934c2e591d7e32face734d1?s=96&d=mm&r=g","caption":"Redaction"},"url":"https:\/\/lepatriotebenin.com"}]}},"_links":{"self":[{"href":"https:\/\/lepatriotebenin.com\/index.php\/wp-json\/wp\/v2\/posts\/15684","targetHints":{"allow":["GET"]}}],"collection":[{"href":"https:\/\/lepatriotebenin.com\/index.php\/wp-json\/wp\/v2\/posts"}],"about":[{"href":"https:\/\/lepatriotebenin.com\/index.php\/wp-json\/wp\/v2\/types\/post"}],"author":[{"embeddable":true,"href":"https:\/\/lepatriotebenin.com\/index.php\/wp-json\/wp\/v2\/users\/5"}],"replies":[{"embeddable":true,"href":"https:\/\/lepatriotebenin.com\/index.php\/wp-json\/wp\/v2\/comments?post=15684"}],"version-history":[{"count":1,"href":"https:\/\/lepatriotebenin.com\/index.php\/wp-json\/wp\/v2\/posts\/15684\/revisions"}],"predecessor-version":[{"id":15686,"href":"https:\/\/lepatriotebenin.com\/index.php\/wp-json\/wp\/v2\/posts\/15684\/revisions\/15686"}],"wp:featuredmedia":[{"embeddable":true,"href":"https:\/\/lepatriotebenin.com\/index.php\/wp-json\/wp\/v2\/media\/15685"}],"wp:attachment":[{"href":"https:\/\/lepatriotebenin.com\/index.php\/wp-json\/wp\/v2\/media?parent=15684"}],"wp:term":[{"taxonomy":"category","embeddable":true,"href":"https:\/\/lepatriotebenin.com\/index.php\/wp-json\/wp\/v2\/categories?post=15684"},{"taxonomy":"post_tag","embeddable":true,"href":"https:\/\/lepatriotebenin.com\/index.php\/wp-json\/wp\/v2\/tags?post=15684"}],"curies":[{"name":"wp","href":"https:\/\/api.w.org\/{rel}","templated":true}]}}