{"id":15665,"date":"2025-12-05T02:15:30","date_gmt":"2025-12-05T01:15:30","guid":{"rendered":"https:\/\/lepatriotebenin.com\/?p=15665"},"modified":"2025-12-05T02:15:30","modified_gmt":"2025-12-05T01:15:30","slug":"vote-du-budget-de-letat-exercice-2026-les-deputes-ld-boycottent-puis-justifient","status":"publish","type":"post","link":"https:\/\/lepatriotebenin.com\/index.php\/2025\/12\/05\/vote-du-budget-de-letat-exercice-2026-les-deputes-ld-boycottent-puis-justifient\/","title":{"rendered":"Vote du budget de l\u2019\u00c9tat exercice 2026 : Les d\u00e9put\u00e9s LD boycottent puis justifient"},"content":{"rendered":"<p>En dehors du deuxi\u00e8me vice-pr\u00e9sident de l\u2019Assembl\u00e9e nationale L\u00e9on Comlan Basile Ahossi et les six d\u00e9put\u00e9s d\u00e9missionnaires, aucun des 21 autres d\u00e9put\u00e9s du groupe parlementaire\u00a0 Les D\u00e9mocrates\u00a0 n\u2019\u00e9tait au Palais des Gouverneurs \u00e0\u00a0 Porto Novo ce jeudi 4 D\u00e9cembre 2025 pour le vote du budget g\u00e9n\u00e9ral\u00a0 de l\u2019\u00c9tat exercice 2026. Les d\u00e9put\u00e9s de l\u2019opposition ont simplement boycott\u00e9\u00a0 la s\u00e9ance pl\u00e9ni\u00e8re qui a consacr\u00e9 le vote du budget pour plusieurs raisons qu\u2019ils ont choisies de justifier \u00e0\u00a0 l\u2019occasion d\u2019une conf\u00e9rence de presse organis\u00e9e dans l\u2019apr\u00e8s-midi de ce jeudi au si\u00e8ge\u00a0 du parti \u00e0\u00a0 Fifadji \u00e0\u00a0 Cotonou. Selon l\u2019honorable Kolawol\u00e9 Djiman, principal conf\u00e9rencier, le groupe parlementaire Les D\u00e9mocrates a boycott\u00e9\u00a0 ce vote pour exprimer son ras-le-bol face \u00e0\u00a0 tout ce qui se passe dans le pays notamment les exclusions de l\u2019opposition de la pr\u00e9sidentielle et des communales de 2026, la modification dans l\u2019obscurit\u00e9 de la constitution b\u00e9ninoise,\u00a0\u00a0 la non-ex\u00e9cution des d\u00e9penses pr\u00e9vues dans les diff\u00e9rents budgets vot\u00e9s depuis 2023. Selon les conf\u00e9renciers, il ne sert \u00e0\u00a0 rien d\u2019aller chaque fois voter un budget qui, au finish, ne tient pas compte des pr\u00e9occupations du peuple souverain. Le parti\u00a0 Les D\u00e9mocrates a sign\u00e9 la charte des partis politiques et il est r\u00e9guli\u00e8rement enregistr\u00e9. Mais malgr\u00e9 la loi, d\u00e9plore la minorit\u00e9 parlementaire, l\u2019opposition ne b\u00e9n\u00e9ficie pas du financement public destin\u00e9\u00a0 aux partis et les frais de campagne de 2023 ne sont pas, jusqu\u2019\u00e0 pr\u00e9sent, rembours\u00e9s aux D\u00e9mocrates.<\/p>\n<p>Pour ce vote, rectifie\u00a0 l\u2019honorable Ogbon, les d\u00e9put\u00e9s du groupe parlementaire Les D\u00e9mocrates\u00a0 n\u2019ont \u00e9t\u00e9\u00a0 ni pr\u00e9sents, ni repr\u00e9sent\u00e9s. R\u00e9pondant \u00e0\u00a0 une question des journalistes sur le changement du nom de l\u2019a\u00e9roport international Cardinal Bernardin Ganti, les \u00e9lus d\u00e9mocrates ont d\u00e9nonc\u00e9 cette mani\u00e8re de vouloir tout modifier dans le pays sans tenir compte de l\u2019histoire.\u00a0 En enlevant le titre \u00abCardinal \u00bb, de la d\u00e9nomination, la rupture d\u00e9pouille de sa substance et sa charge \u00e9motionnelle et spirituelle ce nom\u00a0 attribu\u00e9\u00a0 l&rsquo;a\u00e9roport.<\/p>\n","protected":false},"excerpt":{"rendered":"<p>En dehors du deuxi\u00e8me vice-pr\u00e9sident de l\u2019Assembl\u00e9e nationale L\u00e9on Comlan Basile Ahossi et les six d\u00e9put\u00e9s d\u00e9missionnaires, aucun des 21 autres d\u00e9put\u00e9s du groupe parlementaire\u00a0 Les D\u00e9mocrates\u00a0 n\u2019\u00e9tait au Palais&hellip;<\/p>\n","protected":false},"author":5,"featured_media":15666,"comment_status":"open","ping_status":"open","sticky":false,"template":"","format":"standard","meta":{"content-type":"","om_disable_all_campaigns":false,"_monsterinsights_skip_tracking":false,"_monsterinsights_sitenote_active":false,"_monsterinsights_sitenote_note":"","_monsterinsights_sitenote_category":0,"_uf_show_specific_survey":0,"_uf_disable_surveys":false,"footnotes":""},"categories":[26],"tags":[],"class_list":["post-15665","post","type-post","status-publish","format-standard","has-post-thumbnail","hentry","category-politique"],"aioseo_notices":[],"yoast_head":"<!-- This site is optimized with the Yoast SEO plugin v27.5 - https:\/\/yoast.com\/product\/yoast-seo-wordpress\/ -->\n<title>Vote du budget de l\u2019\u00c9tat exercice 2026 : Les d\u00e9put\u00e9s LD boycottent puis justifient - Le Patriote<\/title>\n<meta name=\"robots\" content=\"index, follow, max-snippet:-1, max-image-preview:large, max-video-preview:-1\" \/>\n<link rel=\"canonical\" href=\"https:\/\/lepatriotebenin.com\/index.php\/2025\/12\/05\/vote-du-budget-de-letat-exercice-2026-les-deputes-ld-boycottent-puis-justifient\/\" \/>\n<meta property=\"og:locale\" content=\"fr_FR\" \/>\n<meta property=\"og:type\" content=\"article\" \/>\n<meta property=\"og:title\" content=\"Vote du budget de l\u2019\u00c9tat exercice 2026 : Les d\u00e9put\u00e9s LD boycottent puis justifient - Le Patriote\" \/>\n<meta property=\"og:description\" content=\"En dehors du deuxi\u00e8me vice-pr\u00e9sident de l\u2019Assembl\u00e9e nationale L\u00e9on Comlan Basile Ahossi et les six d\u00e9put\u00e9s d\u00e9missionnaires, aucun des 21 autres d\u00e9put\u00e9s du groupe parlementaire\u00a0 Les D\u00e9mocrates\u00a0 n\u2019\u00e9tait au Palais&hellip;\" \/>\n<meta property=\"og:url\" content=\"https:\/\/lepatriotebenin.com\/index.php\/2025\/12\/05\/vote-du-budget-de-letat-exercice-2026-les-deputes-ld-boycottent-puis-justifient\/\" \/>\n<meta property=\"og:site_name\" content=\"Le Patriote\" \/>\n<meta property=\"article:published_time\" content=\"2025-12-05T01:15:30+00:00\" \/>\n<meta property=\"og:image\" content=\"https:\/\/lepatriotebenin.com\/wp-content\/uploads\/2025\/12\/ld.jpg\" \/>\n\t<meta property=\"og:image:width\" content=\"1020\" \/>\n\t<meta property=\"og:image:height\" content=\"459\" \/>\n\t<meta property=\"og:image:type\" content=\"image\/jpeg\" \/>\n<meta name=\"author\" content=\"Redaction\" \/>\n<meta name=\"twitter:card\" content=\"summary_large_image\" \/>\n<meta name=\"twitter:label1\" content=\"\u00c9crit par\" \/>\n\t<meta name=\"twitter:data1\" content=\"Redaction\" \/>\n\t<meta name=\"twitter:label2\" content=\"Dur\u00e9e de lecture estim\u00e9e\" \/>\n\t<meta name=\"twitter:data2\" content=\"2 minutes\" \/>\n<script type=\"application\/ld+json\" class=\"yoast-schema-graph\">{\"@context\":\"https:\\\/\\\/schema.org\",\"@graph\":[{\"@type\":\"Article\",\"@id\":\"https:\\\/\\\/lepatriotebenin.com\\\/index.php\\\/2025\\\/12\\\/05\\\/vote-du-budget-de-letat-exercice-2026-les-deputes-ld-boycottent-puis-justifient\\\/#article\",\"isPartOf\":{\"@id\":\"https:\\\/\\\/lepatriotebenin.com\\\/index.php\\\/2025\\\/12\\\/05\\\/vote-du-budget-de-letat-exercice-2026-les-deputes-ld-boycottent-puis-justifient\\\/\"},\"author\":{\"name\":\"Redaction\",\"@id\":\"https:\\\/\\\/lepatriotebenin.com\\\/#\\\/schema\\\/person\\\/2e7709b9c9cc313e452d1136af61690f\"},\"headline\":\"Vote du budget de l\u2019\u00c9tat exercice 2026 : Les d\u00e9put\u00e9s LD boycottent puis justifient\",\"datePublished\":\"2025-12-05T01:15:30+00:00\",\"mainEntityOfPage\":{\"@id\":\"https:\\\/\\\/lepatriotebenin.com\\\/index.php\\\/2025\\\/12\\\/05\\\/vote-du-budget-de-letat-exercice-2026-les-deputes-ld-boycottent-puis-justifient\\\/\"},\"wordCount\":386,\"commentCount\":0,\"image\":{\"@id\":\"https:\\\/\\\/lepatriotebenin.com\\\/index.php\\\/2025\\\/12\\\/05\\\/vote-du-budget-de-letat-exercice-2026-les-deputes-ld-boycottent-puis-justifient\\\/#primaryimage\"},\"thumbnailUrl\":\"https:\\\/\\\/lepatriotebenin.com\\\/wp-content\\\/uploads\\\/2025\\\/12\\\/ld.jpg\",\"articleSection\":[\"Politique\"],\"inLanguage\":\"fr-FR\",\"potentialAction\":[{\"@type\":\"CommentAction\",\"name\":\"Comment\",\"target\":[\"https:\\\/\\\/lepatriotebenin.com\\\/index.php\\\/2025\\\/12\\\/05\\\/vote-du-budget-de-letat-exercice-2026-les-deputes-ld-boycottent-puis-justifient\\\/#respond\"]}]},{\"@type\":\"WebPage\",\"@id\":\"https:\\\/\\\/lepatriotebenin.com\\\/index.php\\\/2025\\\/12\\\/05\\\/vote-du-budget-de-letat-exercice-2026-les-deputes-ld-boycottent-puis-justifient\\\/\",\"url\":\"https:\\\/\\\/lepatriotebenin.com\\\/index.php\\\/2025\\\/12\\\/05\\\/vote-du-budget-de-letat-exercice-2026-les-deputes-ld-boycottent-puis-justifient\\\/\",\"name\":\"Vote du budget de l\u2019\u00c9tat exercice 2026 : Les d\u00e9put\u00e9s LD boycottent puis justifient - Le Patriote\",\"isPartOf\":{\"@id\":\"https:\\\/\\\/lepatriotebenin.com\\\/#website\"},\"primaryImageOfPage\":{\"@id\":\"https:\\\/\\\/lepatriotebenin.com\\\/index.php\\\/2025\\\/12\\\/05\\\/vote-du-budget-de-letat-exercice-2026-les-deputes-ld-boycottent-puis-justifient\\\/#primaryimage\"},\"image\":{\"@id\":\"https:\\\/\\\/lepatriotebenin.com\\\/index.php\\\/2025\\\/12\\\/05\\\/vote-du-budget-de-letat-exercice-2026-les-deputes-ld-boycottent-puis-justifient\\\/#primaryimage\"},\"thumbnailUrl\":\"https:\\\/\\\/lepatriotebenin.com\\\/wp-content\\\/uploads\\\/2025\\\/12\\\/ld.jpg\",\"datePublished\":\"2025-12-05T01:15:30+00:00\",\"author\":{\"@id\":\"https:\\\/\\\/lepatriotebenin.com\\\/#\\\/schema\\\/person\\\/2e7709b9c9cc313e452d1136af61690f\"},\"breadcrumb\":{\"@id\":\"https:\\\/\\\/lepatriotebenin.com\\\/index.php\\\/2025\\\/12\\\/05\\\/vote-du-budget-de-letat-exercice-2026-les-deputes-ld-boycottent-puis-justifient\\\/#breadcrumb\"},\"inLanguage\":\"fr-FR\",\"potentialAction\":[{\"@type\":\"ReadAction\",\"target\":[\"https:\\\/\\\/lepatriotebenin.com\\\/index.php\\\/2025\\\/12\\\/05\\\/vote-du-budget-de-letat-exercice-2026-les-deputes-ld-boycottent-puis-justifient\\\/\"]}]},{\"@type\":\"ImageObject\",\"inLanguage\":\"fr-FR\",\"@id\":\"https:\\\/\\\/lepatriotebenin.com\\\/index.php\\\/2025\\\/12\\\/05\\\/vote-du-budget-de-letat-exercice-2026-les-deputes-ld-boycottent-puis-justifient\\\/#primaryimage\",\"url\":\"https:\\\/\\\/lepatriotebenin.com\\\/wp-content\\\/uploads\\\/2025\\\/12\\\/ld.jpg\",\"contentUrl\":\"https:\\\/\\\/lepatriotebenin.com\\\/wp-content\\\/uploads\\\/2025\\\/12\\\/ld.jpg\",\"width\":1020,\"height\":459},{\"@type\":\"BreadcrumbList\",\"@id\":\"https:\\\/\\\/lepatriotebenin.com\\\/index.php\\\/2025\\\/12\\\/05\\\/vote-du-budget-de-letat-exercice-2026-les-deputes-ld-boycottent-puis-justifient\\\/#breadcrumb\",\"itemListElement\":[{\"@type\":\"ListItem\",\"position\":1,\"name\":\"Accueil\",\"item\":\"https:\\\/\\\/lepatriotebenin.com\\\/\"},{\"@type\":\"ListItem\",\"position\":2,\"name\":\"Vote du budget de l\u2019\u00c9tat exercice 2026 : Les d\u00e9put\u00e9s LD boycottent puis justifient\"}]},{\"@type\":\"WebSite\",\"@id\":\"https:\\\/\\\/lepatriotebenin.com\\\/#website\",\"url\":\"https:\\\/\\\/lepatriotebenin.com\\\/\",\"name\":\"Le Patriote\",\"description\":\"Le Patriote B\u00e9nin\",\"potentialAction\":[{\"@type\":\"SearchAction\",\"target\":{\"@type\":\"EntryPoint\",\"urlTemplate\":\"https:\\\/\\\/lepatriotebenin.com\\\/?s={search_term_string}\"},\"query-input\":{\"@type\":\"PropertyValueSpecification\",\"valueRequired\":true,\"valueName\":\"search_term_string\"}}],\"inLanguage\":\"fr-FR\"},{\"@type\":\"Person\",\"@id\":\"https:\\\/\\\/lepatriotebenin.com\\\/#\\\/schema\\\/person\\\/2e7709b9c9cc313e452d1136af61690f\",\"name\":\"Redaction\",\"image\":{\"@type\":\"ImageObject\",\"inLanguage\":\"fr-FR\",\"@id\":\"https:\\\/\\\/secure.gravatar.com\\\/avatar\\\/c4c509357859ea2ca2cbb6d8812898a73e4ef1ef9934c2e591d7e32face734d1?s=96&d=mm&r=g\",\"url\":\"https:\\\/\\\/secure.gravatar.com\\\/avatar\\\/c4c509357859ea2ca2cbb6d8812898a73e4ef1ef9934c2e591d7e32face734d1?s=96&d=mm&r=g\",\"contentUrl\":\"https:\\\/\\\/secure.gravatar.com\\\/avatar\\\/c4c509357859ea2ca2cbb6d8812898a73e4ef1ef9934c2e591d7e32face734d1?s=96&d=mm&r=g\",\"caption\":\"Redaction\"},\"url\":\"https:\\\/\\\/lepatriotebenin.com\"}]}<\/script>\n<!-- \/ Yoast SEO plugin. -->","yoast_head_json":{"title":"Vote du budget de l\u2019\u00c9tat exercice 2026 : Les d\u00e9put\u00e9s LD boycottent puis justifient - Le Patriote","robots":{"index":"index","follow":"follow","max-snippet":"max-snippet:-1","max-image-preview":"max-image-preview:large","max-video-preview":"max-video-preview:-1"},"canonical":"https:\/\/lepatriotebenin.com\/index.php\/2025\/12\/05\/vote-du-budget-de-letat-exercice-2026-les-deputes-ld-boycottent-puis-justifient\/","og_locale":"fr_FR","og_type":"article","og_title":"Vote du budget de l\u2019\u00c9tat exercice 2026 : Les d\u00e9put\u00e9s LD boycottent puis justifient - Le Patriote","og_description":"En dehors du deuxi\u00e8me vice-pr\u00e9sident de l\u2019Assembl\u00e9e nationale L\u00e9on Comlan Basile Ahossi et les six d\u00e9put\u00e9s d\u00e9missionnaires, aucun des 21 autres d\u00e9put\u00e9s du groupe parlementaire\u00a0 Les D\u00e9mocrates\u00a0 n\u2019\u00e9tait au Palais&hellip;","og_url":"https:\/\/lepatriotebenin.com\/index.php\/2025\/12\/05\/vote-du-budget-de-letat-exercice-2026-les-deputes-ld-boycottent-puis-justifient\/","og_site_name":"Le Patriote","article_published_time":"2025-12-05T01:15:30+00:00","og_image":[{"width":1020,"height":459,"url":"https:\/\/lepatriotebenin.com\/wp-content\/uploads\/2025\/12\/ld.jpg","type":"image\/jpeg"}],"author":"Redaction","twitter_card":"summary_large_image","twitter_misc":{"\u00c9crit par":"Redaction","Dur\u00e9e de lecture estim\u00e9e":"2 minutes"},"schema":{"@context":"https:\/\/schema.org","@graph":[{"@type":"Article","@id":"https:\/\/lepatriotebenin.com\/index.php\/2025\/12\/05\/vote-du-budget-de-letat-exercice-2026-les-deputes-ld-boycottent-puis-justifient\/#article","isPartOf":{"@id":"https:\/\/lepatriotebenin.com\/index.php\/2025\/12\/05\/vote-du-budget-de-letat-exercice-2026-les-deputes-ld-boycottent-puis-justifient\/"},"author":{"name":"Redaction","@id":"https:\/\/lepatriotebenin.com\/#\/schema\/person\/2e7709b9c9cc313e452d1136af61690f"},"headline":"Vote du budget de l\u2019\u00c9tat exercice 2026 : Les d\u00e9put\u00e9s LD boycottent puis justifient","datePublished":"2025-12-05T01:15:30+00:00","mainEntityOfPage":{"@id":"https:\/\/lepatriotebenin.com\/index.php\/2025\/12\/05\/vote-du-budget-de-letat-exercice-2026-les-deputes-ld-boycottent-puis-justifient\/"},"wordCount":386,"commentCount":0,"image":{"@id":"https:\/\/lepatriotebenin.com\/index.php\/2025\/12\/05\/vote-du-budget-de-letat-exercice-2026-les-deputes-ld-boycottent-puis-justifient\/#primaryimage"},"thumbnailUrl":"https:\/\/lepatriotebenin.com\/wp-content\/uploads\/2025\/12\/ld.jpg","articleSection":["Politique"],"inLanguage":"fr-FR","potentialAction":[{"@type":"CommentAction","name":"Comment","target":["https:\/\/lepatriotebenin.com\/index.php\/2025\/12\/05\/vote-du-budget-de-letat-exercice-2026-les-deputes-ld-boycottent-puis-justifient\/#respond"]}]},{"@type":"WebPage","@id":"https:\/\/lepatriotebenin.com\/index.php\/2025\/12\/05\/vote-du-budget-de-letat-exercice-2026-les-deputes-ld-boycottent-puis-justifient\/","url":"https:\/\/lepatriotebenin.com\/index.php\/2025\/12\/05\/vote-du-budget-de-letat-exercice-2026-les-deputes-ld-boycottent-puis-justifient\/","name":"Vote du budget de l\u2019\u00c9tat exercice 2026 : Les d\u00e9put\u00e9s LD boycottent puis justifient - Le Patriote","isPartOf":{"@id":"https:\/\/lepatriotebenin.com\/#website"},"primaryImageOfPage":{"@id":"https:\/\/lepatriotebenin.com\/index.php\/2025\/12\/05\/vote-du-budget-de-letat-exercice-2026-les-deputes-ld-boycottent-puis-justifient\/#primaryimage"},"image":{"@id":"https:\/\/lepatriotebenin.com\/index.php\/2025\/12\/05\/vote-du-budget-de-letat-exercice-2026-les-deputes-ld-boycottent-puis-justifient\/#primaryimage"},"thumbnailUrl":"https:\/\/lepatriotebenin.com\/wp-content\/uploads\/2025\/12\/ld.jpg","datePublished":"2025-12-05T01:15:30+00:00","author":{"@id":"https:\/\/lepatriotebenin.com\/#\/schema\/person\/2e7709b9c9cc313e452d1136af61690f"},"breadcrumb":{"@id":"https:\/\/lepatriotebenin.com\/index.php\/2025\/12\/05\/vote-du-budget-de-letat-exercice-2026-les-deputes-ld-boycottent-puis-justifient\/#breadcrumb"},"inLanguage":"fr-FR","potentialAction":[{"@type":"ReadAction","target":["https:\/\/lepatriotebenin.com\/index.php\/2025\/12\/05\/vote-du-budget-de-letat-exercice-2026-les-deputes-ld-boycottent-puis-justifient\/"]}]},{"@type":"ImageObject","inLanguage":"fr-FR","@id":"https:\/\/lepatriotebenin.com\/index.php\/2025\/12\/05\/vote-du-budget-de-letat-exercice-2026-les-deputes-ld-boycottent-puis-justifient\/#primaryimage","url":"https:\/\/lepatriotebenin.com\/wp-content\/uploads\/2025\/12\/ld.jpg","contentUrl":"https:\/\/lepatriotebenin.com\/wp-content\/uploads\/2025\/12\/ld.jpg","width":1020,"height":459},{"@type":"BreadcrumbList","@id":"https:\/\/lepatriotebenin.com\/index.php\/2025\/12\/05\/vote-du-budget-de-letat-exercice-2026-les-deputes-ld-boycottent-puis-justifient\/#breadcrumb","itemListElement":[{"@type":"ListItem","position":1,"name":"Accueil","item":"https:\/\/lepatriotebenin.com\/"},{"@type":"ListItem","position":2,"name":"Vote du budget de l\u2019\u00c9tat exercice 2026 : Les d\u00e9put\u00e9s LD boycottent puis justifient"}]},{"@type":"WebSite","@id":"https:\/\/lepatriotebenin.com\/#website","url":"https:\/\/lepatriotebenin.com\/","name":"Le Patriote","description":"Le Patriote B\u00e9nin","potentialAction":[{"@type":"SearchAction","target":{"@type":"EntryPoint","urlTemplate":"https:\/\/lepatriotebenin.com\/?s={search_term_string}"},"query-input":{"@type":"PropertyValueSpecification","valueRequired":true,"valueName":"search_term_string"}}],"inLanguage":"fr-FR"},{"@type":"Person","@id":"https:\/\/lepatriotebenin.com\/#\/schema\/person\/2e7709b9c9cc313e452d1136af61690f","name":"Redaction","image":{"@type":"ImageObject","inLanguage":"fr-FR","@id":"https:\/\/secure.gravatar.com\/avatar\/c4c509357859ea2ca2cbb6d8812898a73e4ef1ef9934c2e591d7e32face734d1?s=96&d=mm&r=g","url":"https:\/\/secure.gravatar.com\/avatar\/c4c509357859ea2ca2cbb6d8812898a73e4ef1ef9934c2e591d7e32face734d1?s=96&d=mm&r=g","contentUrl":"https:\/\/secure.gravatar.com\/avatar\/c4c509357859ea2ca2cbb6d8812898a73e4ef1ef9934c2e591d7e32face734d1?s=96&d=mm&r=g","caption":"Redaction"},"url":"https:\/\/lepatriotebenin.com"}]}},"_links":{"self":[{"href":"https:\/\/lepatriotebenin.com\/index.php\/wp-json\/wp\/v2\/posts\/15665","targetHints":{"allow":["GET"]}}],"collection":[{"href":"https:\/\/lepatriotebenin.com\/index.php\/wp-json\/wp\/v2\/posts"}],"about":[{"href":"https:\/\/lepatriotebenin.com\/index.php\/wp-json\/wp\/v2\/types\/post"}],"author":[{"embeddable":true,"href":"https:\/\/lepatriotebenin.com\/index.php\/wp-json\/wp\/v2\/users\/5"}],"replies":[{"embeddable":true,"href":"https:\/\/lepatriotebenin.com\/index.php\/wp-json\/wp\/v2\/comments?post=15665"}],"version-history":[{"count":1,"href":"https:\/\/lepatriotebenin.com\/index.php\/wp-json\/wp\/v2\/posts\/15665\/revisions"}],"predecessor-version":[{"id":15667,"href":"https:\/\/lepatriotebenin.com\/index.php\/wp-json\/wp\/v2\/posts\/15665\/revisions\/15667"}],"wp:featuredmedia":[{"embeddable":true,"href":"https:\/\/lepatriotebenin.com\/index.php\/wp-json\/wp\/v2\/media\/15666"}],"wp:attachment":[{"href":"https:\/\/lepatriotebenin.com\/index.php\/wp-json\/wp\/v2\/media?parent=15665"}],"wp:term":[{"taxonomy":"category","embeddable":true,"href":"https:\/\/lepatriotebenin.com\/index.php\/wp-json\/wp\/v2\/categories?post=15665"},{"taxonomy":"post_tag","embeddable":true,"href":"https:\/\/lepatriotebenin.com\/index.php\/wp-json\/wp\/v2\/tags?post=15665"}],"curies":[{"name":"wp","href":"https:\/\/api.w.org\/{rel}","templated":true}]}}