{"id":15614,"date":"2025-12-03T01:09:08","date_gmt":"2025-12-03T00:09:08","guid":{"rendered":"https:\/\/lepatriotebenin.com\/?p=15614"},"modified":"2025-12-03T01:09:08","modified_gmt":"2025-12-03T00:09:08","slug":"elections-et-engagement-citoyen-ouorou-mise-sur-wadagni-et-la-jeunesse","status":"publish","type":"post","link":"https:\/\/lepatriotebenin.com\/index.php\/2025\/12\/03\/elections-et-engagement-citoyen-ouorou-mise-sur-wadagni-et-la-jeunesse\/","title":{"rendered":"\u00c9lections et engagement citoyen: Ouorou mise sur Wadagni et la jeunesse"},"content":{"rendered":"<p><em><strong>Dans une d\u00e9claration empreinte d\u2019apaisement et de responsabilit\u00e9, Richard Boni Ouorou appelle la jeunesse b\u00e9ninoise \u00e0 privil\u00e9gier l\u2019unit\u00e9 et le discernement en p\u00e9riode \u00e9lectorale. Il y r\u00e9affirme son soutien \u00e0 la candidature de Romuald Wadagni, qu\u2019il consid\u00e8re comme un atout pour placer les jeunes au c\u0153ur du projet national.<\/strong><\/em><\/p>\n<p>\u00c0 l\u2019approche des \u00e9ch\u00e9ances \u00e9lectorales, la parole publique se fait plus dense, parfois plus clivante. Dans ce contexte sensible, Richard Boni Ouorou a choisi de s\u2019adresser directement \u00e0 la jeunesse et \u00e0 l\u2019ensemble des B\u00e9ninois pour d\u00e9livrer un message de paix, de retenue et de responsabilit\u00e9 citoyenne.<\/p>\n<p>Conscient que les p\u00e9riodes \u00e9lectorales sont souvent marqu\u00e9es par des discours empreints de rancune et de haine, Richard Boni Ouorou invite les jeunes \u00e0 ne pas c\u00e9der aux appels \u00e0 la division ni \u00e0 l\u2019esprit de r\u00e9bellion. \u00ab Notre pays ne peut progresser que dans l\u2019unit\u00e9 et la s\u00e9r\u00e9nit\u00e9 \u00bb, rappelle-t-il, insistant sur la n\u00e9cessit\u00e9 de pr\u00e9server le respect mutuel et le sens du bien commun, malgr\u00e9 les divergences politiques. Dans sa d\u00e9claration, il r\u00e9affirme un engagement personnel qu\u2019il dit porter \u00ab depuis des ann\u00e9es \u00bb en faveur de la jeunesse b\u00e9ninoise. Un engagement guid\u00e9 par la conviction que les jeunes constituent une force essentielle pour l\u2019avenir du pays. Soutien aux ambitions entrepreneuriales, r\u00e9flexion constante sur les perspectives \u00e0 offrir aux nouvelles g\u00e9n\u00e9rations ; pour Richard Boni Ouorou, la prosp\u00e9rit\u00e9 de la jeunesse demeure un pilier du progr\u00e8s national.<\/p>\n<p>C\u2019est dans cette logique qu\u2019il annonce son soutien \u00e0 la candidature de Romuald Wadagni. Selon lui, l\u2019exp\u00e9rience du candidat constitue un gage de s\u00e9rieux et de stabilit\u00e9, tout en l\u2019obligeant \u00e0 placer la jeunesse au c\u0153ur de son projet de soci\u00e9t\u00e9 et de ses futures actions politiques. \u00ab Mon soutien ne lui fera pas d\u00e9faut \u00bb, assure-t-il, promettant de continuer \u00e0 contribuer, par ses prises de position, au d\u00e9bat sur le d\u00e9veloppement du B\u00e9nin. Richard Boni Ouorou a \u00e9galement salu\u00e9 le travail r\u00e9cent des \u00e9lus de l\u2019Assembl\u00e9e nationale, notamment l\u2019am\u00e9lioration et la mise \u00e0 jour des textes fondamentaux.<\/p>\n<p>En appelant chacun \u00e0 la responsabilit\u00e9 et au respect, il conclut sur une note d\u2019espoir, convaincu que le B\u00e9nin n\u2019a besoin ni de haine ni de rancune, mais d\u2019une jeunesse engag\u00e9e et r\u00e9solument tourn\u00e9e vers les d\u00e9fis de demain.<\/p>\n<p><strong>Gildas AHOGNI<\/strong><\/p>\n","protected":false},"excerpt":{"rendered":"<p>Dans une d\u00e9claration empreinte d\u2019apaisement et de responsabilit\u00e9, Richard Boni Ouorou appelle la jeunesse b\u00e9ninoise \u00e0 privil\u00e9gier l\u2019unit\u00e9 et le discernement en p\u00e9riode \u00e9lectorale. Il y r\u00e9affirme son soutien \u00e0&hellip;<\/p>\n","protected":false},"author":5,"featured_media":15615,"comment_status":"open","ping_status":"open","sticky":false,"template":"","format":"standard","meta":{"content-type":"","om_disable_all_campaigns":false,"_monsterinsights_skip_tracking":false,"_monsterinsights_sitenote_active":false,"_monsterinsights_sitenote_note":"","_monsterinsights_sitenote_category":0,"_uf_show_specific_survey":0,"_uf_disable_surveys":false,"footnotes":""},"categories":[26],"tags":[],"class_list":["post-15614","post","type-post","status-publish","format-standard","has-post-thumbnail","hentry","category-politique"],"aioseo_notices":[],"yoast_head":"<!-- This site is optimized with the Yoast SEO plugin v27.5 - https:\/\/yoast.com\/product\/yoast-seo-wordpress\/ -->\n<title>\u00c9lections et engagement citoyen: Ouorou mise sur Wadagni et la jeunesse - Le Patriote<\/title>\n<meta name=\"robots\" content=\"index, follow, max-snippet:-1, max-image-preview:large, max-video-preview:-1\" \/>\n<link rel=\"canonical\" href=\"https:\/\/lepatriotebenin.com\/index.php\/2025\/12\/03\/elections-et-engagement-citoyen-ouorou-mise-sur-wadagni-et-la-jeunesse\/\" \/>\n<meta property=\"og:locale\" content=\"fr_FR\" \/>\n<meta property=\"og:type\" content=\"article\" \/>\n<meta property=\"og:title\" content=\"\u00c9lections et engagement citoyen: Ouorou mise sur Wadagni et la jeunesse - Le Patriote\" \/>\n<meta property=\"og:description\" content=\"Dans une d\u00e9claration empreinte d\u2019apaisement et de responsabilit\u00e9, Richard Boni Ouorou appelle la jeunesse b\u00e9ninoise \u00e0 privil\u00e9gier l\u2019unit\u00e9 et le discernement en p\u00e9riode \u00e9lectorale. Il y r\u00e9affirme son soutien \u00e0&hellip;\" \/>\n<meta property=\"og:url\" content=\"https:\/\/lepatriotebenin.com\/index.php\/2025\/12\/03\/elections-et-engagement-citoyen-ouorou-mise-sur-wadagni-et-la-jeunesse\/\" \/>\n<meta property=\"og:site_name\" content=\"Le Patriote\" \/>\n<meta property=\"article:published_time\" content=\"2025-12-03T00:09:08+00:00\" \/>\n<meta property=\"og:image\" content=\"https:\/\/lepatriotebenin.com\/wp-content\/uploads\/2025\/12\/elections.webp\" \/>\n\t<meta property=\"og:image:width\" content=\"811\" \/>\n\t<meta property=\"og:image:height\" content=\"540\" \/>\n\t<meta property=\"og:image:type\" content=\"image\/webp\" \/>\n<meta name=\"author\" content=\"Redaction\" \/>\n<meta name=\"twitter:card\" content=\"summary_large_image\" \/>\n<meta name=\"twitter:label1\" content=\"\u00c9crit par\" \/>\n\t<meta name=\"twitter:data1\" content=\"Redaction\" \/>\n\t<meta name=\"twitter:label2\" content=\"Dur\u00e9e de lecture estim\u00e9e\" \/>\n\t<meta name=\"twitter:data2\" content=\"3 minutes\" \/>\n<script type=\"application\/ld+json\" class=\"yoast-schema-graph\">{\"@context\":\"https:\\\/\\\/schema.org\",\"@graph\":[{\"@type\":\"Article\",\"@id\":\"https:\\\/\\\/lepatriotebenin.com\\\/index.php\\\/2025\\\/12\\\/03\\\/elections-et-engagement-citoyen-ouorou-mise-sur-wadagni-et-la-jeunesse\\\/#article\",\"isPartOf\":{\"@id\":\"https:\\\/\\\/lepatriotebenin.com\\\/index.php\\\/2025\\\/12\\\/03\\\/elections-et-engagement-citoyen-ouorou-mise-sur-wadagni-et-la-jeunesse\\\/\"},\"author\":{\"name\":\"Redaction\",\"@id\":\"https:\\\/\\\/lepatriotebenin.com\\\/#\\\/schema\\\/person\\\/2e7709b9c9cc313e452d1136af61690f\"},\"headline\":\"\u00c9lections et engagement citoyen: Ouorou mise sur Wadagni et la jeunesse\",\"datePublished\":\"2025-12-03T00:09:08+00:00\",\"mainEntityOfPage\":{\"@id\":\"https:\\\/\\\/lepatriotebenin.com\\\/index.php\\\/2025\\\/12\\\/03\\\/elections-et-engagement-citoyen-ouorou-mise-sur-wadagni-et-la-jeunesse\\\/\"},\"wordCount\":426,\"commentCount\":0,\"image\":{\"@id\":\"https:\\\/\\\/lepatriotebenin.com\\\/index.php\\\/2025\\\/12\\\/03\\\/elections-et-engagement-citoyen-ouorou-mise-sur-wadagni-et-la-jeunesse\\\/#primaryimage\"},\"thumbnailUrl\":\"https:\\\/\\\/lepatriotebenin.com\\\/wp-content\\\/uploads\\\/2025\\\/12\\\/elections.webp\",\"articleSection\":[\"Politique\"],\"inLanguage\":\"fr-FR\",\"potentialAction\":[{\"@type\":\"CommentAction\",\"name\":\"Comment\",\"target\":[\"https:\\\/\\\/lepatriotebenin.com\\\/index.php\\\/2025\\\/12\\\/03\\\/elections-et-engagement-citoyen-ouorou-mise-sur-wadagni-et-la-jeunesse\\\/#respond\"]}]},{\"@type\":\"WebPage\",\"@id\":\"https:\\\/\\\/lepatriotebenin.com\\\/index.php\\\/2025\\\/12\\\/03\\\/elections-et-engagement-citoyen-ouorou-mise-sur-wadagni-et-la-jeunesse\\\/\",\"url\":\"https:\\\/\\\/lepatriotebenin.com\\\/index.php\\\/2025\\\/12\\\/03\\\/elections-et-engagement-citoyen-ouorou-mise-sur-wadagni-et-la-jeunesse\\\/\",\"name\":\"\u00c9lections et engagement citoyen: Ouorou mise sur Wadagni et la jeunesse - Le Patriote\",\"isPartOf\":{\"@id\":\"https:\\\/\\\/lepatriotebenin.com\\\/#website\"},\"primaryImageOfPage\":{\"@id\":\"https:\\\/\\\/lepatriotebenin.com\\\/index.php\\\/2025\\\/12\\\/03\\\/elections-et-engagement-citoyen-ouorou-mise-sur-wadagni-et-la-jeunesse\\\/#primaryimage\"},\"image\":{\"@id\":\"https:\\\/\\\/lepatriotebenin.com\\\/index.php\\\/2025\\\/12\\\/03\\\/elections-et-engagement-citoyen-ouorou-mise-sur-wadagni-et-la-jeunesse\\\/#primaryimage\"},\"thumbnailUrl\":\"https:\\\/\\\/lepatriotebenin.com\\\/wp-content\\\/uploads\\\/2025\\\/12\\\/elections.webp\",\"datePublished\":\"2025-12-03T00:09:08+00:00\",\"author\":{\"@id\":\"https:\\\/\\\/lepatriotebenin.com\\\/#\\\/schema\\\/person\\\/2e7709b9c9cc313e452d1136af61690f\"},\"breadcrumb\":{\"@id\":\"https:\\\/\\\/lepatriotebenin.com\\\/index.php\\\/2025\\\/12\\\/03\\\/elections-et-engagement-citoyen-ouorou-mise-sur-wadagni-et-la-jeunesse\\\/#breadcrumb\"},\"inLanguage\":\"fr-FR\",\"potentialAction\":[{\"@type\":\"ReadAction\",\"target\":[\"https:\\\/\\\/lepatriotebenin.com\\\/index.php\\\/2025\\\/12\\\/03\\\/elections-et-engagement-citoyen-ouorou-mise-sur-wadagni-et-la-jeunesse\\\/\"]}]},{\"@type\":\"ImageObject\",\"inLanguage\":\"fr-FR\",\"@id\":\"https:\\\/\\\/lepatriotebenin.com\\\/index.php\\\/2025\\\/12\\\/03\\\/elections-et-engagement-citoyen-ouorou-mise-sur-wadagni-et-la-jeunesse\\\/#primaryimage\",\"url\":\"https:\\\/\\\/lepatriotebenin.com\\\/wp-content\\\/uploads\\\/2025\\\/12\\\/elections.webp\",\"contentUrl\":\"https:\\\/\\\/lepatriotebenin.com\\\/wp-content\\\/uploads\\\/2025\\\/12\\\/elections.webp\",\"width\":811,\"height\":540},{\"@type\":\"BreadcrumbList\",\"@id\":\"https:\\\/\\\/lepatriotebenin.com\\\/index.php\\\/2025\\\/12\\\/03\\\/elections-et-engagement-citoyen-ouorou-mise-sur-wadagni-et-la-jeunesse\\\/#breadcrumb\",\"itemListElement\":[{\"@type\":\"ListItem\",\"position\":1,\"name\":\"Accueil\",\"item\":\"https:\\\/\\\/lepatriotebenin.com\\\/\"},{\"@type\":\"ListItem\",\"position\":2,\"name\":\"\u00c9lections et engagement citoyen: Ouorou mise sur Wadagni et la jeunesse\"}]},{\"@type\":\"WebSite\",\"@id\":\"https:\\\/\\\/lepatriotebenin.com\\\/#website\",\"url\":\"https:\\\/\\\/lepatriotebenin.com\\\/\",\"name\":\"Le Patriote\",\"description\":\"Le Patriote B\u00e9nin\",\"potentialAction\":[{\"@type\":\"SearchAction\",\"target\":{\"@type\":\"EntryPoint\",\"urlTemplate\":\"https:\\\/\\\/lepatriotebenin.com\\\/?s={search_term_string}\"},\"query-input\":{\"@type\":\"PropertyValueSpecification\",\"valueRequired\":true,\"valueName\":\"search_term_string\"}}],\"inLanguage\":\"fr-FR\"},{\"@type\":\"Person\",\"@id\":\"https:\\\/\\\/lepatriotebenin.com\\\/#\\\/schema\\\/person\\\/2e7709b9c9cc313e452d1136af61690f\",\"name\":\"Redaction\",\"image\":{\"@type\":\"ImageObject\",\"inLanguage\":\"fr-FR\",\"@id\":\"https:\\\/\\\/secure.gravatar.com\\\/avatar\\\/c4c509357859ea2ca2cbb6d8812898a73e4ef1ef9934c2e591d7e32face734d1?s=96&d=mm&r=g\",\"url\":\"https:\\\/\\\/secure.gravatar.com\\\/avatar\\\/c4c509357859ea2ca2cbb6d8812898a73e4ef1ef9934c2e591d7e32face734d1?s=96&d=mm&r=g\",\"contentUrl\":\"https:\\\/\\\/secure.gravatar.com\\\/avatar\\\/c4c509357859ea2ca2cbb6d8812898a73e4ef1ef9934c2e591d7e32face734d1?s=96&d=mm&r=g\",\"caption\":\"Redaction\"},\"url\":\"https:\\\/\\\/lepatriotebenin.com\"}]}<\/script>\n<!-- \/ Yoast SEO plugin. -->","yoast_head_json":{"title":"\u00c9lections et engagement citoyen: Ouorou mise sur Wadagni et la jeunesse - Le Patriote","robots":{"index":"index","follow":"follow","max-snippet":"max-snippet:-1","max-image-preview":"max-image-preview:large","max-video-preview":"max-video-preview:-1"},"canonical":"https:\/\/lepatriotebenin.com\/index.php\/2025\/12\/03\/elections-et-engagement-citoyen-ouorou-mise-sur-wadagni-et-la-jeunesse\/","og_locale":"fr_FR","og_type":"article","og_title":"\u00c9lections et engagement citoyen: Ouorou mise sur Wadagni et la jeunesse - Le Patriote","og_description":"Dans une d\u00e9claration empreinte d\u2019apaisement et de responsabilit\u00e9, Richard Boni Ouorou appelle la jeunesse b\u00e9ninoise \u00e0 privil\u00e9gier l\u2019unit\u00e9 et le discernement en p\u00e9riode \u00e9lectorale. Il y r\u00e9affirme son soutien \u00e0&hellip;","og_url":"https:\/\/lepatriotebenin.com\/index.php\/2025\/12\/03\/elections-et-engagement-citoyen-ouorou-mise-sur-wadagni-et-la-jeunesse\/","og_site_name":"Le Patriote","article_published_time":"2025-12-03T00:09:08+00:00","og_image":[{"width":811,"height":540,"url":"https:\/\/lepatriotebenin.com\/wp-content\/uploads\/2025\/12\/elections.webp","type":"image\/webp"}],"author":"Redaction","twitter_card":"summary_large_image","twitter_misc":{"\u00c9crit par":"Redaction","Dur\u00e9e de lecture estim\u00e9e":"3 minutes"},"schema":{"@context":"https:\/\/schema.org","@graph":[{"@type":"Article","@id":"https:\/\/lepatriotebenin.com\/index.php\/2025\/12\/03\/elections-et-engagement-citoyen-ouorou-mise-sur-wadagni-et-la-jeunesse\/#article","isPartOf":{"@id":"https:\/\/lepatriotebenin.com\/index.php\/2025\/12\/03\/elections-et-engagement-citoyen-ouorou-mise-sur-wadagni-et-la-jeunesse\/"},"author":{"name":"Redaction","@id":"https:\/\/lepatriotebenin.com\/#\/schema\/person\/2e7709b9c9cc313e452d1136af61690f"},"headline":"\u00c9lections et engagement citoyen: Ouorou mise sur Wadagni et la jeunesse","datePublished":"2025-12-03T00:09:08+00:00","mainEntityOfPage":{"@id":"https:\/\/lepatriotebenin.com\/index.php\/2025\/12\/03\/elections-et-engagement-citoyen-ouorou-mise-sur-wadagni-et-la-jeunesse\/"},"wordCount":426,"commentCount":0,"image":{"@id":"https:\/\/lepatriotebenin.com\/index.php\/2025\/12\/03\/elections-et-engagement-citoyen-ouorou-mise-sur-wadagni-et-la-jeunesse\/#primaryimage"},"thumbnailUrl":"https:\/\/lepatriotebenin.com\/wp-content\/uploads\/2025\/12\/elections.webp","articleSection":["Politique"],"inLanguage":"fr-FR","potentialAction":[{"@type":"CommentAction","name":"Comment","target":["https:\/\/lepatriotebenin.com\/index.php\/2025\/12\/03\/elections-et-engagement-citoyen-ouorou-mise-sur-wadagni-et-la-jeunesse\/#respond"]}]},{"@type":"WebPage","@id":"https:\/\/lepatriotebenin.com\/index.php\/2025\/12\/03\/elections-et-engagement-citoyen-ouorou-mise-sur-wadagni-et-la-jeunesse\/","url":"https:\/\/lepatriotebenin.com\/index.php\/2025\/12\/03\/elections-et-engagement-citoyen-ouorou-mise-sur-wadagni-et-la-jeunesse\/","name":"\u00c9lections et engagement citoyen: Ouorou mise sur Wadagni et la jeunesse - Le Patriote","isPartOf":{"@id":"https:\/\/lepatriotebenin.com\/#website"},"primaryImageOfPage":{"@id":"https:\/\/lepatriotebenin.com\/index.php\/2025\/12\/03\/elections-et-engagement-citoyen-ouorou-mise-sur-wadagni-et-la-jeunesse\/#primaryimage"},"image":{"@id":"https:\/\/lepatriotebenin.com\/index.php\/2025\/12\/03\/elections-et-engagement-citoyen-ouorou-mise-sur-wadagni-et-la-jeunesse\/#primaryimage"},"thumbnailUrl":"https:\/\/lepatriotebenin.com\/wp-content\/uploads\/2025\/12\/elections.webp","datePublished":"2025-12-03T00:09:08+00:00","author":{"@id":"https:\/\/lepatriotebenin.com\/#\/schema\/person\/2e7709b9c9cc313e452d1136af61690f"},"breadcrumb":{"@id":"https:\/\/lepatriotebenin.com\/index.php\/2025\/12\/03\/elections-et-engagement-citoyen-ouorou-mise-sur-wadagni-et-la-jeunesse\/#breadcrumb"},"inLanguage":"fr-FR","potentialAction":[{"@type":"ReadAction","target":["https:\/\/lepatriotebenin.com\/index.php\/2025\/12\/03\/elections-et-engagement-citoyen-ouorou-mise-sur-wadagni-et-la-jeunesse\/"]}]},{"@type":"ImageObject","inLanguage":"fr-FR","@id":"https:\/\/lepatriotebenin.com\/index.php\/2025\/12\/03\/elections-et-engagement-citoyen-ouorou-mise-sur-wadagni-et-la-jeunesse\/#primaryimage","url":"https:\/\/lepatriotebenin.com\/wp-content\/uploads\/2025\/12\/elections.webp","contentUrl":"https:\/\/lepatriotebenin.com\/wp-content\/uploads\/2025\/12\/elections.webp","width":811,"height":540},{"@type":"BreadcrumbList","@id":"https:\/\/lepatriotebenin.com\/index.php\/2025\/12\/03\/elections-et-engagement-citoyen-ouorou-mise-sur-wadagni-et-la-jeunesse\/#breadcrumb","itemListElement":[{"@type":"ListItem","position":1,"name":"Accueil","item":"https:\/\/lepatriotebenin.com\/"},{"@type":"ListItem","position":2,"name":"\u00c9lections et engagement citoyen: Ouorou mise sur Wadagni et la jeunesse"}]},{"@type":"WebSite","@id":"https:\/\/lepatriotebenin.com\/#website","url":"https:\/\/lepatriotebenin.com\/","name":"Le Patriote","description":"Le Patriote B\u00e9nin","potentialAction":[{"@type":"SearchAction","target":{"@type":"EntryPoint","urlTemplate":"https:\/\/lepatriotebenin.com\/?s={search_term_string}"},"query-input":{"@type":"PropertyValueSpecification","valueRequired":true,"valueName":"search_term_string"}}],"inLanguage":"fr-FR"},{"@type":"Person","@id":"https:\/\/lepatriotebenin.com\/#\/schema\/person\/2e7709b9c9cc313e452d1136af61690f","name":"Redaction","image":{"@type":"ImageObject","inLanguage":"fr-FR","@id":"https:\/\/secure.gravatar.com\/avatar\/c4c509357859ea2ca2cbb6d8812898a73e4ef1ef9934c2e591d7e32face734d1?s=96&d=mm&r=g","url":"https:\/\/secure.gravatar.com\/avatar\/c4c509357859ea2ca2cbb6d8812898a73e4ef1ef9934c2e591d7e32face734d1?s=96&d=mm&r=g","contentUrl":"https:\/\/secure.gravatar.com\/avatar\/c4c509357859ea2ca2cbb6d8812898a73e4ef1ef9934c2e591d7e32face734d1?s=96&d=mm&r=g","caption":"Redaction"},"url":"https:\/\/lepatriotebenin.com"}]}},"_links":{"self":[{"href":"https:\/\/lepatriotebenin.com\/index.php\/wp-json\/wp\/v2\/posts\/15614","targetHints":{"allow":["GET"]}}],"collection":[{"href":"https:\/\/lepatriotebenin.com\/index.php\/wp-json\/wp\/v2\/posts"}],"about":[{"href":"https:\/\/lepatriotebenin.com\/index.php\/wp-json\/wp\/v2\/types\/post"}],"author":[{"embeddable":true,"href":"https:\/\/lepatriotebenin.com\/index.php\/wp-json\/wp\/v2\/users\/5"}],"replies":[{"embeddable":true,"href":"https:\/\/lepatriotebenin.com\/index.php\/wp-json\/wp\/v2\/comments?post=15614"}],"version-history":[{"count":1,"href":"https:\/\/lepatriotebenin.com\/index.php\/wp-json\/wp\/v2\/posts\/15614\/revisions"}],"predecessor-version":[{"id":15616,"href":"https:\/\/lepatriotebenin.com\/index.php\/wp-json\/wp\/v2\/posts\/15614\/revisions\/15616"}],"wp:featuredmedia":[{"embeddable":true,"href":"https:\/\/lepatriotebenin.com\/index.php\/wp-json\/wp\/v2\/media\/15615"}],"wp:attachment":[{"href":"https:\/\/lepatriotebenin.com\/index.php\/wp-json\/wp\/v2\/media?parent=15614"}],"wp:term":[{"taxonomy":"category","embeddable":true,"href":"https:\/\/lepatriotebenin.com\/index.php\/wp-json\/wp\/v2\/categories?post=15614"},{"taxonomy":"post_tag","embeddable":true,"href":"https:\/\/lepatriotebenin.com\/index.php\/wp-json\/wp\/v2\/tags?post=15614"}],"curies":[{"name":"wp","href":"https:\/\/api.w.org\/{rel}","templated":true}]}}