{"id":15541,"date":"2025-12-01T01:38:17","date_gmt":"2025-12-01T00:38:17","guid":{"rendered":"https:\/\/lepatriotebenin.com\/?p=15541"},"modified":"2025-12-01T01:38:17","modified_gmt":"2025-12-01T00:38:17","slug":"niger-orano-denonce-un-transport-illegal-duranium-depuis-le-site-de-la-somair","status":"publish","type":"post","link":"https:\/\/lepatriotebenin.com\/index.php\/2025\/12\/01\/niger-orano-denonce-un-transport-illegal-duranium-depuis-le-site-de-la-somair\/","title":{"rendered":"Niger : Orano d\u00e9nonce un transport \u00ab ill\u00e9gal \u00bb d\u2019uranium depuis le site de la SOMA\u00cfR"},"content":{"rendered":"<p><em><strong>Un convoi d\u2019uranium a quitt\u00e9 le site minier de la SOMA\u00cfR \u00e0 Arlit le 27 novembre. Orano affirme n\u2019\u00eatre ni \u00e0 l\u2019origine ni inform\u00e9 de cette op\u00e9ration, qu\u2019il consid\u00e8re comme une violation de ses droits.<\/strong><\/em><\/p>\n<p>Le 27 novembre 2025, un convoi de camions escort\u00e9s a quitt\u00e9 le site de la SOMA\u00cfR, dans le nord du Niger. Dans un communiqu\u00e9 dat\u00e9 du m\u00eame jour, Orano a fermement condamn\u00e9 ce d\u00e9part, soulignant qu\u2019il n\u2019en \u00e9tait pas l\u2019initiateur. Le groupe rappelle avoir perdu le contr\u00f4le op\u00e9rationnel de ses mines nig\u00e9riennes depuis d\u00e9cembre 2024 et indique qu\u2019il \u00ab ne dispose d\u2019aucune information officielle sur la quantit\u00e9 d\u2019uranium transport\u00e9e, sa destination finale, ni sur les conditions de s\u00fbret\u00e9 et de s\u00e9curit\u00e9 de ce transport \u00bb.<\/p>\n<p>Le groupe pr\u00e9cise qu\u2019il \u00ab poursuivra la d\u00e9fense de ses int\u00e9r\u00eats avec d\u00e9termination et se r\u00e9serve le droit d\u2019engager toutes actions n\u00e9cessaires, y compris des proc\u00e9dures p\u00e9nales contre des tiers impliqu\u00e9s \u00bb.<\/p>\n<p>Une telle action de l\u2019\u00c9tat nig\u00e9rien pourrait compromettre la tra\u00e7abilit\u00e9 et la s\u00e9curit\u00e9 d\u2019un mat\u00e9riau strat\u00e9gique. Elle risque \u00e9galement d\u2019affaiblir la confiance des investisseurs internationaux dans le secteur minier du Niger.<\/p>\n<p>Depuis d\u00e9cembre 2024, Orano a perdu le contr\u00f4le op\u00e9rationnel de ses mines nig\u00e9riennes, dont la SOMA\u00cfR. En juin 2025, le gouvernement de Niamey a nationalis\u00e9 la compagnie, dans un contexte de reprise en main des ressources mini\u00e8res par l\u2019\u00c9tat.<\/p>\n<p>Le 23 septembre 2025, un tribunal arbitral du CIRDI a rendu une d\u00e9cision favorable \u00e0 Orano, interdisant \u00e0 l\u2019\u00c9tat nig\u00e9rien de vendre, c\u00e9der ou transf\u00e9rer \u00e0 des tiers l\u2019uranium produit par la SOMA\u00cfR et stock\u00e9 ill\u00e9galement. Orano consid\u00e8re donc que le convoi du 27 novembre viole cette d\u00e9cision.<\/p>\n<p><strong>Ez\u00e9chiel Dagb\u00e9gnon PADONOU<\/strong><\/p>\n<p>&nbsp;<\/p>\n","protected":false},"excerpt":{"rendered":"<p>Un convoi d\u2019uranium a quitt\u00e9 le site minier de la SOMA\u00cfR \u00e0 Arlit le 27 novembre. Orano affirme n\u2019\u00eatre ni \u00e0 l\u2019origine ni inform\u00e9 de cette op\u00e9ration, qu\u2019il consid\u00e8re comme&hellip;<\/p>\n","protected":false},"author":5,"featured_media":15542,"comment_status":"open","ping_status":"open","sticky":false,"template":"","format":"standard","meta":{"content-type":"","om_disable_all_campaigns":false,"_monsterinsights_skip_tracking":false,"_monsterinsights_sitenote_active":false,"_monsterinsights_sitenote_note":"","_monsterinsights_sitenote_category":0,"_uf_show_specific_survey":0,"_uf_disable_surveys":false,"footnotes":""},"categories":[20],"tags":[],"class_list":["post-15541","post","type-post","status-publish","format-standard","has-post-thumbnail","hentry","category-societe"],"aioseo_notices":[],"yoast_head":"<!-- This site is optimized with the Yoast SEO plugin v27.5 - https:\/\/yoast.com\/product\/yoast-seo-wordpress\/ -->\n<title>Niger : Orano d\u00e9nonce un transport \u00ab ill\u00e9gal \u00bb d\u2019uranium depuis le site de la SOMA\u00cfR - Le Patriote<\/title>\n<meta name=\"robots\" content=\"index, follow, max-snippet:-1, max-image-preview:large, max-video-preview:-1\" \/>\n<link rel=\"canonical\" href=\"https:\/\/lepatriotebenin.com\/index.php\/2025\/12\/01\/niger-orano-denonce-un-transport-illegal-duranium-depuis-le-site-de-la-somair\/\" \/>\n<meta property=\"og:locale\" content=\"fr_FR\" \/>\n<meta property=\"og:type\" content=\"article\" \/>\n<meta property=\"og:title\" content=\"Niger : Orano d\u00e9nonce un transport \u00ab ill\u00e9gal \u00bb d\u2019uranium depuis le site de la SOMA\u00cfR - Le Patriote\" \/>\n<meta property=\"og:description\" content=\"Un convoi d\u2019uranium a quitt\u00e9 le site minier de la SOMA\u00cfR \u00e0 Arlit le 27 novembre. Orano affirme n\u2019\u00eatre ni \u00e0 l\u2019origine ni inform\u00e9 de cette op\u00e9ration, qu\u2019il consid\u00e8re comme&hellip;\" \/>\n<meta property=\"og:url\" content=\"https:\/\/lepatriotebenin.com\/index.php\/2025\/12\/01\/niger-orano-denonce-un-transport-illegal-duranium-depuis-le-site-de-la-somair\/\" \/>\n<meta property=\"og:site_name\" content=\"Le Patriote\" \/>\n<meta property=\"article:published_time\" content=\"2025-12-01T00:38:17+00:00\" \/>\n<meta property=\"og:image\" content=\"https:\/\/lepatriotebenin.com\/wp-content\/uploads\/2025\/12\/niger.jpg\" \/>\n\t<meta property=\"og:image:width\" content=\"1080\" \/>\n\t<meta property=\"og:image:height\" content=\"540\" \/>\n\t<meta property=\"og:image:type\" content=\"image\/jpeg\" \/>\n<meta name=\"author\" content=\"Redaction\" \/>\n<meta name=\"twitter:card\" content=\"summary_large_image\" \/>\n<meta name=\"twitter:label1\" content=\"\u00c9crit par\" \/>\n\t<meta name=\"twitter:data1\" content=\"Redaction\" \/>\n\t<meta name=\"twitter:label2\" content=\"Dur\u00e9e de lecture estim\u00e9e\" \/>\n\t<meta name=\"twitter:data2\" content=\"2 minutes\" \/>\n<script type=\"application\/ld+json\" class=\"yoast-schema-graph\">{\"@context\":\"https:\\\/\\\/schema.org\",\"@graph\":[{\"@type\":\"Article\",\"@id\":\"https:\\\/\\\/lepatriotebenin.com\\\/index.php\\\/2025\\\/12\\\/01\\\/niger-orano-denonce-un-transport-illegal-duranium-depuis-le-site-de-la-somair\\\/#article\",\"isPartOf\":{\"@id\":\"https:\\\/\\\/lepatriotebenin.com\\\/index.php\\\/2025\\\/12\\\/01\\\/niger-orano-denonce-un-transport-illegal-duranium-depuis-le-site-de-la-somair\\\/\"},\"author\":{\"name\":\"Redaction\",\"@id\":\"https:\\\/\\\/lepatriotebenin.com\\\/#\\\/schema\\\/person\\\/2e7709b9c9cc313e452d1136af61690f\"},\"headline\":\"Niger : Orano d\u00e9nonce un transport \u00ab ill\u00e9gal \u00bb d\u2019uranium depuis le site de la SOMA\u00cfR\",\"datePublished\":\"2025-12-01T00:38:17+00:00\",\"mainEntityOfPage\":{\"@id\":\"https:\\\/\\\/lepatriotebenin.com\\\/index.php\\\/2025\\\/12\\\/01\\\/niger-orano-denonce-un-transport-illegal-duranium-depuis-le-site-de-la-somair\\\/\"},\"wordCount\":336,\"commentCount\":0,\"image\":{\"@id\":\"https:\\\/\\\/lepatriotebenin.com\\\/index.php\\\/2025\\\/12\\\/01\\\/niger-orano-denonce-un-transport-illegal-duranium-depuis-le-site-de-la-somair\\\/#primaryimage\"},\"thumbnailUrl\":\"https:\\\/\\\/lepatriotebenin.com\\\/wp-content\\\/uploads\\\/2025\\\/12\\\/niger.jpg\",\"articleSection\":[\"Soci\u00e9t\u00e9\"],\"inLanguage\":\"fr-FR\",\"potentialAction\":[{\"@type\":\"CommentAction\",\"name\":\"Comment\",\"target\":[\"https:\\\/\\\/lepatriotebenin.com\\\/index.php\\\/2025\\\/12\\\/01\\\/niger-orano-denonce-un-transport-illegal-duranium-depuis-le-site-de-la-somair\\\/#respond\"]}]},{\"@type\":\"WebPage\",\"@id\":\"https:\\\/\\\/lepatriotebenin.com\\\/index.php\\\/2025\\\/12\\\/01\\\/niger-orano-denonce-un-transport-illegal-duranium-depuis-le-site-de-la-somair\\\/\",\"url\":\"https:\\\/\\\/lepatriotebenin.com\\\/index.php\\\/2025\\\/12\\\/01\\\/niger-orano-denonce-un-transport-illegal-duranium-depuis-le-site-de-la-somair\\\/\",\"name\":\"Niger : Orano d\u00e9nonce un transport \u00ab ill\u00e9gal \u00bb d\u2019uranium depuis le site de la SOMA\u00cfR - Le Patriote\",\"isPartOf\":{\"@id\":\"https:\\\/\\\/lepatriotebenin.com\\\/#website\"},\"primaryImageOfPage\":{\"@id\":\"https:\\\/\\\/lepatriotebenin.com\\\/index.php\\\/2025\\\/12\\\/01\\\/niger-orano-denonce-un-transport-illegal-duranium-depuis-le-site-de-la-somair\\\/#primaryimage\"},\"image\":{\"@id\":\"https:\\\/\\\/lepatriotebenin.com\\\/index.php\\\/2025\\\/12\\\/01\\\/niger-orano-denonce-un-transport-illegal-duranium-depuis-le-site-de-la-somair\\\/#primaryimage\"},\"thumbnailUrl\":\"https:\\\/\\\/lepatriotebenin.com\\\/wp-content\\\/uploads\\\/2025\\\/12\\\/niger.jpg\",\"datePublished\":\"2025-12-01T00:38:17+00:00\",\"author\":{\"@id\":\"https:\\\/\\\/lepatriotebenin.com\\\/#\\\/schema\\\/person\\\/2e7709b9c9cc313e452d1136af61690f\"},\"breadcrumb\":{\"@id\":\"https:\\\/\\\/lepatriotebenin.com\\\/index.php\\\/2025\\\/12\\\/01\\\/niger-orano-denonce-un-transport-illegal-duranium-depuis-le-site-de-la-somair\\\/#breadcrumb\"},\"inLanguage\":\"fr-FR\",\"potentialAction\":[{\"@type\":\"ReadAction\",\"target\":[\"https:\\\/\\\/lepatriotebenin.com\\\/index.php\\\/2025\\\/12\\\/01\\\/niger-orano-denonce-un-transport-illegal-duranium-depuis-le-site-de-la-somair\\\/\"]}]},{\"@type\":\"ImageObject\",\"inLanguage\":\"fr-FR\",\"@id\":\"https:\\\/\\\/lepatriotebenin.com\\\/index.php\\\/2025\\\/12\\\/01\\\/niger-orano-denonce-un-transport-illegal-duranium-depuis-le-site-de-la-somair\\\/#primaryimage\",\"url\":\"https:\\\/\\\/lepatriotebenin.com\\\/wp-content\\\/uploads\\\/2025\\\/12\\\/niger.jpg\",\"contentUrl\":\"https:\\\/\\\/lepatriotebenin.com\\\/wp-content\\\/uploads\\\/2025\\\/12\\\/niger.jpg\",\"width\":1080,\"height\":540},{\"@type\":\"BreadcrumbList\",\"@id\":\"https:\\\/\\\/lepatriotebenin.com\\\/index.php\\\/2025\\\/12\\\/01\\\/niger-orano-denonce-un-transport-illegal-duranium-depuis-le-site-de-la-somair\\\/#breadcrumb\",\"itemListElement\":[{\"@type\":\"ListItem\",\"position\":1,\"name\":\"Accueil\",\"item\":\"https:\\\/\\\/lepatriotebenin.com\\\/\"},{\"@type\":\"ListItem\",\"position\":2,\"name\":\"Niger : Orano d\u00e9nonce un transport \u00ab ill\u00e9gal \u00bb d\u2019uranium depuis le site de la SOMA\u00cfR\"}]},{\"@type\":\"WebSite\",\"@id\":\"https:\\\/\\\/lepatriotebenin.com\\\/#website\",\"url\":\"https:\\\/\\\/lepatriotebenin.com\\\/\",\"name\":\"Le Patriote\",\"description\":\"Le Patriote B\u00e9nin\",\"potentialAction\":[{\"@type\":\"SearchAction\",\"target\":{\"@type\":\"EntryPoint\",\"urlTemplate\":\"https:\\\/\\\/lepatriotebenin.com\\\/?s={search_term_string}\"},\"query-input\":{\"@type\":\"PropertyValueSpecification\",\"valueRequired\":true,\"valueName\":\"search_term_string\"}}],\"inLanguage\":\"fr-FR\"},{\"@type\":\"Person\",\"@id\":\"https:\\\/\\\/lepatriotebenin.com\\\/#\\\/schema\\\/person\\\/2e7709b9c9cc313e452d1136af61690f\",\"name\":\"Redaction\",\"image\":{\"@type\":\"ImageObject\",\"inLanguage\":\"fr-FR\",\"@id\":\"https:\\\/\\\/secure.gravatar.com\\\/avatar\\\/c4c509357859ea2ca2cbb6d8812898a73e4ef1ef9934c2e591d7e32face734d1?s=96&d=mm&r=g\",\"url\":\"https:\\\/\\\/secure.gravatar.com\\\/avatar\\\/c4c509357859ea2ca2cbb6d8812898a73e4ef1ef9934c2e591d7e32face734d1?s=96&d=mm&r=g\",\"contentUrl\":\"https:\\\/\\\/secure.gravatar.com\\\/avatar\\\/c4c509357859ea2ca2cbb6d8812898a73e4ef1ef9934c2e591d7e32face734d1?s=96&d=mm&r=g\",\"caption\":\"Redaction\"},\"url\":\"https:\\\/\\\/lepatriotebenin.com\"}]}<\/script>\n<!-- \/ Yoast SEO plugin. -->","yoast_head_json":{"title":"Niger : Orano d\u00e9nonce un transport \u00ab ill\u00e9gal \u00bb d\u2019uranium depuis le site de la SOMA\u00cfR - Le Patriote","robots":{"index":"index","follow":"follow","max-snippet":"max-snippet:-1","max-image-preview":"max-image-preview:large","max-video-preview":"max-video-preview:-1"},"canonical":"https:\/\/lepatriotebenin.com\/index.php\/2025\/12\/01\/niger-orano-denonce-un-transport-illegal-duranium-depuis-le-site-de-la-somair\/","og_locale":"fr_FR","og_type":"article","og_title":"Niger : Orano d\u00e9nonce un transport \u00ab ill\u00e9gal \u00bb d\u2019uranium depuis le site de la SOMA\u00cfR - Le Patriote","og_description":"Un convoi d\u2019uranium a quitt\u00e9 le site minier de la SOMA\u00cfR \u00e0 Arlit le 27 novembre. Orano affirme n\u2019\u00eatre ni \u00e0 l\u2019origine ni inform\u00e9 de cette op\u00e9ration, qu\u2019il consid\u00e8re comme&hellip;","og_url":"https:\/\/lepatriotebenin.com\/index.php\/2025\/12\/01\/niger-orano-denonce-un-transport-illegal-duranium-depuis-le-site-de-la-somair\/","og_site_name":"Le Patriote","article_published_time":"2025-12-01T00:38:17+00:00","og_image":[{"width":1080,"height":540,"url":"https:\/\/lepatriotebenin.com\/wp-content\/uploads\/2025\/12\/niger.jpg","type":"image\/jpeg"}],"author":"Redaction","twitter_card":"summary_large_image","twitter_misc":{"\u00c9crit par":"Redaction","Dur\u00e9e de lecture estim\u00e9e":"2 minutes"},"schema":{"@context":"https:\/\/schema.org","@graph":[{"@type":"Article","@id":"https:\/\/lepatriotebenin.com\/index.php\/2025\/12\/01\/niger-orano-denonce-un-transport-illegal-duranium-depuis-le-site-de-la-somair\/#article","isPartOf":{"@id":"https:\/\/lepatriotebenin.com\/index.php\/2025\/12\/01\/niger-orano-denonce-un-transport-illegal-duranium-depuis-le-site-de-la-somair\/"},"author":{"name":"Redaction","@id":"https:\/\/lepatriotebenin.com\/#\/schema\/person\/2e7709b9c9cc313e452d1136af61690f"},"headline":"Niger : Orano d\u00e9nonce un transport \u00ab ill\u00e9gal \u00bb d\u2019uranium depuis le site de la SOMA\u00cfR","datePublished":"2025-12-01T00:38:17+00:00","mainEntityOfPage":{"@id":"https:\/\/lepatriotebenin.com\/index.php\/2025\/12\/01\/niger-orano-denonce-un-transport-illegal-duranium-depuis-le-site-de-la-somair\/"},"wordCount":336,"commentCount":0,"image":{"@id":"https:\/\/lepatriotebenin.com\/index.php\/2025\/12\/01\/niger-orano-denonce-un-transport-illegal-duranium-depuis-le-site-de-la-somair\/#primaryimage"},"thumbnailUrl":"https:\/\/lepatriotebenin.com\/wp-content\/uploads\/2025\/12\/niger.jpg","articleSection":["Soci\u00e9t\u00e9"],"inLanguage":"fr-FR","potentialAction":[{"@type":"CommentAction","name":"Comment","target":["https:\/\/lepatriotebenin.com\/index.php\/2025\/12\/01\/niger-orano-denonce-un-transport-illegal-duranium-depuis-le-site-de-la-somair\/#respond"]}]},{"@type":"WebPage","@id":"https:\/\/lepatriotebenin.com\/index.php\/2025\/12\/01\/niger-orano-denonce-un-transport-illegal-duranium-depuis-le-site-de-la-somair\/","url":"https:\/\/lepatriotebenin.com\/index.php\/2025\/12\/01\/niger-orano-denonce-un-transport-illegal-duranium-depuis-le-site-de-la-somair\/","name":"Niger : Orano d\u00e9nonce un transport \u00ab ill\u00e9gal \u00bb d\u2019uranium depuis le site de la SOMA\u00cfR - Le Patriote","isPartOf":{"@id":"https:\/\/lepatriotebenin.com\/#website"},"primaryImageOfPage":{"@id":"https:\/\/lepatriotebenin.com\/index.php\/2025\/12\/01\/niger-orano-denonce-un-transport-illegal-duranium-depuis-le-site-de-la-somair\/#primaryimage"},"image":{"@id":"https:\/\/lepatriotebenin.com\/index.php\/2025\/12\/01\/niger-orano-denonce-un-transport-illegal-duranium-depuis-le-site-de-la-somair\/#primaryimage"},"thumbnailUrl":"https:\/\/lepatriotebenin.com\/wp-content\/uploads\/2025\/12\/niger.jpg","datePublished":"2025-12-01T00:38:17+00:00","author":{"@id":"https:\/\/lepatriotebenin.com\/#\/schema\/person\/2e7709b9c9cc313e452d1136af61690f"},"breadcrumb":{"@id":"https:\/\/lepatriotebenin.com\/index.php\/2025\/12\/01\/niger-orano-denonce-un-transport-illegal-duranium-depuis-le-site-de-la-somair\/#breadcrumb"},"inLanguage":"fr-FR","potentialAction":[{"@type":"ReadAction","target":["https:\/\/lepatriotebenin.com\/index.php\/2025\/12\/01\/niger-orano-denonce-un-transport-illegal-duranium-depuis-le-site-de-la-somair\/"]}]},{"@type":"ImageObject","inLanguage":"fr-FR","@id":"https:\/\/lepatriotebenin.com\/index.php\/2025\/12\/01\/niger-orano-denonce-un-transport-illegal-duranium-depuis-le-site-de-la-somair\/#primaryimage","url":"https:\/\/lepatriotebenin.com\/wp-content\/uploads\/2025\/12\/niger.jpg","contentUrl":"https:\/\/lepatriotebenin.com\/wp-content\/uploads\/2025\/12\/niger.jpg","width":1080,"height":540},{"@type":"BreadcrumbList","@id":"https:\/\/lepatriotebenin.com\/index.php\/2025\/12\/01\/niger-orano-denonce-un-transport-illegal-duranium-depuis-le-site-de-la-somair\/#breadcrumb","itemListElement":[{"@type":"ListItem","position":1,"name":"Accueil","item":"https:\/\/lepatriotebenin.com\/"},{"@type":"ListItem","position":2,"name":"Niger : Orano d\u00e9nonce un transport \u00ab ill\u00e9gal \u00bb d\u2019uranium depuis le site de la SOMA\u00cfR"}]},{"@type":"WebSite","@id":"https:\/\/lepatriotebenin.com\/#website","url":"https:\/\/lepatriotebenin.com\/","name":"Le Patriote","description":"Le Patriote B\u00e9nin","potentialAction":[{"@type":"SearchAction","target":{"@type":"EntryPoint","urlTemplate":"https:\/\/lepatriotebenin.com\/?s={search_term_string}"},"query-input":{"@type":"PropertyValueSpecification","valueRequired":true,"valueName":"search_term_string"}}],"inLanguage":"fr-FR"},{"@type":"Person","@id":"https:\/\/lepatriotebenin.com\/#\/schema\/person\/2e7709b9c9cc313e452d1136af61690f","name":"Redaction","image":{"@type":"ImageObject","inLanguage":"fr-FR","@id":"https:\/\/secure.gravatar.com\/avatar\/c4c509357859ea2ca2cbb6d8812898a73e4ef1ef9934c2e591d7e32face734d1?s=96&d=mm&r=g","url":"https:\/\/secure.gravatar.com\/avatar\/c4c509357859ea2ca2cbb6d8812898a73e4ef1ef9934c2e591d7e32face734d1?s=96&d=mm&r=g","contentUrl":"https:\/\/secure.gravatar.com\/avatar\/c4c509357859ea2ca2cbb6d8812898a73e4ef1ef9934c2e591d7e32face734d1?s=96&d=mm&r=g","caption":"Redaction"},"url":"https:\/\/lepatriotebenin.com"}]}},"_links":{"self":[{"href":"https:\/\/lepatriotebenin.com\/index.php\/wp-json\/wp\/v2\/posts\/15541","targetHints":{"allow":["GET"]}}],"collection":[{"href":"https:\/\/lepatriotebenin.com\/index.php\/wp-json\/wp\/v2\/posts"}],"about":[{"href":"https:\/\/lepatriotebenin.com\/index.php\/wp-json\/wp\/v2\/types\/post"}],"author":[{"embeddable":true,"href":"https:\/\/lepatriotebenin.com\/index.php\/wp-json\/wp\/v2\/users\/5"}],"replies":[{"embeddable":true,"href":"https:\/\/lepatriotebenin.com\/index.php\/wp-json\/wp\/v2\/comments?post=15541"}],"version-history":[{"count":1,"href":"https:\/\/lepatriotebenin.com\/index.php\/wp-json\/wp\/v2\/posts\/15541\/revisions"}],"predecessor-version":[{"id":15543,"href":"https:\/\/lepatriotebenin.com\/index.php\/wp-json\/wp\/v2\/posts\/15541\/revisions\/15543"}],"wp:featuredmedia":[{"embeddable":true,"href":"https:\/\/lepatriotebenin.com\/index.php\/wp-json\/wp\/v2\/media\/15542"}],"wp:attachment":[{"href":"https:\/\/lepatriotebenin.com\/index.php\/wp-json\/wp\/v2\/media?parent=15541"}],"wp:term":[{"taxonomy":"category","embeddable":true,"href":"https:\/\/lepatriotebenin.com\/index.php\/wp-json\/wp\/v2\/categories?post=15541"},{"taxonomy":"post_tag","embeddable":true,"href":"https:\/\/lepatriotebenin.com\/index.php\/wp-json\/wp\/v2\/tags?post=15541"}],"curies":[{"name":"wp","href":"https:\/\/api.w.org\/{rel}","templated":true}]}}