{"id":15535,"date":"2025-12-01T01:31:08","date_gmt":"2025-12-01T00:31:08","guid":{"rendered":"https:\/\/lepatriotebenin.com\/?p=15535"},"modified":"2025-12-01T01:31:08","modified_gmt":"2025-12-01T00:31:08","slug":"elections-generales-et-revision-constitutionnelle-il-ny-aura-pas-delection-exclusive-dixit-daniel-edah","status":"publish","type":"post","link":"https:\/\/lepatriotebenin.com\/index.php\/2025\/12\/01\/elections-generales-et-revision-constitutionnelle-il-ny-aura-pas-delection-exclusive-dixit-daniel-edah\/","title":{"rendered":"\u00c9lections g\u00e9n\u00e9rales et r\u00e9vision constitutionnelle : \u00ab Il n\u2019y aura pas d\u2019\u00e9lection exclusive \u00bb, dixit Daniel EDAH"},"content":{"rendered":"<p>Le samedi 29 novembre 2025, le pr\u00e9sident du mouvement politique NOUS LE FERONS,\u00a0 Daniel EDAH\u00a0 a fait une nouvelle sortie mais cette fois en vid\u00e9o publi\u00e9e sur sa page Facebook.\u00a0 Dans la vid\u00e9o devenue virale sur les r\u00e9seaux\u00a0 sociaux, l\u2019homme de Dieu revient sur le processus \u00e9lectoral\u00a0 en cours au Benin et la r\u00e9vision de la loi fondamentale contre lesquels ils a plusieurs fois \u00e9crit\u00a0 d\u00e9non\u00e7ant la mise \u00e0 sac des fondamentaux de la d\u00e9mocratie et du vivre ensemble au B\u00e9nin. A ses mots, le r\u00e9gime du pr\u00e9sident Patrice Talon n\u2019organise pas d\u2019\u00e9lection mais plut\u00f4t une s\u00e9lection qui n\u2019aura pas \u00e0\u00a0 son terme. \u00ab Le processus de s\u00e9lection au lieu d\u2019\u00e9lection qu\u2019ils ont enclench\u00e9 n\u2019ira pas \u00e0 son terme \u00bb, mart\u00e8le-t-il dans sa d\u00e9claration.<\/p>\n<p>Aussi soutient-il, il n\u2019y aura pas d\u2019\u00e9lection exclusive mais de vraies \u00e9lections qui respectent les principes d\u00e9mocratiques auront lieu. Dans la m\u00eame\u00a0 vid\u00e9o, le pr\u00e9sident Daniel invite les b\u00e9ninois\u00a0 \u00e0 ne jamais d\u00e9sesp\u00e9rer car, dit-il, celui qui d\u00e9sesp\u00e8re \u00e0 tout perdu.\u00a0 \u00ab Je viens vous dire de ne pas d\u00e9sesp\u00e9rer malgr\u00e9 tout ce qui est mis en \u0153uvre pour nous conduire au d\u00e9sespoir. Ils veulent qu\u2019on perde espoir, car, qui a perdu espoir a tout perdu. Si tel est qu\u2019ils ont tout boucl\u00e9, ils ont tout gagn\u00e9, pourquoi est-ce\u00a0 qu\u2019ils forcent les gens \u00e0 rentrer dans un rang ?<\/p>\n<p>Rien que cet \u00e9tat de chose est une d\u00e9monstration, une illustration qu\u2019ils ont conscience qu\u2019ils n\u2019ont rien en main, et qu\u2019ils attendent votre validation ; qu\u2019ils attendent regrouper tout le monde dans un enclos avant de faire ce qu\u2019ils ont envie de faire . Car sans faire rentrer tout le monde dans ce qu\u2019ils appellent le rang, ils ne peuvent rien achever \u00bb, d\u00e9clare-t-il avant de rassurer les b\u00e9ninois sur sa conviction qui reste et demeur\u00e9 intacte. \u00ab Je viens vous dire pour ce qui me concerne qu\u2019il n\u2019y a pas de rang qui puisse me contenir car si je rentre dans un rang, le rang va exploser \u00bb, assure-t-il.<\/p>\n<p>\u00ab C\u2019est pour la premi\u00e8re fois qu\u2019un pr\u00e9sident sortant, par peur de la pr\u00e9servation de ses acquis priv\u00e9s et personnels met en \u0153uvre tout pour garder la main sur son successeur \u00bb, d\u00e9nonce-t-il en s\u2019indignant de ce qu\u2019il appelle les incongruit\u00e9s de la constitution r\u00e9vis\u00e9e du samedi 15 samedi 2025.<\/p>\n","protected":false},"excerpt":{"rendered":"<p>Le samedi 29 novembre 2025, le pr\u00e9sident du mouvement politique NOUS LE FERONS,\u00a0 Daniel EDAH\u00a0 a fait une nouvelle sortie mais cette fois en vid\u00e9o publi\u00e9e sur sa page Facebook.\u00a0&hellip;<\/p>\n","protected":false},"author":12,"featured_media":15536,"comment_status":"open","ping_status":"open","sticky":false,"template":"","format":"standard","meta":{"content-type":"","om_disable_all_campaigns":false,"_monsterinsights_skip_tracking":false,"_monsterinsights_sitenote_active":false,"_monsterinsights_sitenote_note":"","_monsterinsights_sitenote_category":0,"_uf_show_specific_survey":0,"_uf_disable_surveys":false,"footnotes":""},"categories":[26],"tags":[],"class_list":["post-15535","post","type-post","status-publish","format-standard","has-post-thumbnail","hentry","category-politique"],"aioseo_notices":[],"yoast_head":"<!-- This site is optimized with the Yoast SEO plugin v27.5 - https:\/\/yoast.com\/product\/yoast-seo-wordpress\/ -->\n<title>\u00c9lections g\u00e9n\u00e9rales et r\u00e9vision constitutionnelle : \u00ab Il n\u2019y aura pas d\u2019\u00e9lection exclusive \u00bb, dixit Daniel EDAH - Le Patriote<\/title>\n<meta name=\"robots\" content=\"index, follow, max-snippet:-1, max-image-preview:large, max-video-preview:-1\" \/>\n<link rel=\"canonical\" href=\"https:\/\/lepatriotebenin.com\/index.php\/2025\/12\/01\/elections-generales-et-revision-constitutionnelle-il-ny-aura-pas-delection-exclusive-dixit-daniel-edah\/\" \/>\n<meta property=\"og:locale\" content=\"fr_FR\" \/>\n<meta property=\"og:type\" content=\"article\" \/>\n<meta property=\"og:title\" content=\"\u00c9lections g\u00e9n\u00e9rales et r\u00e9vision constitutionnelle : \u00ab Il n\u2019y aura pas d\u2019\u00e9lection exclusive \u00bb, dixit Daniel EDAH - Le Patriote\" \/>\n<meta property=\"og:description\" content=\"Le samedi 29 novembre 2025, le pr\u00e9sident du mouvement politique NOUS LE FERONS,\u00a0 Daniel EDAH\u00a0 a fait une nouvelle sortie mais cette fois en vid\u00e9o publi\u00e9e sur sa page Facebook.\u00a0&hellip;\" \/>\n<meta property=\"og:url\" content=\"https:\/\/lepatriotebenin.com\/index.php\/2025\/12\/01\/elections-generales-et-revision-constitutionnelle-il-ny-aura-pas-delection-exclusive-dixit-daniel-edah\/\" \/>\n<meta property=\"og:site_name\" content=\"Le Patriote\" \/>\n<meta property=\"article:published_time\" content=\"2025-12-01T00:31:08+00:00\" \/>\n<meta property=\"og:image\" content=\"https:\/\/lepatriotebenin.com\/wp-content\/uploads\/2025\/12\/edah2.jpg\" \/>\n\t<meta property=\"og:image:width\" content=\"720\" \/>\n\t<meta property=\"og:image:height\" content=\"1080\" \/>\n\t<meta property=\"og:image:type\" content=\"image\/jpeg\" \/>\n<meta name=\"author\" content=\"Comlan Paul ODAH\" \/>\n<meta name=\"twitter:card\" content=\"summary_large_image\" \/>\n<meta name=\"twitter:label1\" content=\"\u00c9crit par\" \/>\n\t<meta name=\"twitter:data1\" content=\"Comlan Paul ODAH\" \/>\n\t<meta name=\"twitter:label2\" content=\"Dur\u00e9e de lecture estim\u00e9e\" \/>\n\t<meta name=\"twitter:data2\" content=\"3 minutes\" \/>\n<script type=\"application\/ld+json\" class=\"yoast-schema-graph\">{\"@context\":\"https:\\\/\\\/schema.org\",\"@graph\":[{\"@type\":\"Article\",\"@id\":\"https:\\\/\\\/lepatriotebenin.com\\\/index.php\\\/2025\\\/12\\\/01\\\/elections-generales-et-revision-constitutionnelle-il-ny-aura-pas-delection-exclusive-dixit-daniel-edah\\\/#article\",\"isPartOf\":{\"@id\":\"https:\\\/\\\/lepatriotebenin.com\\\/index.php\\\/2025\\\/12\\\/01\\\/elections-generales-et-revision-constitutionnelle-il-ny-aura-pas-delection-exclusive-dixit-daniel-edah\\\/\"},\"author\":{\"name\":\"Comlan Paul ODAH\",\"@id\":\"https:\\\/\\\/lepatriotebenin.com\\\/#\\\/schema\\\/person\\\/6486fa44ec286eee49816deb241bcbbf\"},\"headline\":\"\u00c9lections g\u00e9n\u00e9rales et r\u00e9vision constitutionnelle : \u00ab Il n\u2019y aura pas d\u2019\u00e9lection exclusive \u00bb, dixit Daniel EDAH\",\"datePublished\":\"2025-12-01T00:31:08+00:00\",\"mainEntityOfPage\":{\"@id\":\"https:\\\/\\\/lepatriotebenin.com\\\/index.php\\\/2025\\\/12\\\/01\\\/elections-generales-et-revision-constitutionnelle-il-ny-aura-pas-delection-exclusive-dixit-daniel-edah\\\/\"},\"wordCount\":446,\"commentCount\":0,\"image\":{\"@id\":\"https:\\\/\\\/lepatriotebenin.com\\\/index.php\\\/2025\\\/12\\\/01\\\/elections-generales-et-revision-constitutionnelle-il-ny-aura-pas-delection-exclusive-dixit-daniel-edah\\\/#primaryimage\"},\"thumbnailUrl\":\"https:\\\/\\\/lepatriotebenin.com\\\/wp-content\\\/uploads\\\/2025\\\/12\\\/edah2.jpg\",\"articleSection\":[\"Politique\"],\"inLanguage\":\"fr-FR\",\"potentialAction\":[{\"@type\":\"CommentAction\",\"name\":\"Comment\",\"target\":[\"https:\\\/\\\/lepatriotebenin.com\\\/index.php\\\/2025\\\/12\\\/01\\\/elections-generales-et-revision-constitutionnelle-il-ny-aura-pas-delection-exclusive-dixit-daniel-edah\\\/#respond\"]}]},{\"@type\":\"WebPage\",\"@id\":\"https:\\\/\\\/lepatriotebenin.com\\\/index.php\\\/2025\\\/12\\\/01\\\/elections-generales-et-revision-constitutionnelle-il-ny-aura-pas-delection-exclusive-dixit-daniel-edah\\\/\",\"url\":\"https:\\\/\\\/lepatriotebenin.com\\\/index.php\\\/2025\\\/12\\\/01\\\/elections-generales-et-revision-constitutionnelle-il-ny-aura-pas-delection-exclusive-dixit-daniel-edah\\\/\",\"name\":\"\u00c9lections g\u00e9n\u00e9rales et r\u00e9vision constitutionnelle : \u00ab Il n\u2019y aura pas d\u2019\u00e9lection exclusive \u00bb, dixit Daniel EDAH - Le Patriote\",\"isPartOf\":{\"@id\":\"https:\\\/\\\/lepatriotebenin.com\\\/#website\"},\"primaryImageOfPage\":{\"@id\":\"https:\\\/\\\/lepatriotebenin.com\\\/index.php\\\/2025\\\/12\\\/01\\\/elections-generales-et-revision-constitutionnelle-il-ny-aura-pas-delection-exclusive-dixit-daniel-edah\\\/#primaryimage\"},\"image\":{\"@id\":\"https:\\\/\\\/lepatriotebenin.com\\\/index.php\\\/2025\\\/12\\\/01\\\/elections-generales-et-revision-constitutionnelle-il-ny-aura-pas-delection-exclusive-dixit-daniel-edah\\\/#primaryimage\"},\"thumbnailUrl\":\"https:\\\/\\\/lepatriotebenin.com\\\/wp-content\\\/uploads\\\/2025\\\/12\\\/edah2.jpg\",\"datePublished\":\"2025-12-01T00:31:08+00:00\",\"author\":{\"@id\":\"https:\\\/\\\/lepatriotebenin.com\\\/#\\\/schema\\\/person\\\/6486fa44ec286eee49816deb241bcbbf\"},\"breadcrumb\":{\"@id\":\"https:\\\/\\\/lepatriotebenin.com\\\/index.php\\\/2025\\\/12\\\/01\\\/elections-generales-et-revision-constitutionnelle-il-ny-aura-pas-delection-exclusive-dixit-daniel-edah\\\/#breadcrumb\"},\"inLanguage\":\"fr-FR\",\"potentialAction\":[{\"@type\":\"ReadAction\",\"target\":[\"https:\\\/\\\/lepatriotebenin.com\\\/index.php\\\/2025\\\/12\\\/01\\\/elections-generales-et-revision-constitutionnelle-il-ny-aura-pas-delection-exclusive-dixit-daniel-edah\\\/\"]}]},{\"@type\":\"ImageObject\",\"inLanguage\":\"fr-FR\",\"@id\":\"https:\\\/\\\/lepatriotebenin.com\\\/index.php\\\/2025\\\/12\\\/01\\\/elections-generales-et-revision-constitutionnelle-il-ny-aura-pas-delection-exclusive-dixit-daniel-edah\\\/#primaryimage\",\"url\":\"https:\\\/\\\/lepatriotebenin.com\\\/wp-content\\\/uploads\\\/2025\\\/12\\\/edah2.jpg\",\"contentUrl\":\"https:\\\/\\\/lepatriotebenin.com\\\/wp-content\\\/uploads\\\/2025\\\/12\\\/edah2.jpg\",\"width\":720,\"height\":1080},{\"@type\":\"BreadcrumbList\",\"@id\":\"https:\\\/\\\/lepatriotebenin.com\\\/index.php\\\/2025\\\/12\\\/01\\\/elections-generales-et-revision-constitutionnelle-il-ny-aura-pas-delection-exclusive-dixit-daniel-edah\\\/#breadcrumb\",\"itemListElement\":[{\"@type\":\"ListItem\",\"position\":1,\"name\":\"Accueil\",\"item\":\"https:\\\/\\\/lepatriotebenin.com\\\/\"},{\"@type\":\"ListItem\",\"position\":2,\"name\":\"\u00c9lections g\u00e9n\u00e9rales et r\u00e9vision constitutionnelle : \u00ab Il n\u2019y aura pas d\u2019\u00e9lection exclusive \u00bb, dixit Daniel EDAH\"}]},{\"@type\":\"WebSite\",\"@id\":\"https:\\\/\\\/lepatriotebenin.com\\\/#website\",\"url\":\"https:\\\/\\\/lepatriotebenin.com\\\/\",\"name\":\"Le Patriote\",\"description\":\"Le Patriote B\u00e9nin\",\"potentialAction\":[{\"@type\":\"SearchAction\",\"target\":{\"@type\":\"EntryPoint\",\"urlTemplate\":\"https:\\\/\\\/lepatriotebenin.com\\\/?s={search_term_string}\"},\"query-input\":{\"@type\":\"PropertyValueSpecification\",\"valueRequired\":true,\"valueName\":\"search_term_string\"}}],\"inLanguage\":\"fr-FR\"},{\"@type\":\"Person\",\"@id\":\"https:\\\/\\\/lepatriotebenin.com\\\/#\\\/schema\\\/person\\\/6486fa44ec286eee49816deb241bcbbf\",\"name\":\"Comlan Paul ODAH\",\"image\":{\"@type\":\"ImageObject\",\"inLanguage\":\"fr-FR\",\"@id\":\"https:\\\/\\\/secure.gravatar.com\\\/avatar\\\/c45cf8a86d3cde8c562d63858f4ea8947664bd10708ad75990c2938897d9dbe1?s=96&d=mm&r=g\",\"url\":\"https:\\\/\\\/secure.gravatar.com\\\/avatar\\\/c45cf8a86d3cde8c562d63858f4ea8947664bd10708ad75990c2938897d9dbe1?s=96&d=mm&r=g\",\"contentUrl\":\"https:\\\/\\\/secure.gravatar.com\\\/avatar\\\/c45cf8a86d3cde8c562d63858f4ea8947664bd10708ad75990c2938897d9dbe1?s=96&d=mm&r=g\",\"caption\":\"Comlan Paul ODAH\"},\"url\":\"https:\\\/\\\/lepatriotebenin.com\"}]}<\/script>\n<!-- \/ Yoast SEO plugin. -->","yoast_head_json":{"title":"\u00c9lections g\u00e9n\u00e9rales et r\u00e9vision constitutionnelle : \u00ab Il n\u2019y aura pas d\u2019\u00e9lection exclusive \u00bb, dixit Daniel EDAH - Le Patriote","robots":{"index":"index","follow":"follow","max-snippet":"max-snippet:-1","max-image-preview":"max-image-preview:large","max-video-preview":"max-video-preview:-1"},"canonical":"https:\/\/lepatriotebenin.com\/index.php\/2025\/12\/01\/elections-generales-et-revision-constitutionnelle-il-ny-aura-pas-delection-exclusive-dixit-daniel-edah\/","og_locale":"fr_FR","og_type":"article","og_title":"\u00c9lections g\u00e9n\u00e9rales et r\u00e9vision constitutionnelle : \u00ab Il n\u2019y aura pas d\u2019\u00e9lection exclusive \u00bb, dixit Daniel EDAH - Le Patriote","og_description":"Le samedi 29 novembre 2025, le pr\u00e9sident du mouvement politique NOUS LE FERONS,\u00a0 Daniel EDAH\u00a0 a fait une nouvelle sortie mais cette fois en vid\u00e9o publi\u00e9e sur sa page Facebook.\u00a0&hellip;","og_url":"https:\/\/lepatriotebenin.com\/index.php\/2025\/12\/01\/elections-generales-et-revision-constitutionnelle-il-ny-aura-pas-delection-exclusive-dixit-daniel-edah\/","og_site_name":"Le Patriote","article_published_time":"2025-12-01T00:31:08+00:00","og_image":[{"width":720,"height":1080,"url":"https:\/\/lepatriotebenin.com\/wp-content\/uploads\/2025\/12\/edah2.jpg","type":"image\/jpeg"}],"author":"Comlan Paul ODAH","twitter_card":"summary_large_image","twitter_misc":{"\u00c9crit par":"Comlan Paul ODAH","Dur\u00e9e de lecture estim\u00e9e":"3 minutes"},"schema":{"@context":"https:\/\/schema.org","@graph":[{"@type":"Article","@id":"https:\/\/lepatriotebenin.com\/index.php\/2025\/12\/01\/elections-generales-et-revision-constitutionnelle-il-ny-aura-pas-delection-exclusive-dixit-daniel-edah\/#article","isPartOf":{"@id":"https:\/\/lepatriotebenin.com\/index.php\/2025\/12\/01\/elections-generales-et-revision-constitutionnelle-il-ny-aura-pas-delection-exclusive-dixit-daniel-edah\/"},"author":{"name":"Comlan Paul ODAH","@id":"https:\/\/lepatriotebenin.com\/#\/schema\/person\/6486fa44ec286eee49816deb241bcbbf"},"headline":"\u00c9lections g\u00e9n\u00e9rales et r\u00e9vision constitutionnelle : \u00ab Il n\u2019y aura pas d\u2019\u00e9lection exclusive \u00bb, dixit Daniel EDAH","datePublished":"2025-12-01T00:31:08+00:00","mainEntityOfPage":{"@id":"https:\/\/lepatriotebenin.com\/index.php\/2025\/12\/01\/elections-generales-et-revision-constitutionnelle-il-ny-aura-pas-delection-exclusive-dixit-daniel-edah\/"},"wordCount":446,"commentCount":0,"image":{"@id":"https:\/\/lepatriotebenin.com\/index.php\/2025\/12\/01\/elections-generales-et-revision-constitutionnelle-il-ny-aura-pas-delection-exclusive-dixit-daniel-edah\/#primaryimage"},"thumbnailUrl":"https:\/\/lepatriotebenin.com\/wp-content\/uploads\/2025\/12\/edah2.jpg","articleSection":["Politique"],"inLanguage":"fr-FR","potentialAction":[{"@type":"CommentAction","name":"Comment","target":["https:\/\/lepatriotebenin.com\/index.php\/2025\/12\/01\/elections-generales-et-revision-constitutionnelle-il-ny-aura-pas-delection-exclusive-dixit-daniel-edah\/#respond"]}]},{"@type":"WebPage","@id":"https:\/\/lepatriotebenin.com\/index.php\/2025\/12\/01\/elections-generales-et-revision-constitutionnelle-il-ny-aura-pas-delection-exclusive-dixit-daniel-edah\/","url":"https:\/\/lepatriotebenin.com\/index.php\/2025\/12\/01\/elections-generales-et-revision-constitutionnelle-il-ny-aura-pas-delection-exclusive-dixit-daniel-edah\/","name":"\u00c9lections g\u00e9n\u00e9rales et r\u00e9vision constitutionnelle : \u00ab Il n\u2019y aura pas d\u2019\u00e9lection exclusive \u00bb, dixit Daniel EDAH - Le Patriote","isPartOf":{"@id":"https:\/\/lepatriotebenin.com\/#website"},"primaryImageOfPage":{"@id":"https:\/\/lepatriotebenin.com\/index.php\/2025\/12\/01\/elections-generales-et-revision-constitutionnelle-il-ny-aura-pas-delection-exclusive-dixit-daniel-edah\/#primaryimage"},"image":{"@id":"https:\/\/lepatriotebenin.com\/index.php\/2025\/12\/01\/elections-generales-et-revision-constitutionnelle-il-ny-aura-pas-delection-exclusive-dixit-daniel-edah\/#primaryimage"},"thumbnailUrl":"https:\/\/lepatriotebenin.com\/wp-content\/uploads\/2025\/12\/edah2.jpg","datePublished":"2025-12-01T00:31:08+00:00","author":{"@id":"https:\/\/lepatriotebenin.com\/#\/schema\/person\/6486fa44ec286eee49816deb241bcbbf"},"breadcrumb":{"@id":"https:\/\/lepatriotebenin.com\/index.php\/2025\/12\/01\/elections-generales-et-revision-constitutionnelle-il-ny-aura-pas-delection-exclusive-dixit-daniel-edah\/#breadcrumb"},"inLanguage":"fr-FR","potentialAction":[{"@type":"ReadAction","target":["https:\/\/lepatriotebenin.com\/index.php\/2025\/12\/01\/elections-generales-et-revision-constitutionnelle-il-ny-aura-pas-delection-exclusive-dixit-daniel-edah\/"]}]},{"@type":"ImageObject","inLanguage":"fr-FR","@id":"https:\/\/lepatriotebenin.com\/index.php\/2025\/12\/01\/elections-generales-et-revision-constitutionnelle-il-ny-aura-pas-delection-exclusive-dixit-daniel-edah\/#primaryimage","url":"https:\/\/lepatriotebenin.com\/wp-content\/uploads\/2025\/12\/edah2.jpg","contentUrl":"https:\/\/lepatriotebenin.com\/wp-content\/uploads\/2025\/12\/edah2.jpg","width":720,"height":1080},{"@type":"BreadcrumbList","@id":"https:\/\/lepatriotebenin.com\/index.php\/2025\/12\/01\/elections-generales-et-revision-constitutionnelle-il-ny-aura-pas-delection-exclusive-dixit-daniel-edah\/#breadcrumb","itemListElement":[{"@type":"ListItem","position":1,"name":"Accueil","item":"https:\/\/lepatriotebenin.com\/"},{"@type":"ListItem","position":2,"name":"\u00c9lections g\u00e9n\u00e9rales et r\u00e9vision constitutionnelle : \u00ab Il n\u2019y aura pas d\u2019\u00e9lection exclusive \u00bb, dixit Daniel EDAH"}]},{"@type":"WebSite","@id":"https:\/\/lepatriotebenin.com\/#website","url":"https:\/\/lepatriotebenin.com\/","name":"Le Patriote","description":"Le Patriote B\u00e9nin","potentialAction":[{"@type":"SearchAction","target":{"@type":"EntryPoint","urlTemplate":"https:\/\/lepatriotebenin.com\/?s={search_term_string}"},"query-input":{"@type":"PropertyValueSpecification","valueRequired":true,"valueName":"search_term_string"}}],"inLanguage":"fr-FR"},{"@type":"Person","@id":"https:\/\/lepatriotebenin.com\/#\/schema\/person\/6486fa44ec286eee49816deb241bcbbf","name":"Comlan Paul ODAH","image":{"@type":"ImageObject","inLanguage":"fr-FR","@id":"https:\/\/secure.gravatar.com\/avatar\/c45cf8a86d3cde8c562d63858f4ea8947664bd10708ad75990c2938897d9dbe1?s=96&d=mm&r=g","url":"https:\/\/secure.gravatar.com\/avatar\/c45cf8a86d3cde8c562d63858f4ea8947664bd10708ad75990c2938897d9dbe1?s=96&d=mm&r=g","contentUrl":"https:\/\/secure.gravatar.com\/avatar\/c45cf8a86d3cde8c562d63858f4ea8947664bd10708ad75990c2938897d9dbe1?s=96&d=mm&r=g","caption":"Comlan Paul ODAH"},"url":"https:\/\/lepatriotebenin.com"}]}},"_links":{"self":[{"href":"https:\/\/lepatriotebenin.com\/index.php\/wp-json\/wp\/v2\/posts\/15535","targetHints":{"allow":["GET"]}}],"collection":[{"href":"https:\/\/lepatriotebenin.com\/index.php\/wp-json\/wp\/v2\/posts"}],"about":[{"href":"https:\/\/lepatriotebenin.com\/index.php\/wp-json\/wp\/v2\/types\/post"}],"author":[{"embeddable":true,"href":"https:\/\/lepatriotebenin.com\/index.php\/wp-json\/wp\/v2\/users\/12"}],"replies":[{"embeddable":true,"href":"https:\/\/lepatriotebenin.com\/index.php\/wp-json\/wp\/v2\/comments?post=15535"}],"version-history":[{"count":1,"href":"https:\/\/lepatriotebenin.com\/index.php\/wp-json\/wp\/v2\/posts\/15535\/revisions"}],"predecessor-version":[{"id":15537,"href":"https:\/\/lepatriotebenin.com\/index.php\/wp-json\/wp\/v2\/posts\/15535\/revisions\/15537"}],"wp:featuredmedia":[{"embeddable":true,"href":"https:\/\/lepatriotebenin.com\/index.php\/wp-json\/wp\/v2\/media\/15536"}],"wp:attachment":[{"href":"https:\/\/lepatriotebenin.com\/index.php\/wp-json\/wp\/v2\/media?parent=15535"}],"wp:term":[{"taxonomy":"category","embeddable":true,"href":"https:\/\/lepatriotebenin.com\/index.php\/wp-json\/wp\/v2\/categories?post=15535"},{"taxonomy":"post_tag","embeddable":true,"href":"https:\/\/lepatriotebenin.com\/index.php\/wp-json\/wp\/v2\/tags?post=15535"}],"curies":[{"name":"wp","href":"https:\/\/api.w.org\/{rel}","templated":true}]}}