{"id":15526,"date":"2025-12-01T01:18:06","date_gmt":"2025-12-01T00:18:06","guid":{"rendered":"https:\/\/lepatriotebenin.com\/?p=15526"},"modified":"2025-12-01T01:18:06","modified_gmt":"2025-12-01T00:18:06","slug":"fantasme-futuriste-le-japon-lance-la-machine-a-laver-humaine","status":"publish","type":"post","link":"https:\/\/lepatriotebenin.com\/index.php\/2025\/12\/01\/fantasme-futuriste-le-japon-lance-la-machine-a-laver-humaine\/","title":{"rendered":"Fantasme futuriste  : Le Japon lance la machine \u00e0 laver humaine"},"content":{"rendered":"<p><em><strong>S\u2019allonger, fermer le couvercle et ressortir propre sans lever le petit doigt, c&rsquo;est d\u00e9sormais possible. Au Japon, une entreprise vient de transformer un vieux fantasme futuriste en r\u00e9alit\u00e9 commerciale.<\/strong><\/em><\/p>\n<p>Elle faisait sourire lors de sa pr\u00e9sentation \u00e0 l\u2019Exposition universelle, elle est d\u00e9sormais bien r\u00e9elle. La machine \u00e0 laver pour humains vient officiellement d\u2019entrer sur le march\u00e9 japonais, a annonc\u00e9 vendredi une porte-parole de la soci\u00e9t\u00e9 Science, sp\u00e9cialis\u00e9e dans les \u00e9quipements high-tech.<\/p>\n<p>Le principe est aussi simple qu\u2019\u00e9tonnant. L\u2019utilisateur s\u2019allonge dans une capsule transparente rappelant un lave-linge, referme le couvercle et laisse la technologie faire le reste. Jets d\u2019eau, mousse nettoyante et programme automatis\u00e9 assurent un lavage complet du corps, sans essorage, le tout en quelques minutes. Pour parfaire l\u2019exp\u00e9rience, la machine diffuse une musique apaisante, transformant ce nettoyage futuriste en v\u00e9ritable s\u00e9ance de relaxation. Aucun effort, aucun savon \u00e0 manipuler : la technologie s\u2019occupe de tout.<\/p>\n<p>Entre spa high-tech et science-fiction, cette invention relance le d\u00e9bat sur l\u2019automatisation du quotidien. Une chose est s\u00fbre qu&rsquo;au pays du soleil levant, m\u00eame la toilette devient une exp\u00e9rience hors du commun.<\/p>\n<p><strong>Gildas AHOGNI<\/strong><\/p>\n","protected":false},"excerpt":{"rendered":"<p>S\u2019allonger, fermer le couvercle et ressortir propre sans lever le petit doigt, c&rsquo;est d\u00e9sormais possible. Au Japon, une entreprise vient de transformer un vieux fantasme futuriste en r\u00e9alit\u00e9 commerciale. Elle&hellip;<\/p>\n","protected":false},"author":5,"featured_media":15527,"comment_status":"open","ping_status":"open","sticky":false,"template":"","format":"standard","meta":{"content-type":"","om_disable_all_campaigns":false,"_monsterinsights_skip_tracking":false,"_monsterinsights_sitenote_active":false,"_monsterinsights_sitenote_note":"","_monsterinsights_sitenote_category":0,"_uf_show_specific_survey":0,"_uf_disable_surveys":false,"footnotes":""},"categories":[20],"tags":[],"class_list":["post-15526","post","type-post","status-publish","format-standard","has-post-thumbnail","hentry","category-societe"],"aioseo_notices":[],"yoast_head":"<!-- This site is optimized with the Yoast SEO plugin v27.5 - https:\/\/yoast.com\/product\/yoast-seo-wordpress\/ -->\n<title>Fantasme futuriste : Le Japon lance la machine \u00e0 laver humaine - Le Patriote<\/title>\n<meta name=\"robots\" content=\"index, follow, max-snippet:-1, max-image-preview:large, max-video-preview:-1\" \/>\n<link rel=\"canonical\" href=\"https:\/\/lepatriotebenin.com\/index.php\/2025\/12\/01\/fantasme-futuriste-le-japon-lance-la-machine-a-laver-humaine\/\" \/>\n<meta property=\"og:locale\" content=\"fr_FR\" \/>\n<meta property=\"og:type\" content=\"article\" \/>\n<meta property=\"og:title\" content=\"Fantasme futuriste : Le Japon lance la machine \u00e0 laver humaine - Le Patriote\" \/>\n<meta property=\"og:description\" content=\"S\u2019allonger, fermer le couvercle et ressortir propre sans lever le petit doigt, c&rsquo;est d\u00e9sormais possible. Au Japon, une entreprise vient de transformer un vieux fantasme futuriste en r\u00e9alit\u00e9 commerciale. Elle&hellip;\" \/>\n<meta property=\"og:url\" content=\"https:\/\/lepatriotebenin.com\/index.php\/2025\/12\/01\/fantasme-futuriste-le-japon-lance-la-machine-a-laver-humaine\/\" \/>\n<meta property=\"og:site_name\" content=\"Le Patriote\" \/>\n<meta property=\"article:published_time\" content=\"2025-12-01T00:18:06+00:00\" \/>\n<meta property=\"og:image\" content=\"https:\/\/lepatriotebenin.com\/wp-content\/uploads\/2025\/12\/machine-a-laver.webp\" \/>\n\t<meta property=\"og:image:width\" content=\"734\" \/>\n\t<meta property=\"og:image:height\" content=\"516\" \/>\n\t<meta property=\"og:image:type\" content=\"image\/webp\" \/>\n<meta name=\"author\" content=\"Redaction\" \/>\n<meta name=\"twitter:card\" content=\"summary_large_image\" \/>\n<meta name=\"twitter:label1\" content=\"\u00c9crit par\" \/>\n\t<meta name=\"twitter:data1\" content=\"Redaction\" \/>\n\t<meta name=\"twitter:label2\" content=\"Dur\u00e9e de lecture estim\u00e9e\" \/>\n\t<meta name=\"twitter:data2\" content=\"2 minutes\" \/>\n<script type=\"application\/ld+json\" class=\"yoast-schema-graph\">{\"@context\":\"https:\\\/\\\/schema.org\",\"@graph\":[{\"@type\":\"Article\",\"@id\":\"https:\\\/\\\/lepatriotebenin.com\\\/index.php\\\/2025\\\/12\\\/01\\\/fantasme-futuriste-le-japon-lance-la-machine-a-laver-humaine\\\/#article\",\"isPartOf\":{\"@id\":\"https:\\\/\\\/lepatriotebenin.com\\\/index.php\\\/2025\\\/12\\\/01\\\/fantasme-futuriste-le-japon-lance-la-machine-a-laver-humaine\\\/\"},\"author\":{\"name\":\"Redaction\",\"@id\":\"https:\\\/\\\/lepatriotebenin.com\\\/#\\\/schema\\\/person\\\/2e7709b9c9cc313e452d1136af61690f\"},\"headline\":\"Fantasme futuriste : Le Japon lance la machine \u00e0 laver humaine\",\"datePublished\":\"2025-12-01T00:18:06+00:00\",\"mainEntityOfPage\":{\"@id\":\"https:\\\/\\\/lepatriotebenin.com\\\/index.php\\\/2025\\\/12\\\/01\\\/fantasme-futuriste-le-japon-lance-la-machine-a-laver-humaine\\\/\"},\"wordCount\":212,\"commentCount\":0,\"image\":{\"@id\":\"https:\\\/\\\/lepatriotebenin.com\\\/index.php\\\/2025\\\/12\\\/01\\\/fantasme-futuriste-le-japon-lance-la-machine-a-laver-humaine\\\/#primaryimage\"},\"thumbnailUrl\":\"https:\\\/\\\/lepatriotebenin.com\\\/wp-content\\\/uploads\\\/2025\\\/12\\\/machine-a-laver.webp\",\"articleSection\":[\"Soci\u00e9t\u00e9\"],\"inLanguage\":\"fr-FR\",\"potentialAction\":[{\"@type\":\"CommentAction\",\"name\":\"Comment\",\"target\":[\"https:\\\/\\\/lepatriotebenin.com\\\/index.php\\\/2025\\\/12\\\/01\\\/fantasme-futuriste-le-japon-lance-la-machine-a-laver-humaine\\\/#respond\"]}]},{\"@type\":\"WebPage\",\"@id\":\"https:\\\/\\\/lepatriotebenin.com\\\/index.php\\\/2025\\\/12\\\/01\\\/fantasme-futuriste-le-japon-lance-la-machine-a-laver-humaine\\\/\",\"url\":\"https:\\\/\\\/lepatriotebenin.com\\\/index.php\\\/2025\\\/12\\\/01\\\/fantasme-futuriste-le-japon-lance-la-machine-a-laver-humaine\\\/\",\"name\":\"Fantasme futuriste : Le Japon lance la machine \u00e0 laver humaine - Le Patriote\",\"isPartOf\":{\"@id\":\"https:\\\/\\\/lepatriotebenin.com\\\/#website\"},\"primaryImageOfPage\":{\"@id\":\"https:\\\/\\\/lepatriotebenin.com\\\/index.php\\\/2025\\\/12\\\/01\\\/fantasme-futuriste-le-japon-lance-la-machine-a-laver-humaine\\\/#primaryimage\"},\"image\":{\"@id\":\"https:\\\/\\\/lepatriotebenin.com\\\/index.php\\\/2025\\\/12\\\/01\\\/fantasme-futuriste-le-japon-lance-la-machine-a-laver-humaine\\\/#primaryimage\"},\"thumbnailUrl\":\"https:\\\/\\\/lepatriotebenin.com\\\/wp-content\\\/uploads\\\/2025\\\/12\\\/machine-a-laver.webp\",\"datePublished\":\"2025-12-01T00:18:06+00:00\",\"author\":{\"@id\":\"https:\\\/\\\/lepatriotebenin.com\\\/#\\\/schema\\\/person\\\/2e7709b9c9cc313e452d1136af61690f\"},\"breadcrumb\":{\"@id\":\"https:\\\/\\\/lepatriotebenin.com\\\/index.php\\\/2025\\\/12\\\/01\\\/fantasme-futuriste-le-japon-lance-la-machine-a-laver-humaine\\\/#breadcrumb\"},\"inLanguage\":\"fr-FR\",\"potentialAction\":[{\"@type\":\"ReadAction\",\"target\":[\"https:\\\/\\\/lepatriotebenin.com\\\/index.php\\\/2025\\\/12\\\/01\\\/fantasme-futuriste-le-japon-lance-la-machine-a-laver-humaine\\\/\"]}]},{\"@type\":\"ImageObject\",\"inLanguage\":\"fr-FR\",\"@id\":\"https:\\\/\\\/lepatriotebenin.com\\\/index.php\\\/2025\\\/12\\\/01\\\/fantasme-futuriste-le-japon-lance-la-machine-a-laver-humaine\\\/#primaryimage\",\"url\":\"https:\\\/\\\/lepatriotebenin.com\\\/wp-content\\\/uploads\\\/2025\\\/12\\\/machine-a-laver.webp\",\"contentUrl\":\"https:\\\/\\\/lepatriotebenin.com\\\/wp-content\\\/uploads\\\/2025\\\/12\\\/machine-a-laver.webp\",\"width\":734,\"height\":516},{\"@type\":\"BreadcrumbList\",\"@id\":\"https:\\\/\\\/lepatriotebenin.com\\\/index.php\\\/2025\\\/12\\\/01\\\/fantasme-futuriste-le-japon-lance-la-machine-a-laver-humaine\\\/#breadcrumb\",\"itemListElement\":[{\"@type\":\"ListItem\",\"position\":1,\"name\":\"Accueil\",\"item\":\"https:\\\/\\\/lepatriotebenin.com\\\/\"},{\"@type\":\"ListItem\",\"position\":2,\"name\":\"Fantasme futuriste : Le Japon lance la machine \u00e0 laver humaine\"}]},{\"@type\":\"WebSite\",\"@id\":\"https:\\\/\\\/lepatriotebenin.com\\\/#website\",\"url\":\"https:\\\/\\\/lepatriotebenin.com\\\/\",\"name\":\"Le Patriote\",\"description\":\"Le Patriote B\u00e9nin\",\"potentialAction\":[{\"@type\":\"SearchAction\",\"target\":{\"@type\":\"EntryPoint\",\"urlTemplate\":\"https:\\\/\\\/lepatriotebenin.com\\\/?s={search_term_string}\"},\"query-input\":{\"@type\":\"PropertyValueSpecification\",\"valueRequired\":true,\"valueName\":\"search_term_string\"}}],\"inLanguage\":\"fr-FR\"},{\"@type\":\"Person\",\"@id\":\"https:\\\/\\\/lepatriotebenin.com\\\/#\\\/schema\\\/person\\\/2e7709b9c9cc313e452d1136af61690f\",\"name\":\"Redaction\",\"image\":{\"@type\":\"ImageObject\",\"inLanguage\":\"fr-FR\",\"@id\":\"https:\\\/\\\/secure.gravatar.com\\\/avatar\\\/c4c509357859ea2ca2cbb6d8812898a73e4ef1ef9934c2e591d7e32face734d1?s=96&d=mm&r=g\",\"url\":\"https:\\\/\\\/secure.gravatar.com\\\/avatar\\\/c4c509357859ea2ca2cbb6d8812898a73e4ef1ef9934c2e591d7e32face734d1?s=96&d=mm&r=g\",\"contentUrl\":\"https:\\\/\\\/secure.gravatar.com\\\/avatar\\\/c4c509357859ea2ca2cbb6d8812898a73e4ef1ef9934c2e591d7e32face734d1?s=96&d=mm&r=g\",\"caption\":\"Redaction\"},\"url\":\"https:\\\/\\\/lepatriotebenin.com\"}]}<\/script>\n<!-- \/ Yoast SEO plugin. -->","yoast_head_json":{"title":"Fantasme futuriste : Le Japon lance la machine \u00e0 laver humaine - Le Patriote","robots":{"index":"index","follow":"follow","max-snippet":"max-snippet:-1","max-image-preview":"max-image-preview:large","max-video-preview":"max-video-preview:-1"},"canonical":"https:\/\/lepatriotebenin.com\/index.php\/2025\/12\/01\/fantasme-futuriste-le-japon-lance-la-machine-a-laver-humaine\/","og_locale":"fr_FR","og_type":"article","og_title":"Fantasme futuriste : Le Japon lance la machine \u00e0 laver humaine - Le Patriote","og_description":"S\u2019allonger, fermer le couvercle et ressortir propre sans lever le petit doigt, c&rsquo;est d\u00e9sormais possible. Au Japon, une entreprise vient de transformer un vieux fantasme futuriste en r\u00e9alit\u00e9 commerciale. Elle&hellip;","og_url":"https:\/\/lepatriotebenin.com\/index.php\/2025\/12\/01\/fantasme-futuriste-le-japon-lance-la-machine-a-laver-humaine\/","og_site_name":"Le Patriote","article_published_time":"2025-12-01T00:18:06+00:00","og_image":[{"width":734,"height":516,"url":"https:\/\/lepatriotebenin.com\/wp-content\/uploads\/2025\/12\/machine-a-laver.webp","type":"image\/webp"}],"author":"Redaction","twitter_card":"summary_large_image","twitter_misc":{"\u00c9crit par":"Redaction","Dur\u00e9e de lecture estim\u00e9e":"2 minutes"},"schema":{"@context":"https:\/\/schema.org","@graph":[{"@type":"Article","@id":"https:\/\/lepatriotebenin.com\/index.php\/2025\/12\/01\/fantasme-futuriste-le-japon-lance-la-machine-a-laver-humaine\/#article","isPartOf":{"@id":"https:\/\/lepatriotebenin.com\/index.php\/2025\/12\/01\/fantasme-futuriste-le-japon-lance-la-machine-a-laver-humaine\/"},"author":{"name":"Redaction","@id":"https:\/\/lepatriotebenin.com\/#\/schema\/person\/2e7709b9c9cc313e452d1136af61690f"},"headline":"Fantasme futuriste : Le Japon lance la machine \u00e0 laver humaine","datePublished":"2025-12-01T00:18:06+00:00","mainEntityOfPage":{"@id":"https:\/\/lepatriotebenin.com\/index.php\/2025\/12\/01\/fantasme-futuriste-le-japon-lance-la-machine-a-laver-humaine\/"},"wordCount":212,"commentCount":0,"image":{"@id":"https:\/\/lepatriotebenin.com\/index.php\/2025\/12\/01\/fantasme-futuriste-le-japon-lance-la-machine-a-laver-humaine\/#primaryimage"},"thumbnailUrl":"https:\/\/lepatriotebenin.com\/wp-content\/uploads\/2025\/12\/machine-a-laver.webp","articleSection":["Soci\u00e9t\u00e9"],"inLanguage":"fr-FR","potentialAction":[{"@type":"CommentAction","name":"Comment","target":["https:\/\/lepatriotebenin.com\/index.php\/2025\/12\/01\/fantasme-futuriste-le-japon-lance-la-machine-a-laver-humaine\/#respond"]}]},{"@type":"WebPage","@id":"https:\/\/lepatriotebenin.com\/index.php\/2025\/12\/01\/fantasme-futuriste-le-japon-lance-la-machine-a-laver-humaine\/","url":"https:\/\/lepatriotebenin.com\/index.php\/2025\/12\/01\/fantasme-futuriste-le-japon-lance-la-machine-a-laver-humaine\/","name":"Fantasme futuriste : Le Japon lance la machine \u00e0 laver humaine - Le Patriote","isPartOf":{"@id":"https:\/\/lepatriotebenin.com\/#website"},"primaryImageOfPage":{"@id":"https:\/\/lepatriotebenin.com\/index.php\/2025\/12\/01\/fantasme-futuriste-le-japon-lance-la-machine-a-laver-humaine\/#primaryimage"},"image":{"@id":"https:\/\/lepatriotebenin.com\/index.php\/2025\/12\/01\/fantasme-futuriste-le-japon-lance-la-machine-a-laver-humaine\/#primaryimage"},"thumbnailUrl":"https:\/\/lepatriotebenin.com\/wp-content\/uploads\/2025\/12\/machine-a-laver.webp","datePublished":"2025-12-01T00:18:06+00:00","author":{"@id":"https:\/\/lepatriotebenin.com\/#\/schema\/person\/2e7709b9c9cc313e452d1136af61690f"},"breadcrumb":{"@id":"https:\/\/lepatriotebenin.com\/index.php\/2025\/12\/01\/fantasme-futuriste-le-japon-lance-la-machine-a-laver-humaine\/#breadcrumb"},"inLanguage":"fr-FR","potentialAction":[{"@type":"ReadAction","target":["https:\/\/lepatriotebenin.com\/index.php\/2025\/12\/01\/fantasme-futuriste-le-japon-lance-la-machine-a-laver-humaine\/"]}]},{"@type":"ImageObject","inLanguage":"fr-FR","@id":"https:\/\/lepatriotebenin.com\/index.php\/2025\/12\/01\/fantasme-futuriste-le-japon-lance-la-machine-a-laver-humaine\/#primaryimage","url":"https:\/\/lepatriotebenin.com\/wp-content\/uploads\/2025\/12\/machine-a-laver.webp","contentUrl":"https:\/\/lepatriotebenin.com\/wp-content\/uploads\/2025\/12\/machine-a-laver.webp","width":734,"height":516},{"@type":"BreadcrumbList","@id":"https:\/\/lepatriotebenin.com\/index.php\/2025\/12\/01\/fantasme-futuriste-le-japon-lance-la-machine-a-laver-humaine\/#breadcrumb","itemListElement":[{"@type":"ListItem","position":1,"name":"Accueil","item":"https:\/\/lepatriotebenin.com\/"},{"@type":"ListItem","position":2,"name":"Fantasme futuriste : Le Japon lance la machine \u00e0 laver humaine"}]},{"@type":"WebSite","@id":"https:\/\/lepatriotebenin.com\/#website","url":"https:\/\/lepatriotebenin.com\/","name":"Le Patriote","description":"Le Patriote B\u00e9nin","potentialAction":[{"@type":"SearchAction","target":{"@type":"EntryPoint","urlTemplate":"https:\/\/lepatriotebenin.com\/?s={search_term_string}"},"query-input":{"@type":"PropertyValueSpecification","valueRequired":true,"valueName":"search_term_string"}}],"inLanguage":"fr-FR"},{"@type":"Person","@id":"https:\/\/lepatriotebenin.com\/#\/schema\/person\/2e7709b9c9cc313e452d1136af61690f","name":"Redaction","image":{"@type":"ImageObject","inLanguage":"fr-FR","@id":"https:\/\/secure.gravatar.com\/avatar\/c4c509357859ea2ca2cbb6d8812898a73e4ef1ef9934c2e591d7e32face734d1?s=96&d=mm&r=g","url":"https:\/\/secure.gravatar.com\/avatar\/c4c509357859ea2ca2cbb6d8812898a73e4ef1ef9934c2e591d7e32face734d1?s=96&d=mm&r=g","contentUrl":"https:\/\/secure.gravatar.com\/avatar\/c4c509357859ea2ca2cbb6d8812898a73e4ef1ef9934c2e591d7e32face734d1?s=96&d=mm&r=g","caption":"Redaction"},"url":"https:\/\/lepatriotebenin.com"}]}},"_links":{"self":[{"href":"https:\/\/lepatriotebenin.com\/index.php\/wp-json\/wp\/v2\/posts\/15526","targetHints":{"allow":["GET"]}}],"collection":[{"href":"https:\/\/lepatriotebenin.com\/index.php\/wp-json\/wp\/v2\/posts"}],"about":[{"href":"https:\/\/lepatriotebenin.com\/index.php\/wp-json\/wp\/v2\/types\/post"}],"author":[{"embeddable":true,"href":"https:\/\/lepatriotebenin.com\/index.php\/wp-json\/wp\/v2\/users\/5"}],"replies":[{"embeddable":true,"href":"https:\/\/lepatriotebenin.com\/index.php\/wp-json\/wp\/v2\/comments?post=15526"}],"version-history":[{"count":1,"href":"https:\/\/lepatriotebenin.com\/index.php\/wp-json\/wp\/v2\/posts\/15526\/revisions"}],"predecessor-version":[{"id":15528,"href":"https:\/\/lepatriotebenin.com\/index.php\/wp-json\/wp\/v2\/posts\/15526\/revisions\/15528"}],"wp:featuredmedia":[{"embeddable":true,"href":"https:\/\/lepatriotebenin.com\/index.php\/wp-json\/wp\/v2\/media\/15527"}],"wp:attachment":[{"href":"https:\/\/lepatriotebenin.com\/index.php\/wp-json\/wp\/v2\/media?parent=15526"}],"wp:term":[{"taxonomy":"category","embeddable":true,"href":"https:\/\/lepatriotebenin.com\/index.php\/wp-json\/wp\/v2\/categories?post=15526"},{"taxonomy":"post_tag","embeddable":true,"href":"https:\/\/lepatriotebenin.com\/index.php\/wp-json\/wp\/v2\/tags?post=15526"}],"curies":[{"name":"wp","href":"https:\/\/api.w.org\/{rel}","templated":true}]}}