{"id":15523,"date":"2025-12-01T01:14:17","date_gmt":"2025-12-01T00:14:17","guid":{"rendered":"https:\/\/lepatriotebenin.com\/?p=15523"},"modified":"2025-12-01T01:14:17","modified_gmt":"2025-12-01T00:14:17","slug":"excellence-scolaire-les-meilleurs-bacheliers-2025-recompenses","status":"publish","type":"post","link":"https:\/\/lepatriotebenin.com\/index.php\/2025\/12\/01\/excellence-scolaire-les-meilleurs-bacheliers-2025-recompenses\/","title":{"rendered":"Excellence scolaire : Les meilleurs bacheliers 2025 r\u00e9compens\u00e9s"},"content":{"rendered":"<p><strong>Les meilleurs laur\u00e9ats du baccalaur\u00e9at 2025 ont \u00e9t\u00e9 distingu\u00e9s vendredi 28 novembre \u00e0 Palais des Congr\u00e8s de Cotonou, lors d\u2019une c\u00e9r\u00e9monie officielle d\u00e9di\u00e9e \u00e0 la promotion du m\u00e9rite et de l\u2019effort acad\u00e9mique, en pr\u00e9sence de hautes autorit\u00e9s de l\u2019\u00e9ducation et du gouvernement.<\/strong><\/p>\n<p>Le vendredi 28 novembre 2025, le Palais des Congr\u00e8s de Cotonou a servi de cadre \u00e0 la c\u00e9r\u00e9monie de remise de prix aux meilleurs \u00e9l\u00e8ves du baccalaur\u00e9at 2025. Organis\u00e9 sous le signe de l\u2019excellence acad\u00e9mique, l\u2019\u00e9v\u00e9nement a rassembl\u00e9 un parterre d\u2019acteurs du syst\u00e8me \u00e9ducatif, des parents d\u2019\u00e9l\u00e8ves et les laur\u00e9ats, venus c\u00e9l\u00e9brer le travail, la discipline et la pers\u00e9v\u00e9rance.<\/p>\n<p>La c\u00e9r\u00e9monie s\u2019est d\u00e9roul\u00e9e en pr\u00e9sence de la Ministre de l\u2019Enseignement sup\u00e9rieur et de la Recherche scientifique, \u00c9l\u00e9onore Yayi Lad\u00e9kan, et de la Ministre conseill\u00e8re, S\u00e8dami Medegan Fagla, aux c\u00f4t\u00e9s de plusieurs autorit\u00e9s du secteur de l\u2019\u00e9ducation nationale. Toutes ont salu\u00e9 l\u2019engagement des apprenants et l\u2019accompagnement des familles et du corps enseignant.<\/p>\n<p>\u00c0 travers cette initiative, les autorit\u00e9s entendent encourager l\u2019excellence scolaire et renforcer une culture du m\u00e9rite, pilier d\u2019un syst\u00e8me \u00e9ducatif performant. Les laur\u00e9ats, \u00e9mus et fiers, ont re\u00e7u distinctions et encouragements, symboles d\u2019une reconnaissance nationale et d\u2019un appel \u00e0 poursuivre l\u2019excellence dans leurs parcours acad\u00e9miques et professionnels.<\/p>\n<p><strong>Gildas AHOGNI<\/strong><\/p>\n","protected":false},"excerpt":{"rendered":"<p>Les meilleurs laur\u00e9ats du baccalaur\u00e9at 2025 ont \u00e9t\u00e9 distingu\u00e9s vendredi 28 novembre \u00e0 Palais des Congr\u00e8s de Cotonou, lors d\u2019une c\u00e9r\u00e9monie officielle d\u00e9di\u00e9e \u00e0 la promotion du m\u00e9rite et de&hellip;<\/p>\n","protected":false},"author":5,"featured_media":15524,"comment_status":"open","ping_status":"open","sticky":false,"template":"","format":"standard","meta":{"content-type":"","om_disable_all_campaigns":false,"_monsterinsights_skip_tracking":false,"_monsterinsights_sitenote_active":false,"_monsterinsights_sitenote_note":"","_monsterinsights_sitenote_category":0,"_uf_show_specific_survey":0,"_uf_disable_surveys":false,"footnotes":""},"categories":[20],"tags":[],"class_list":["post-15523","post","type-post","status-publish","format-standard","has-post-thumbnail","hentry","category-societe"],"aioseo_notices":[],"yoast_head":"<!-- This site is optimized with the Yoast SEO plugin v27.5 - https:\/\/yoast.com\/product\/yoast-seo-wordpress\/ -->\n<title>Excellence scolaire : Les meilleurs bacheliers 2025 r\u00e9compens\u00e9s - Le Patriote<\/title>\n<meta name=\"robots\" content=\"index, follow, max-snippet:-1, max-image-preview:large, max-video-preview:-1\" \/>\n<link rel=\"canonical\" href=\"https:\/\/lepatriotebenin.com\/index.php\/2025\/12\/01\/excellence-scolaire-les-meilleurs-bacheliers-2025-recompenses\/\" \/>\n<meta property=\"og:locale\" content=\"fr_FR\" \/>\n<meta property=\"og:type\" content=\"article\" \/>\n<meta property=\"og:title\" content=\"Excellence scolaire : Les meilleurs bacheliers 2025 r\u00e9compens\u00e9s - Le Patriote\" \/>\n<meta property=\"og:description\" content=\"Les meilleurs laur\u00e9ats du baccalaur\u00e9at 2025 ont \u00e9t\u00e9 distingu\u00e9s vendredi 28 novembre \u00e0 Palais des Congr\u00e8s de Cotonou, lors d\u2019une c\u00e9r\u00e9monie officielle d\u00e9di\u00e9e \u00e0 la promotion du m\u00e9rite et de&hellip;\" \/>\n<meta property=\"og:url\" content=\"https:\/\/lepatriotebenin.com\/index.php\/2025\/12\/01\/excellence-scolaire-les-meilleurs-bacheliers-2025-recompenses\/\" \/>\n<meta property=\"og:site_name\" content=\"Le Patriote\" \/>\n<meta property=\"article:published_time\" content=\"2025-12-01T00:14:17+00:00\" \/>\n<meta property=\"og:image\" content=\"https:\/\/lepatriotebenin.com\/wp-content\/uploads\/2025\/12\/celebration-des-meilleurs-bacheliers-2025-1024x680.png\" \/>\n\t<meta property=\"og:image:width\" content=\"1024\" \/>\n\t<meta property=\"og:image:height\" content=\"680\" \/>\n\t<meta property=\"og:image:type\" content=\"image\/png\" \/>\n<meta name=\"author\" content=\"Redaction\" \/>\n<meta name=\"twitter:card\" content=\"summary_large_image\" \/>\n<meta name=\"twitter:label1\" content=\"\u00c9crit par\" \/>\n\t<meta name=\"twitter:data1\" content=\"Redaction\" \/>\n\t<meta name=\"twitter:label2\" content=\"Dur\u00e9e de lecture estim\u00e9e\" \/>\n\t<meta name=\"twitter:data2\" content=\"2 minutes\" \/>\n<script type=\"application\/ld+json\" class=\"yoast-schema-graph\">{\"@context\":\"https:\\\/\\\/schema.org\",\"@graph\":[{\"@type\":\"Article\",\"@id\":\"https:\\\/\\\/lepatriotebenin.com\\\/index.php\\\/2025\\\/12\\\/01\\\/excellence-scolaire-les-meilleurs-bacheliers-2025-recompenses\\\/#article\",\"isPartOf\":{\"@id\":\"https:\\\/\\\/lepatriotebenin.com\\\/index.php\\\/2025\\\/12\\\/01\\\/excellence-scolaire-les-meilleurs-bacheliers-2025-recompenses\\\/\"},\"author\":{\"name\":\"Redaction\",\"@id\":\"https:\\\/\\\/lepatriotebenin.com\\\/#\\\/schema\\\/person\\\/2e7709b9c9cc313e452d1136af61690f\"},\"headline\":\"Excellence scolaire : Les meilleurs bacheliers 2025 r\u00e9compens\u00e9s\",\"datePublished\":\"2025-12-01T00:14:17+00:00\",\"mainEntityOfPage\":{\"@id\":\"https:\\\/\\\/lepatriotebenin.com\\\/index.php\\\/2025\\\/12\\\/01\\\/excellence-scolaire-les-meilleurs-bacheliers-2025-recompenses\\\/\"},\"wordCount\":262,\"commentCount\":0,\"image\":{\"@id\":\"https:\\\/\\\/lepatriotebenin.com\\\/index.php\\\/2025\\\/12\\\/01\\\/excellence-scolaire-les-meilleurs-bacheliers-2025-recompenses\\\/#primaryimage\"},\"thumbnailUrl\":\"https:\\\/\\\/lepatriotebenin.com\\\/wp-content\\\/uploads\\\/2025\\\/12\\\/celebration-des-meilleurs-bacheliers-2025.png\",\"articleSection\":[\"Soci\u00e9t\u00e9\"],\"inLanguage\":\"fr-FR\",\"potentialAction\":[{\"@type\":\"CommentAction\",\"name\":\"Comment\",\"target\":[\"https:\\\/\\\/lepatriotebenin.com\\\/index.php\\\/2025\\\/12\\\/01\\\/excellence-scolaire-les-meilleurs-bacheliers-2025-recompenses\\\/#respond\"]}]},{\"@type\":\"WebPage\",\"@id\":\"https:\\\/\\\/lepatriotebenin.com\\\/index.php\\\/2025\\\/12\\\/01\\\/excellence-scolaire-les-meilleurs-bacheliers-2025-recompenses\\\/\",\"url\":\"https:\\\/\\\/lepatriotebenin.com\\\/index.php\\\/2025\\\/12\\\/01\\\/excellence-scolaire-les-meilleurs-bacheliers-2025-recompenses\\\/\",\"name\":\"Excellence scolaire : Les meilleurs bacheliers 2025 r\u00e9compens\u00e9s - Le Patriote\",\"isPartOf\":{\"@id\":\"https:\\\/\\\/lepatriotebenin.com\\\/#website\"},\"primaryImageOfPage\":{\"@id\":\"https:\\\/\\\/lepatriotebenin.com\\\/index.php\\\/2025\\\/12\\\/01\\\/excellence-scolaire-les-meilleurs-bacheliers-2025-recompenses\\\/#primaryimage\"},\"image\":{\"@id\":\"https:\\\/\\\/lepatriotebenin.com\\\/index.php\\\/2025\\\/12\\\/01\\\/excellence-scolaire-les-meilleurs-bacheliers-2025-recompenses\\\/#primaryimage\"},\"thumbnailUrl\":\"https:\\\/\\\/lepatriotebenin.com\\\/wp-content\\\/uploads\\\/2025\\\/12\\\/celebration-des-meilleurs-bacheliers-2025.png\",\"datePublished\":\"2025-12-01T00:14:17+00:00\",\"author\":{\"@id\":\"https:\\\/\\\/lepatriotebenin.com\\\/#\\\/schema\\\/person\\\/2e7709b9c9cc313e452d1136af61690f\"},\"breadcrumb\":{\"@id\":\"https:\\\/\\\/lepatriotebenin.com\\\/index.php\\\/2025\\\/12\\\/01\\\/excellence-scolaire-les-meilleurs-bacheliers-2025-recompenses\\\/#breadcrumb\"},\"inLanguage\":\"fr-FR\",\"potentialAction\":[{\"@type\":\"ReadAction\",\"target\":[\"https:\\\/\\\/lepatriotebenin.com\\\/index.php\\\/2025\\\/12\\\/01\\\/excellence-scolaire-les-meilleurs-bacheliers-2025-recompenses\\\/\"]}]},{\"@type\":\"ImageObject\",\"inLanguage\":\"fr-FR\",\"@id\":\"https:\\\/\\\/lepatriotebenin.com\\\/index.php\\\/2025\\\/12\\\/01\\\/excellence-scolaire-les-meilleurs-bacheliers-2025-recompenses\\\/#primaryimage\",\"url\":\"https:\\\/\\\/lepatriotebenin.com\\\/wp-content\\\/uploads\\\/2025\\\/12\\\/celebration-des-meilleurs-bacheliers-2025.png\",\"contentUrl\":\"https:\\\/\\\/lepatriotebenin.com\\\/wp-content\\\/uploads\\\/2025\\\/12\\\/celebration-des-meilleurs-bacheliers-2025.png\",\"width\":1600,\"height\":1062},{\"@type\":\"BreadcrumbList\",\"@id\":\"https:\\\/\\\/lepatriotebenin.com\\\/index.php\\\/2025\\\/12\\\/01\\\/excellence-scolaire-les-meilleurs-bacheliers-2025-recompenses\\\/#breadcrumb\",\"itemListElement\":[{\"@type\":\"ListItem\",\"position\":1,\"name\":\"Accueil\",\"item\":\"https:\\\/\\\/lepatriotebenin.com\\\/\"},{\"@type\":\"ListItem\",\"position\":2,\"name\":\"Excellence scolaire : Les meilleurs bacheliers 2025 r\u00e9compens\u00e9s\"}]},{\"@type\":\"WebSite\",\"@id\":\"https:\\\/\\\/lepatriotebenin.com\\\/#website\",\"url\":\"https:\\\/\\\/lepatriotebenin.com\\\/\",\"name\":\"Le Patriote\",\"description\":\"Le Patriote B\u00e9nin\",\"potentialAction\":[{\"@type\":\"SearchAction\",\"target\":{\"@type\":\"EntryPoint\",\"urlTemplate\":\"https:\\\/\\\/lepatriotebenin.com\\\/?s={search_term_string}\"},\"query-input\":{\"@type\":\"PropertyValueSpecification\",\"valueRequired\":true,\"valueName\":\"search_term_string\"}}],\"inLanguage\":\"fr-FR\"},{\"@type\":\"Person\",\"@id\":\"https:\\\/\\\/lepatriotebenin.com\\\/#\\\/schema\\\/person\\\/2e7709b9c9cc313e452d1136af61690f\",\"name\":\"Redaction\",\"image\":{\"@type\":\"ImageObject\",\"inLanguage\":\"fr-FR\",\"@id\":\"https:\\\/\\\/secure.gravatar.com\\\/avatar\\\/c4c509357859ea2ca2cbb6d8812898a73e4ef1ef9934c2e591d7e32face734d1?s=96&d=mm&r=g\",\"url\":\"https:\\\/\\\/secure.gravatar.com\\\/avatar\\\/c4c509357859ea2ca2cbb6d8812898a73e4ef1ef9934c2e591d7e32face734d1?s=96&d=mm&r=g\",\"contentUrl\":\"https:\\\/\\\/secure.gravatar.com\\\/avatar\\\/c4c509357859ea2ca2cbb6d8812898a73e4ef1ef9934c2e591d7e32face734d1?s=96&d=mm&r=g\",\"caption\":\"Redaction\"},\"url\":\"https:\\\/\\\/lepatriotebenin.com\"}]}<\/script>\n<!-- \/ Yoast SEO plugin. -->","yoast_head_json":{"title":"Excellence scolaire : Les meilleurs bacheliers 2025 r\u00e9compens\u00e9s - Le Patriote","robots":{"index":"index","follow":"follow","max-snippet":"max-snippet:-1","max-image-preview":"max-image-preview:large","max-video-preview":"max-video-preview:-1"},"canonical":"https:\/\/lepatriotebenin.com\/index.php\/2025\/12\/01\/excellence-scolaire-les-meilleurs-bacheliers-2025-recompenses\/","og_locale":"fr_FR","og_type":"article","og_title":"Excellence scolaire : Les meilleurs bacheliers 2025 r\u00e9compens\u00e9s - Le Patriote","og_description":"Les meilleurs laur\u00e9ats du baccalaur\u00e9at 2025 ont \u00e9t\u00e9 distingu\u00e9s vendredi 28 novembre \u00e0 Palais des Congr\u00e8s de Cotonou, lors d\u2019une c\u00e9r\u00e9monie officielle d\u00e9di\u00e9e \u00e0 la promotion du m\u00e9rite et de&hellip;","og_url":"https:\/\/lepatriotebenin.com\/index.php\/2025\/12\/01\/excellence-scolaire-les-meilleurs-bacheliers-2025-recompenses\/","og_site_name":"Le Patriote","article_published_time":"2025-12-01T00:14:17+00:00","og_image":[{"width":1024,"height":680,"url":"https:\/\/lepatriotebenin.com\/wp-content\/uploads\/2025\/12\/celebration-des-meilleurs-bacheliers-2025-1024x680.png","type":"image\/png"}],"author":"Redaction","twitter_card":"summary_large_image","twitter_misc":{"\u00c9crit par":"Redaction","Dur\u00e9e de lecture estim\u00e9e":"2 minutes"},"schema":{"@context":"https:\/\/schema.org","@graph":[{"@type":"Article","@id":"https:\/\/lepatriotebenin.com\/index.php\/2025\/12\/01\/excellence-scolaire-les-meilleurs-bacheliers-2025-recompenses\/#article","isPartOf":{"@id":"https:\/\/lepatriotebenin.com\/index.php\/2025\/12\/01\/excellence-scolaire-les-meilleurs-bacheliers-2025-recompenses\/"},"author":{"name":"Redaction","@id":"https:\/\/lepatriotebenin.com\/#\/schema\/person\/2e7709b9c9cc313e452d1136af61690f"},"headline":"Excellence scolaire : Les meilleurs bacheliers 2025 r\u00e9compens\u00e9s","datePublished":"2025-12-01T00:14:17+00:00","mainEntityOfPage":{"@id":"https:\/\/lepatriotebenin.com\/index.php\/2025\/12\/01\/excellence-scolaire-les-meilleurs-bacheliers-2025-recompenses\/"},"wordCount":262,"commentCount":0,"image":{"@id":"https:\/\/lepatriotebenin.com\/index.php\/2025\/12\/01\/excellence-scolaire-les-meilleurs-bacheliers-2025-recompenses\/#primaryimage"},"thumbnailUrl":"https:\/\/lepatriotebenin.com\/wp-content\/uploads\/2025\/12\/celebration-des-meilleurs-bacheliers-2025.png","articleSection":["Soci\u00e9t\u00e9"],"inLanguage":"fr-FR","potentialAction":[{"@type":"CommentAction","name":"Comment","target":["https:\/\/lepatriotebenin.com\/index.php\/2025\/12\/01\/excellence-scolaire-les-meilleurs-bacheliers-2025-recompenses\/#respond"]}]},{"@type":"WebPage","@id":"https:\/\/lepatriotebenin.com\/index.php\/2025\/12\/01\/excellence-scolaire-les-meilleurs-bacheliers-2025-recompenses\/","url":"https:\/\/lepatriotebenin.com\/index.php\/2025\/12\/01\/excellence-scolaire-les-meilleurs-bacheliers-2025-recompenses\/","name":"Excellence scolaire : Les meilleurs bacheliers 2025 r\u00e9compens\u00e9s - Le Patriote","isPartOf":{"@id":"https:\/\/lepatriotebenin.com\/#website"},"primaryImageOfPage":{"@id":"https:\/\/lepatriotebenin.com\/index.php\/2025\/12\/01\/excellence-scolaire-les-meilleurs-bacheliers-2025-recompenses\/#primaryimage"},"image":{"@id":"https:\/\/lepatriotebenin.com\/index.php\/2025\/12\/01\/excellence-scolaire-les-meilleurs-bacheliers-2025-recompenses\/#primaryimage"},"thumbnailUrl":"https:\/\/lepatriotebenin.com\/wp-content\/uploads\/2025\/12\/celebration-des-meilleurs-bacheliers-2025.png","datePublished":"2025-12-01T00:14:17+00:00","author":{"@id":"https:\/\/lepatriotebenin.com\/#\/schema\/person\/2e7709b9c9cc313e452d1136af61690f"},"breadcrumb":{"@id":"https:\/\/lepatriotebenin.com\/index.php\/2025\/12\/01\/excellence-scolaire-les-meilleurs-bacheliers-2025-recompenses\/#breadcrumb"},"inLanguage":"fr-FR","potentialAction":[{"@type":"ReadAction","target":["https:\/\/lepatriotebenin.com\/index.php\/2025\/12\/01\/excellence-scolaire-les-meilleurs-bacheliers-2025-recompenses\/"]}]},{"@type":"ImageObject","inLanguage":"fr-FR","@id":"https:\/\/lepatriotebenin.com\/index.php\/2025\/12\/01\/excellence-scolaire-les-meilleurs-bacheliers-2025-recompenses\/#primaryimage","url":"https:\/\/lepatriotebenin.com\/wp-content\/uploads\/2025\/12\/celebration-des-meilleurs-bacheliers-2025.png","contentUrl":"https:\/\/lepatriotebenin.com\/wp-content\/uploads\/2025\/12\/celebration-des-meilleurs-bacheliers-2025.png","width":1600,"height":1062},{"@type":"BreadcrumbList","@id":"https:\/\/lepatriotebenin.com\/index.php\/2025\/12\/01\/excellence-scolaire-les-meilleurs-bacheliers-2025-recompenses\/#breadcrumb","itemListElement":[{"@type":"ListItem","position":1,"name":"Accueil","item":"https:\/\/lepatriotebenin.com\/"},{"@type":"ListItem","position":2,"name":"Excellence scolaire : Les meilleurs bacheliers 2025 r\u00e9compens\u00e9s"}]},{"@type":"WebSite","@id":"https:\/\/lepatriotebenin.com\/#website","url":"https:\/\/lepatriotebenin.com\/","name":"Le Patriote","description":"Le Patriote B\u00e9nin","potentialAction":[{"@type":"SearchAction","target":{"@type":"EntryPoint","urlTemplate":"https:\/\/lepatriotebenin.com\/?s={search_term_string}"},"query-input":{"@type":"PropertyValueSpecification","valueRequired":true,"valueName":"search_term_string"}}],"inLanguage":"fr-FR"},{"@type":"Person","@id":"https:\/\/lepatriotebenin.com\/#\/schema\/person\/2e7709b9c9cc313e452d1136af61690f","name":"Redaction","image":{"@type":"ImageObject","inLanguage":"fr-FR","@id":"https:\/\/secure.gravatar.com\/avatar\/c4c509357859ea2ca2cbb6d8812898a73e4ef1ef9934c2e591d7e32face734d1?s=96&d=mm&r=g","url":"https:\/\/secure.gravatar.com\/avatar\/c4c509357859ea2ca2cbb6d8812898a73e4ef1ef9934c2e591d7e32face734d1?s=96&d=mm&r=g","contentUrl":"https:\/\/secure.gravatar.com\/avatar\/c4c509357859ea2ca2cbb6d8812898a73e4ef1ef9934c2e591d7e32face734d1?s=96&d=mm&r=g","caption":"Redaction"},"url":"https:\/\/lepatriotebenin.com"}]}},"_links":{"self":[{"href":"https:\/\/lepatriotebenin.com\/index.php\/wp-json\/wp\/v2\/posts\/15523","targetHints":{"allow":["GET"]}}],"collection":[{"href":"https:\/\/lepatriotebenin.com\/index.php\/wp-json\/wp\/v2\/posts"}],"about":[{"href":"https:\/\/lepatriotebenin.com\/index.php\/wp-json\/wp\/v2\/types\/post"}],"author":[{"embeddable":true,"href":"https:\/\/lepatriotebenin.com\/index.php\/wp-json\/wp\/v2\/users\/5"}],"replies":[{"embeddable":true,"href":"https:\/\/lepatriotebenin.com\/index.php\/wp-json\/wp\/v2\/comments?post=15523"}],"version-history":[{"count":2,"href":"https:\/\/lepatriotebenin.com\/index.php\/wp-json\/wp\/v2\/posts\/15523\/revisions"}],"predecessor-version":[{"id":15559,"href":"https:\/\/lepatriotebenin.com\/index.php\/wp-json\/wp\/v2\/posts\/15523\/revisions\/15559"}],"wp:featuredmedia":[{"embeddable":true,"href":"https:\/\/lepatriotebenin.com\/index.php\/wp-json\/wp\/v2\/media\/15524"}],"wp:attachment":[{"href":"https:\/\/lepatriotebenin.com\/index.php\/wp-json\/wp\/v2\/media?parent=15523"}],"wp:term":[{"taxonomy":"category","embeddable":true,"href":"https:\/\/lepatriotebenin.com\/index.php\/wp-json\/wp\/v2\/categories?post=15523"},{"taxonomy":"post_tag","embeddable":true,"href":"https:\/\/lepatriotebenin.com\/index.php\/wp-json\/wp\/v2\/tags?post=15523"}],"curies":[{"name":"wp","href":"https:\/\/api.w.org\/{rel}","templated":true}]}}