{"id":15496,"date":"2025-11-28T12:06:15","date_gmt":"2025-11-28T11:06:15","guid":{"rendered":"https:\/\/lepatriotebenin.com\/?p=15496"},"modified":"2025-11-28T22:00:13","modified_gmt":"2025-11-28T21:00:13","slug":"cooperation-medico-chirurgicale-au-cnhu-lambassadeur-dallemagne-et-lancienne-ministre-mariam-aladji-boni-diallo-representant-le-dr-koussemou-president-de-oredeola-benin","status":"publish","type":"post","link":"https:\/\/lepatriotebenin.com\/index.php\/2025\/11\/28\/cooperation-medico-chirurgicale-au-cnhu-lambassadeur-dallemagne-et-lancienne-ministre-mariam-aladji-boni-diallo-representant-le-dr-koussemou-president-de-oredeola-benin\/","title":{"rendered":"Coop\u00e9ration m\u00e9dico-chirurgicale au CNHU : L\u2019Ambassadeur d\u2019Allemagne et Mariam Aladji Boni Diallo, Repr\u00e9sentant le Dr Koussemou saluent une initiative exemplaire"},"content":{"rendered":"<p>La Clinique Universitaire d\u2019Accueil et des Urgences (CUAU) du CNHU-HKM de Cotonou a connu, le mercredi 26 et le jeudi 27 novembre 2025, un moment fort en diplomatie sanitaire. \u00c0 14 heures pr\u00e9cises, Dr Stefan Buchwald, Ambassadeur d\u2019Allemagne pr\u00e8s le B\u00e9nin depuis 2023, a effectu\u00e9 une visite officielle aupr\u00e8s de l\u2019\u00e9quipe m\u00e9dico-chirurgicale allemande mobilis\u00e9e depuis le 24 novembre pour la pose annuelle de fistules art\u00e9rioveineuses (FAV) au profit des patients souffrant d\u2019insuffisance r\u00e9nale. Vingt-quatre heures plus tard, l\u2019ancienne Ministre des Affaires \u00e9trang\u00e8res l&rsquo;Ambassadrice\u00a0 Mariam Aladji Boni Diallo, Repr\u00e9sentant le Dr Jos\u00e9 Marie Koussemou, Pr\u00e9sident de Oredeola B\u00e9nin e.v, est \u00e9galement arriv\u00e9e pour t\u00e9moigner son soutien.<\/p>\n<p>&nbsp;<\/p>\n<p><strong>Une double visite pour encourager et valoriser un partenariat ancien<\/strong><\/p>\n<p>Accueilli par Madame Heike D\u00fcrr, l\u2019Ambassadeur Buchwald a \u00e9t\u00e9 conduit au c\u0153ur des activit\u00e9s chirurgicales afin de constater l\u2019importance de cette coop\u00e9ration, qui permet chaque ann\u00e9e la confection de fistules indispensables pour les patients en h\u00e9modialyse. Tr\u00e8s vite, la pr\u00e9sence de l\u2019ancienne diplomate b\u00e9ninoise est venue renforcer l\u2019intensit\u00e9 symbolique de cette journ\u00e9e.<\/p>\n<p>En tant que repr\u00e9sentante du President de Oredola B\u00e9nin, Mariam Aladji Boni Diallo a exprim\u00e9 les f\u00e9licitations et la profonde reconnaissance du Dr Jos\u00e9 Marie Koussemou envers les m\u00e9decins allemands. Elle leur a transmis ses encouragements pour \u00ab cet acte de bonne volont\u00e9 renouvel\u00e9 chaque ann\u00e9e au chevet des malades du B\u00e9nin \u00bb. Les deux personnalit\u00e9s ont ainsi tenu \u00e0 saluer conjointement l\u2019abn\u00e9gation, le professionnalisme et l\u2019esprit humanitaire qui caract\u00e9risent cette mission.<\/p>\n<p><strong>Une coop\u00e9ration n\u00e9e en 2010 et devenue un mod\u00e8le en Afrique<\/strong><\/p>\n<p>La mission de pose de FAV au CNHU-HKM est issue d\u2019une collaboration solide entre l\u2019ONG Oredola B\u00e9nin et l\u2019organisation internationale Humedica. Lanc\u00e9e en 2010 gr\u00e2ce \u00e0 l\u2019implication de pionniers tels que Dr Moussa Yarou, ancien Directeur de Cabinet du Ministre de la Sant\u00e9, le Professeur Mehinto, le Professeur Attolou et le Professeur Heinrich Stiegler, chirurgien vasculaire allemand, elle s\u2019est rapidement impos\u00e9e comme un exemple de transfert de comp\u00e9tences m\u00e9dico-chirurgicales.<\/p>\n<p>Durant plus d\u2019une d\u00e9cennie, le Professeur Stiegler et son \u00e9quipe ont r\u00e9alis\u00e9 des centaines de fistules tout en formant les chirurgiens b\u00e9ninois. Depuis son d\u00e9part \u00e0 la retraite, le relais a \u00e9t\u00e9 brillamment assur\u00e9 par le Dr Ute Dammer et le Professeur Alexander Hyhlik-D\u00fcrr, qui conduisent d\u00e9sormais la mission avec une approche \u00e0 la fois technique et p\u00e9dagogique.<\/p>\n<p>Cette dynamique a par ailleurs favoris\u00e9 la cr\u00e9ation d\u2019une coop\u00e9ration acad\u00e9mique entre l\u2019Universit\u00e9 d\u2019Augsbourg et la Facult\u00e9 des Sciences de la Sant\u00e9 de Cotonou, facilitant les \u00e9changes de connaissances et l\u2019appui \u00e0 la formation sp\u00e9cialis\u00e9e.<\/p>\n<p><strong>Admiration, reconnaissance et engagement renouvel\u00e9<\/strong><\/p>\n<p>L\u2019Ambassadeur Dr Stefan Buchwald s\u2019est dit \u00ab profond\u00e9ment impressionn\u00e9 \u00bb par la qualit\u00e9 du travail accompli et la forte implication des \u00e9quipes. Il a soulign\u00e9 que ce partenariat incarne parfaitement la combinaison entre savoir-faire m\u00e9dical, solidarit\u00e9 humanitaire et renforcement durable du syst\u00e8me de sant\u00e9 b\u00e9ninois.<\/p>\n<p>Le Professeur Gaspard Gbessi, repr\u00e9sentant la Direction du CNHU, a pour sa part remerci\u00e9 le diplomate allemand ainsi que l\u2019ancienne Ministre Mariam Aladji Boni Diallo pour leur pr\u00e9sence et leur engagement constant. Il a salu\u00e9 \u00ab une coop\u00e9ration authentique, utile et humaine \u00bb, qui am\u00e9liore concr\u00e8tement la qualit\u00e9 de vie des patients en h\u00e9modialyse.<\/p>\n<p><strong>Une mission 2025 ambitieuse et tourn\u00e9e vers l\u2019avenir<\/strong><\/p>\n<p>Pour l\u2019\u00e9dition 2025, l\u2019\u00e9quipe allemande, en collaboration avec les sp\u00e9cialistes b\u00e9ninois, pr\u00e9voit d\u2019op\u00e9rer environ soixante patients en une seule semaine. Outre les interventions chirurgicales, la mission met l\u2019accent sur la formation, la simulation op\u00e9ratoire et le renforcement des capacit\u00e9s des \u00e9quipes locales.<\/p>\n<p>La double visite de l\u2019Ambassadeur d\u2019Allemagne et de l\u2019ancienne Ministre Aladji Boni Diallo aura permis de mettre en lumi\u00e8re l\u2019importance strat\u00e9gique de cette coop\u00e9ration m\u00e9dico-chirurgicale, v\u00e9ritable pilier de solidarit\u00e9 internationale au service des malades du B\u00e9nin.<\/p>\n<p><strong>Par Mesmin AFANOU<\/strong><\/p>\n<p>&nbsp;<\/p>\n","protected":false},"excerpt":{"rendered":"<p>La Clinique Universitaire d\u2019Accueil et des Urgences (CUAU) du CNHU-HKM de Cotonou a connu, le mercredi 26 et le jeudi 27 novembre 2025, un moment fort en diplomatie sanitaire. \u00c0&hellip;<\/p>\n","protected":false},"author":5,"featured_media":15497,"comment_status":"open","ping_status":"open","sticky":false,"template":"","format":"standard","meta":{"content-type":"","om_disable_all_campaigns":false,"_monsterinsights_skip_tracking":false,"_monsterinsights_sitenote_active":false,"_monsterinsights_sitenote_note":"","_monsterinsights_sitenote_category":0,"_uf_show_specific_survey":0,"_uf_disable_surveys":false,"footnotes":""},"categories":[20],"tags":[],"class_list":["post-15496","post","type-post","status-publish","format-standard","has-post-thumbnail","hentry","category-societe"],"aioseo_notices":[],"yoast_head":"<!-- This site is optimized with the Yoast SEO plugin v27.5 - https:\/\/yoast.com\/product\/yoast-seo-wordpress\/ -->\n<title>Coop\u00e9ration m\u00e9dico-chirurgicale au CNHU : L\u2019Ambassadeur d\u2019Allemagne et Mariam Aladji Boni Diallo, Repr\u00e9sentant le Dr Koussemou saluent une initiative exemplaire - Le Patriote<\/title>\n<meta name=\"robots\" content=\"index, follow, max-snippet:-1, max-image-preview:large, max-video-preview:-1\" \/>\n<link rel=\"canonical\" href=\"https:\/\/lepatriotebenin.com\/index.php\/2025\/11\/28\/cooperation-medico-chirurgicale-au-cnhu-lambassadeur-dallemagne-et-lancienne-ministre-mariam-aladji-boni-diallo-representant-le-dr-koussemou-president-de-oredeola-benin\/\" \/>\n<meta property=\"og:locale\" content=\"fr_FR\" \/>\n<meta property=\"og:type\" content=\"article\" \/>\n<meta property=\"og:title\" content=\"Coop\u00e9ration m\u00e9dico-chirurgicale au CNHU : L\u2019Ambassadeur d\u2019Allemagne et Mariam Aladji Boni Diallo, Repr\u00e9sentant le Dr Koussemou saluent une initiative exemplaire - Le Patriote\" \/>\n<meta property=\"og:description\" content=\"La Clinique Universitaire d\u2019Accueil et des Urgences (CUAU) du CNHU-HKM de Cotonou a connu, le mercredi 26 et le jeudi 27 novembre 2025, un moment fort en diplomatie sanitaire. \u00c0&hellip;\" \/>\n<meta property=\"og:url\" content=\"https:\/\/lepatriotebenin.com\/index.php\/2025\/11\/28\/cooperation-medico-chirurgicale-au-cnhu-lambassadeur-dallemagne-et-lancienne-ministre-mariam-aladji-boni-diallo-representant-le-dr-koussemou-president-de-oredeola-benin\/\" \/>\n<meta property=\"og:site_name\" content=\"Le Patriote\" \/>\n<meta property=\"article:published_time\" content=\"2025-11-28T11:06:15+00:00\" \/>\n<meta property=\"article:modified_time\" content=\"2025-11-28T21:00:13+00:00\" \/>\n<meta property=\"og:image\" content=\"https:\/\/lepatriotebenin.com\/wp-content\/uploads\/2025\/11\/cooperation.jpg\" \/>\n\t<meta property=\"og:image:width\" content=\"960\" \/>\n\t<meta property=\"og:image:height\" content=\"960\" \/>\n\t<meta property=\"og:image:type\" content=\"image\/jpeg\" \/>\n<meta name=\"author\" content=\"Redaction\" \/>\n<meta name=\"twitter:card\" content=\"summary_large_image\" \/>\n<meta name=\"twitter:label1\" content=\"\u00c9crit par\" \/>\n\t<meta name=\"twitter:data1\" content=\"Redaction\" \/>\n\t<meta name=\"twitter:label2\" content=\"Dur\u00e9e de lecture estim\u00e9e\" \/>\n\t<meta name=\"twitter:data2\" content=\"4 minutes\" \/>\n<script type=\"application\/ld+json\" class=\"yoast-schema-graph\">{\"@context\":\"https:\\\/\\\/schema.org\",\"@graph\":[{\"@type\":\"Article\",\"@id\":\"https:\\\/\\\/lepatriotebenin.com\\\/index.php\\\/2025\\\/11\\\/28\\\/cooperation-medico-chirurgicale-au-cnhu-lambassadeur-dallemagne-et-lancienne-ministre-mariam-aladji-boni-diallo-representant-le-dr-koussemou-president-de-oredeola-benin\\\/#article\",\"isPartOf\":{\"@id\":\"https:\\\/\\\/lepatriotebenin.com\\\/index.php\\\/2025\\\/11\\\/28\\\/cooperation-medico-chirurgicale-au-cnhu-lambassadeur-dallemagne-et-lancienne-ministre-mariam-aladji-boni-diallo-representant-le-dr-koussemou-president-de-oredeola-benin\\\/\"},\"author\":{\"name\":\"Redaction\",\"@id\":\"https:\\\/\\\/lepatriotebenin.com\\\/#\\\/schema\\\/person\\\/2e7709b9c9cc313e452d1136af61690f\"},\"headline\":\"Coop\u00e9ration m\u00e9dico-chirurgicale au CNHU : L\u2019Ambassadeur d\u2019Allemagne et Mariam Aladji Boni Diallo, Repr\u00e9sentant le Dr Koussemou saluent une initiative exemplaire\",\"datePublished\":\"2025-11-28T11:06:15+00:00\",\"dateModified\":\"2025-11-28T21:00:13+00:00\",\"mainEntityOfPage\":{\"@id\":\"https:\\\/\\\/lepatriotebenin.com\\\/index.php\\\/2025\\\/11\\\/28\\\/cooperation-medico-chirurgicale-au-cnhu-lambassadeur-dallemagne-et-lancienne-ministre-mariam-aladji-boni-diallo-representant-le-dr-koussemou-president-de-oredeola-benin\\\/\"},\"wordCount\":721,\"commentCount\":0,\"image\":{\"@id\":\"https:\\\/\\\/lepatriotebenin.com\\\/index.php\\\/2025\\\/11\\\/28\\\/cooperation-medico-chirurgicale-au-cnhu-lambassadeur-dallemagne-et-lancienne-ministre-mariam-aladji-boni-diallo-representant-le-dr-koussemou-president-de-oredeola-benin\\\/#primaryimage\"},\"thumbnailUrl\":\"https:\\\/\\\/lepatriotebenin.com\\\/wp-content\\\/uploads\\\/2025\\\/11\\\/cooperation.jpg\",\"articleSection\":[\"Soci\u00e9t\u00e9\"],\"inLanguage\":\"fr-FR\",\"potentialAction\":[{\"@type\":\"CommentAction\",\"name\":\"Comment\",\"target\":[\"https:\\\/\\\/lepatriotebenin.com\\\/index.php\\\/2025\\\/11\\\/28\\\/cooperation-medico-chirurgicale-au-cnhu-lambassadeur-dallemagne-et-lancienne-ministre-mariam-aladji-boni-diallo-representant-le-dr-koussemou-president-de-oredeola-benin\\\/#respond\"]}]},{\"@type\":\"WebPage\",\"@id\":\"https:\\\/\\\/lepatriotebenin.com\\\/index.php\\\/2025\\\/11\\\/28\\\/cooperation-medico-chirurgicale-au-cnhu-lambassadeur-dallemagne-et-lancienne-ministre-mariam-aladji-boni-diallo-representant-le-dr-koussemou-president-de-oredeola-benin\\\/\",\"url\":\"https:\\\/\\\/lepatriotebenin.com\\\/index.php\\\/2025\\\/11\\\/28\\\/cooperation-medico-chirurgicale-au-cnhu-lambassadeur-dallemagne-et-lancienne-ministre-mariam-aladji-boni-diallo-representant-le-dr-koussemou-president-de-oredeola-benin\\\/\",\"name\":\"Coop\u00e9ration m\u00e9dico-chirurgicale au CNHU : L\u2019Ambassadeur d\u2019Allemagne et Mariam Aladji Boni Diallo, Repr\u00e9sentant le Dr Koussemou saluent une initiative exemplaire - Le Patriote\",\"isPartOf\":{\"@id\":\"https:\\\/\\\/lepatriotebenin.com\\\/#website\"},\"primaryImageOfPage\":{\"@id\":\"https:\\\/\\\/lepatriotebenin.com\\\/index.php\\\/2025\\\/11\\\/28\\\/cooperation-medico-chirurgicale-au-cnhu-lambassadeur-dallemagne-et-lancienne-ministre-mariam-aladji-boni-diallo-representant-le-dr-koussemou-president-de-oredeola-benin\\\/#primaryimage\"},\"image\":{\"@id\":\"https:\\\/\\\/lepatriotebenin.com\\\/index.php\\\/2025\\\/11\\\/28\\\/cooperation-medico-chirurgicale-au-cnhu-lambassadeur-dallemagne-et-lancienne-ministre-mariam-aladji-boni-diallo-representant-le-dr-koussemou-president-de-oredeola-benin\\\/#primaryimage\"},\"thumbnailUrl\":\"https:\\\/\\\/lepatriotebenin.com\\\/wp-content\\\/uploads\\\/2025\\\/11\\\/cooperation.jpg\",\"datePublished\":\"2025-11-28T11:06:15+00:00\",\"dateModified\":\"2025-11-28T21:00:13+00:00\",\"author\":{\"@id\":\"https:\\\/\\\/lepatriotebenin.com\\\/#\\\/schema\\\/person\\\/2e7709b9c9cc313e452d1136af61690f\"},\"breadcrumb\":{\"@id\":\"https:\\\/\\\/lepatriotebenin.com\\\/index.php\\\/2025\\\/11\\\/28\\\/cooperation-medico-chirurgicale-au-cnhu-lambassadeur-dallemagne-et-lancienne-ministre-mariam-aladji-boni-diallo-representant-le-dr-koussemou-president-de-oredeola-benin\\\/#breadcrumb\"},\"inLanguage\":\"fr-FR\",\"potentialAction\":[{\"@type\":\"ReadAction\",\"target\":[\"https:\\\/\\\/lepatriotebenin.com\\\/index.php\\\/2025\\\/11\\\/28\\\/cooperation-medico-chirurgicale-au-cnhu-lambassadeur-dallemagne-et-lancienne-ministre-mariam-aladji-boni-diallo-representant-le-dr-koussemou-president-de-oredeola-benin\\\/\"]}]},{\"@type\":\"ImageObject\",\"inLanguage\":\"fr-FR\",\"@id\":\"https:\\\/\\\/lepatriotebenin.com\\\/index.php\\\/2025\\\/11\\\/28\\\/cooperation-medico-chirurgicale-au-cnhu-lambassadeur-dallemagne-et-lancienne-ministre-mariam-aladji-boni-diallo-representant-le-dr-koussemou-president-de-oredeola-benin\\\/#primaryimage\",\"url\":\"https:\\\/\\\/lepatriotebenin.com\\\/wp-content\\\/uploads\\\/2025\\\/11\\\/cooperation.jpg\",\"contentUrl\":\"https:\\\/\\\/lepatriotebenin.com\\\/wp-content\\\/uploads\\\/2025\\\/11\\\/cooperation.jpg\",\"width\":960,\"height\":960},{\"@type\":\"BreadcrumbList\",\"@id\":\"https:\\\/\\\/lepatriotebenin.com\\\/index.php\\\/2025\\\/11\\\/28\\\/cooperation-medico-chirurgicale-au-cnhu-lambassadeur-dallemagne-et-lancienne-ministre-mariam-aladji-boni-diallo-representant-le-dr-koussemou-president-de-oredeola-benin\\\/#breadcrumb\",\"itemListElement\":[{\"@type\":\"ListItem\",\"position\":1,\"name\":\"Accueil\",\"item\":\"https:\\\/\\\/lepatriotebenin.com\\\/\"},{\"@type\":\"ListItem\",\"position\":2,\"name\":\"Coop\u00e9ration m\u00e9dico-chirurgicale au CNHU : L\u2019Ambassadeur d\u2019Allemagne et Mariam Aladji Boni Diallo, Repr\u00e9sentant le Dr Koussemou saluent une initiative exemplaire\"}]},{\"@type\":\"WebSite\",\"@id\":\"https:\\\/\\\/lepatriotebenin.com\\\/#website\",\"url\":\"https:\\\/\\\/lepatriotebenin.com\\\/\",\"name\":\"Le Patriote\",\"description\":\"Le Patriote B\u00e9nin\",\"potentialAction\":[{\"@type\":\"SearchAction\",\"target\":{\"@type\":\"EntryPoint\",\"urlTemplate\":\"https:\\\/\\\/lepatriotebenin.com\\\/?s={search_term_string}\"},\"query-input\":{\"@type\":\"PropertyValueSpecification\",\"valueRequired\":true,\"valueName\":\"search_term_string\"}}],\"inLanguage\":\"fr-FR\"},{\"@type\":\"Person\",\"@id\":\"https:\\\/\\\/lepatriotebenin.com\\\/#\\\/schema\\\/person\\\/2e7709b9c9cc313e452d1136af61690f\",\"name\":\"Redaction\",\"image\":{\"@type\":\"ImageObject\",\"inLanguage\":\"fr-FR\",\"@id\":\"https:\\\/\\\/secure.gravatar.com\\\/avatar\\\/c4c509357859ea2ca2cbb6d8812898a73e4ef1ef9934c2e591d7e32face734d1?s=96&d=mm&r=g\",\"url\":\"https:\\\/\\\/secure.gravatar.com\\\/avatar\\\/c4c509357859ea2ca2cbb6d8812898a73e4ef1ef9934c2e591d7e32face734d1?s=96&d=mm&r=g\",\"contentUrl\":\"https:\\\/\\\/secure.gravatar.com\\\/avatar\\\/c4c509357859ea2ca2cbb6d8812898a73e4ef1ef9934c2e591d7e32face734d1?s=96&d=mm&r=g\",\"caption\":\"Redaction\"},\"url\":\"https:\\\/\\\/lepatriotebenin.com\"}]}<\/script>\n<!-- \/ Yoast SEO plugin. -->","yoast_head_json":{"title":"Coop\u00e9ration m\u00e9dico-chirurgicale au CNHU : L\u2019Ambassadeur d\u2019Allemagne et Mariam Aladji Boni Diallo, Repr\u00e9sentant le Dr Koussemou saluent une initiative exemplaire - Le Patriote","robots":{"index":"index","follow":"follow","max-snippet":"max-snippet:-1","max-image-preview":"max-image-preview:large","max-video-preview":"max-video-preview:-1"},"canonical":"https:\/\/lepatriotebenin.com\/index.php\/2025\/11\/28\/cooperation-medico-chirurgicale-au-cnhu-lambassadeur-dallemagne-et-lancienne-ministre-mariam-aladji-boni-diallo-representant-le-dr-koussemou-president-de-oredeola-benin\/","og_locale":"fr_FR","og_type":"article","og_title":"Coop\u00e9ration m\u00e9dico-chirurgicale au CNHU : L\u2019Ambassadeur d\u2019Allemagne et Mariam Aladji Boni Diallo, Repr\u00e9sentant le Dr Koussemou saluent une initiative exemplaire - Le Patriote","og_description":"La Clinique Universitaire d\u2019Accueil et des Urgences (CUAU) du CNHU-HKM de Cotonou a connu, le mercredi 26 et le jeudi 27 novembre 2025, un moment fort en diplomatie sanitaire. \u00c0&hellip;","og_url":"https:\/\/lepatriotebenin.com\/index.php\/2025\/11\/28\/cooperation-medico-chirurgicale-au-cnhu-lambassadeur-dallemagne-et-lancienne-ministre-mariam-aladji-boni-diallo-representant-le-dr-koussemou-president-de-oredeola-benin\/","og_site_name":"Le Patriote","article_published_time":"2025-11-28T11:06:15+00:00","article_modified_time":"2025-11-28T21:00:13+00:00","og_image":[{"width":960,"height":960,"url":"https:\/\/lepatriotebenin.com\/wp-content\/uploads\/2025\/11\/cooperation.jpg","type":"image\/jpeg"}],"author":"Redaction","twitter_card":"summary_large_image","twitter_misc":{"\u00c9crit par":"Redaction","Dur\u00e9e de lecture estim\u00e9e":"4 minutes"},"schema":{"@context":"https:\/\/schema.org","@graph":[{"@type":"Article","@id":"https:\/\/lepatriotebenin.com\/index.php\/2025\/11\/28\/cooperation-medico-chirurgicale-au-cnhu-lambassadeur-dallemagne-et-lancienne-ministre-mariam-aladji-boni-diallo-representant-le-dr-koussemou-president-de-oredeola-benin\/#article","isPartOf":{"@id":"https:\/\/lepatriotebenin.com\/index.php\/2025\/11\/28\/cooperation-medico-chirurgicale-au-cnhu-lambassadeur-dallemagne-et-lancienne-ministre-mariam-aladji-boni-diallo-representant-le-dr-koussemou-president-de-oredeola-benin\/"},"author":{"name":"Redaction","@id":"https:\/\/lepatriotebenin.com\/#\/schema\/person\/2e7709b9c9cc313e452d1136af61690f"},"headline":"Coop\u00e9ration m\u00e9dico-chirurgicale au CNHU : L\u2019Ambassadeur d\u2019Allemagne et Mariam Aladji Boni Diallo, Repr\u00e9sentant le Dr Koussemou saluent une initiative exemplaire","datePublished":"2025-11-28T11:06:15+00:00","dateModified":"2025-11-28T21:00:13+00:00","mainEntityOfPage":{"@id":"https:\/\/lepatriotebenin.com\/index.php\/2025\/11\/28\/cooperation-medico-chirurgicale-au-cnhu-lambassadeur-dallemagne-et-lancienne-ministre-mariam-aladji-boni-diallo-representant-le-dr-koussemou-president-de-oredeola-benin\/"},"wordCount":721,"commentCount":0,"image":{"@id":"https:\/\/lepatriotebenin.com\/index.php\/2025\/11\/28\/cooperation-medico-chirurgicale-au-cnhu-lambassadeur-dallemagne-et-lancienne-ministre-mariam-aladji-boni-diallo-representant-le-dr-koussemou-president-de-oredeola-benin\/#primaryimage"},"thumbnailUrl":"https:\/\/lepatriotebenin.com\/wp-content\/uploads\/2025\/11\/cooperation.jpg","articleSection":["Soci\u00e9t\u00e9"],"inLanguage":"fr-FR","potentialAction":[{"@type":"CommentAction","name":"Comment","target":["https:\/\/lepatriotebenin.com\/index.php\/2025\/11\/28\/cooperation-medico-chirurgicale-au-cnhu-lambassadeur-dallemagne-et-lancienne-ministre-mariam-aladji-boni-diallo-representant-le-dr-koussemou-president-de-oredeola-benin\/#respond"]}]},{"@type":"WebPage","@id":"https:\/\/lepatriotebenin.com\/index.php\/2025\/11\/28\/cooperation-medico-chirurgicale-au-cnhu-lambassadeur-dallemagne-et-lancienne-ministre-mariam-aladji-boni-diallo-representant-le-dr-koussemou-president-de-oredeola-benin\/","url":"https:\/\/lepatriotebenin.com\/index.php\/2025\/11\/28\/cooperation-medico-chirurgicale-au-cnhu-lambassadeur-dallemagne-et-lancienne-ministre-mariam-aladji-boni-diallo-representant-le-dr-koussemou-president-de-oredeola-benin\/","name":"Coop\u00e9ration m\u00e9dico-chirurgicale au CNHU : L\u2019Ambassadeur d\u2019Allemagne et Mariam Aladji Boni Diallo, Repr\u00e9sentant le Dr Koussemou saluent une initiative exemplaire - Le Patriote","isPartOf":{"@id":"https:\/\/lepatriotebenin.com\/#website"},"primaryImageOfPage":{"@id":"https:\/\/lepatriotebenin.com\/index.php\/2025\/11\/28\/cooperation-medico-chirurgicale-au-cnhu-lambassadeur-dallemagne-et-lancienne-ministre-mariam-aladji-boni-diallo-representant-le-dr-koussemou-president-de-oredeola-benin\/#primaryimage"},"image":{"@id":"https:\/\/lepatriotebenin.com\/index.php\/2025\/11\/28\/cooperation-medico-chirurgicale-au-cnhu-lambassadeur-dallemagne-et-lancienne-ministre-mariam-aladji-boni-diallo-representant-le-dr-koussemou-president-de-oredeola-benin\/#primaryimage"},"thumbnailUrl":"https:\/\/lepatriotebenin.com\/wp-content\/uploads\/2025\/11\/cooperation.jpg","datePublished":"2025-11-28T11:06:15+00:00","dateModified":"2025-11-28T21:00:13+00:00","author":{"@id":"https:\/\/lepatriotebenin.com\/#\/schema\/person\/2e7709b9c9cc313e452d1136af61690f"},"breadcrumb":{"@id":"https:\/\/lepatriotebenin.com\/index.php\/2025\/11\/28\/cooperation-medico-chirurgicale-au-cnhu-lambassadeur-dallemagne-et-lancienne-ministre-mariam-aladji-boni-diallo-representant-le-dr-koussemou-president-de-oredeola-benin\/#breadcrumb"},"inLanguage":"fr-FR","potentialAction":[{"@type":"ReadAction","target":["https:\/\/lepatriotebenin.com\/index.php\/2025\/11\/28\/cooperation-medico-chirurgicale-au-cnhu-lambassadeur-dallemagne-et-lancienne-ministre-mariam-aladji-boni-diallo-representant-le-dr-koussemou-president-de-oredeola-benin\/"]}]},{"@type":"ImageObject","inLanguage":"fr-FR","@id":"https:\/\/lepatriotebenin.com\/index.php\/2025\/11\/28\/cooperation-medico-chirurgicale-au-cnhu-lambassadeur-dallemagne-et-lancienne-ministre-mariam-aladji-boni-diallo-representant-le-dr-koussemou-president-de-oredeola-benin\/#primaryimage","url":"https:\/\/lepatriotebenin.com\/wp-content\/uploads\/2025\/11\/cooperation.jpg","contentUrl":"https:\/\/lepatriotebenin.com\/wp-content\/uploads\/2025\/11\/cooperation.jpg","width":960,"height":960},{"@type":"BreadcrumbList","@id":"https:\/\/lepatriotebenin.com\/index.php\/2025\/11\/28\/cooperation-medico-chirurgicale-au-cnhu-lambassadeur-dallemagne-et-lancienne-ministre-mariam-aladji-boni-diallo-representant-le-dr-koussemou-president-de-oredeola-benin\/#breadcrumb","itemListElement":[{"@type":"ListItem","position":1,"name":"Accueil","item":"https:\/\/lepatriotebenin.com\/"},{"@type":"ListItem","position":2,"name":"Coop\u00e9ration m\u00e9dico-chirurgicale au CNHU : L\u2019Ambassadeur d\u2019Allemagne et Mariam Aladji Boni Diallo, Repr\u00e9sentant le Dr Koussemou saluent une initiative exemplaire"}]},{"@type":"WebSite","@id":"https:\/\/lepatriotebenin.com\/#website","url":"https:\/\/lepatriotebenin.com\/","name":"Le Patriote","description":"Le Patriote B\u00e9nin","potentialAction":[{"@type":"SearchAction","target":{"@type":"EntryPoint","urlTemplate":"https:\/\/lepatriotebenin.com\/?s={search_term_string}"},"query-input":{"@type":"PropertyValueSpecification","valueRequired":true,"valueName":"search_term_string"}}],"inLanguage":"fr-FR"},{"@type":"Person","@id":"https:\/\/lepatriotebenin.com\/#\/schema\/person\/2e7709b9c9cc313e452d1136af61690f","name":"Redaction","image":{"@type":"ImageObject","inLanguage":"fr-FR","@id":"https:\/\/secure.gravatar.com\/avatar\/c4c509357859ea2ca2cbb6d8812898a73e4ef1ef9934c2e591d7e32face734d1?s=96&d=mm&r=g","url":"https:\/\/secure.gravatar.com\/avatar\/c4c509357859ea2ca2cbb6d8812898a73e4ef1ef9934c2e591d7e32face734d1?s=96&d=mm&r=g","contentUrl":"https:\/\/secure.gravatar.com\/avatar\/c4c509357859ea2ca2cbb6d8812898a73e4ef1ef9934c2e591d7e32face734d1?s=96&d=mm&r=g","caption":"Redaction"},"url":"https:\/\/lepatriotebenin.com"}]}},"_links":{"self":[{"href":"https:\/\/lepatriotebenin.com\/index.php\/wp-json\/wp\/v2\/posts\/15496","targetHints":{"allow":["GET"]}}],"collection":[{"href":"https:\/\/lepatriotebenin.com\/index.php\/wp-json\/wp\/v2\/posts"}],"about":[{"href":"https:\/\/lepatriotebenin.com\/index.php\/wp-json\/wp\/v2\/types\/post"}],"author":[{"embeddable":true,"href":"https:\/\/lepatriotebenin.com\/index.php\/wp-json\/wp\/v2\/users\/5"}],"replies":[{"embeddable":true,"href":"https:\/\/lepatriotebenin.com\/index.php\/wp-json\/wp\/v2\/comments?post=15496"}],"version-history":[{"count":4,"href":"https:\/\/lepatriotebenin.com\/index.php\/wp-json\/wp\/v2\/posts\/15496\/revisions"}],"predecessor-version":[{"id":15501,"href":"https:\/\/lepatriotebenin.com\/index.php\/wp-json\/wp\/v2\/posts\/15496\/revisions\/15501"}],"wp:featuredmedia":[{"embeddable":true,"href":"https:\/\/lepatriotebenin.com\/index.php\/wp-json\/wp\/v2\/media\/15497"}],"wp:attachment":[{"href":"https:\/\/lepatriotebenin.com\/index.php\/wp-json\/wp\/v2\/media?parent=15496"}],"wp:term":[{"taxonomy":"category","embeddable":true,"href":"https:\/\/lepatriotebenin.com\/index.php\/wp-json\/wp\/v2\/categories?post=15496"},{"taxonomy":"post_tag","embeddable":true,"href":"https:\/\/lepatriotebenin.com\/index.php\/wp-json\/wp\/v2\/tags?post=15496"}],"curies":[{"name":"wp","href":"https:\/\/api.w.org\/{rel}","templated":true}]}}