{"id":15405,"date":"2025-11-26T01:37:56","date_gmt":"2025-11-26T00:37:56","guid":{"rendered":"https:\/\/lepatriotebenin.com\/?p=15405"},"modified":"2025-11-26T01:37:56","modified_gmt":"2025-11-26T00:37:56","slug":"coree-du-sud-une-adolescente-brule-lappartement-apres-un-refus-parental","status":"publish","type":"post","link":"https:\/\/lepatriotebenin.com\/index.php\/2025\/11\/26\/coree-du-sud-une-adolescente-brule-lappartement-apres-un-refus-parental\/","title":{"rendered":"Cor\u00e9e du Sud  : Une adolescente br\u00fble l&rsquo;appartement apr\u00e8s un refus parental"},"content":{"rendered":"<p><em><strong>\u00c0 Gwangju, une adolescente de 14 ans a mis le feu \u00e0 l\u2019appartement familial apr\u00e8s un refus parental, r\u00e9v\u00e9lant une crise d\u2019adolescence d\u2019une rare intensit\u00e9.<\/strong><\/em><\/p>\n<p>En Cor\u00e9e du Sud, un fait divers choque autant qu\u2019il interroge sur les exc\u00e8s de la crise adolescente. Une jeune fille de 14 ans a incendi\u00e9, le 20 novembre, l\u2019appartement familial apr\u00e8s que ses parents aient refus\u00e9 de lui acheter un nouveau t\u00e9l\u00e9phone portable. L\u2019incendie, d\u00e9clench\u00e9 \u00e0 l\u2019aide d\u2019un briquet dans sa propre chambre, a rapidement ravag\u00e9 l\u2019ensemble du logement, provoquant une panique g\u00e9n\u00e9ralis\u00e9e dans l\u2019immeuble.<\/p>\n<p>Dans la foul\u00e9e tu dix-sept r\u00e9sidents ont \u00e9t\u00e9 hospitalis\u00e9s pour inhalation de fum\u00e9e. Aucun bless\u00e9 grave n\u2019a \u00e9t\u00e9 signal\u00e9, mais l\u2019ampleur des d\u00e9g\u00e2ts laisse un quartier sous le choc. Selon les premiers \u00e9l\u00e9ments de l\u2019enqu\u00eate, l\u2019adolescente aurait admis avoir agi \u00ab par repr\u00e9sailles \u00bb, un geste impulsif et disproportionn\u00e9 qui remet en lumi\u00e8re la fragilit\u00e9 \u00e9motionnelle de certains mineurs confront\u00e9s \u00e0 la frustration.<\/p>\n<p>Pr\u00e9sent\u00e9e devant le tribunal du district de Gwangju, la jeune fille n\u2019a pas fait l\u2019objet d\u2019un mandat d\u2019arr\u00eat. Le juge a retenu son statut prot\u00e9g\u00e9 de \u00ab mineure de moins de 19 ans \u00bb pr\u00e9vu par la loi sud-cor\u00e9enne sur les mineurs, qui privil\u00e9gie l\u2019encadrement et la r\u00e9\u00e9ducation plut\u00f4t qu\u2019une r\u00e9ponse strictement punitive.<\/p>\n<p>La police poursuit ses investigations afin de d\u00e9terminer les responsabilit\u00e9s pr\u00e9cises et les suites judiciaires possibles dans le cadre de cette l\u00e9gislation. Entre incompr\u00e9hension familiale, impulsivit\u00e9 adolescente et cons\u00e9quences dramatiques, l\u2019affaire soul\u00e8ve de nombreuses questions sur le rapport aux \u00e9crans, les tensions intrafamiliales et les limites d\u2019une crise d\u2019adolescence qui a failli co\u00fbter la vie \u00e0 tout un immeuble.<\/p>\n<p style=\"padding-left: 40px;\"><strong>Gildas AHOGNI<\/strong><\/p>\n","protected":false},"excerpt":{"rendered":"<p>\u00c0 Gwangju, une adolescente de 14 ans a mis le feu \u00e0 l\u2019appartement familial apr\u00e8s un refus parental, r\u00e9v\u00e9lant une crise d\u2019adolescence d\u2019une rare intensit\u00e9. En Cor\u00e9e du Sud, un&hellip;<\/p>\n","protected":false},"author":5,"featured_media":15406,"comment_status":"open","ping_status":"open","sticky":false,"template":"","format":"standard","meta":{"content-type":"","om_disable_all_campaigns":false,"_monsterinsights_skip_tracking":false,"_monsterinsights_sitenote_active":false,"_monsterinsights_sitenote_note":"","_monsterinsights_sitenote_category":0,"_uf_show_specific_survey":0,"_uf_disable_surveys":false,"footnotes":""},"categories":[20],"tags":[],"class_list":["post-15405","post","type-post","status-publish","format-standard","has-post-thumbnail","hentry","category-societe"],"aioseo_notices":[],"yoast_head":"<!-- This site is optimized with the Yoast SEO plugin v27.5 - https:\/\/yoast.com\/product\/yoast-seo-wordpress\/ -->\n<title>Cor\u00e9e du Sud : Une adolescente br\u00fble l&#039;appartement apr\u00e8s un refus parental - Le Patriote<\/title>\n<meta name=\"robots\" content=\"index, follow, max-snippet:-1, max-image-preview:large, max-video-preview:-1\" \/>\n<link rel=\"canonical\" href=\"https:\/\/lepatriotebenin.com\/index.php\/2025\/11\/26\/coree-du-sud-une-adolescente-brule-lappartement-apres-un-refus-parental\/\" \/>\n<meta property=\"og:locale\" content=\"fr_FR\" \/>\n<meta property=\"og:type\" content=\"article\" \/>\n<meta property=\"og:title\" content=\"Cor\u00e9e du Sud : Une adolescente br\u00fble l&#039;appartement apr\u00e8s un refus parental - Le Patriote\" \/>\n<meta property=\"og:description\" content=\"\u00c0 Gwangju, une adolescente de 14 ans a mis le feu \u00e0 l\u2019appartement familial apr\u00e8s un refus parental, r\u00e9v\u00e9lant une crise d\u2019adolescence d\u2019une rare intensit\u00e9. En Cor\u00e9e du Sud, un&hellip;\" \/>\n<meta property=\"og:url\" content=\"https:\/\/lepatriotebenin.com\/index.php\/2025\/11\/26\/coree-du-sud-une-adolescente-brule-lappartement-apres-un-refus-parental\/\" \/>\n<meta property=\"og:site_name\" content=\"Le Patriote\" \/>\n<meta property=\"article:published_time\" content=\"2025-11-26T00:37:56+00:00\" \/>\n<meta property=\"og:image\" content=\"https:\/\/lepatriotebenin.com\/wp-content\/uploads\/2025\/11\/coree.jpg\" \/>\n\t<meta property=\"og:image:width\" content=\"750\" \/>\n\t<meta property=\"og:image:height\" content=\"423\" \/>\n\t<meta property=\"og:image:type\" content=\"image\/jpeg\" \/>\n<meta name=\"author\" content=\"Redaction\" \/>\n<meta name=\"twitter:card\" content=\"summary_large_image\" \/>\n<meta name=\"twitter:label1\" content=\"\u00c9crit par\" \/>\n\t<meta name=\"twitter:data1\" content=\"Redaction\" \/>\n\t<meta name=\"twitter:label2\" content=\"Dur\u00e9e de lecture estim\u00e9e\" \/>\n\t<meta name=\"twitter:data2\" content=\"2 minutes\" \/>\n<script type=\"application\/ld+json\" class=\"yoast-schema-graph\">{\"@context\":\"https:\\\/\\\/schema.org\",\"@graph\":[{\"@type\":\"Article\",\"@id\":\"https:\\\/\\\/lepatriotebenin.com\\\/index.php\\\/2025\\\/11\\\/26\\\/coree-du-sud-une-adolescente-brule-lappartement-apres-un-refus-parental\\\/#article\",\"isPartOf\":{\"@id\":\"https:\\\/\\\/lepatriotebenin.com\\\/index.php\\\/2025\\\/11\\\/26\\\/coree-du-sud-une-adolescente-brule-lappartement-apres-un-refus-parental\\\/\"},\"author\":{\"name\":\"Redaction\",\"@id\":\"https:\\\/\\\/lepatriotebenin.com\\\/#\\\/schema\\\/person\\\/2e7709b9c9cc313e452d1136af61690f\"},\"headline\":\"Cor\u00e9e du Sud : Une adolescente br\u00fble l&rsquo;appartement apr\u00e8s un refus parental\",\"datePublished\":\"2025-11-26T00:37:56+00:00\",\"mainEntityOfPage\":{\"@id\":\"https:\\\/\\\/lepatriotebenin.com\\\/index.php\\\/2025\\\/11\\\/26\\\/coree-du-sud-une-adolescente-brule-lappartement-apres-un-refus-parental\\\/\"},\"wordCount\":334,\"commentCount\":0,\"image\":{\"@id\":\"https:\\\/\\\/lepatriotebenin.com\\\/index.php\\\/2025\\\/11\\\/26\\\/coree-du-sud-une-adolescente-brule-lappartement-apres-un-refus-parental\\\/#primaryimage\"},\"thumbnailUrl\":\"https:\\\/\\\/lepatriotebenin.com\\\/wp-content\\\/uploads\\\/2025\\\/11\\\/coree.jpg\",\"articleSection\":[\"Soci\u00e9t\u00e9\"],\"inLanguage\":\"fr-FR\",\"potentialAction\":[{\"@type\":\"CommentAction\",\"name\":\"Comment\",\"target\":[\"https:\\\/\\\/lepatriotebenin.com\\\/index.php\\\/2025\\\/11\\\/26\\\/coree-du-sud-une-adolescente-brule-lappartement-apres-un-refus-parental\\\/#respond\"]}]},{\"@type\":\"WebPage\",\"@id\":\"https:\\\/\\\/lepatriotebenin.com\\\/index.php\\\/2025\\\/11\\\/26\\\/coree-du-sud-une-adolescente-brule-lappartement-apres-un-refus-parental\\\/\",\"url\":\"https:\\\/\\\/lepatriotebenin.com\\\/index.php\\\/2025\\\/11\\\/26\\\/coree-du-sud-une-adolescente-brule-lappartement-apres-un-refus-parental\\\/\",\"name\":\"Cor\u00e9e du Sud : Une adolescente br\u00fble l'appartement apr\u00e8s un refus parental - Le Patriote\",\"isPartOf\":{\"@id\":\"https:\\\/\\\/lepatriotebenin.com\\\/#website\"},\"primaryImageOfPage\":{\"@id\":\"https:\\\/\\\/lepatriotebenin.com\\\/index.php\\\/2025\\\/11\\\/26\\\/coree-du-sud-une-adolescente-brule-lappartement-apres-un-refus-parental\\\/#primaryimage\"},\"image\":{\"@id\":\"https:\\\/\\\/lepatriotebenin.com\\\/index.php\\\/2025\\\/11\\\/26\\\/coree-du-sud-une-adolescente-brule-lappartement-apres-un-refus-parental\\\/#primaryimage\"},\"thumbnailUrl\":\"https:\\\/\\\/lepatriotebenin.com\\\/wp-content\\\/uploads\\\/2025\\\/11\\\/coree.jpg\",\"datePublished\":\"2025-11-26T00:37:56+00:00\",\"author\":{\"@id\":\"https:\\\/\\\/lepatriotebenin.com\\\/#\\\/schema\\\/person\\\/2e7709b9c9cc313e452d1136af61690f\"},\"breadcrumb\":{\"@id\":\"https:\\\/\\\/lepatriotebenin.com\\\/index.php\\\/2025\\\/11\\\/26\\\/coree-du-sud-une-adolescente-brule-lappartement-apres-un-refus-parental\\\/#breadcrumb\"},\"inLanguage\":\"fr-FR\",\"potentialAction\":[{\"@type\":\"ReadAction\",\"target\":[\"https:\\\/\\\/lepatriotebenin.com\\\/index.php\\\/2025\\\/11\\\/26\\\/coree-du-sud-une-adolescente-brule-lappartement-apres-un-refus-parental\\\/\"]}]},{\"@type\":\"ImageObject\",\"inLanguage\":\"fr-FR\",\"@id\":\"https:\\\/\\\/lepatriotebenin.com\\\/index.php\\\/2025\\\/11\\\/26\\\/coree-du-sud-une-adolescente-brule-lappartement-apres-un-refus-parental\\\/#primaryimage\",\"url\":\"https:\\\/\\\/lepatriotebenin.com\\\/wp-content\\\/uploads\\\/2025\\\/11\\\/coree.jpg\",\"contentUrl\":\"https:\\\/\\\/lepatriotebenin.com\\\/wp-content\\\/uploads\\\/2025\\\/11\\\/coree.jpg\",\"width\":750,\"height\":423},{\"@type\":\"BreadcrumbList\",\"@id\":\"https:\\\/\\\/lepatriotebenin.com\\\/index.php\\\/2025\\\/11\\\/26\\\/coree-du-sud-une-adolescente-brule-lappartement-apres-un-refus-parental\\\/#breadcrumb\",\"itemListElement\":[{\"@type\":\"ListItem\",\"position\":1,\"name\":\"Accueil\",\"item\":\"https:\\\/\\\/lepatriotebenin.com\\\/\"},{\"@type\":\"ListItem\",\"position\":2,\"name\":\"Cor\u00e9e du Sud : Une adolescente br\u00fble l&rsquo;appartement apr\u00e8s un refus parental\"}]},{\"@type\":\"WebSite\",\"@id\":\"https:\\\/\\\/lepatriotebenin.com\\\/#website\",\"url\":\"https:\\\/\\\/lepatriotebenin.com\\\/\",\"name\":\"Le Patriote\",\"description\":\"Le Patriote B\u00e9nin\",\"potentialAction\":[{\"@type\":\"SearchAction\",\"target\":{\"@type\":\"EntryPoint\",\"urlTemplate\":\"https:\\\/\\\/lepatriotebenin.com\\\/?s={search_term_string}\"},\"query-input\":{\"@type\":\"PropertyValueSpecification\",\"valueRequired\":true,\"valueName\":\"search_term_string\"}}],\"inLanguage\":\"fr-FR\"},{\"@type\":\"Person\",\"@id\":\"https:\\\/\\\/lepatriotebenin.com\\\/#\\\/schema\\\/person\\\/2e7709b9c9cc313e452d1136af61690f\",\"name\":\"Redaction\",\"image\":{\"@type\":\"ImageObject\",\"inLanguage\":\"fr-FR\",\"@id\":\"https:\\\/\\\/secure.gravatar.com\\\/avatar\\\/c4c509357859ea2ca2cbb6d8812898a73e4ef1ef9934c2e591d7e32face734d1?s=96&d=mm&r=g\",\"url\":\"https:\\\/\\\/secure.gravatar.com\\\/avatar\\\/c4c509357859ea2ca2cbb6d8812898a73e4ef1ef9934c2e591d7e32face734d1?s=96&d=mm&r=g\",\"contentUrl\":\"https:\\\/\\\/secure.gravatar.com\\\/avatar\\\/c4c509357859ea2ca2cbb6d8812898a73e4ef1ef9934c2e591d7e32face734d1?s=96&d=mm&r=g\",\"caption\":\"Redaction\"},\"url\":\"https:\\\/\\\/lepatriotebenin.com\"}]}<\/script>\n<!-- \/ Yoast SEO plugin. -->","yoast_head_json":{"title":"Cor\u00e9e du Sud : Une adolescente br\u00fble l'appartement apr\u00e8s un refus parental - Le Patriote","robots":{"index":"index","follow":"follow","max-snippet":"max-snippet:-1","max-image-preview":"max-image-preview:large","max-video-preview":"max-video-preview:-1"},"canonical":"https:\/\/lepatriotebenin.com\/index.php\/2025\/11\/26\/coree-du-sud-une-adolescente-brule-lappartement-apres-un-refus-parental\/","og_locale":"fr_FR","og_type":"article","og_title":"Cor\u00e9e du Sud : Une adolescente br\u00fble l'appartement apr\u00e8s un refus parental - Le Patriote","og_description":"\u00c0 Gwangju, une adolescente de 14 ans a mis le feu \u00e0 l\u2019appartement familial apr\u00e8s un refus parental, r\u00e9v\u00e9lant une crise d\u2019adolescence d\u2019une rare intensit\u00e9. En Cor\u00e9e du Sud, un&hellip;","og_url":"https:\/\/lepatriotebenin.com\/index.php\/2025\/11\/26\/coree-du-sud-une-adolescente-brule-lappartement-apres-un-refus-parental\/","og_site_name":"Le Patriote","article_published_time":"2025-11-26T00:37:56+00:00","og_image":[{"width":750,"height":423,"url":"https:\/\/lepatriotebenin.com\/wp-content\/uploads\/2025\/11\/coree.jpg","type":"image\/jpeg"}],"author":"Redaction","twitter_card":"summary_large_image","twitter_misc":{"\u00c9crit par":"Redaction","Dur\u00e9e de lecture estim\u00e9e":"2 minutes"},"schema":{"@context":"https:\/\/schema.org","@graph":[{"@type":"Article","@id":"https:\/\/lepatriotebenin.com\/index.php\/2025\/11\/26\/coree-du-sud-une-adolescente-brule-lappartement-apres-un-refus-parental\/#article","isPartOf":{"@id":"https:\/\/lepatriotebenin.com\/index.php\/2025\/11\/26\/coree-du-sud-une-adolescente-brule-lappartement-apres-un-refus-parental\/"},"author":{"name":"Redaction","@id":"https:\/\/lepatriotebenin.com\/#\/schema\/person\/2e7709b9c9cc313e452d1136af61690f"},"headline":"Cor\u00e9e du Sud : Une adolescente br\u00fble l&rsquo;appartement apr\u00e8s un refus parental","datePublished":"2025-11-26T00:37:56+00:00","mainEntityOfPage":{"@id":"https:\/\/lepatriotebenin.com\/index.php\/2025\/11\/26\/coree-du-sud-une-adolescente-brule-lappartement-apres-un-refus-parental\/"},"wordCount":334,"commentCount":0,"image":{"@id":"https:\/\/lepatriotebenin.com\/index.php\/2025\/11\/26\/coree-du-sud-une-adolescente-brule-lappartement-apres-un-refus-parental\/#primaryimage"},"thumbnailUrl":"https:\/\/lepatriotebenin.com\/wp-content\/uploads\/2025\/11\/coree.jpg","articleSection":["Soci\u00e9t\u00e9"],"inLanguage":"fr-FR","potentialAction":[{"@type":"CommentAction","name":"Comment","target":["https:\/\/lepatriotebenin.com\/index.php\/2025\/11\/26\/coree-du-sud-une-adolescente-brule-lappartement-apres-un-refus-parental\/#respond"]}]},{"@type":"WebPage","@id":"https:\/\/lepatriotebenin.com\/index.php\/2025\/11\/26\/coree-du-sud-une-adolescente-brule-lappartement-apres-un-refus-parental\/","url":"https:\/\/lepatriotebenin.com\/index.php\/2025\/11\/26\/coree-du-sud-une-adolescente-brule-lappartement-apres-un-refus-parental\/","name":"Cor\u00e9e du Sud : Une adolescente br\u00fble l'appartement apr\u00e8s un refus parental - Le Patriote","isPartOf":{"@id":"https:\/\/lepatriotebenin.com\/#website"},"primaryImageOfPage":{"@id":"https:\/\/lepatriotebenin.com\/index.php\/2025\/11\/26\/coree-du-sud-une-adolescente-brule-lappartement-apres-un-refus-parental\/#primaryimage"},"image":{"@id":"https:\/\/lepatriotebenin.com\/index.php\/2025\/11\/26\/coree-du-sud-une-adolescente-brule-lappartement-apres-un-refus-parental\/#primaryimage"},"thumbnailUrl":"https:\/\/lepatriotebenin.com\/wp-content\/uploads\/2025\/11\/coree.jpg","datePublished":"2025-11-26T00:37:56+00:00","author":{"@id":"https:\/\/lepatriotebenin.com\/#\/schema\/person\/2e7709b9c9cc313e452d1136af61690f"},"breadcrumb":{"@id":"https:\/\/lepatriotebenin.com\/index.php\/2025\/11\/26\/coree-du-sud-une-adolescente-brule-lappartement-apres-un-refus-parental\/#breadcrumb"},"inLanguage":"fr-FR","potentialAction":[{"@type":"ReadAction","target":["https:\/\/lepatriotebenin.com\/index.php\/2025\/11\/26\/coree-du-sud-une-adolescente-brule-lappartement-apres-un-refus-parental\/"]}]},{"@type":"ImageObject","inLanguage":"fr-FR","@id":"https:\/\/lepatriotebenin.com\/index.php\/2025\/11\/26\/coree-du-sud-une-adolescente-brule-lappartement-apres-un-refus-parental\/#primaryimage","url":"https:\/\/lepatriotebenin.com\/wp-content\/uploads\/2025\/11\/coree.jpg","contentUrl":"https:\/\/lepatriotebenin.com\/wp-content\/uploads\/2025\/11\/coree.jpg","width":750,"height":423},{"@type":"BreadcrumbList","@id":"https:\/\/lepatriotebenin.com\/index.php\/2025\/11\/26\/coree-du-sud-une-adolescente-brule-lappartement-apres-un-refus-parental\/#breadcrumb","itemListElement":[{"@type":"ListItem","position":1,"name":"Accueil","item":"https:\/\/lepatriotebenin.com\/"},{"@type":"ListItem","position":2,"name":"Cor\u00e9e du Sud : Une adolescente br\u00fble l&rsquo;appartement apr\u00e8s un refus parental"}]},{"@type":"WebSite","@id":"https:\/\/lepatriotebenin.com\/#website","url":"https:\/\/lepatriotebenin.com\/","name":"Le Patriote","description":"Le Patriote B\u00e9nin","potentialAction":[{"@type":"SearchAction","target":{"@type":"EntryPoint","urlTemplate":"https:\/\/lepatriotebenin.com\/?s={search_term_string}"},"query-input":{"@type":"PropertyValueSpecification","valueRequired":true,"valueName":"search_term_string"}}],"inLanguage":"fr-FR"},{"@type":"Person","@id":"https:\/\/lepatriotebenin.com\/#\/schema\/person\/2e7709b9c9cc313e452d1136af61690f","name":"Redaction","image":{"@type":"ImageObject","inLanguage":"fr-FR","@id":"https:\/\/secure.gravatar.com\/avatar\/c4c509357859ea2ca2cbb6d8812898a73e4ef1ef9934c2e591d7e32face734d1?s=96&d=mm&r=g","url":"https:\/\/secure.gravatar.com\/avatar\/c4c509357859ea2ca2cbb6d8812898a73e4ef1ef9934c2e591d7e32face734d1?s=96&d=mm&r=g","contentUrl":"https:\/\/secure.gravatar.com\/avatar\/c4c509357859ea2ca2cbb6d8812898a73e4ef1ef9934c2e591d7e32face734d1?s=96&d=mm&r=g","caption":"Redaction"},"url":"https:\/\/lepatriotebenin.com"}]}},"_links":{"self":[{"href":"https:\/\/lepatriotebenin.com\/index.php\/wp-json\/wp\/v2\/posts\/15405","targetHints":{"allow":["GET"]}}],"collection":[{"href":"https:\/\/lepatriotebenin.com\/index.php\/wp-json\/wp\/v2\/posts"}],"about":[{"href":"https:\/\/lepatriotebenin.com\/index.php\/wp-json\/wp\/v2\/types\/post"}],"author":[{"embeddable":true,"href":"https:\/\/lepatriotebenin.com\/index.php\/wp-json\/wp\/v2\/users\/5"}],"replies":[{"embeddable":true,"href":"https:\/\/lepatriotebenin.com\/index.php\/wp-json\/wp\/v2\/comments?post=15405"}],"version-history":[{"count":1,"href":"https:\/\/lepatriotebenin.com\/index.php\/wp-json\/wp\/v2\/posts\/15405\/revisions"}],"predecessor-version":[{"id":15407,"href":"https:\/\/lepatriotebenin.com\/index.php\/wp-json\/wp\/v2\/posts\/15405\/revisions\/15407"}],"wp:featuredmedia":[{"embeddable":true,"href":"https:\/\/lepatriotebenin.com\/index.php\/wp-json\/wp\/v2\/media\/15406"}],"wp:attachment":[{"href":"https:\/\/lepatriotebenin.com\/index.php\/wp-json\/wp\/v2\/media?parent=15405"}],"wp:term":[{"taxonomy":"category","embeddable":true,"href":"https:\/\/lepatriotebenin.com\/index.php\/wp-json\/wp\/v2\/categories?post=15405"},{"taxonomy":"post_tag","embeddable":true,"href":"https:\/\/lepatriotebenin.com\/index.php\/wp-json\/wp\/v2\/tags?post=15405"}],"curies":[{"name":"wp","href":"https:\/\/api.w.org\/{rel}","templated":true}]}}