{"id":15401,"date":"2025-11-26T01:29:15","date_gmt":"2025-11-26T00:29:15","guid":{"rendered":"https:\/\/lepatriotebenin.com\/?p=15401"},"modified":"2025-11-26T01:33:02","modified_gmt":"2025-11-26T00:33:02","slug":"can-maroc-2025-voici-la-date-butoir-denvoi-des-equipes-qualifiees-a-la-caf","status":"publish","type":"post","link":"https:\/\/lepatriotebenin.com\/index.php\/2025\/11\/26\/can-maroc-2025-voici-la-date-butoir-denvoi-des-equipes-qualifiees-a-la-caf\/","title":{"rendered":"CAN Maroc 2025 : Voici la date butoir d\u2019envoi de la liste des joueurs des \u00e9quipes qualifi\u00e9es \u00e0 la CAF"},"content":{"rendered":"<p>Du\u00a0 21 d\u00e9cembre 2025\u00a0 au 18 janvier\u00a0 2026, le Maroc va accueillir la 35\u00e8me \u00e9dition de la Coupe d\u2019Afrique des Nations (CAN).Le \u00a0vendredi 21 novembre dernier \u00a0marque une \u00e9tape importante pour les s\u00e9lections qualifi\u00e9es pour la CAN Maroc 2025. La \u00a0Conf\u00e9d\u00e9ration africaine de football (CAF) a fix\u00e9 \u00a0la date butoir pour le d\u00e9p\u00f4t des listes provisoires \u00e9largies de 55 joueurs.<\/p>\n<p>Selon le r\u00e8glement de la CAF, chaque s\u00e9lection qualifi\u00e9e pour la CAN 2025 doit transmettre cette pr\u00e9-liste de 55 joueurs avant minuit du vendredi 21 novembre dernier. Pass\u00e9 ce d\u00e9lai, aucun joueur absent de cette liste ne pourra \u00eatre s\u00e9lectionn\u00e9 pour la phase finale. Certaines Nations comme le Cameroun ou le Nigeria ont d\u00e9j\u00e0 satisfait cette exigence. La liste finale de 23 \u00e0 27 joueurs devra quant \u00e0 elle \u00eatre d\u00e9pos\u00e9e au plus tard le 11 d\u00e9cembre 2025, soit 10 jours avant le coup d\u2019envoi le 21 d\u00e9cembre. \u00c0 exactement 30 jours du d\u00e9but de la CAN 2025, l\u2019excitation monte.<\/p>\n<p>Les regards sont tourn\u00e9s vers les favoris comme le Maroc, le S\u00e9n\u00e9gal, l\u2019\u00c9gypte ou la C\u00f4te d\u2019Ivoire tenante du titre. Pr\u00e9cisons qu\u2019en ce qui concerne, on n\u2019a pas encore une id\u00e9e pr\u00e9cise\u00a0 sur les 28\u00a0\u00a0 Gu\u00e9pards\u00a0 retenus par le s\u00e9lectionneur national Gernot Rohr pour participer \u00e0 la phase finale de\u00a0 cette 35\u00e8me \u00e9dition de la CAN 2025.<\/p>\n","protected":false},"excerpt":{"rendered":"<p>Du\u00a0 21 d\u00e9cembre 2025\u00a0 au 18 janvier\u00a0 2026, le Maroc va accueillir la 35\u00e8me \u00e9dition de la Coupe d\u2019Afrique des Nations (CAN).Le \u00a0vendredi 21 novembre dernier \u00a0marque une \u00e9tape importante&hellip;<\/p>\n","protected":false},"author":6,"featured_media":15402,"comment_status":"open","ping_status":"open","sticky":false,"template":"","format":"standard","meta":{"content-type":"","om_disable_all_campaigns":false,"_monsterinsights_skip_tracking":false,"_monsterinsights_sitenote_active":false,"_monsterinsights_sitenote_note":"","_monsterinsights_sitenote_category":0,"_uf_show_specific_survey":0,"_uf_disable_surveys":false,"footnotes":""},"categories":[8],"tags":[],"class_list":["post-15401","post","type-post","status-publish","format-standard","has-post-thumbnail","hentry","category-sport"],"aioseo_notices":[],"yoast_head":"<!-- This site is optimized with the Yoast SEO plugin v27.5 - https:\/\/yoast.com\/product\/yoast-seo-wordpress\/ -->\n<title>CAN Maroc 2025 : Voici la date butoir d\u2019envoi de la liste des joueurs des \u00e9quipes qualifi\u00e9es \u00e0 la CAF - Le Patriote<\/title>\n<meta name=\"robots\" content=\"index, follow, max-snippet:-1, max-image-preview:large, max-video-preview:-1\" \/>\n<link rel=\"canonical\" href=\"https:\/\/lepatriotebenin.com\/index.php\/2025\/11\/26\/can-maroc-2025-voici-la-date-butoir-denvoi-des-equipes-qualifiees-a-la-caf\/\" \/>\n<meta property=\"og:locale\" content=\"fr_FR\" \/>\n<meta property=\"og:type\" content=\"article\" \/>\n<meta property=\"og:title\" content=\"CAN Maroc 2025 : Voici la date butoir d\u2019envoi de la liste des joueurs des \u00e9quipes qualifi\u00e9es \u00e0 la CAF - Le Patriote\" \/>\n<meta property=\"og:description\" content=\"Du\u00a0 21 d\u00e9cembre 2025\u00a0 au 18 janvier\u00a0 2026, le Maroc va accueillir la 35\u00e8me \u00e9dition de la Coupe d\u2019Afrique des Nations (CAN).Le \u00a0vendredi 21 novembre dernier \u00a0marque une \u00e9tape importante&hellip;\" \/>\n<meta property=\"og:url\" content=\"https:\/\/lepatriotebenin.com\/index.php\/2025\/11\/26\/can-maroc-2025-voici-la-date-butoir-denvoi-des-equipes-qualifiees-a-la-caf\/\" \/>\n<meta property=\"og:site_name\" content=\"Le Patriote\" \/>\n<meta property=\"article:published_time\" content=\"2025-11-26T00:29:15+00:00\" \/>\n<meta property=\"article:modified_time\" content=\"2025-11-26T00:33:02+00:00\" \/>\n<meta property=\"og:image\" content=\"https:\/\/lepatriotebenin.com\/wp-content\/uploads\/2025\/11\/date-butoir.jpg\" \/>\n\t<meta property=\"og:image:width\" content=\"866\" \/>\n\t<meta property=\"og:image:height\" content=\"566\" \/>\n\t<meta property=\"og:image:type\" content=\"image\/jpeg\" \/>\n<meta name=\"author\" content=\"Roland AFFANOU\" \/>\n<meta name=\"twitter:card\" content=\"summary_large_image\" \/>\n<meta name=\"twitter:label1\" content=\"\u00c9crit par\" \/>\n\t<meta name=\"twitter:data1\" content=\"Roland AFFANOU\" \/>\n\t<meta name=\"twitter:label2\" content=\"Dur\u00e9e de lecture estim\u00e9e\" \/>\n\t<meta name=\"twitter:data2\" content=\"2 minutes\" \/>\n<script type=\"application\/ld+json\" class=\"yoast-schema-graph\">{\"@context\":\"https:\\\/\\\/schema.org\",\"@graph\":[{\"@type\":\"Article\",\"@id\":\"https:\\\/\\\/lepatriotebenin.com\\\/index.php\\\/2025\\\/11\\\/26\\\/can-maroc-2025-voici-la-date-butoir-denvoi-des-equipes-qualifiees-a-la-caf\\\/#article\",\"isPartOf\":{\"@id\":\"https:\\\/\\\/lepatriotebenin.com\\\/index.php\\\/2025\\\/11\\\/26\\\/can-maroc-2025-voici-la-date-butoir-denvoi-des-equipes-qualifiees-a-la-caf\\\/\"},\"author\":{\"name\":\"Roland AFFANOU\",\"@id\":\"https:\\\/\\\/lepatriotebenin.com\\\/#\\\/schema\\\/person\\\/4a9b67216c97d04045e01405c534c91f\"},\"headline\":\"CAN Maroc 2025 : Voici la date butoir d\u2019envoi de la liste des joueurs des \u00e9quipes qualifi\u00e9es \u00e0 la CAF\",\"datePublished\":\"2025-11-26T00:29:15+00:00\",\"dateModified\":\"2025-11-26T00:33:02+00:00\",\"mainEntityOfPage\":{\"@id\":\"https:\\\/\\\/lepatriotebenin.com\\\/index.php\\\/2025\\\/11\\\/26\\\/can-maroc-2025-voici-la-date-butoir-denvoi-des-equipes-qualifiees-a-la-caf\\\/\"},\"wordCount\":248,\"commentCount\":0,\"image\":{\"@id\":\"https:\\\/\\\/lepatriotebenin.com\\\/index.php\\\/2025\\\/11\\\/26\\\/can-maroc-2025-voici-la-date-butoir-denvoi-des-equipes-qualifiees-a-la-caf\\\/#primaryimage\"},\"thumbnailUrl\":\"https:\\\/\\\/lepatriotebenin.com\\\/wp-content\\\/uploads\\\/2025\\\/11\\\/date-butoir.jpg\",\"articleSection\":[\"Sport\"],\"inLanguage\":\"fr-FR\",\"potentialAction\":[{\"@type\":\"CommentAction\",\"name\":\"Comment\",\"target\":[\"https:\\\/\\\/lepatriotebenin.com\\\/index.php\\\/2025\\\/11\\\/26\\\/can-maroc-2025-voici-la-date-butoir-denvoi-des-equipes-qualifiees-a-la-caf\\\/#respond\"]}]},{\"@type\":\"WebPage\",\"@id\":\"https:\\\/\\\/lepatriotebenin.com\\\/index.php\\\/2025\\\/11\\\/26\\\/can-maroc-2025-voici-la-date-butoir-denvoi-des-equipes-qualifiees-a-la-caf\\\/\",\"url\":\"https:\\\/\\\/lepatriotebenin.com\\\/index.php\\\/2025\\\/11\\\/26\\\/can-maroc-2025-voici-la-date-butoir-denvoi-des-equipes-qualifiees-a-la-caf\\\/\",\"name\":\"CAN Maroc 2025 : Voici la date butoir d\u2019envoi de la liste des joueurs des \u00e9quipes qualifi\u00e9es \u00e0 la CAF - Le Patriote\",\"isPartOf\":{\"@id\":\"https:\\\/\\\/lepatriotebenin.com\\\/#website\"},\"primaryImageOfPage\":{\"@id\":\"https:\\\/\\\/lepatriotebenin.com\\\/index.php\\\/2025\\\/11\\\/26\\\/can-maroc-2025-voici-la-date-butoir-denvoi-des-equipes-qualifiees-a-la-caf\\\/#primaryimage\"},\"image\":{\"@id\":\"https:\\\/\\\/lepatriotebenin.com\\\/index.php\\\/2025\\\/11\\\/26\\\/can-maroc-2025-voici-la-date-butoir-denvoi-des-equipes-qualifiees-a-la-caf\\\/#primaryimage\"},\"thumbnailUrl\":\"https:\\\/\\\/lepatriotebenin.com\\\/wp-content\\\/uploads\\\/2025\\\/11\\\/date-butoir.jpg\",\"datePublished\":\"2025-11-26T00:29:15+00:00\",\"dateModified\":\"2025-11-26T00:33:02+00:00\",\"author\":{\"@id\":\"https:\\\/\\\/lepatriotebenin.com\\\/#\\\/schema\\\/person\\\/4a9b67216c97d04045e01405c534c91f\"},\"breadcrumb\":{\"@id\":\"https:\\\/\\\/lepatriotebenin.com\\\/index.php\\\/2025\\\/11\\\/26\\\/can-maroc-2025-voici-la-date-butoir-denvoi-des-equipes-qualifiees-a-la-caf\\\/#breadcrumb\"},\"inLanguage\":\"fr-FR\",\"potentialAction\":[{\"@type\":\"ReadAction\",\"target\":[\"https:\\\/\\\/lepatriotebenin.com\\\/index.php\\\/2025\\\/11\\\/26\\\/can-maroc-2025-voici-la-date-butoir-denvoi-des-equipes-qualifiees-a-la-caf\\\/\"]}]},{\"@type\":\"ImageObject\",\"inLanguage\":\"fr-FR\",\"@id\":\"https:\\\/\\\/lepatriotebenin.com\\\/index.php\\\/2025\\\/11\\\/26\\\/can-maroc-2025-voici-la-date-butoir-denvoi-des-equipes-qualifiees-a-la-caf\\\/#primaryimage\",\"url\":\"https:\\\/\\\/lepatriotebenin.com\\\/wp-content\\\/uploads\\\/2025\\\/11\\\/date-butoir.jpg\",\"contentUrl\":\"https:\\\/\\\/lepatriotebenin.com\\\/wp-content\\\/uploads\\\/2025\\\/11\\\/date-butoir.jpg\",\"width\":866,\"height\":566},{\"@type\":\"BreadcrumbList\",\"@id\":\"https:\\\/\\\/lepatriotebenin.com\\\/index.php\\\/2025\\\/11\\\/26\\\/can-maroc-2025-voici-la-date-butoir-denvoi-des-equipes-qualifiees-a-la-caf\\\/#breadcrumb\",\"itemListElement\":[{\"@type\":\"ListItem\",\"position\":1,\"name\":\"Accueil\",\"item\":\"https:\\\/\\\/lepatriotebenin.com\\\/\"},{\"@type\":\"ListItem\",\"position\":2,\"name\":\"CAN Maroc 2025 : Voici la date butoir d\u2019envoi de la liste des joueurs des \u00e9quipes qualifi\u00e9es \u00e0 la CAF\"}]},{\"@type\":\"WebSite\",\"@id\":\"https:\\\/\\\/lepatriotebenin.com\\\/#website\",\"url\":\"https:\\\/\\\/lepatriotebenin.com\\\/\",\"name\":\"Le Patriote\",\"description\":\"Le Patriote B\u00e9nin\",\"potentialAction\":[{\"@type\":\"SearchAction\",\"target\":{\"@type\":\"EntryPoint\",\"urlTemplate\":\"https:\\\/\\\/lepatriotebenin.com\\\/?s={search_term_string}\"},\"query-input\":{\"@type\":\"PropertyValueSpecification\",\"valueRequired\":true,\"valueName\":\"search_term_string\"}}],\"inLanguage\":\"fr-FR\"},{\"@type\":\"Person\",\"@id\":\"https:\\\/\\\/lepatriotebenin.com\\\/#\\\/schema\\\/person\\\/4a9b67216c97d04045e01405c534c91f\",\"name\":\"Roland AFFANOU\",\"image\":{\"@type\":\"ImageObject\",\"inLanguage\":\"fr-FR\",\"@id\":\"https:\\\/\\\/secure.gravatar.com\\\/avatar\\\/7209d3f6d2d47ea4d0c67e14d3effb61feb10ae540a4381280c66265de5bd643?s=96&d=mm&r=g\",\"url\":\"https:\\\/\\\/secure.gravatar.com\\\/avatar\\\/7209d3f6d2d47ea4d0c67e14d3effb61feb10ae540a4381280c66265de5bd643?s=96&d=mm&r=g\",\"contentUrl\":\"https:\\\/\\\/secure.gravatar.com\\\/avatar\\\/7209d3f6d2d47ea4d0c67e14d3effb61feb10ae540a4381280c66265de5bd643?s=96&d=mm&r=g\",\"caption\":\"Roland AFFANOU\"},\"url\":\"https:\\\/\\\/lepatriotebenin.com\"}]}<\/script>\n<!-- \/ Yoast SEO plugin. -->","yoast_head_json":{"title":"CAN Maroc 2025 : Voici la date butoir d\u2019envoi de la liste des joueurs des \u00e9quipes qualifi\u00e9es \u00e0 la CAF - Le Patriote","robots":{"index":"index","follow":"follow","max-snippet":"max-snippet:-1","max-image-preview":"max-image-preview:large","max-video-preview":"max-video-preview:-1"},"canonical":"https:\/\/lepatriotebenin.com\/index.php\/2025\/11\/26\/can-maroc-2025-voici-la-date-butoir-denvoi-des-equipes-qualifiees-a-la-caf\/","og_locale":"fr_FR","og_type":"article","og_title":"CAN Maroc 2025 : Voici la date butoir d\u2019envoi de la liste des joueurs des \u00e9quipes qualifi\u00e9es \u00e0 la CAF - Le Patriote","og_description":"Du\u00a0 21 d\u00e9cembre 2025\u00a0 au 18 janvier\u00a0 2026, le Maroc va accueillir la 35\u00e8me \u00e9dition de la Coupe d\u2019Afrique des Nations (CAN).Le \u00a0vendredi 21 novembre dernier \u00a0marque une \u00e9tape importante&hellip;","og_url":"https:\/\/lepatriotebenin.com\/index.php\/2025\/11\/26\/can-maroc-2025-voici-la-date-butoir-denvoi-des-equipes-qualifiees-a-la-caf\/","og_site_name":"Le Patriote","article_published_time":"2025-11-26T00:29:15+00:00","article_modified_time":"2025-11-26T00:33:02+00:00","og_image":[{"width":866,"height":566,"url":"https:\/\/lepatriotebenin.com\/wp-content\/uploads\/2025\/11\/date-butoir.jpg","type":"image\/jpeg"}],"author":"Roland AFFANOU","twitter_card":"summary_large_image","twitter_misc":{"\u00c9crit par":"Roland AFFANOU","Dur\u00e9e de lecture estim\u00e9e":"2 minutes"},"schema":{"@context":"https:\/\/schema.org","@graph":[{"@type":"Article","@id":"https:\/\/lepatriotebenin.com\/index.php\/2025\/11\/26\/can-maroc-2025-voici-la-date-butoir-denvoi-des-equipes-qualifiees-a-la-caf\/#article","isPartOf":{"@id":"https:\/\/lepatriotebenin.com\/index.php\/2025\/11\/26\/can-maroc-2025-voici-la-date-butoir-denvoi-des-equipes-qualifiees-a-la-caf\/"},"author":{"name":"Roland AFFANOU","@id":"https:\/\/lepatriotebenin.com\/#\/schema\/person\/4a9b67216c97d04045e01405c534c91f"},"headline":"CAN Maroc 2025 : Voici la date butoir d\u2019envoi de la liste des joueurs des \u00e9quipes qualifi\u00e9es \u00e0 la CAF","datePublished":"2025-11-26T00:29:15+00:00","dateModified":"2025-11-26T00:33:02+00:00","mainEntityOfPage":{"@id":"https:\/\/lepatriotebenin.com\/index.php\/2025\/11\/26\/can-maroc-2025-voici-la-date-butoir-denvoi-des-equipes-qualifiees-a-la-caf\/"},"wordCount":248,"commentCount":0,"image":{"@id":"https:\/\/lepatriotebenin.com\/index.php\/2025\/11\/26\/can-maroc-2025-voici-la-date-butoir-denvoi-des-equipes-qualifiees-a-la-caf\/#primaryimage"},"thumbnailUrl":"https:\/\/lepatriotebenin.com\/wp-content\/uploads\/2025\/11\/date-butoir.jpg","articleSection":["Sport"],"inLanguage":"fr-FR","potentialAction":[{"@type":"CommentAction","name":"Comment","target":["https:\/\/lepatriotebenin.com\/index.php\/2025\/11\/26\/can-maroc-2025-voici-la-date-butoir-denvoi-des-equipes-qualifiees-a-la-caf\/#respond"]}]},{"@type":"WebPage","@id":"https:\/\/lepatriotebenin.com\/index.php\/2025\/11\/26\/can-maroc-2025-voici-la-date-butoir-denvoi-des-equipes-qualifiees-a-la-caf\/","url":"https:\/\/lepatriotebenin.com\/index.php\/2025\/11\/26\/can-maroc-2025-voici-la-date-butoir-denvoi-des-equipes-qualifiees-a-la-caf\/","name":"CAN Maroc 2025 : Voici la date butoir d\u2019envoi de la liste des joueurs des \u00e9quipes qualifi\u00e9es \u00e0 la CAF - Le Patriote","isPartOf":{"@id":"https:\/\/lepatriotebenin.com\/#website"},"primaryImageOfPage":{"@id":"https:\/\/lepatriotebenin.com\/index.php\/2025\/11\/26\/can-maroc-2025-voici-la-date-butoir-denvoi-des-equipes-qualifiees-a-la-caf\/#primaryimage"},"image":{"@id":"https:\/\/lepatriotebenin.com\/index.php\/2025\/11\/26\/can-maroc-2025-voici-la-date-butoir-denvoi-des-equipes-qualifiees-a-la-caf\/#primaryimage"},"thumbnailUrl":"https:\/\/lepatriotebenin.com\/wp-content\/uploads\/2025\/11\/date-butoir.jpg","datePublished":"2025-11-26T00:29:15+00:00","dateModified":"2025-11-26T00:33:02+00:00","author":{"@id":"https:\/\/lepatriotebenin.com\/#\/schema\/person\/4a9b67216c97d04045e01405c534c91f"},"breadcrumb":{"@id":"https:\/\/lepatriotebenin.com\/index.php\/2025\/11\/26\/can-maroc-2025-voici-la-date-butoir-denvoi-des-equipes-qualifiees-a-la-caf\/#breadcrumb"},"inLanguage":"fr-FR","potentialAction":[{"@type":"ReadAction","target":["https:\/\/lepatriotebenin.com\/index.php\/2025\/11\/26\/can-maroc-2025-voici-la-date-butoir-denvoi-des-equipes-qualifiees-a-la-caf\/"]}]},{"@type":"ImageObject","inLanguage":"fr-FR","@id":"https:\/\/lepatriotebenin.com\/index.php\/2025\/11\/26\/can-maroc-2025-voici-la-date-butoir-denvoi-des-equipes-qualifiees-a-la-caf\/#primaryimage","url":"https:\/\/lepatriotebenin.com\/wp-content\/uploads\/2025\/11\/date-butoir.jpg","contentUrl":"https:\/\/lepatriotebenin.com\/wp-content\/uploads\/2025\/11\/date-butoir.jpg","width":866,"height":566},{"@type":"BreadcrumbList","@id":"https:\/\/lepatriotebenin.com\/index.php\/2025\/11\/26\/can-maroc-2025-voici-la-date-butoir-denvoi-des-equipes-qualifiees-a-la-caf\/#breadcrumb","itemListElement":[{"@type":"ListItem","position":1,"name":"Accueil","item":"https:\/\/lepatriotebenin.com\/"},{"@type":"ListItem","position":2,"name":"CAN Maroc 2025 : Voici la date butoir d\u2019envoi de la liste des joueurs des \u00e9quipes qualifi\u00e9es \u00e0 la CAF"}]},{"@type":"WebSite","@id":"https:\/\/lepatriotebenin.com\/#website","url":"https:\/\/lepatriotebenin.com\/","name":"Le Patriote","description":"Le Patriote B\u00e9nin","potentialAction":[{"@type":"SearchAction","target":{"@type":"EntryPoint","urlTemplate":"https:\/\/lepatriotebenin.com\/?s={search_term_string}"},"query-input":{"@type":"PropertyValueSpecification","valueRequired":true,"valueName":"search_term_string"}}],"inLanguage":"fr-FR"},{"@type":"Person","@id":"https:\/\/lepatriotebenin.com\/#\/schema\/person\/4a9b67216c97d04045e01405c534c91f","name":"Roland AFFANOU","image":{"@type":"ImageObject","inLanguage":"fr-FR","@id":"https:\/\/secure.gravatar.com\/avatar\/7209d3f6d2d47ea4d0c67e14d3effb61feb10ae540a4381280c66265de5bd643?s=96&d=mm&r=g","url":"https:\/\/secure.gravatar.com\/avatar\/7209d3f6d2d47ea4d0c67e14d3effb61feb10ae540a4381280c66265de5bd643?s=96&d=mm&r=g","contentUrl":"https:\/\/secure.gravatar.com\/avatar\/7209d3f6d2d47ea4d0c67e14d3effb61feb10ae540a4381280c66265de5bd643?s=96&d=mm&r=g","caption":"Roland AFFANOU"},"url":"https:\/\/lepatriotebenin.com"}]}},"_links":{"self":[{"href":"https:\/\/lepatriotebenin.com\/index.php\/wp-json\/wp\/v2\/posts\/15401","targetHints":{"allow":["GET"]}}],"collection":[{"href":"https:\/\/lepatriotebenin.com\/index.php\/wp-json\/wp\/v2\/posts"}],"about":[{"href":"https:\/\/lepatriotebenin.com\/index.php\/wp-json\/wp\/v2\/types\/post"}],"author":[{"embeddable":true,"href":"https:\/\/lepatriotebenin.com\/index.php\/wp-json\/wp\/v2\/users\/6"}],"replies":[{"embeddable":true,"href":"https:\/\/lepatriotebenin.com\/index.php\/wp-json\/wp\/v2\/comments?post=15401"}],"version-history":[{"count":2,"href":"https:\/\/lepatriotebenin.com\/index.php\/wp-json\/wp\/v2\/posts\/15401\/revisions"}],"predecessor-version":[{"id":15404,"href":"https:\/\/lepatriotebenin.com\/index.php\/wp-json\/wp\/v2\/posts\/15401\/revisions\/15404"}],"wp:featuredmedia":[{"embeddable":true,"href":"https:\/\/lepatriotebenin.com\/index.php\/wp-json\/wp\/v2\/media\/15402"}],"wp:attachment":[{"href":"https:\/\/lepatriotebenin.com\/index.php\/wp-json\/wp\/v2\/media?parent=15401"}],"wp:term":[{"taxonomy":"category","embeddable":true,"href":"https:\/\/lepatriotebenin.com\/index.php\/wp-json\/wp\/v2\/categories?post=15401"},{"taxonomy":"post_tag","embeddable":true,"href":"https:\/\/lepatriotebenin.com\/index.php\/wp-json\/wp\/v2\/tags?post=15401"}],"curies":[{"name":"wp","href":"https:\/\/api.w.org\/{rel}","templated":true}]}}