{"id":15398,"date":"2025-11-26T01:26:33","date_gmt":"2025-11-26T00:26:33","guid":{"rendered":"https:\/\/lepatriotebenin.com\/?p=15398"},"modified":"2025-11-26T01:26:33","modified_gmt":"2025-11-26T00:26:33","slug":"can-2025-deux-arbitres-beninois-retenus-pour-la-competition-au-maroc","status":"publish","type":"post","link":"https:\/\/lepatriotebenin.com\/index.php\/2025\/11\/26\/can-2025-deux-arbitres-beninois-retenus-pour-la-competition-au-maroc\/","title":{"rendered":"CAN 2025 : Deux arbitres b\u00e9ninois retenus pour la comp\u00e9tition au Maroc"},"content":{"rendered":"<p>Le coup d\u2019envoi de la CAN 2025 approche \u00e0 grands pas d\u00e9sormais. A cet effet, la Conf\u00e9d\u00e9ration Africaine de Football (CAF) a lev\u00e9 le voile sur la liste d\u00e9finitive des officiels qui auront l\u2019honneur de participer \u00e0 la comp\u00e9tition. \u00a0Deux arbitres b\u00e9ninois ont \u00e9t\u00e9 retenus par la Conf\u00e9d\u00e9ration africaine de football (CAF) . Il\u00a0 s\u2019agit de<strong> Djindo Louis Houngnandand\u00e9 et Ayimavo Aymar Ulrich \u00c9ric. \u00a0<\/strong><\/p>\n<p>Louis Houngnandand\u00e9 interviendra en tant qu\u2019arbitre principal, tandis que Aymar Ulrich \u00c9ric AYIMAVO a \u00e9t\u00e9 retenu en qualit\u00e9 d\u2019arbitre assistant. Les deux hommes \u00e9taient d\u00e9j\u00e0 de la partie lors de l\u2019\u00e9dition pr\u00e9c\u00e9dente. Ils encha\u00eenement donc avec une nouvelle participation pour l\u2019honneur de l\u2019arbitrage b\u00e9ninois.<\/p>\n","protected":false},"excerpt":{"rendered":"<p>Le coup d\u2019envoi de la CAN 2025 approche \u00e0 grands pas d\u00e9sormais. A cet effet, la Conf\u00e9d\u00e9ration Africaine de Football (CAF) a lev\u00e9 le voile sur la liste d\u00e9finitive des&hellip;<\/p>\n","protected":false},"author":6,"featured_media":15399,"comment_status":"open","ping_status":"open","sticky":false,"template":"","format":"standard","meta":{"content-type":"","om_disable_all_campaigns":false,"_monsterinsights_skip_tracking":false,"_monsterinsights_sitenote_active":false,"_monsterinsights_sitenote_note":"","_monsterinsights_sitenote_category":0,"_uf_show_specific_survey":0,"_uf_disable_surveys":false,"footnotes":""},"categories":[8],"tags":[],"class_list":["post-15398","post","type-post","status-publish","format-standard","has-post-thumbnail","hentry","category-sport"],"aioseo_notices":[],"yoast_head":"<!-- This site is optimized with the Yoast SEO plugin v27.5 - https:\/\/yoast.com\/product\/yoast-seo-wordpress\/ -->\n<title>CAN 2025 : Deux arbitres b\u00e9ninois retenus pour la comp\u00e9tition au Maroc - Le Patriote<\/title>\n<meta name=\"robots\" content=\"index, follow, max-snippet:-1, max-image-preview:large, max-video-preview:-1\" \/>\n<link rel=\"canonical\" href=\"https:\/\/lepatriotebenin.com\/index.php\/2025\/11\/26\/can-2025-deux-arbitres-beninois-retenus-pour-la-competition-au-maroc\/\" \/>\n<meta property=\"og:locale\" content=\"fr_FR\" \/>\n<meta property=\"og:type\" content=\"article\" \/>\n<meta property=\"og:title\" content=\"CAN 2025 : Deux arbitres b\u00e9ninois retenus pour la comp\u00e9tition au Maroc - Le Patriote\" \/>\n<meta property=\"og:description\" content=\"Le coup d\u2019envoi de la CAN 2025 approche \u00e0 grands pas d\u00e9sormais. A cet effet, la Conf\u00e9d\u00e9ration Africaine de Football (CAF) a lev\u00e9 le voile sur la liste d\u00e9finitive des&hellip;\" \/>\n<meta property=\"og:url\" content=\"https:\/\/lepatriotebenin.com\/index.php\/2025\/11\/26\/can-2025-deux-arbitres-beninois-retenus-pour-la-competition-au-maroc\/\" \/>\n<meta property=\"og:site_name\" content=\"Le Patriote\" \/>\n<meta property=\"article:published_time\" content=\"2025-11-26T00:26:33+00:00\" \/>\n<meta property=\"og:image\" content=\"https:\/\/lepatriotebenin.com\/wp-content\/uploads\/2025\/11\/arbitres.jpg\" \/>\n\t<meta property=\"og:image:width\" content=\"1270\" \/>\n\t<meta property=\"og:image:height\" content=\"700\" \/>\n\t<meta property=\"og:image:type\" content=\"image\/jpeg\" \/>\n<meta name=\"author\" content=\"Roland AFFANOU\" \/>\n<meta name=\"twitter:card\" content=\"summary_large_image\" \/>\n<meta name=\"twitter:label1\" content=\"\u00c9crit par\" \/>\n\t<meta name=\"twitter:data1\" content=\"Roland AFFANOU\" \/>\n\t<meta name=\"twitter:label2\" content=\"Dur\u00e9e de lecture estim\u00e9e\" \/>\n\t<meta name=\"twitter:data2\" content=\"1 minute\" \/>\n<script type=\"application\/ld+json\" class=\"yoast-schema-graph\">{\"@context\":\"https:\\\/\\\/schema.org\",\"@graph\":[{\"@type\":\"Article\",\"@id\":\"https:\\\/\\\/lepatriotebenin.com\\\/index.php\\\/2025\\\/11\\\/26\\\/can-2025-deux-arbitres-beninois-retenus-pour-la-competition-au-maroc\\\/#article\",\"isPartOf\":{\"@id\":\"https:\\\/\\\/lepatriotebenin.com\\\/index.php\\\/2025\\\/11\\\/26\\\/can-2025-deux-arbitres-beninois-retenus-pour-la-competition-au-maroc\\\/\"},\"author\":{\"name\":\"Roland AFFANOU\",\"@id\":\"https:\\\/\\\/lepatriotebenin.com\\\/#\\\/schema\\\/person\\\/4a9b67216c97d04045e01405c534c91f\"},\"headline\":\"CAN 2025 : Deux arbitres b\u00e9ninois retenus pour la comp\u00e9tition au Maroc\",\"datePublished\":\"2025-11-26T00:26:33+00:00\",\"mainEntityOfPage\":{\"@id\":\"https:\\\/\\\/lepatriotebenin.com\\\/index.php\\\/2025\\\/11\\\/26\\\/can-2025-deux-arbitres-beninois-retenus-pour-la-competition-au-maroc\\\/\"},\"wordCount\":137,\"commentCount\":0,\"image\":{\"@id\":\"https:\\\/\\\/lepatriotebenin.com\\\/index.php\\\/2025\\\/11\\\/26\\\/can-2025-deux-arbitres-beninois-retenus-pour-la-competition-au-maroc\\\/#primaryimage\"},\"thumbnailUrl\":\"https:\\\/\\\/lepatriotebenin.com\\\/wp-content\\\/uploads\\\/2025\\\/11\\\/arbitres.jpg\",\"articleSection\":[\"Sport\"],\"inLanguage\":\"fr-FR\",\"potentialAction\":[{\"@type\":\"CommentAction\",\"name\":\"Comment\",\"target\":[\"https:\\\/\\\/lepatriotebenin.com\\\/index.php\\\/2025\\\/11\\\/26\\\/can-2025-deux-arbitres-beninois-retenus-pour-la-competition-au-maroc\\\/#respond\"]}]},{\"@type\":\"WebPage\",\"@id\":\"https:\\\/\\\/lepatriotebenin.com\\\/index.php\\\/2025\\\/11\\\/26\\\/can-2025-deux-arbitres-beninois-retenus-pour-la-competition-au-maroc\\\/\",\"url\":\"https:\\\/\\\/lepatriotebenin.com\\\/index.php\\\/2025\\\/11\\\/26\\\/can-2025-deux-arbitres-beninois-retenus-pour-la-competition-au-maroc\\\/\",\"name\":\"CAN 2025 : Deux arbitres b\u00e9ninois retenus pour la comp\u00e9tition au Maroc - Le Patriote\",\"isPartOf\":{\"@id\":\"https:\\\/\\\/lepatriotebenin.com\\\/#website\"},\"primaryImageOfPage\":{\"@id\":\"https:\\\/\\\/lepatriotebenin.com\\\/index.php\\\/2025\\\/11\\\/26\\\/can-2025-deux-arbitres-beninois-retenus-pour-la-competition-au-maroc\\\/#primaryimage\"},\"image\":{\"@id\":\"https:\\\/\\\/lepatriotebenin.com\\\/index.php\\\/2025\\\/11\\\/26\\\/can-2025-deux-arbitres-beninois-retenus-pour-la-competition-au-maroc\\\/#primaryimage\"},\"thumbnailUrl\":\"https:\\\/\\\/lepatriotebenin.com\\\/wp-content\\\/uploads\\\/2025\\\/11\\\/arbitres.jpg\",\"datePublished\":\"2025-11-26T00:26:33+00:00\",\"author\":{\"@id\":\"https:\\\/\\\/lepatriotebenin.com\\\/#\\\/schema\\\/person\\\/4a9b67216c97d04045e01405c534c91f\"},\"breadcrumb\":{\"@id\":\"https:\\\/\\\/lepatriotebenin.com\\\/index.php\\\/2025\\\/11\\\/26\\\/can-2025-deux-arbitres-beninois-retenus-pour-la-competition-au-maroc\\\/#breadcrumb\"},\"inLanguage\":\"fr-FR\",\"potentialAction\":[{\"@type\":\"ReadAction\",\"target\":[\"https:\\\/\\\/lepatriotebenin.com\\\/index.php\\\/2025\\\/11\\\/26\\\/can-2025-deux-arbitres-beninois-retenus-pour-la-competition-au-maroc\\\/\"]}]},{\"@type\":\"ImageObject\",\"inLanguage\":\"fr-FR\",\"@id\":\"https:\\\/\\\/lepatriotebenin.com\\\/index.php\\\/2025\\\/11\\\/26\\\/can-2025-deux-arbitres-beninois-retenus-pour-la-competition-au-maroc\\\/#primaryimage\",\"url\":\"https:\\\/\\\/lepatriotebenin.com\\\/wp-content\\\/uploads\\\/2025\\\/11\\\/arbitres.jpg\",\"contentUrl\":\"https:\\\/\\\/lepatriotebenin.com\\\/wp-content\\\/uploads\\\/2025\\\/11\\\/arbitres.jpg\",\"width\":1270,\"height\":700},{\"@type\":\"BreadcrumbList\",\"@id\":\"https:\\\/\\\/lepatriotebenin.com\\\/index.php\\\/2025\\\/11\\\/26\\\/can-2025-deux-arbitres-beninois-retenus-pour-la-competition-au-maroc\\\/#breadcrumb\",\"itemListElement\":[{\"@type\":\"ListItem\",\"position\":1,\"name\":\"Accueil\",\"item\":\"https:\\\/\\\/lepatriotebenin.com\\\/\"},{\"@type\":\"ListItem\",\"position\":2,\"name\":\"CAN 2025 : Deux arbitres b\u00e9ninois retenus pour la comp\u00e9tition au Maroc\"}]},{\"@type\":\"WebSite\",\"@id\":\"https:\\\/\\\/lepatriotebenin.com\\\/#website\",\"url\":\"https:\\\/\\\/lepatriotebenin.com\\\/\",\"name\":\"Le Patriote\",\"description\":\"Le Patriote B\u00e9nin\",\"potentialAction\":[{\"@type\":\"SearchAction\",\"target\":{\"@type\":\"EntryPoint\",\"urlTemplate\":\"https:\\\/\\\/lepatriotebenin.com\\\/?s={search_term_string}\"},\"query-input\":{\"@type\":\"PropertyValueSpecification\",\"valueRequired\":true,\"valueName\":\"search_term_string\"}}],\"inLanguage\":\"fr-FR\"},{\"@type\":\"Person\",\"@id\":\"https:\\\/\\\/lepatriotebenin.com\\\/#\\\/schema\\\/person\\\/4a9b67216c97d04045e01405c534c91f\",\"name\":\"Roland AFFANOU\",\"image\":{\"@type\":\"ImageObject\",\"inLanguage\":\"fr-FR\",\"@id\":\"https:\\\/\\\/secure.gravatar.com\\\/avatar\\\/7209d3f6d2d47ea4d0c67e14d3effb61feb10ae540a4381280c66265de5bd643?s=96&d=mm&r=g\",\"url\":\"https:\\\/\\\/secure.gravatar.com\\\/avatar\\\/7209d3f6d2d47ea4d0c67e14d3effb61feb10ae540a4381280c66265de5bd643?s=96&d=mm&r=g\",\"contentUrl\":\"https:\\\/\\\/secure.gravatar.com\\\/avatar\\\/7209d3f6d2d47ea4d0c67e14d3effb61feb10ae540a4381280c66265de5bd643?s=96&d=mm&r=g\",\"caption\":\"Roland AFFANOU\"},\"url\":\"https:\\\/\\\/lepatriotebenin.com\"}]}<\/script>\n<!-- \/ Yoast SEO plugin. -->","yoast_head_json":{"title":"CAN 2025 : Deux arbitres b\u00e9ninois retenus pour la comp\u00e9tition au Maroc - Le Patriote","robots":{"index":"index","follow":"follow","max-snippet":"max-snippet:-1","max-image-preview":"max-image-preview:large","max-video-preview":"max-video-preview:-1"},"canonical":"https:\/\/lepatriotebenin.com\/index.php\/2025\/11\/26\/can-2025-deux-arbitres-beninois-retenus-pour-la-competition-au-maroc\/","og_locale":"fr_FR","og_type":"article","og_title":"CAN 2025 : Deux arbitres b\u00e9ninois retenus pour la comp\u00e9tition au Maroc - Le Patriote","og_description":"Le coup d\u2019envoi de la CAN 2025 approche \u00e0 grands pas d\u00e9sormais. A cet effet, la Conf\u00e9d\u00e9ration Africaine de Football (CAF) a lev\u00e9 le voile sur la liste d\u00e9finitive des&hellip;","og_url":"https:\/\/lepatriotebenin.com\/index.php\/2025\/11\/26\/can-2025-deux-arbitres-beninois-retenus-pour-la-competition-au-maroc\/","og_site_name":"Le Patriote","article_published_time":"2025-11-26T00:26:33+00:00","og_image":[{"width":1270,"height":700,"url":"https:\/\/lepatriotebenin.com\/wp-content\/uploads\/2025\/11\/arbitres.jpg","type":"image\/jpeg"}],"author":"Roland AFFANOU","twitter_card":"summary_large_image","twitter_misc":{"\u00c9crit par":"Roland AFFANOU","Dur\u00e9e de lecture estim\u00e9e":"1 minute"},"schema":{"@context":"https:\/\/schema.org","@graph":[{"@type":"Article","@id":"https:\/\/lepatriotebenin.com\/index.php\/2025\/11\/26\/can-2025-deux-arbitres-beninois-retenus-pour-la-competition-au-maroc\/#article","isPartOf":{"@id":"https:\/\/lepatriotebenin.com\/index.php\/2025\/11\/26\/can-2025-deux-arbitres-beninois-retenus-pour-la-competition-au-maroc\/"},"author":{"name":"Roland AFFANOU","@id":"https:\/\/lepatriotebenin.com\/#\/schema\/person\/4a9b67216c97d04045e01405c534c91f"},"headline":"CAN 2025 : Deux arbitres b\u00e9ninois retenus pour la comp\u00e9tition au Maroc","datePublished":"2025-11-26T00:26:33+00:00","mainEntityOfPage":{"@id":"https:\/\/lepatriotebenin.com\/index.php\/2025\/11\/26\/can-2025-deux-arbitres-beninois-retenus-pour-la-competition-au-maroc\/"},"wordCount":137,"commentCount":0,"image":{"@id":"https:\/\/lepatriotebenin.com\/index.php\/2025\/11\/26\/can-2025-deux-arbitres-beninois-retenus-pour-la-competition-au-maroc\/#primaryimage"},"thumbnailUrl":"https:\/\/lepatriotebenin.com\/wp-content\/uploads\/2025\/11\/arbitres.jpg","articleSection":["Sport"],"inLanguage":"fr-FR","potentialAction":[{"@type":"CommentAction","name":"Comment","target":["https:\/\/lepatriotebenin.com\/index.php\/2025\/11\/26\/can-2025-deux-arbitres-beninois-retenus-pour-la-competition-au-maroc\/#respond"]}]},{"@type":"WebPage","@id":"https:\/\/lepatriotebenin.com\/index.php\/2025\/11\/26\/can-2025-deux-arbitres-beninois-retenus-pour-la-competition-au-maroc\/","url":"https:\/\/lepatriotebenin.com\/index.php\/2025\/11\/26\/can-2025-deux-arbitres-beninois-retenus-pour-la-competition-au-maroc\/","name":"CAN 2025 : Deux arbitres b\u00e9ninois retenus pour la comp\u00e9tition au Maroc - Le Patriote","isPartOf":{"@id":"https:\/\/lepatriotebenin.com\/#website"},"primaryImageOfPage":{"@id":"https:\/\/lepatriotebenin.com\/index.php\/2025\/11\/26\/can-2025-deux-arbitres-beninois-retenus-pour-la-competition-au-maroc\/#primaryimage"},"image":{"@id":"https:\/\/lepatriotebenin.com\/index.php\/2025\/11\/26\/can-2025-deux-arbitres-beninois-retenus-pour-la-competition-au-maroc\/#primaryimage"},"thumbnailUrl":"https:\/\/lepatriotebenin.com\/wp-content\/uploads\/2025\/11\/arbitres.jpg","datePublished":"2025-11-26T00:26:33+00:00","author":{"@id":"https:\/\/lepatriotebenin.com\/#\/schema\/person\/4a9b67216c97d04045e01405c534c91f"},"breadcrumb":{"@id":"https:\/\/lepatriotebenin.com\/index.php\/2025\/11\/26\/can-2025-deux-arbitres-beninois-retenus-pour-la-competition-au-maroc\/#breadcrumb"},"inLanguage":"fr-FR","potentialAction":[{"@type":"ReadAction","target":["https:\/\/lepatriotebenin.com\/index.php\/2025\/11\/26\/can-2025-deux-arbitres-beninois-retenus-pour-la-competition-au-maroc\/"]}]},{"@type":"ImageObject","inLanguage":"fr-FR","@id":"https:\/\/lepatriotebenin.com\/index.php\/2025\/11\/26\/can-2025-deux-arbitres-beninois-retenus-pour-la-competition-au-maroc\/#primaryimage","url":"https:\/\/lepatriotebenin.com\/wp-content\/uploads\/2025\/11\/arbitres.jpg","contentUrl":"https:\/\/lepatriotebenin.com\/wp-content\/uploads\/2025\/11\/arbitres.jpg","width":1270,"height":700},{"@type":"BreadcrumbList","@id":"https:\/\/lepatriotebenin.com\/index.php\/2025\/11\/26\/can-2025-deux-arbitres-beninois-retenus-pour-la-competition-au-maroc\/#breadcrumb","itemListElement":[{"@type":"ListItem","position":1,"name":"Accueil","item":"https:\/\/lepatriotebenin.com\/"},{"@type":"ListItem","position":2,"name":"CAN 2025 : Deux arbitres b\u00e9ninois retenus pour la comp\u00e9tition au Maroc"}]},{"@type":"WebSite","@id":"https:\/\/lepatriotebenin.com\/#website","url":"https:\/\/lepatriotebenin.com\/","name":"Le Patriote","description":"Le Patriote B\u00e9nin","potentialAction":[{"@type":"SearchAction","target":{"@type":"EntryPoint","urlTemplate":"https:\/\/lepatriotebenin.com\/?s={search_term_string}"},"query-input":{"@type":"PropertyValueSpecification","valueRequired":true,"valueName":"search_term_string"}}],"inLanguage":"fr-FR"},{"@type":"Person","@id":"https:\/\/lepatriotebenin.com\/#\/schema\/person\/4a9b67216c97d04045e01405c534c91f","name":"Roland AFFANOU","image":{"@type":"ImageObject","inLanguage":"fr-FR","@id":"https:\/\/secure.gravatar.com\/avatar\/7209d3f6d2d47ea4d0c67e14d3effb61feb10ae540a4381280c66265de5bd643?s=96&d=mm&r=g","url":"https:\/\/secure.gravatar.com\/avatar\/7209d3f6d2d47ea4d0c67e14d3effb61feb10ae540a4381280c66265de5bd643?s=96&d=mm&r=g","contentUrl":"https:\/\/secure.gravatar.com\/avatar\/7209d3f6d2d47ea4d0c67e14d3effb61feb10ae540a4381280c66265de5bd643?s=96&d=mm&r=g","caption":"Roland AFFANOU"},"url":"https:\/\/lepatriotebenin.com"}]}},"_links":{"self":[{"href":"https:\/\/lepatriotebenin.com\/index.php\/wp-json\/wp\/v2\/posts\/15398","targetHints":{"allow":["GET"]}}],"collection":[{"href":"https:\/\/lepatriotebenin.com\/index.php\/wp-json\/wp\/v2\/posts"}],"about":[{"href":"https:\/\/lepatriotebenin.com\/index.php\/wp-json\/wp\/v2\/types\/post"}],"author":[{"embeddable":true,"href":"https:\/\/lepatriotebenin.com\/index.php\/wp-json\/wp\/v2\/users\/6"}],"replies":[{"embeddable":true,"href":"https:\/\/lepatriotebenin.com\/index.php\/wp-json\/wp\/v2\/comments?post=15398"}],"version-history":[{"count":1,"href":"https:\/\/lepatriotebenin.com\/index.php\/wp-json\/wp\/v2\/posts\/15398\/revisions"}],"predecessor-version":[{"id":15400,"href":"https:\/\/lepatriotebenin.com\/index.php\/wp-json\/wp\/v2\/posts\/15398\/revisions\/15400"}],"wp:featuredmedia":[{"embeddable":true,"href":"https:\/\/lepatriotebenin.com\/index.php\/wp-json\/wp\/v2\/media\/15399"}],"wp:attachment":[{"href":"https:\/\/lepatriotebenin.com\/index.php\/wp-json\/wp\/v2\/media?parent=15398"}],"wp:term":[{"taxonomy":"category","embeddable":true,"href":"https:\/\/lepatriotebenin.com\/index.php\/wp-json\/wp\/v2\/categories?post=15398"},{"taxonomy":"post_tag","embeddable":true,"href":"https:\/\/lepatriotebenin.com\/index.php\/wp-json\/wp\/v2\/tags?post=15398"}],"curies":[{"name":"wp","href":"https:\/\/api.w.org\/{rel}","templated":true}]}}