{"id":15328,"date":"2025-11-21T02:03:52","date_gmt":"2025-11-21T01:03:52","guid":{"rendered":"https:\/\/lepatriotebenin.com\/?p=15328"},"modified":"2025-11-21T02:03:52","modified_gmt":"2025-11-21T01:03:52","slug":"classement-fifa-coca-cola-le-statu-quo-pour-le-benin","status":"publish","type":"post","link":"https:\/\/lepatriotebenin.com\/index.php\/2025\/11\/21\/classement-fifa-coca-cola-le-statu-quo-pour-le-benin\/","title":{"rendered":"Classement Fifa Coca \u2013 Cola :  le  statu  quo  pour le B\u00e9nin"},"content":{"rendered":"<p><strong>\u00a0<\/strong><\/p>\n<p><strong>\u00a0(Il garde sa 92<sup>\u00e8me<\/sup> place) <\/strong><\/p>\n<p>La F\u00e9d\u00e9ration internationale de Football associations (Fifa) a d\u00e9voil\u00e9, le mercredi\u00a0 19 novembre 2025 \u00a0<strong>,<\/strong>\u00a0le classement Fifa Coca Cola du mois de\u00a0 novembre \u00a0. Lors du pr\u00e9c\u00e9dent classement, le B\u00e9nin \u00e9tait \u00e0 la <strong>9<\/strong><strong>2<\/strong><strong><sup>\u00e8me<\/sup><\/strong><strong>\u00a0place<\/strong>. Pour le classement du mois de\u00a0 novembre , le B\u00e9nin maintient sa 92<sup>\u00e8me<\/sup> place \u00a0malgr\u00e9 sa r\u00e9cente d\u00e9faite (3-0) face au Burkina Faso \u00a0lors\u00a0 du match\u00a0 amical\u00a0 international . Sur le plan continental, le B\u00e9nin <strong>\u00a0<\/strong>est\u00a0 toujours <strong>\u00a02<\/strong><strong>0<\/strong><strong>\u1d49<\/strong> .<\/p>\n<p>Sur le continent africain, la\u00a0<strong>C\u00f4te d\u2019Ivoire <\/strong>\u00a0garde\u00a0 sa 42<strong><sup>\u00e8me<\/sup><\/strong>\u00a0au plan mondial. Quant au\u00a0<strong>Nigeria,<\/strong> il a Progress\u00e9\u00a0 de 3 places et \u00a0est \u00e0 la\u00a0<strong>38<\/strong><strong><sup>me<\/sup><\/strong><strong>\u00a0place<\/strong>\u00a0au plan mondial. Le<strong>\u00a0S\u00e9n\u00e9gal\u00a0<\/strong>de son c\u00f4t\u00e9 \u00a0a chut\u00e9 d\u2019une place et est log\u00e9 d\u00e9sormais \u00a0\u00e0 la\u00a0<strong>1<\/strong><strong>9<\/strong><strong><sup>\u00e8me<\/sup><\/strong><strong>\u00a0place<\/strong>\u00a0sur le plan mondial.\u00a0Le<strong>\u00a0Maroc\u00a0<\/strong>pour sa part\u00a0 a fait un bond d\u2019une place et est \u00e0 la\u00a0<strong>1<\/strong><strong>1<\/strong><strong><sup>\u00e8me <\/sup><\/strong><strong>position <\/strong>au plan mondial et\u00a0<strong>1<sup>er<\/sup>\u00a0<\/strong>sur le continent.\u00a0<strong>\u00a0L\u2019\u00c9gypte<\/strong> a regress\u00e9 de deux \u00a0places et est au 34<strong><sup>\u00e8me<\/sup><\/strong><strong>\u00a0rang<\/strong>\u00a0dans le classement mondial. Quant \u00e0 l\u2019Alg\u00e9rie qui est dans le top 4 africain, elle \u00a0garde sa \u00a038<strong>\u00e8me<\/strong> place.<\/p>\n<p>Sur le plan mondial, le classement est\u00a0 toujours \u00a0domin\u00e9 par\u00a0<strong>l\u2019<\/strong><strong>Espagne <\/strong><strong>.<\/strong>\u00a0Il est suivi respectivement de l\u2019Argentine <strong>\u00a0<\/strong><strong>\u00a0(<\/strong>2<sup>\u00e8me<\/sup>),\u00a0<strong>de <\/strong><strong>\u00a0la\u00a0 France <\/strong>(<strong> 3<sup>\u00e8me<\/sup>\u00a0)<\/strong> \u00a0\u00a0, de l\u2019\u00a0<strong>Angleterre \u00a0\u00a0( 4<sup>\u00e8me<\/sup>\u00a0) , du <\/strong><strong>Br\u00e9sil qui\u00a0 a fait un bond de deux places et\u00a0 a remont\u00e9 \u00e0 la 5<sup>\u00e8me<\/sup>\u00a0 place<\/strong><strong> \u00a0( 5<sup>\u00e8me<\/sup>\u00a0)<\/strong>\u00a0 . \u00a0Quant au\u00a0 Portugal,\u00a0 apr\u00e8s\u00a0 avoir perdu une place, \u00a0il est rel\u00e9gu\u00e9 \u00e0 la 6<sup>\u00e8me<\/sup> place. \u00a0Il faut pr\u00e9ciser que la prochaine mise \u00e0 jour est pr\u00e9vue pour le <strong>23 octobre<\/strong><strong> 2025<\/strong><strong>.<\/strong><\/p>\n<p>&nbsp;<\/p>\n","protected":false},"excerpt":{"rendered":"<p>\u00a0 \u00a0(Il garde sa 92\u00e8me place) La F\u00e9d\u00e9ration internationale de Football associations (Fifa) a d\u00e9voil\u00e9, le mercredi\u00a0 19 novembre 2025 \u00a0,\u00a0le classement Fifa Coca Cola du mois de\u00a0 novembre \u00a0.&hellip;<\/p>\n","protected":false},"author":6,"featured_media":15329,"comment_status":"open","ping_status":"open","sticky":false,"template":"","format":"standard","meta":{"content-type":"","om_disable_all_campaigns":false,"_monsterinsights_skip_tracking":false,"_monsterinsights_sitenote_active":false,"_monsterinsights_sitenote_note":"","_monsterinsights_sitenote_category":0,"_uf_show_specific_survey":0,"_uf_disable_surveys":false,"footnotes":""},"categories":[8],"tags":[],"class_list":["post-15328","post","type-post","status-publish","format-standard","has-post-thumbnail","hentry","category-sport"],"aioseo_notices":[],"yoast_head":"<!-- This site is optimized with the Yoast SEO plugin v27.5 - https:\/\/yoast.com\/product\/yoast-seo-wordpress\/ -->\n<title>Classement Fifa Coca \u2013 Cola : le statu quo pour le B\u00e9nin - Le Patriote<\/title>\n<meta name=\"robots\" content=\"index, follow, max-snippet:-1, max-image-preview:large, max-video-preview:-1\" \/>\n<link rel=\"canonical\" href=\"https:\/\/lepatriotebenin.com\/index.php\/2025\/11\/21\/classement-fifa-coca-cola-le-statu-quo-pour-le-benin\/\" \/>\n<meta property=\"og:locale\" content=\"fr_FR\" \/>\n<meta property=\"og:type\" content=\"article\" \/>\n<meta property=\"og:title\" content=\"Classement Fifa Coca \u2013 Cola : le statu quo pour le B\u00e9nin - Le Patriote\" \/>\n<meta property=\"og:description\" content=\"\u00a0 \u00a0(Il garde sa 92\u00e8me place) La F\u00e9d\u00e9ration internationale de Football associations (Fifa) a d\u00e9voil\u00e9, le mercredi\u00a0 19 novembre 2025 \u00a0,\u00a0le classement Fifa Coca Cola du mois de\u00a0 novembre \u00a0.&hellip;\" \/>\n<meta property=\"og:url\" content=\"https:\/\/lepatriotebenin.com\/index.php\/2025\/11\/21\/classement-fifa-coca-cola-le-statu-quo-pour-le-benin\/\" \/>\n<meta property=\"og:site_name\" content=\"Le Patriote\" \/>\n<meta property=\"article:published_time\" content=\"2025-11-21T01:03:52+00:00\" \/>\n<meta property=\"og:image\" content=\"https:\/\/lepatriotebenin.com\/wp-content\/uploads\/2025\/11\/classement-fifa-coca-cola.jpg\" \/>\n\t<meta property=\"og:image:width\" content=\"720\" \/>\n\t<meta property=\"og:image:height\" content=\"450\" \/>\n\t<meta property=\"og:image:type\" content=\"image\/jpeg\" \/>\n<meta name=\"author\" content=\"Roland AFFANOU\" \/>\n<meta name=\"twitter:card\" content=\"summary_large_image\" \/>\n<meta name=\"twitter:label1\" content=\"\u00c9crit par\" \/>\n\t<meta name=\"twitter:data1\" content=\"Roland AFFANOU\" \/>\n\t<meta name=\"twitter:label2\" content=\"Dur\u00e9e de lecture estim\u00e9e\" \/>\n\t<meta name=\"twitter:data2\" content=\"2 minutes\" \/>\n<script type=\"application\/ld+json\" class=\"yoast-schema-graph\">{\"@context\":\"https:\\\/\\\/schema.org\",\"@graph\":[{\"@type\":\"Article\",\"@id\":\"https:\\\/\\\/lepatriotebenin.com\\\/index.php\\\/2025\\\/11\\\/21\\\/classement-fifa-coca-cola-le-statu-quo-pour-le-benin\\\/#article\",\"isPartOf\":{\"@id\":\"https:\\\/\\\/lepatriotebenin.com\\\/index.php\\\/2025\\\/11\\\/21\\\/classement-fifa-coca-cola-le-statu-quo-pour-le-benin\\\/\"},\"author\":{\"name\":\"Roland AFFANOU\",\"@id\":\"https:\\\/\\\/lepatriotebenin.com\\\/#\\\/schema\\\/person\\\/4a9b67216c97d04045e01405c534c91f\"},\"headline\":\"Classement Fifa Coca \u2013 Cola : le statu quo pour le B\u00e9nin\",\"datePublished\":\"2025-11-21T01:03:52+00:00\",\"mainEntityOfPage\":{\"@id\":\"https:\\\/\\\/lepatriotebenin.com\\\/index.php\\\/2025\\\/11\\\/21\\\/classement-fifa-coca-cola-le-statu-quo-pour-le-benin\\\/\"},\"wordCount\":282,\"commentCount\":0,\"image\":{\"@id\":\"https:\\\/\\\/lepatriotebenin.com\\\/index.php\\\/2025\\\/11\\\/21\\\/classement-fifa-coca-cola-le-statu-quo-pour-le-benin\\\/#primaryimage\"},\"thumbnailUrl\":\"https:\\\/\\\/lepatriotebenin.com\\\/wp-content\\\/uploads\\\/2025\\\/11\\\/classement-fifa-coca-cola.jpg\",\"articleSection\":[\"Sport\"],\"inLanguage\":\"fr-FR\",\"potentialAction\":[{\"@type\":\"CommentAction\",\"name\":\"Comment\",\"target\":[\"https:\\\/\\\/lepatriotebenin.com\\\/index.php\\\/2025\\\/11\\\/21\\\/classement-fifa-coca-cola-le-statu-quo-pour-le-benin\\\/#respond\"]}]},{\"@type\":\"WebPage\",\"@id\":\"https:\\\/\\\/lepatriotebenin.com\\\/index.php\\\/2025\\\/11\\\/21\\\/classement-fifa-coca-cola-le-statu-quo-pour-le-benin\\\/\",\"url\":\"https:\\\/\\\/lepatriotebenin.com\\\/index.php\\\/2025\\\/11\\\/21\\\/classement-fifa-coca-cola-le-statu-quo-pour-le-benin\\\/\",\"name\":\"Classement Fifa Coca \u2013 Cola : le statu quo pour le B\u00e9nin - Le Patriote\",\"isPartOf\":{\"@id\":\"https:\\\/\\\/lepatriotebenin.com\\\/#website\"},\"primaryImageOfPage\":{\"@id\":\"https:\\\/\\\/lepatriotebenin.com\\\/index.php\\\/2025\\\/11\\\/21\\\/classement-fifa-coca-cola-le-statu-quo-pour-le-benin\\\/#primaryimage\"},\"image\":{\"@id\":\"https:\\\/\\\/lepatriotebenin.com\\\/index.php\\\/2025\\\/11\\\/21\\\/classement-fifa-coca-cola-le-statu-quo-pour-le-benin\\\/#primaryimage\"},\"thumbnailUrl\":\"https:\\\/\\\/lepatriotebenin.com\\\/wp-content\\\/uploads\\\/2025\\\/11\\\/classement-fifa-coca-cola.jpg\",\"datePublished\":\"2025-11-21T01:03:52+00:00\",\"author\":{\"@id\":\"https:\\\/\\\/lepatriotebenin.com\\\/#\\\/schema\\\/person\\\/4a9b67216c97d04045e01405c534c91f\"},\"breadcrumb\":{\"@id\":\"https:\\\/\\\/lepatriotebenin.com\\\/index.php\\\/2025\\\/11\\\/21\\\/classement-fifa-coca-cola-le-statu-quo-pour-le-benin\\\/#breadcrumb\"},\"inLanguage\":\"fr-FR\",\"potentialAction\":[{\"@type\":\"ReadAction\",\"target\":[\"https:\\\/\\\/lepatriotebenin.com\\\/index.php\\\/2025\\\/11\\\/21\\\/classement-fifa-coca-cola-le-statu-quo-pour-le-benin\\\/\"]}]},{\"@type\":\"ImageObject\",\"inLanguage\":\"fr-FR\",\"@id\":\"https:\\\/\\\/lepatriotebenin.com\\\/index.php\\\/2025\\\/11\\\/21\\\/classement-fifa-coca-cola-le-statu-quo-pour-le-benin\\\/#primaryimage\",\"url\":\"https:\\\/\\\/lepatriotebenin.com\\\/wp-content\\\/uploads\\\/2025\\\/11\\\/classement-fifa-coca-cola.jpg\",\"contentUrl\":\"https:\\\/\\\/lepatriotebenin.com\\\/wp-content\\\/uploads\\\/2025\\\/11\\\/classement-fifa-coca-cola.jpg\",\"width\":720,\"height\":450},{\"@type\":\"BreadcrumbList\",\"@id\":\"https:\\\/\\\/lepatriotebenin.com\\\/index.php\\\/2025\\\/11\\\/21\\\/classement-fifa-coca-cola-le-statu-quo-pour-le-benin\\\/#breadcrumb\",\"itemListElement\":[{\"@type\":\"ListItem\",\"position\":1,\"name\":\"Accueil\",\"item\":\"https:\\\/\\\/lepatriotebenin.com\\\/\"},{\"@type\":\"ListItem\",\"position\":2,\"name\":\"Classement Fifa Coca \u2013 Cola : le statu quo pour le B\u00e9nin\"}]},{\"@type\":\"WebSite\",\"@id\":\"https:\\\/\\\/lepatriotebenin.com\\\/#website\",\"url\":\"https:\\\/\\\/lepatriotebenin.com\\\/\",\"name\":\"Le Patriote\",\"description\":\"Le Patriote B\u00e9nin\",\"potentialAction\":[{\"@type\":\"SearchAction\",\"target\":{\"@type\":\"EntryPoint\",\"urlTemplate\":\"https:\\\/\\\/lepatriotebenin.com\\\/?s={search_term_string}\"},\"query-input\":{\"@type\":\"PropertyValueSpecification\",\"valueRequired\":true,\"valueName\":\"search_term_string\"}}],\"inLanguage\":\"fr-FR\"},{\"@type\":\"Person\",\"@id\":\"https:\\\/\\\/lepatriotebenin.com\\\/#\\\/schema\\\/person\\\/4a9b67216c97d04045e01405c534c91f\",\"name\":\"Roland AFFANOU\",\"image\":{\"@type\":\"ImageObject\",\"inLanguage\":\"fr-FR\",\"@id\":\"https:\\\/\\\/secure.gravatar.com\\\/avatar\\\/7209d3f6d2d47ea4d0c67e14d3effb61feb10ae540a4381280c66265de5bd643?s=96&d=mm&r=g\",\"url\":\"https:\\\/\\\/secure.gravatar.com\\\/avatar\\\/7209d3f6d2d47ea4d0c67e14d3effb61feb10ae540a4381280c66265de5bd643?s=96&d=mm&r=g\",\"contentUrl\":\"https:\\\/\\\/secure.gravatar.com\\\/avatar\\\/7209d3f6d2d47ea4d0c67e14d3effb61feb10ae540a4381280c66265de5bd643?s=96&d=mm&r=g\",\"caption\":\"Roland AFFANOU\"},\"url\":\"https:\\\/\\\/lepatriotebenin.com\"}]}<\/script>\n<!-- \/ Yoast SEO plugin. -->","yoast_head_json":{"title":"Classement Fifa Coca \u2013 Cola : le statu quo pour le B\u00e9nin - Le Patriote","robots":{"index":"index","follow":"follow","max-snippet":"max-snippet:-1","max-image-preview":"max-image-preview:large","max-video-preview":"max-video-preview:-1"},"canonical":"https:\/\/lepatriotebenin.com\/index.php\/2025\/11\/21\/classement-fifa-coca-cola-le-statu-quo-pour-le-benin\/","og_locale":"fr_FR","og_type":"article","og_title":"Classement Fifa Coca \u2013 Cola : le statu quo pour le B\u00e9nin - Le Patriote","og_description":"\u00a0 \u00a0(Il garde sa 92\u00e8me place) La F\u00e9d\u00e9ration internationale de Football associations (Fifa) a d\u00e9voil\u00e9, le mercredi\u00a0 19 novembre 2025 \u00a0,\u00a0le classement Fifa Coca Cola du mois de\u00a0 novembre \u00a0.&hellip;","og_url":"https:\/\/lepatriotebenin.com\/index.php\/2025\/11\/21\/classement-fifa-coca-cola-le-statu-quo-pour-le-benin\/","og_site_name":"Le Patriote","article_published_time":"2025-11-21T01:03:52+00:00","og_image":[{"width":720,"height":450,"url":"https:\/\/lepatriotebenin.com\/wp-content\/uploads\/2025\/11\/classement-fifa-coca-cola.jpg","type":"image\/jpeg"}],"author":"Roland AFFANOU","twitter_card":"summary_large_image","twitter_misc":{"\u00c9crit par":"Roland AFFANOU","Dur\u00e9e de lecture estim\u00e9e":"2 minutes"},"schema":{"@context":"https:\/\/schema.org","@graph":[{"@type":"Article","@id":"https:\/\/lepatriotebenin.com\/index.php\/2025\/11\/21\/classement-fifa-coca-cola-le-statu-quo-pour-le-benin\/#article","isPartOf":{"@id":"https:\/\/lepatriotebenin.com\/index.php\/2025\/11\/21\/classement-fifa-coca-cola-le-statu-quo-pour-le-benin\/"},"author":{"name":"Roland AFFANOU","@id":"https:\/\/lepatriotebenin.com\/#\/schema\/person\/4a9b67216c97d04045e01405c534c91f"},"headline":"Classement Fifa Coca \u2013 Cola : le statu quo pour le B\u00e9nin","datePublished":"2025-11-21T01:03:52+00:00","mainEntityOfPage":{"@id":"https:\/\/lepatriotebenin.com\/index.php\/2025\/11\/21\/classement-fifa-coca-cola-le-statu-quo-pour-le-benin\/"},"wordCount":282,"commentCount":0,"image":{"@id":"https:\/\/lepatriotebenin.com\/index.php\/2025\/11\/21\/classement-fifa-coca-cola-le-statu-quo-pour-le-benin\/#primaryimage"},"thumbnailUrl":"https:\/\/lepatriotebenin.com\/wp-content\/uploads\/2025\/11\/classement-fifa-coca-cola.jpg","articleSection":["Sport"],"inLanguage":"fr-FR","potentialAction":[{"@type":"CommentAction","name":"Comment","target":["https:\/\/lepatriotebenin.com\/index.php\/2025\/11\/21\/classement-fifa-coca-cola-le-statu-quo-pour-le-benin\/#respond"]}]},{"@type":"WebPage","@id":"https:\/\/lepatriotebenin.com\/index.php\/2025\/11\/21\/classement-fifa-coca-cola-le-statu-quo-pour-le-benin\/","url":"https:\/\/lepatriotebenin.com\/index.php\/2025\/11\/21\/classement-fifa-coca-cola-le-statu-quo-pour-le-benin\/","name":"Classement Fifa Coca \u2013 Cola : le statu quo pour le B\u00e9nin - Le Patriote","isPartOf":{"@id":"https:\/\/lepatriotebenin.com\/#website"},"primaryImageOfPage":{"@id":"https:\/\/lepatriotebenin.com\/index.php\/2025\/11\/21\/classement-fifa-coca-cola-le-statu-quo-pour-le-benin\/#primaryimage"},"image":{"@id":"https:\/\/lepatriotebenin.com\/index.php\/2025\/11\/21\/classement-fifa-coca-cola-le-statu-quo-pour-le-benin\/#primaryimage"},"thumbnailUrl":"https:\/\/lepatriotebenin.com\/wp-content\/uploads\/2025\/11\/classement-fifa-coca-cola.jpg","datePublished":"2025-11-21T01:03:52+00:00","author":{"@id":"https:\/\/lepatriotebenin.com\/#\/schema\/person\/4a9b67216c97d04045e01405c534c91f"},"breadcrumb":{"@id":"https:\/\/lepatriotebenin.com\/index.php\/2025\/11\/21\/classement-fifa-coca-cola-le-statu-quo-pour-le-benin\/#breadcrumb"},"inLanguage":"fr-FR","potentialAction":[{"@type":"ReadAction","target":["https:\/\/lepatriotebenin.com\/index.php\/2025\/11\/21\/classement-fifa-coca-cola-le-statu-quo-pour-le-benin\/"]}]},{"@type":"ImageObject","inLanguage":"fr-FR","@id":"https:\/\/lepatriotebenin.com\/index.php\/2025\/11\/21\/classement-fifa-coca-cola-le-statu-quo-pour-le-benin\/#primaryimage","url":"https:\/\/lepatriotebenin.com\/wp-content\/uploads\/2025\/11\/classement-fifa-coca-cola.jpg","contentUrl":"https:\/\/lepatriotebenin.com\/wp-content\/uploads\/2025\/11\/classement-fifa-coca-cola.jpg","width":720,"height":450},{"@type":"BreadcrumbList","@id":"https:\/\/lepatriotebenin.com\/index.php\/2025\/11\/21\/classement-fifa-coca-cola-le-statu-quo-pour-le-benin\/#breadcrumb","itemListElement":[{"@type":"ListItem","position":1,"name":"Accueil","item":"https:\/\/lepatriotebenin.com\/"},{"@type":"ListItem","position":2,"name":"Classement Fifa Coca \u2013 Cola : le statu quo pour le B\u00e9nin"}]},{"@type":"WebSite","@id":"https:\/\/lepatriotebenin.com\/#website","url":"https:\/\/lepatriotebenin.com\/","name":"Le Patriote","description":"Le Patriote B\u00e9nin","potentialAction":[{"@type":"SearchAction","target":{"@type":"EntryPoint","urlTemplate":"https:\/\/lepatriotebenin.com\/?s={search_term_string}"},"query-input":{"@type":"PropertyValueSpecification","valueRequired":true,"valueName":"search_term_string"}}],"inLanguage":"fr-FR"},{"@type":"Person","@id":"https:\/\/lepatriotebenin.com\/#\/schema\/person\/4a9b67216c97d04045e01405c534c91f","name":"Roland AFFANOU","image":{"@type":"ImageObject","inLanguage":"fr-FR","@id":"https:\/\/secure.gravatar.com\/avatar\/7209d3f6d2d47ea4d0c67e14d3effb61feb10ae540a4381280c66265de5bd643?s=96&d=mm&r=g","url":"https:\/\/secure.gravatar.com\/avatar\/7209d3f6d2d47ea4d0c67e14d3effb61feb10ae540a4381280c66265de5bd643?s=96&d=mm&r=g","contentUrl":"https:\/\/secure.gravatar.com\/avatar\/7209d3f6d2d47ea4d0c67e14d3effb61feb10ae540a4381280c66265de5bd643?s=96&d=mm&r=g","caption":"Roland AFFANOU"},"url":"https:\/\/lepatriotebenin.com"}]}},"_links":{"self":[{"href":"https:\/\/lepatriotebenin.com\/index.php\/wp-json\/wp\/v2\/posts\/15328","targetHints":{"allow":["GET"]}}],"collection":[{"href":"https:\/\/lepatriotebenin.com\/index.php\/wp-json\/wp\/v2\/posts"}],"about":[{"href":"https:\/\/lepatriotebenin.com\/index.php\/wp-json\/wp\/v2\/types\/post"}],"author":[{"embeddable":true,"href":"https:\/\/lepatriotebenin.com\/index.php\/wp-json\/wp\/v2\/users\/6"}],"replies":[{"embeddable":true,"href":"https:\/\/lepatriotebenin.com\/index.php\/wp-json\/wp\/v2\/comments?post=15328"}],"version-history":[{"count":1,"href":"https:\/\/lepatriotebenin.com\/index.php\/wp-json\/wp\/v2\/posts\/15328\/revisions"}],"predecessor-version":[{"id":15330,"href":"https:\/\/lepatriotebenin.com\/index.php\/wp-json\/wp\/v2\/posts\/15328\/revisions\/15330"}],"wp:featuredmedia":[{"embeddable":true,"href":"https:\/\/lepatriotebenin.com\/index.php\/wp-json\/wp\/v2\/media\/15329"}],"wp:attachment":[{"href":"https:\/\/lepatriotebenin.com\/index.php\/wp-json\/wp\/v2\/media?parent=15328"}],"wp:term":[{"taxonomy":"category","embeddable":true,"href":"https:\/\/lepatriotebenin.com\/index.php\/wp-json\/wp\/v2\/categories?post=15328"},{"taxonomy":"post_tag","embeddable":true,"href":"https:\/\/lepatriotebenin.com\/index.php\/wp-json\/wp\/v2\/tags?post=15328"}],"curies":[{"name":"wp","href":"https:\/\/api.w.org\/{rel}","templated":true}]}}