{"id":15259,"date":"2025-11-19T05:17:06","date_gmt":"2025-11-19T04:17:06","guid":{"rendered":"https:\/\/lepatriotebenin.com\/?p=15259"},"modified":"2025-11-19T08:07:01","modified_gmt":"2025-11-19T07:07:01","slug":"ecart-entre-salaire-politique-et-salaire-des-fonctionnaires-une-injustice-qui-vicie-la-vie-sociale-au-benin","status":"publish","type":"post","link":"https:\/\/lepatriotebenin.com\/index.php\/2025\/11\/19\/ecart-entre-salaire-politique-et-salaire-des-fonctionnaires-une-injustice-qui-vicie-la-vie-sociale-au-benin\/","title":{"rendered":"\u00c9cart entre salaire politique et salaire des fonctionnaires : Une injustice qui vicie la vie sociale au B\u00e9nin"},"content":{"rendered":"<p><em><strong>Le B\u00e9nin enregistre aujourd\u2019hui l\u2019un des \u00e9carts salariaux les plus spectaculaires entre ses d\u00e9put\u00e9s et ses fonctionnaires. Avec un ratio in\u00e9dit de 25,20, le pays pr\u00e9sente un foss\u00e9 si profond qu\u2019il interroge la logique d\u2019\u00e9quit\u00e9 r\u00e9publicaine et le sens m\u00eame de la repr\u00e9sentation nationale. \u00c0 l\u2019heure o\u00f9 le service public ploie sous les exigences, la grille salariale actuelle semble davantage fragiliser ceux qui portent l\u2019\u00c9tat au quotidien.<\/strong><\/em><\/p>\n<p>Les chiffres parlent d\u2019eux-m\u00eames et suffisent \u00e0 transmettre l\u2019inqui\u00e9tude. Au B\u00e9nin, un d\u00e9put\u00e9 gagne en moyenne 5 027 000 FCFA par mois, tandis que le fonctionnaire moyen doit se contenter d\u2019environ 199 000 FCFA. Le rapport entre ces deux r\u00e9mun\u00e9rations atteint donc un ratio impressionnant de 25,20, le plus \u00e9lev\u00e9 parmi les pays \u00e9tudi\u00e9s dans le tableau comparatif.<\/p>\n<p>En effet, ce niveau d\u2019\u00e9cart d\u00e9passe largement les diff\u00e9rences observ\u00e9es dans les nations occidentales o\u00f9 le d\u00e9bat sur l\u2019\u00e9quit\u00e9 salariale est pourtant permanent. En France, le rapport est limit\u00e9 \u00e0 2,73 ; aux \u00c9tats-Unis, il n\u2019est que de 2,50. M\u00eame en Italie, o\u00f9 les disparit\u00e9s sont plus marqu\u00e9es, le ratio ne d\u00e9passe pas 5,20, soit cinq fois moins qu\u2019au B\u00e9nin. Il ne s\u2019agit pas de comparer aveugl\u00e9ment des pays aux r\u00e9alit\u00e9s \u00e9conomiques radicalement diff\u00e9rentes. Mais m\u00eame en tenant compte du contexte b\u00e9ninois, il demeure difficile d\u2019expliquer la raison pour laquelle un fonctionnaire, acteur essentiel du fonctionnement administratif, \u00e9ducatif, sanitaire et s\u00e9curitaire du pays, touche un salaire repr\u00e9sentant \u00e0 peine 4 % de celui d\u2019un d\u00e9put\u00e9.<\/p>\n<p><strong>Un appel pressant \u00e0 l\u2019humanit\u00e9 et \u00e0 la responsabilit\u00e9 l\u00e9gislative<\/strong><\/p>\n<p>Ce foss\u00e9 est si profond qu\u2019il en devient non seulement probl\u00e9matique pour le pouvoir d\u2019achat, mais aussi d\u00e9stabilisant pour la motivation, la dignit\u00e9 et la reconnaissance des travailleurs publics. Un \u00c9tat ne peut durablement se d\u00e9velopper en maintenant ses agents dans une situation de fragilit\u00e9 \u00e9conomique permanente, alors m\u00eame qu\u2019ils constituent la colonne vert\u00e9brale de la nation.<\/p>\n<p>Ce constat m\u00e9rite un sursaut collectif. Les d\u00e9put\u00e9s, qui b\u00e9n\u00e9ficient d\u2019une r\u00e9mun\u00e9ration \u00e9lev\u00e9e pour garantir leur ind\u00e9pendance, ne peuvent ignorer la condition salariale de ceux-l\u00e0 m\u00eames qui assurent la continuit\u00e9 des services r\u00e9galiens et administratifs. Ils ne peuvent surtout ignorer qu\u2019ils repr\u00e9sentent ce peuple, et donc ces fonctionnaires, qui les ont port\u00e9s \u00e0 l\u2019Assembl\u00e9e. Dans des pays comme la France ou les \u00c9tats-Unis, le fonctionnaire gagne entre 40 et 50 % du salaire d\u2019un d\u00e9put\u00e9. Cette approche, plus \u00e9quilibr\u00e9e, repose sur un principe simple : l\u2019\u00c9tat doit pr\u00e9server la dignit\u00e9 de ses travailleurs et \u00e9viter des \u00e9carts susceptibles d\u2019affecter la coh\u00e9sion sociale. C\u2019est un principe d\u2019humanit\u00e9, mais aussi d\u2019efficacit\u00e9.<\/p>\n<p><strong>Des mesures envisageables pour le B\u00e9nin<\/strong><\/p>\n<p>Toutefois, il y a des pistes que le B\u00e9nin pourrait explorer. D&rsquo;abord, il pourrait y avoir une r\u00e9forme l\u00e9gislative visant \u00e0 rehausser consid\u00e9rablement le salaire moyen du fonctionnaire. Ainsi, les d\u00e9put\u00e9s pourraient initier une loi fixant un niveau de r\u00e9mun\u00e9ration d\u00e9cent, durable et proportionn\u00e9, permettant \u00e0 l\u2019agent public de mener une vie digne. Pourquoi ne pas instaurer un plafond d\u2019\u00e9cart, comme cela existe dans certaines l\u00e9gislations internationales ? Puis, il peut y avoir une r\u00e9vision gouvernementale de la grille salariale. De l\u00e0, le gouvernement pourrait engager une r\u00e9forme profonde, progressive mais ambitieuse, afin de rapprocher le niveau de vie des fonctionnaires de celui de la classe politique. Une telle d\u00e9cision renforcerait la motivation, la performance administrative et la stabilit\u00e9 sociale. Le fonctionnaire b\u00e9ninois, aujourd\u2019hui, ne gagne pratiquement rien comparativement \u00e0 un d\u00e9put\u00e9. Cette r\u00e9alit\u00e9 devient d\u00e9rangeante, presque choquante, tant l\u2019\u00e9cart est large et tant il semble d\u00e9connect\u00e9 de l\u2019effort quotidien fourni par ces agents pour faire fonctionner l\u2019\u00c9tat, souvent dans des conditions particuli\u00e8rement difficiles.<\/p>\n<p>Le d\u00e9veloppement du B\u00e9nin passera in\u00e9vitablement par une administration forte, stable et respect\u00e9e. Cela suppose de reconna\u00eetre le r\u00f4le incontournable des fonctionnaires en garantissant un salaire \u00e0 la hauteur de leurs responsabilit\u00e9s. \u00c0 l\u2019heure o\u00f9 les chantiers nationaux s\u2019intensifient, l\u2019\u00e9quit\u00e9 salariale devient une exigence et non un luxe.<\/p>\n<p>Les autorit\u00e9s sont donc interpell\u00e9es. R\u00e9duire ce d\u00e9s\u00e9quilibre n\u2019est pas seulement souhaitable mais c\u2019est indispensable pour pr\u00e9server la coh\u00e9sion nationale, la justice r\u00e9publicaine et la motivation des forces vives de l\u2019\u00c9tat. Cela permettra de r\u00e9duire les app\u00e9tits pour des postes politiques.<\/p>\n<p><strong>TABLEAU COMPARATIF (Montants convertis en FCFA)<\/strong><\/p>\n<p>Pays\u00a0\u00a0\u00a0\u00a0\u00a0 \u00a0\u00a0\u00a0\u00a0\u00a0\u00a0 Salaire d\u00e9put\u00e9 (FCFA)\u00a0 \u00a0 \u00a0 \u00a0 \u00a0 \u00a0 \u00a0 \u00a0 \u00a0 \u00a0 \u00a0 \u00a0 \u00a0 \u00a0 \u00a0 \u00a0Salaire fonctionnaire (FCFA)\u00a0\u00a0\u00a0\u00a0\u00a0\u00a0\u00a0\u00a0\u00a0\u00a0\u00a0\u00a0\u00a0 \u00a0\u00a0\u00a0\u00a0\u00a0\u00a0\u00a0\u00a0\u00a0\u00a0\u00a0\u00a0\u00a0\u00a0\u00a0\u00a0\u00a0 Ratio<\/p>\n<p>France\u00a0 \u00a0\u00a0\u00a0\u00a0\u00a0\u00a0\u00a0\u00a0\u00a0\u00a0\u00a0\u00a0 5 010 000\u00a0 \u00a0 \u00a0 \u00a0 \u00a0 \u00a0 \u00a0 \u00a0 \u00a0 \u00a0 \u00a0 \u00a0 \u00a0 \u00a0 \u00a0 \u00a0 \u00a0 \u00a0 \u00a0 \u00a0 \u00a0 \u00a0 \u00a0 \u00a0 \u00a0 \u00a0 \u00a01 837 000\u00a0 \u00a0 \u00a0 \u00a0 \u00a0 \u00a0 \u00a0 \u00a0 \u00a0 \u00a0 \u00a0 \u00a0 \u00a0 \u00a0 \u00a0 \u00a0 \u00a0 \u00a0 \u00a0 \u00a0 \u00a0 \u00a0 \u00a0 \u00a0 \u00a0 \u00a0 \u00a0 \u00a0 \u00a0 \u00a0 \u00a0 \u00a0 \u00a02,73<\/p>\n<p>\u00c9tats-Unis\u00a0\u00a0\u00a0\u00a0\u00a0\u00a0\u00a0\u00a0\u00a0 8 190 000\u00a0 \u00a0 \u00a0 \u00a0 \u00a0 \u00a0 \u00a0 \u00a0 \u00a0 \u00a0 \u00a0 \u00a0 \u00a0 \u00a0 \u00a0 \u00a0 \u00a0 \u00a0 \u00a0 \u00a0 \u00a0 \u00a0 \u00a0 \u00a0 \u00a0 \u00a0 \u00a03 280 000\u00a0 \u00a0 \u00a0 \u00a0 \u00a0 \u00a0 \u00a0 \u00a0 \u00a0 \u00a0 \u00a0 \u00a0 \u00a0 \u00a0 \u00a0 \u00a0 \u00a0 \u00a0 \u00a0 \u00a0 \u00a0 \u00a0 \u00a0 \u00a0 \u00a0 \u00a0 \u00a0 \u00a0 \u00a0 \u00a0 \u00a0 2,50<\/p>\n<p>Suisse\u00a0 \u00a0\u00a0\u00a0\u00a0\u00a0\u00a0\u00a0\u00a0\u00a0\u00a0\u00a0\u00a04 437 000\u00a0 \u00a0 \u00a0 \u00a0 \u00a0 \u00a0 \u00a0 \u00a0 \u00a0 \u00a0 \u00a0 \u00a0 \u00a0 \u00a0 \u00a0 \u00a0 \u00a0 \u00a0 \u00a0 \u00a0 \u00a0 \u00a0 \u00a0 \u00a0 \u00a0 \u00a0 \u00a0 \u00a0 \u00a04 398 000\u00a0 \u00a0 \u00a0 \u00a0 \u00a0 \u00a0 \u00a0 \u00a0 \u00a0 \u00a0 \u00a0 \u00a0 \u00a0 \u00a0 \u00a0 \u00a0 \u00a0 \u00a0 \u00a0 \u00a0 \u00a0 \u00a0 \u00a0 \u00a0 \u00a0 \u00a0 \u00a0 \u00a01,01<\/p>\n<p>Italie\u00a0\u00a0\u00a0\u00a0 \u00a0\u00a0\u00a0\u00a0\u00a0\u00a0\u00a0\u00a0\u00a0\u00a0\u00a0\u00a0 6 825 000\u00a0 \u00a0 \u00a0 \u00a0 \u00a0 \u00a0 \u00a0 \u00a0 \u00a0 \u00a0 \u00a0 \u00a0 \u00a0 \u00a0 \u00a0 \u00a0 \u00a0 \u00a0 \u00a0 \u00a0 \u00a0 \u00a0 \u00a0 \u00a0 \u00a0 \u00a0 \u00a01 312 000\u00a0 \u00a0 \u00a0 \u00a0 \u00a0 \u00a0 \u00a0 \u00a0 \u00a0 \u00a0 \u00a0 \u00a0 \u00a0 \u00a0 \u00a0 \u00a0 \u00a0 \u00a0 \u00a0 \u00a0 \u00a0 \u00a0 \u00a0 \u00a0 \u00a0 \u00a0 \u00a0 \u00a0 \u00a0 \u00a0 \u00a0 \u00a05,20<\/p>\n<p>Allemagne\u00a0\u00a0\u00a0\u00a0\u00a0\u00a0\u00a0\u00a0 7 344 000\u00a0 \u00a0 \u00a0 \u00a0 \u00a0 \u00a0 \u00a0 \u00a0 \u00a0 \u00a0 \u00a0 \u00a0 \u00a0 \u00a0 \u00a0 \u00a0 \u00a0 \u00a0 \u00a0 \u00a0 \u00a0 \u00a0 \u00a0 \u00a0 \u00a03 020 000\u00a0 \u00a0 \u00a0 \u00a0 \u00a0 \u00a0 \u00a0 \u00a0 \u00a0 \u00a0 \u00a0 \u00a0 \u00a0 \u00a0 \u00a0 \u00a0 \u00a0 \u00a0 \u00a0 \u00a0 \u00a0 \u00a0 \u00a0 \u00a0 \u00a0 \u00a0 \u00a0 \u00a0 \u00a0 \u00a0 \u00a0 \u00a0 \u00a02,43<\/p>\n<p>Portugal\u00a0\u00a0\u00a0\u00a0\u00a0\u00a0\u00a0\u00a0\u00a0\u00a0\u00a0\u00a0 2 543 000\u00a0 \u00a0 \u00a0 \u00a0 \u00a0 \u00a0 \u00a0 \u00a0 \u00a0 \u00a0 \u00a0 \u00a0 \u00a0 \u00a0 \u00a0 \u00a0 \u00a0 \u00a0 \u00a0 \u00a0 \u00a0 \u00a0 \u00a0 \u00a0 \u00a0 \u00a01 203 000\u00a0 \u00a0 \u00a0 \u00a0 \u00a0 \u00a0 \u00a0 \u00a0 \u00a0 \u00a0 \u00a0 \u00a0 \u00a0 \u00a0 \u00a0 \u00a0 \u00a0 \u00a0 \u00a0 \u00a0 \u00a0 \u00a0 \u00a0 \u00a0 \u00a0 \u00a0 \u00a0 \u00a0 \u00a0 \u00a0 \u00a0 \u00a0 \u00a02,12<\/p>\n<p>Belgique\u00a0\u00a0\u00a0\u00a0\u00a0\u00a0\u00a0\u00a0\u00a0\u00a0\u00a0\u00a0 5 889 000\u00a0 \u00a0 \u00a0 \u00a0 \u00a0 \u00a0 \u00a0 \u00a0 \u00a0 \u00a0 \u00a0 \u00a0 \u00a0 \u00a0 \u00a0 \u00a0 \u00a0 \u00a0 \u00a0 \u00a0 \u00a0 \u00a0 \u00a0 \u00a0 \u00a0 \u00a02 884 000\u00a0 \u00a0 \u00a0 \u00a0 \u00a0 \u00a0 \u00a0 \u00a0 \u00a0 \u00a0 \u00a0 \u00a0 \u00a0 \u00a0 \u00a0 \u00a0 \u00a0 \u00a0 \u00a0 \u00a0 \u00a0 \u00a0 \u00a0 \u00a0 \u00a0 \u00a0 \u00a0 \u00a0 \u00a0 \u00a0 \u00a0 \u00a0 \u00a02,04<\/p>\n<p>B\u00e9nin\u00a0\u00a0\u00a0 \u00a0\u00a0\u00a0\u00a0\u00a0\u00a0\u00a0\u00a0\u00a0 5 027 000\u00a0 \u00a0 \u00a0 \u00a0 \u00a0 \u00a0 \u00a0 \u00a0 \u00a0 \u00a0 \u00a0 \u00a0 \u00a0 \u00a0 \u00a0 \u00a0 \u00a0 \u00a0 \u00a0 \u00a0 \u00a0 \u00a0 \u00a0 \u00a0 \u00a0 \u00a0 199 000\u00a0 \u00a0 \u00a0 \u00a0 \u00a0 \u00a0 \u00a0 \u00a0 \u00a0 \u00a0 \u00a0 \u00a0 \u00a0 \u00a0 \u00a0 \u00a0 \u00a0 \u00a0 \u00a0 \u00a0 \u00a0 \u00a0 \u00a0 \u00a0 \u00a0 \u00a0 \u00a0 \u00a0 \u00a0 \u00a0 \u00a0 \u00a0 \u00a0 \u00a025,20<\/p>\n<p>&nbsp;<\/p>\n<p><strong>Gildas AHOGNI<\/strong><\/p>\n","protected":false},"excerpt":{"rendered":"<p>Le B\u00e9nin enregistre aujourd\u2019hui l\u2019un des \u00e9carts salariaux les plus spectaculaires entre ses d\u00e9put\u00e9s et ses fonctionnaires. Avec un ratio in\u00e9dit de 25,20, le pays pr\u00e9sente un foss\u00e9 si profond&hellip;<\/p>\n","protected":false},"author":5,"featured_media":15260,"comment_status":"open","ping_status":"open","sticky":false,"template":"","format":"standard","meta":{"content-type":"","om_disable_all_campaigns":false,"_monsterinsights_skip_tracking":false,"_monsterinsights_sitenote_active":false,"_monsterinsights_sitenote_note":"","_monsterinsights_sitenote_category":0,"_uf_show_specific_survey":0,"_uf_disable_surveys":false,"footnotes":""},"categories":[20],"tags":[],"class_list":["post-15259","post","type-post","status-publish","format-standard","has-post-thumbnail","hentry","category-societe"],"aioseo_notices":[],"yoast_head":"<!-- This site is optimized with the Yoast SEO plugin v27.5 - https:\/\/yoast.com\/product\/yoast-seo-wordpress\/ -->\n<title>\u00c9cart entre salaire politique et salaire des fonctionnaires : Une injustice qui vicie la vie sociale au B\u00e9nin - Le Patriote<\/title>\n<meta name=\"robots\" content=\"index, follow, max-snippet:-1, max-image-preview:large, max-video-preview:-1\" \/>\n<link rel=\"canonical\" href=\"https:\/\/lepatriotebenin.com\/index.php\/2025\/11\/19\/ecart-entre-salaire-politique-et-salaire-des-fonctionnaires-une-injustice-qui-vicie-la-vie-sociale-au-benin\/\" \/>\n<meta property=\"og:locale\" content=\"fr_FR\" \/>\n<meta property=\"og:type\" content=\"article\" \/>\n<meta property=\"og:title\" content=\"\u00c9cart entre salaire politique et salaire des fonctionnaires : Une injustice qui vicie la vie sociale au B\u00e9nin - Le Patriote\" \/>\n<meta property=\"og:description\" content=\"Le B\u00e9nin enregistre aujourd\u2019hui l\u2019un des \u00e9carts salariaux les plus spectaculaires entre ses d\u00e9put\u00e9s et ses fonctionnaires. Avec un ratio in\u00e9dit de 25,20, le pays pr\u00e9sente un foss\u00e9 si profond&hellip;\" \/>\n<meta property=\"og:url\" content=\"https:\/\/lepatriotebenin.com\/index.php\/2025\/11\/19\/ecart-entre-salaire-politique-et-salaire-des-fonctionnaires-une-injustice-qui-vicie-la-vie-sociale-au-benin\/\" \/>\n<meta property=\"og:site_name\" content=\"Le Patriote\" \/>\n<meta property=\"article:published_time\" content=\"2025-11-19T04:17:06+00:00\" \/>\n<meta property=\"article:modified_time\" content=\"2025-11-19T07:07:01+00:00\" \/>\n<meta property=\"og:image\" content=\"https:\/\/lepatriotebenin.com\/wp-content\/uploads\/2025\/11\/bourse-travail.jpg\" \/>\n\t<meta property=\"og:image:width\" content=\"1020\" \/>\n\t<meta property=\"og:image:height\" content=\"400\" \/>\n\t<meta property=\"og:image:type\" content=\"image\/jpeg\" \/>\n<meta name=\"author\" content=\"Redaction\" \/>\n<meta name=\"twitter:card\" content=\"summary_large_image\" \/>\n<meta name=\"twitter:label1\" content=\"\u00c9crit par\" \/>\n\t<meta name=\"twitter:data1\" content=\"Redaction\" \/>\n\t<meta name=\"twitter:label2\" content=\"Dur\u00e9e de lecture estim\u00e9e\" \/>\n\t<meta name=\"twitter:data2\" content=\"5 minutes\" \/>\n<script type=\"application\/ld+json\" class=\"yoast-schema-graph\">{\"@context\":\"https:\\\/\\\/schema.org\",\"@graph\":[{\"@type\":\"Article\",\"@id\":\"https:\\\/\\\/lepatriotebenin.com\\\/index.php\\\/2025\\\/11\\\/19\\\/ecart-entre-salaire-politique-et-salaire-des-fonctionnaires-une-injustice-qui-vicie-la-vie-sociale-au-benin\\\/#article\",\"isPartOf\":{\"@id\":\"https:\\\/\\\/lepatriotebenin.com\\\/index.php\\\/2025\\\/11\\\/19\\\/ecart-entre-salaire-politique-et-salaire-des-fonctionnaires-une-injustice-qui-vicie-la-vie-sociale-au-benin\\\/\"},\"author\":{\"name\":\"Redaction\",\"@id\":\"https:\\\/\\\/lepatriotebenin.com\\\/#\\\/schema\\\/person\\\/2e7709b9c9cc313e452d1136af61690f\"},\"headline\":\"\u00c9cart entre salaire politique et salaire des fonctionnaires : Une injustice qui vicie la vie sociale au B\u00e9nin\",\"datePublished\":\"2025-11-19T04:17:06+00:00\",\"dateModified\":\"2025-11-19T07:07:01+00:00\",\"mainEntityOfPage\":{\"@id\":\"https:\\\/\\\/lepatriotebenin.com\\\/index.php\\\/2025\\\/11\\\/19\\\/ecart-entre-salaire-politique-et-salaire-des-fonctionnaires-une-injustice-qui-vicie-la-vie-sociale-au-benin\\\/\"},\"wordCount\":826,\"commentCount\":0,\"image\":{\"@id\":\"https:\\\/\\\/lepatriotebenin.com\\\/index.php\\\/2025\\\/11\\\/19\\\/ecart-entre-salaire-politique-et-salaire-des-fonctionnaires-une-injustice-qui-vicie-la-vie-sociale-au-benin\\\/#primaryimage\"},\"thumbnailUrl\":\"https:\\\/\\\/lepatriotebenin.com\\\/wp-content\\\/uploads\\\/2025\\\/11\\\/bourse-travail.jpg\",\"articleSection\":[\"Soci\u00e9t\u00e9\"],\"inLanguage\":\"fr-FR\",\"potentialAction\":[{\"@type\":\"CommentAction\",\"name\":\"Comment\",\"target\":[\"https:\\\/\\\/lepatriotebenin.com\\\/index.php\\\/2025\\\/11\\\/19\\\/ecart-entre-salaire-politique-et-salaire-des-fonctionnaires-une-injustice-qui-vicie-la-vie-sociale-au-benin\\\/#respond\"]}]},{\"@type\":\"WebPage\",\"@id\":\"https:\\\/\\\/lepatriotebenin.com\\\/index.php\\\/2025\\\/11\\\/19\\\/ecart-entre-salaire-politique-et-salaire-des-fonctionnaires-une-injustice-qui-vicie-la-vie-sociale-au-benin\\\/\",\"url\":\"https:\\\/\\\/lepatriotebenin.com\\\/index.php\\\/2025\\\/11\\\/19\\\/ecart-entre-salaire-politique-et-salaire-des-fonctionnaires-une-injustice-qui-vicie-la-vie-sociale-au-benin\\\/\",\"name\":\"\u00c9cart entre salaire politique et salaire des fonctionnaires : Une injustice qui vicie la vie sociale au B\u00e9nin - Le Patriote\",\"isPartOf\":{\"@id\":\"https:\\\/\\\/lepatriotebenin.com\\\/#website\"},\"primaryImageOfPage\":{\"@id\":\"https:\\\/\\\/lepatriotebenin.com\\\/index.php\\\/2025\\\/11\\\/19\\\/ecart-entre-salaire-politique-et-salaire-des-fonctionnaires-une-injustice-qui-vicie-la-vie-sociale-au-benin\\\/#primaryimage\"},\"image\":{\"@id\":\"https:\\\/\\\/lepatriotebenin.com\\\/index.php\\\/2025\\\/11\\\/19\\\/ecart-entre-salaire-politique-et-salaire-des-fonctionnaires-une-injustice-qui-vicie-la-vie-sociale-au-benin\\\/#primaryimage\"},\"thumbnailUrl\":\"https:\\\/\\\/lepatriotebenin.com\\\/wp-content\\\/uploads\\\/2025\\\/11\\\/bourse-travail.jpg\",\"datePublished\":\"2025-11-19T04:17:06+00:00\",\"dateModified\":\"2025-11-19T07:07:01+00:00\",\"author\":{\"@id\":\"https:\\\/\\\/lepatriotebenin.com\\\/#\\\/schema\\\/person\\\/2e7709b9c9cc313e452d1136af61690f\"},\"breadcrumb\":{\"@id\":\"https:\\\/\\\/lepatriotebenin.com\\\/index.php\\\/2025\\\/11\\\/19\\\/ecart-entre-salaire-politique-et-salaire-des-fonctionnaires-une-injustice-qui-vicie-la-vie-sociale-au-benin\\\/#breadcrumb\"},\"inLanguage\":\"fr-FR\",\"potentialAction\":[{\"@type\":\"ReadAction\",\"target\":[\"https:\\\/\\\/lepatriotebenin.com\\\/index.php\\\/2025\\\/11\\\/19\\\/ecart-entre-salaire-politique-et-salaire-des-fonctionnaires-une-injustice-qui-vicie-la-vie-sociale-au-benin\\\/\"]}]},{\"@type\":\"ImageObject\",\"inLanguage\":\"fr-FR\",\"@id\":\"https:\\\/\\\/lepatriotebenin.com\\\/index.php\\\/2025\\\/11\\\/19\\\/ecart-entre-salaire-politique-et-salaire-des-fonctionnaires-une-injustice-qui-vicie-la-vie-sociale-au-benin\\\/#primaryimage\",\"url\":\"https:\\\/\\\/lepatriotebenin.com\\\/wp-content\\\/uploads\\\/2025\\\/11\\\/bourse-travail.jpg\",\"contentUrl\":\"https:\\\/\\\/lepatriotebenin.com\\\/wp-content\\\/uploads\\\/2025\\\/11\\\/bourse-travail.jpg\",\"width\":1020,\"height\":400},{\"@type\":\"BreadcrumbList\",\"@id\":\"https:\\\/\\\/lepatriotebenin.com\\\/index.php\\\/2025\\\/11\\\/19\\\/ecart-entre-salaire-politique-et-salaire-des-fonctionnaires-une-injustice-qui-vicie-la-vie-sociale-au-benin\\\/#breadcrumb\",\"itemListElement\":[{\"@type\":\"ListItem\",\"position\":1,\"name\":\"Accueil\",\"item\":\"https:\\\/\\\/lepatriotebenin.com\\\/\"},{\"@type\":\"ListItem\",\"position\":2,\"name\":\"\u00c9cart entre salaire politique et salaire des fonctionnaires : Une injustice qui vicie la vie sociale au B\u00e9nin\"}]},{\"@type\":\"WebSite\",\"@id\":\"https:\\\/\\\/lepatriotebenin.com\\\/#website\",\"url\":\"https:\\\/\\\/lepatriotebenin.com\\\/\",\"name\":\"Le Patriote\",\"description\":\"Le Patriote B\u00e9nin\",\"potentialAction\":[{\"@type\":\"SearchAction\",\"target\":{\"@type\":\"EntryPoint\",\"urlTemplate\":\"https:\\\/\\\/lepatriotebenin.com\\\/?s={search_term_string}\"},\"query-input\":{\"@type\":\"PropertyValueSpecification\",\"valueRequired\":true,\"valueName\":\"search_term_string\"}}],\"inLanguage\":\"fr-FR\"},{\"@type\":\"Person\",\"@id\":\"https:\\\/\\\/lepatriotebenin.com\\\/#\\\/schema\\\/person\\\/2e7709b9c9cc313e452d1136af61690f\",\"name\":\"Redaction\",\"image\":{\"@type\":\"ImageObject\",\"inLanguage\":\"fr-FR\",\"@id\":\"https:\\\/\\\/secure.gravatar.com\\\/avatar\\\/c4c509357859ea2ca2cbb6d8812898a73e4ef1ef9934c2e591d7e32face734d1?s=96&d=mm&r=g\",\"url\":\"https:\\\/\\\/secure.gravatar.com\\\/avatar\\\/c4c509357859ea2ca2cbb6d8812898a73e4ef1ef9934c2e591d7e32face734d1?s=96&d=mm&r=g\",\"contentUrl\":\"https:\\\/\\\/secure.gravatar.com\\\/avatar\\\/c4c509357859ea2ca2cbb6d8812898a73e4ef1ef9934c2e591d7e32face734d1?s=96&d=mm&r=g\",\"caption\":\"Redaction\"},\"url\":\"https:\\\/\\\/lepatriotebenin.com\"}]}<\/script>\n<!-- \/ Yoast SEO plugin. -->","yoast_head_json":{"title":"\u00c9cart entre salaire politique et salaire des fonctionnaires : Une injustice qui vicie la vie sociale au B\u00e9nin - Le Patriote","robots":{"index":"index","follow":"follow","max-snippet":"max-snippet:-1","max-image-preview":"max-image-preview:large","max-video-preview":"max-video-preview:-1"},"canonical":"https:\/\/lepatriotebenin.com\/index.php\/2025\/11\/19\/ecart-entre-salaire-politique-et-salaire-des-fonctionnaires-une-injustice-qui-vicie-la-vie-sociale-au-benin\/","og_locale":"fr_FR","og_type":"article","og_title":"\u00c9cart entre salaire politique et salaire des fonctionnaires : Une injustice qui vicie la vie sociale au B\u00e9nin - Le Patriote","og_description":"Le B\u00e9nin enregistre aujourd\u2019hui l\u2019un des \u00e9carts salariaux les plus spectaculaires entre ses d\u00e9put\u00e9s et ses fonctionnaires. Avec un ratio in\u00e9dit de 25,20, le pays pr\u00e9sente un foss\u00e9 si profond&hellip;","og_url":"https:\/\/lepatriotebenin.com\/index.php\/2025\/11\/19\/ecart-entre-salaire-politique-et-salaire-des-fonctionnaires-une-injustice-qui-vicie-la-vie-sociale-au-benin\/","og_site_name":"Le Patriote","article_published_time":"2025-11-19T04:17:06+00:00","article_modified_time":"2025-11-19T07:07:01+00:00","og_image":[{"width":1020,"height":400,"url":"https:\/\/lepatriotebenin.com\/wp-content\/uploads\/2025\/11\/bourse-travail.jpg","type":"image\/jpeg"}],"author":"Redaction","twitter_card":"summary_large_image","twitter_misc":{"\u00c9crit par":"Redaction","Dur\u00e9e de lecture estim\u00e9e":"5 minutes"},"schema":{"@context":"https:\/\/schema.org","@graph":[{"@type":"Article","@id":"https:\/\/lepatriotebenin.com\/index.php\/2025\/11\/19\/ecart-entre-salaire-politique-et-salaire-des-fonctionnaires-une-injustice-qui-vicie-la-vie-sociale-au-benin\/#article","isPartOf":{"@id":"https:\/\/lepatriotebenin.com\/index.php\/2025\/11\/19\/ecart-entre-salaire-politique-et-salaire-des-fonctionnaires-une-injustice-qui-vicie-la-vie-sociale-au-benin\/"},"author":{"name":"Redaction","@id":"https:\/\/lepatriotebenin.com\/#\/schema\/person\/2e7709b9c9cc313e452d1136af61690f"},"headline":"\u00c9cart entre salaire politique et salaire des fonctionnaires : Une injustice qui vicie la vie sociale au B\u00e9nin","datePublished":"2025-11-19T04:17:06+00:00","dateModified":"2025-11-19T07:07:01+00:00","mainEntityOfPage":{"@id":"https:\/\/lepatriotebenin.com\/index.php\/2025\/11\/19\/ecart-entre-salaire-politique-et-salaire-des-fonctionnaires-une-injustice-qui-vicie-la-vie-sociale-au-benin\/"},"wordCount":826,"commentCount":0,"image":{"@id":"https:\/\/lepatriotebenin.com\/index.php\/2025\/11\/19\/ecart-entre-salaire-politique-et-salaire-des-fonctionnaires-une-injustice-qui-vicie-la-vie-sociale-au-benin\/#primaryimage"},"thumbnailUrl":"https:\/\/lepatriotebenin.com\/wp-content\/uploads\/2025\/11\/bourse-travail.jpg","articleSection":["Soci\u00e9t\u00e9"],"inLanguage":"fr-FR","potentialAction":[{"@type":"CommentAction","name":"Comment","target":["https:\/\/lepatriotebenin.com\/index.php\/2025\/11\/19\/ecart-entre-salaire-politique-et-salaire-des-fonctionnaires-une-injustice-qui-vicie-la-vie-sociale-au-benin\/#respond"]}]},{"@type":"WebPage","@id":"https:\/\/lepatriotebenin.com\/index.php\/2025\/11\/19\/ecart-entre-salaire-politique-et-salaire-des-fonctionnaires-une-injustice-qui-vicie-la-vie-sociale-au-benin\/","url":"https:\/\/lepatriotebenin.com\/index.php\/2025\/11\/19\/ecart-entre-salaire-politique-et-salaire-des-fonctionnaires-une-injustice-qui-vicie-la-vie-sociale-au-benin\/","name":"\u00c9cart entre salaire politique et salaire des fonctionnaires : Une injustice qui vicie la vie sociale au B\u00e9nin - Le Patriote","isPartOf":{"@id":"https:\/\/lepatriotebenin.com\/#website"},"primaryImageOfPage":{"@id":"https:\/\/lepatriotebenin.com\/index.php\/2025\/11\/19\/ecart-entre-salaire-politique-et-salaire-des-fonctionnaires-une-injustice-qui-vicie-la-vie-sociale-au-benin\/#primaryimage"},"image":{"@id":"https:\/\/lepatriotebenin.com\/index.php\/2025\/11\/19\/ecart-entre-salaire-politique-et-salaire-des-fonctionnaires-une-injustice-qui-vicie-la-vie-sociale-au-benin\/#primaryimage"},"thumbnailUrl":"https:\/\/lepatriotebenin.com\/wp-content\/uploads\/2025\/11\/bourse-travail.jpg","datePublished":"2025-11-19T04:17:06+00:00","dateModified":"2025-11-19T07:07:01+00:00","author":{"@id":"https:\/\/lepatriotebenin.com\/#\/schema\/person\/2e7709b9c9cc313e452d1136af61690f"},"breadcrumb":{"@id":"https:\/\/lepatriotebenin.com\/index.php\/2025\/11\/19\/ecart-entre-salaire-politique-et-salaire-des-fonctionnaires-une-injustice-qui-vicie-la-vie-sociale-au-benin\/#breadcrumb"},"inLanguage":"fr-FR","potentialAction":[{"@type":"ReadAction","target":["https:\/\/lepatriotebenin.com\/index.php\/2025\/11\/19\/ecart-entre-salaire-politique-et-salaire-des-fonctionnaires-une-injustice-qui-vicie-la-vie-sociale-au-benin\/"]}]},{"@type":"ImageObject","inLanguage":"fr-FR","@id":"https:\/\/lepatriotebenin.com\/index.php\/2025\/11\/19\/ecart-entre-salaire-politique-et-salaire-des-fonctionnaires-une-injustice-qui-vicie-la-vie-sociale-au-benin\/#primaryimage","url":"https:\/\/lepatriotebenin.com\/wp-content\/uploads\/2025\/11\/bourse-travail.jpg","contentUrl":"https:\/\/lepatriotebenin.com\/wp-content\/uploads\/2025\/11\/bourse-travail.jpg","width":1020,"height":400},{"@type":"BreadcrumbList","@id":"https:\/\/lepatriotebenin.com\/index.php\/2025\/11\/19\/ecart-entre-salaire-politique-et-salaire-des-fonctionnaires-une-injustice-qui-vicie-la-vie-sociale-au-benin\/#breadcrumb","itemListElement":[{"@type":"ListItem","position":1,"name":"Accueil","item":"https:\/\/lepatriotebenin.com\/"},{"@type":"ListItem","position":2,"name":"\u00c9cart entre salaire politique et salaire des fonctionnaires : Une injustice qui vicie la vie sociale au B\u00e9nin"}]},{"@type":"WebSite","@id":"https:\/\/lepatriotebenin.com\/#website","url":"https:\/\/lepatriotebenin.com\/","name":"Le Patriote","description":"Le Patriote B\u00e9nin","potentialAction":[{"@type":"SearchAction","target":{"@type":"EntryPoint","urlTemplate":"https:\/\/lepatriotebenin.com\/?s={search_term_string}"},"query-input":{"@type":"PropertyValueSpecification","valueRequired":true,"valueName":"search_term_string"}}],"inLanguage":"fr-FR"},{"@type":"Person","@id":"https:\/\/lepatriotebenin.com\/#\/schema\/person\/2e7709b9c9cc313e452d1136af61690f","name":"Redaction","image":{"@type":"ImageObject","inLanguage":"fr-FR","@id":"https:\/\/secure.gravatar.com\/avatar\/c4c509357859ea2ca2cbb6d8812898a73e4ef1ef9934c2e591d7e32face734d1?s=96&d=mm&r=g","url":"https:\/\/secure.gravatar.com\/avatar\/c4c509357859ea2ca2cbb6d8812898a73e4ef1ef9934c2e591d7e32face734d1?s=96&d=mm&r=g","contentUrl":"https:\/\/secure.gravatar.com\/avatar\/c4c509357859ea2ca2cbb6d8812898a73e4ef1ef9934c2e591d7e32face734d1?s=96&d=mm&r=g","caption":"Redaction"},"url":"https:\/\/lepatriotebenin.com"}]}},"_links":{"self":[{"href":"https:\/\/lepatriotebenin.com\/index.php\/wp-json\/wp\/v2\/posts\/15259","targetHints":{"allow":["GET"]}}],"collection":[{"href":"https:\/\/lepatriotebenin.com\/index.php\/wp-json\/wp\/v2\/posts"}],"about":[{"href":"https:\/\/lepatriotebenin.com\/index.php\/wp-json\/wp\/v2\/types\/post"}],"author":[{"embeddable":true,"href":"https:\/\/lepatriotebenin.com\/index.php\/wp-json\/wp\/v2\/users\/5"}],"replies":[{"embeddable":true,"href":"https:\/\/lepatriotebenin.com\/index.php\/wp-json\/wp\/v2\/comments?post=15259"}],"version-history":[{"count":2,"href":"https:\/\/lepatriotebenin.com\/index.php\/wp-json\/wp\/v2\/posts\/15259\/revisions"}],"predecessor-version":[{"id":15268,"href":"https:\/\/lepatriotebenin.com\/index.php\/wp-json\/wp\/v2\/posts\/15259\/revisions\/15268"}],"wp:featuredmedia":[{"embeddable":true,"href":"https:\/\/lepatriotebenin.com\/index.php\/wp-json\/wp\/v2\/media\/15260"}],"wp:attachment":[{"href":"https:\/\/lepatriotebenin.com\/index.php\/wp-json\/wp\/v2\/media?parent=15259"}],"wp:term":[{"taxonomy":"category","embeddable":true,"href":"https:\/\/lepatriotebenin.com\/index.php\/wp-json\/wp\/v2\/categories?post=15259"},{"taxonomy":"post_tag","embeddable":true,"href":"https:\/\/lepatriotebenin.com\/index.php\/wp-json\/wp\/v2\/tags?post=15259"}],"curies":[{"name":"wp","href":"https:\/\/api.w.org\/{rel}","templated":true}]}}